{"id":4735,"date":"2026-03-11T07:30:00","date_gmt":"2026-03-11T06:30:00","guid":{"rendered":"https:\/\/www.gobiernolocal.org\/acento-local\/?p=4735"},"modified":"2026-03-06T10:23:30","modified_gmt":"2026-03-06T09:23:30","slug":"la-administracion-no-puede-desistir-en-los-procesos-selectivos-si-la-ley-por-la-que-se-rigen-no-lo-contempla-expresamente","status":"publish","type":"post","link":"https:\/\/www.gobiernolocal.org\/acento-local\/la-administracion-no-puede-desistir-en-los-procesos-selectivos-si-la-ley-por-la-que-se-rigen-no-lo-contempla-expresamente\/","title":{"rendered":"La Administraci\u00f3n no puede desistir en los procesos selectivos si la ley por la que se rigen no lo contempla expresamente"},"content":{"rendered":"\n<p><strong>Recurso de casaci\u00f3n: antecedentes<\/strong><\/p>\n\n\n\n<p>La Diputaci\u00f3n Provincial de Ourense, por resoluci\u00f3n de 15 de febrero de 2021, convoc\u00f3 un concurso espec\u00edfico para la provisi\u00f3n de diversos puestos de trabajo, entre los que figuraba el de asesor jur\u00eddico, perteneciente a la subescala T\u00e9cnica de la escala de Administraci\u00f3n General.<\/p>\n\n\n\n<p>Publicada la convocatoria y vencido el plazo de presentaci\u00f3n de solicitudes, por resoluci\u00f3n de 26 de abril de 2021 se aprob\u00f3 la lista definitiva de aspirantes admitidos al puesto mencionado, siendo la \u00fanica admitida una aspirante que acredit\u00f3 cumplir el requisito exigido de ocupar plaza de funcionaria con categor\u00eda de T\u00e9cnico de Administraci\u00f3n General.&nbsp;<\/p>\n\n\n\n<p>El jefe del Servicio de Recursos Humanos emiti\u00f3 un informe el 4 de mayo de 2021, seg\u00fan el cual deb\u00eda anularse la convocatoria del puesto de asesor jur\u00eddico y procederse a una nueva despu\u00e9s de modificar la Relaci\u00f3n de Puestos de Trabajo para incluir, respecto de este puesto, el requisito de estar en posesi\u00f3n del grado en Derecho.<\/p>\n\n\n\n<p>Sobre la base de dicho informe, la Presidencia de la Diputaci\u00f3n dict\u00f3 resoluci\u00f3n en la misma fecha desistiendo del procedimiento convocado respecto del puesto de asesor jur\u00eddico y declar\u00e1ndolo terminado, al amparo de lo previsto en el art\u00edculo 93 de la LPAC.<\/p>\n\n\n\n<p>La funcionaria admitida interpuso recurso contencioso-administrativo contra la citada resoluci\u00f3n, que fue desestimado por la sentencia de 31 de mayo de 2022 del Juzgado de lo Contencioso-Administrativo n.\u00ba 1 de Ourense.<\/p>\n\n\n\n<p>Apelada la sentencia del Juzgado, la Sala de lo Contencioso-Administrativo del Tribunal Superior de Justicia de Galicia, por sentencia de 27 de febrero de 2023, tambi\u00e9n desestim\u00f3 el recurso de la funcionaria.<\/p>\n\n\n\n<p>Contra la sentencia de apelaci\u00f3n, la funcionaria interpuso recurso de casaci\u00f3n ante el Tribunal Supremo, cuya Sala de lo Contencioso-Administrativo, mediante auto, lo admiti\u00f3 a tr\u00e1mite y declar\u00f3 que la cuesti\u00f3n que reviste inter\u00e9s casacional objetivo para la formaci\u00f3n de jurisprudencia consiste en determinar \u201csi en los procesos selectivos de personal de las Administraciones P\u00fablicas, una vez aprobada la lista de admitidos y excluidos, es posible que la Administraci\u00f3n desista de los mismos, sin necesidad de cumplir los requisitos previstos en las leyes para la revisi\u00f3n de oficio de los actos administrativos\u201d.<\/p>\n\n\n\n<p>El auto de admisi\u00f3n remarca que existe una doctrina jurisprudencial conforme a la cual la aprobaci\u00f3n de la lista de admitidos y excluidos en un proceso selectivo materializa el derecho a que se celebre y que la sentencia impugnada, al negarlo, fija una interpretaci\u00f3n del derecho estatal contradictoria con la establecida por otros tribunales en supuestos sustancialmente iguales.<\/p>\n\n\n\n<p><strong>Juicio de la Sala<\/strong><\/p>\n\n\n\n<p>En primer lugar, la Sala declara que \u201cde ninguna manera puede reducirse a la de titular de una mera expectativa la posici\u00f3n del aspirante que se ha visto definitivamente admitido a participar en un proceso selectivo.\u00a0La admisi\u00f3n por cumplir los requisitos establecidos para ella por las bases de la convocatoria determina el derecho del aspirante a participar efectivamente en el proceso selectivo. Ciertamente, no le da derecho a que se le tenga por superado pero s\u00ed a someterse a las pruebas previstas, con las consecuencias establecidas.\u00a0La funcionaria recurrente ten\u00eda, tiene, el derecho, al procedimiento seg\u00fan las bases de la convocatoria que son la ley del proceso selectivo\u201d.<\/p>\n\n\n\n<blockquote class=\"wp-block-quote is-layout-flow wp-block-quote-is-layout-flow\">\n<p><strong>\u201cDe ninguna manera puede reducirse a la de titular de una mera expectativa la posici\u00f3n del aspirante que se ha visto definitivamente admitido a participar en un proceso selectivo.\u00a0La admisi\u00f3n por cumplir los requisitos establecidos para ella por las bases de la convocatoria determina el derecho del aspirante a participar efectivamente en el proceso selectivo\u201d.<\/strong><\/p>\n<\/blockquote>\n\n\n\n<p>La sentencia de apelaci\u00f3n infringe el ordenamiento jur\u00eddico por no reconocerlo as\u00ed e ignorar que, en la ponderaci\u00f3n de intereses, jugaba de manera principal el derecho de la recurrente a seguir un proceso selectivo para participar en el cual cumpl\u00eda todos los requisitos, al margen de cu\u00e1l fuera el resultado de esa participaci\u00f3n.&nbsp;<\/p>\n\n\n\n<p>Respecto al desistimiento de la Administraci\u00f3n, el art\u00edculo 93 de la LPAC dice: \u201cEn los procedimientos iniciados de oficio, la Administraci\u00f3n podr\u00e1 desistir, motivadamente, en los supuestos y con los requisitos previstos en las Leyes\u201d.<\/p>\n\n\n\n<p>La sentencia de apelaci\u00f3n considera que, de no entenderse como un apoderamiento general para desistir en los procedimientos iniciados de oficio, este precepto no tendr\u00eda sentido.&nbsp;Y a ello opone la recurrente que, de ser as\u00ed, no lo tendr\u00eda la remisi\u00f3n a los supuestos y con los requisitos previstos en las leyes.<\/p>\n\n\n\n<p>La Sala afirma que el desistimiento de la Administraci\u00f3n de un procedimiento incoado de oficio se debe contemplar como una soluci\u00f3n excepcional.&nbsp;No cabe verlo de otro modo, pues no es coherente que la Administraci\u00f3n, que no ha de obrar por capricho, sino cuando y como la ley se lo permite y siempre en procura de la mejor satisfacci\u00f3n del inter\u00e9s p\u00fablico que tiene confiado, inicie procedimientos para luego ponerles fin por su sola voluntad.&nbsp;<\/p>\n\n\n\n<p>Adem\u00e1s de esta consideraci\u00f3n elemental, el texto del\u00a0art\u00edculo 93 de la\u00a0LPAC conduce con facilidad a la conclusi\u00f3n de que no ofrece una habilitaci\u00f3n general a las Administraciones para desistir en procedimientos por ellas iniciados.\u00a0En efecto, afirma que la Administraci\u00f3n podr\u00e1 desistir en los procedimientos iniciados de oficio y a\u00f1ade dos precisiones.<\/p>\n\n\n\n<blockquote class=\"wp-block-quote is-layout-flow wp-block-quote-is-layout-flow\">\n<p><strong>El texto del\u00a0art\u00edculo 93 de la\u00a0LPAC conduce con facilidad a la conclusi\u00f3n de que no ofrece una habilitaci\u00f3n general a las Administraciones para desistir en procedimientos por ellas iniciados.<\/strong><\/p>\n<\/blockquote>\n\n\n\n<p>La primera, relativa a la forma del desistimiento: ha de ser motivado.&nbsp;Esta precisi\u00f3n no es muy esclarecedora, porque ya dice con car\u00e1cter general el art\u00edculo 35.1.g) de la LPAC que deben ser motivados, entre otros, los actos que acuerden el desistimiento en los procedimientos iniciados de oficio.&nbsp;Si insiste la LPAC&nbsp;en que se ha de desistir motivadamente, para no considerar redundante e in\u00fatil esta previsi\u00f3n del art\u00edculo 93, habr\u00e1 que pensar que requiere una motivaci\u00f3n reforzada, lo cual, trasladado al control judicial de los que se produzcan, cabe entenderlo como una exigencia de mayor rigor en la comprobaci\u00f3n de su concurrencia.<\/p>\n\n\n\n<p>La segunda precisi\u00f3n se refiere a cu\u00e1ndo y en qu\u00e9 condiciones cabe que la Administraci\u00f3n desista.&nbsp;El art\u00edculo 93 de la LPAC es bien claro:&nbsp;\u201cen los supuestos y con los requisitos previstos en las Leyes\u201d.&nbsp;Es decir, en otras leyes, porque si quisiera que fuera suficiente con esta sola disposici\u00f3n lo habr\u00eda dicho, pero no lo dice.&nbsp;Habla de las leyes y relaciona esa remisi\u00f3n con la identificaci\u00f3n de supuestos y requisitos, los cuales ciertamente no consigna la&nbsp;LPAC, con lo que confirma que las leyes a las que se refiere son otras, las que se\u00f1alen los supuestos y los requisitos.<\/p>\n\n\n\n<p>Dado que no hay en la Ley aplicable al concreto procedimiento tramitado por la Diputaci\u00f3n de Ourense ninguna previsi\u00f3n que autorice su desistimiento, se infringi\u00f3 el&nbsp;art\u00edculo 93 de la&nbsp;LPAC.<\/p>\n\n\n\n<p>Por todo lo expuesto, la Sala concluye que la respuesta a la cuesti\u00f3n de inter\u00e9s casacional planteada ha de ser que \u201cno cabe el desistimiento de la Administraci\u00f3n en los procesos selectivos si la Ley por la que se rigen no lo contempla expresamente y que los aspirantes admitidos a un proceso selectivo tienen derecho a realizar las pruebas en que consiste\u201d.<\/p>\n\n\n\n<blockquote class=\"wp-block-quote is-layout-flow wp-block-quote-is-layout-flow\">\n<p><strong>La respuesta a la cuesti\u00f3n de inter\u00e9s casacional planteada ha de ser que<\/strong> <strong>\u201cno cabe el desistimiento de la Administraci\u00f3n en los procesos selectivos si la Ley por la que se rigen no lo contempla expresamente y que los aspirantes admitidos a un proceso selectivo tienen derecho a realizar las pruebas en que consiste\u201d.<\/strong><\/p>\n<\/blockquote>\n\n\n\n<p>En consecuencia, la Sala estima los recursos de la funcionaria; anula las sentencias de instancia y de apelaci\u00f3n, as\u00ed como la resoluci\u00f3n de la Presidencia de la Diputaci\u00f3n de Ourense que acord\u00f3 el desistimiento; reconoce a la funcionaria el derecho a continuar el procedimiento en el que fue admitida conforme a las bases de la convocatoria; y condena a la Diputaci\u00f3n a proseguir ese procedimiento de la manera indicada.<\/p>\n\n\n\n<p>Autor\/a:&nbsp;<strong>David Cabezuelo Valencia<\/strong><\/p>\n","protected":false},"excerpt":{"rendered":"<p>La Sala de lo Contencioso-Administrativo del Tribunal Supremo ha dictado una importante sentencia en fecha 17 de junio de 2025 (recurso de casaci\u00f3n 3139\/2023), en la que interpreta el art\u00edculo 93 de la Ley 39\/2015, de 1 de octubre, del Procedimiento Administrativo Com\u00fan de las Administraciones P\u00fablicas (LPAC), y fija la doctrina de que no cabe el desistimiento de la Administraci\u00f3n en los procesos selectivos si la ley por la que se rigen no lo contempla expresamente, y de que los aspirantes admitidos a un proceso selectivo tienen derecho a realizar las pruebas en que consiste.<\/p>\n","protected":false},"author":2,"featured_media":4737,"comment_status":"open","ping_status":"open","sticky":false,"template":"","format":"standard","meta":{"site-sidebar-layout":"default","site-content-layout":"","ast-site-content-layout":"default","site-content-style":"default","site-sidebar-style":"default","ast-global-header-display":"","ast-banner-title-visibility":"","ast-main-header-display":"","ast-hfb-above-header-display":"","ast-hfb-below-header-display":"","ast-hfb-mobile-header-display":"","site-post-title":"","ast-breadcrumbs-content":"","ast-featured-img":"","footer-sml-layout":"","ast-disable-related-posts":"","theme-transparent-header-meta":"","adv-header-id-meta":"","stick-header-meta":"","header-above-stick-meta":"","header-main-stick-meta":"","header-below-stick-meta":"","astra-migrate-meta-layouts":"set","ast-page-background-enabled":"default","ast-page-background-meta":{"desktop":{"background-color":"var(--ast-global-color-4)","background-image":"","background-repeat":"repeat","background-position":"center center","background-size":"auto","background-attachment":"scroll","background-type":"","background-media":"","overlay-type":"","overlay-color":"","overlay-opacity":"","overlay-gradient":""},"tablet":{"background-color":"","background-image":"","background-repeat":"repeat","background-position":"center center","background-size":"auto","background-attachment":"scroll","background-type":"","background-media":"","overlay-type":"","overlay-color":"","overlay-opacity":"","overlay-gradient":""},"mobile":{"background-color":"","background-image":"","background-repeat":"repeat","background-position":"center center","background-size":"auto","background-attachment":"scroll","background-type":"","background-media":"","overlay-type":"","overlay-color":"","overlay-opacity":"","overlay-gradient":""}},"ast-content-background-meta":{"desktop":{"background-color":"var(--ast-global-color-5)","background-image":"","background-repeat":"repeat","background-position":"center center","background-size":"auto","background-attachment":"scroll","background-type":"","background-media":"","overlay-type":"","overlay-color":"","overlay-opacity":"","overlay-gradient":""},"tablet":{"background-color":"var(--ast-global-color-5)","background-image":"","background-repeat":"repeat","background-position":"center center","background-size":"auto","background-attachment":"scroll","background-type":"","background-media":"","overlay-type":"","overlay-color":"","overlay-opacity":"","overlay-gradient":""},"mobile":{"background-color":"var(--ast-global-color-5)","background-image":"","background-repeat":"repeat","background-position":"center center","background-size":"auto","background-attachment":"scroll","background-type":"","background-media":"","overlay-type":"","overlay-color":"","overlay-opacity":"","overlay-gradient":""}},"area-autor":{"item-0":{"nombre-del-autor":"David Cabezuelo Valencia","cargo-autor":"Secretario de Administraci\u00f3n local, categor\u00eda superior. Vicesecretario de la Diputaci\u00f3n de Barcelona","foto-autor":"4736"}},"footnotes":""},"categories":[7],"tags":[62,99,142],"autor-post":[138],"class_list":["post-4735","post","type-post","status-publish","format-standard","has-post-thumbnail","hentry","category-gobernanza","tag-diputaciones","tag-funcion-publica","tag-procedimiento-administrativo","autor-post-david-cabezuelo-valencia"],"yoast_head":"<!-- This site is optimized with the Yoast SEO plugin v27.0 - https:\/\/yoast.com\/product\/yoast-seo-wordpress\/ -->\n<title>La Administraci\u00f3n no puede desistir en los procesos selectivos si la ley por la que se rigen no lo contempla expresamente - Fundaci\u00f3n Democracia y Gobierno Local<\/title>\n<meta name=\"robots\" content=\"index, follow, max-snippet:-1, max-image-preview:large, max-video-preview:-1\" \/>\n<link rel=\"canonical\" href=\"https:\/\/www.gobiernolocal.org\/acento-local\/la-administracion-no-puede-desistir-en-los-procesos-selectivos-si-la-ley-por-la-que-se-rigen-no-lo-contempla-expresamente\/\" \/>\n<meta property=\"og:locale\" content=\"es_ES\" \/>\n<meta property=\"og:type\" content=\"article\" \/>\n<meta property=\"og:title\" content=\"La Administraci\u00f3n no puede desistir en los procesos selectivos si la ley por la que se rigen no lo contempla expresamente - Fundaci\u00f3n Democracia y Gobierno Local\" \/>\n<meta property=\"og:description\" content=\"La Sala de lo Contencioso-Administrativo del Tribunal Supremo ha dictado una importante sentencia en fecha 17 de junio de 2025 (recurso de casaci\u00f3n 3139\/2023), en la que interpreta el art\u00edculo 93 de la Ley 39\/2015, de 1 de octubre, del Procedimiento Administrativo Com\u00fan de las Administraciones P\u00fablicas (LPAC), y fija la doctrina de que no cabe el desistimiento de la Administraci\u00f3n en los procesos selectivos si la ley por la que se rigen no lo contempla expresamente, y de que los aspirantes admitidos a un proceso selectivo tienen derecho a realizar las pruebas en que consiste.\" \/>\n<meta property=\"og:url\" content=\"https:\/\/www.gobiernolocal.org\/acento-local\/la-administracion-no-puede-desistir-en-los-procesos-selectivos-si-la-ley-por-la-que-se-rigen-no-lo-contempla-expresamente\/\" \/>\n<meta property=\"og:site_name\" content=\"Fundaci\u00f3n Democracia y Gobierno Local\" \/>\n<meta property=\"article:published_time\" content=\"2026-03-11T06:30:00+00:00\" \/>\n<meta property=\"og:image\" content=\"https:\/\/www.gobiernolocal.org\/acento-local\/wp-content\/uploads\/2026\/03\/260311_800_01.jpg\" \/>\n\t<meta property=\"og:image:width\" content=\"800\" \/>\n\t<meta property=\"og:image:height\" content=\"436\" \/>\n\t<meta property=\"og:image:type\" content=\"image\/jpeg\" \/>\n<meta name=\"author\" content=\"Fundaci\u00f3n Gobierno Local\" \/>\n<meta name=\"twitter:card\" content=\"summary_large_image\" \/>\n<meta name=\"twitter:label1\" content=\"Escrito por\" \/>\n\t<meta name=\"twitter:data1\" content=\"Fundaci\u00f3n Gobierno Local\" \/>\n\t<meta name=\"twitter:label2\" content=\"Tiempo de lectura\" \/>\n\t<meta name=\"twitter:data2\" content=\"6 minutos\" \/>\n<script type=\"application\/ld+json\" class=\"yoast-schema-graph\">{\"@context\":\"https:\/\/schema.org\",\"@graph\":[{\"@type\":\"Article\",\"@id\":\"https:\/\/www.gobiernolocal.org\/acento-local\/la-administracion-no-puede-desistir-en-los-procesos-selectivos-si-la-ley-por-la-que-se-rigen-no-lo-contempla-expresamente\/#article\",\"isPartOf\":{\"@id\":\"https:\/\/www.gobiernolocal.org\/acento-local\/la-administracion-no-puede-desistir-en-los-procesos-selectivos-si-la-ley-por-la-que-se-rigen-no-lo-contempla-expresamente\/\"},\"author\":{\"name\":\"Fundaci\u00f3n Gobierno Local\",\"@id\":\"https:\/\/www.gobiernolocal.org\/acento-local\/#\/schema\/person\/022a0a6b36f62f7070403c5a3426d58c\"},\"headline\":\"La Administraci\u00f3n no puede desistir en los procesos selectivos si la ley por la que se rigen no lo contempla expresamente\",\"datePublished\":\"2026-03-11T06:30:00+00:00\",\"mainEntityOfPage\":{\"@id\":\"https:\/\/www.gobiernolocal.org\/acento-local\/la-administracion-no-puede-desistir-en-los-procesos-selectivos-si-la-ley-por-la-que-se-rigen-no-lo-contempla-expresamente\/\"},\"wordCount\":1433,\"commentCount\":0,\"publisher\":{\"@id\":\"https:\/\/www.gobiernolocal.org\/acento-local\/#organization\"},\"image\":{\"@id\":\"https:\/\/www.gobiernolocal.org\/acento-local\/la-administracion-no-puede-desistir-en-los-procesos-selectivos-si-la-ley-por-la-que-se-rigen-no-lo-contempla-expresamente\/#primaryimage\"},\"thumbnailUrl\":\"https:\/\/www.gobiernolocal.org\/acento-local\/wp-content\/uploads\/2026\/03\/260311_800_01.jpg\",\"keywords\":[\"Diputaciones\",\"Funci\u00f3n p\u00fablica\",\"Procedimiento administrativo\"],\"articleSection\":[\"Gobernanza\"],\"inLanguage\":\"es\",\"potentialAction\":[{\"@type\":\"CommentAction\",\"name\":\"Comment\",\"target\":[\"https:\/\/www.gobiernolocal.org\/acento-local\/la-administracion-no-puede-desistir-en-los-procesos-selectivos-si-la-ley-por-la-que-se-rigen-no-lo-contempla-expresamente\/#respond\"]}]},{\"@type\":\"WebPage\",\"@id\":\"https:\/\/www.gobiernolocal.org\/acento-local\/la-administracion-no-puede-desistir-en-los-procesos-selectivos-si-la-ley-por-la-que-se-rigen-no-lo-contempla-expresamente\/\",\"url\":\"https:\/\/www.gobiernolocal.org\/acento-local\/la-administracion-no-puede-desistir-en-los-procesos-selectivos-si-la-ley-por-la-que-se-rigen-no-lo-contempla-expresamente\/\",\"name\":\"La Administraci\u00f3n no puede desistir en los procesos selectivos si la ley por la que se rigen no lo contempla expresamente - Fundaci\u00f3n Democracia y Gobierno Local\",\"isPartOf\":{\"@id\":\"https:\/\/www.gobiernolocal.org\/acento-local\/#website\"},\"primaryImageOfPage\":{\"@id\":\"https:\/\/www.gobiernolocal.org\/acento-local\/la-administracion-no-puede-desistir-en-los-procesos-selectivos-si-la-ley-por-la-que-se-rigen-no-lo-contempla-expresamente\/#primaryimage\"},\"image\":{\"@id\":\"https:\/\/www.gobiernolocal.org\/acento-local\/la-administracion-no-puede-desistir-en-los-procesos-selectivos-si-la-ley-por-la-que-se-rigen-no-lo-contempla-expresamente\/#primaryimage\"},\"thumbnailUrl\":\"https:\/\/www.gobiernolocal.org\/acento-local\/wp-content\/uploads\/2026\/03\/260311_800_01.jpg\",\"datePublished\":\"2026-03-11T06:30:00+00:00\",\"breadcrumb\":{\"@id\":\"https:\/\/www.gobiernolocal.org\/acento-local\/la-administracion-no-puede-desistir-en-los-procesos-selectivos-si-la-ley-por-la-que-se-rigen-no-lo-contempla-expresamente\/#breadcrumb\"},\"inLanguage\":\"es\",\"potentialAction\":[{\"@type\":\"ReadAction\",\"target\":[\"https:\/\/www.gobiernolocal.org\/acento-local\/la-administracion-no-puede-desistir-en-los-procesos-selectivos-si-la-ley-por-la-que-se-rigen-no-lo-contempla-expresamente\/\"]}]},{\"@type\":\"ImageObject\",\"inLanguage\":\"es\",\"@id\":\"https:\/\/www.gobiernolocal.org\/acento-local\/la-administracion-no-puede-desistir-en-los-procesos-selectivos-si-la-ley-por-la-que-se-rigen-no-lo-contempla-expresamente\/#primaryimage\",\"url\":\"https:\/\/www.gobiernolocal.org\/acento-local\/wp-content\/uploads\/2026\/03\/260311_800_01.jpg\",\"contentUrl\":\"https:\/\/www.gobiernolocal.org\/acento-local\/wp-content\/uploads\/2026\/03\/260311_800_01.jpg\",\"width\":800,\"height\":436},{\"@type\":\"BreadcrumbList\",\"@id\":\"https:\/\/www.gobiernolocal.org\/acento-local\/la-administracion-no-puede-desistir-en-los-procesos-selectivos-si-la-ley-por-la-que-se-rigen-no-lo-contempla-expresamente\/#breadcrumb\",\"itemListElement\":[{\"@type\":\"ListItem\",\"position\":1,\"name\":\"Portada\",\"item\":\"https:\/\/www.gobiernolocal.org\/acento-local\/\"},{\"@type\":\"ListItem\",\"position\":2,\"name\":\"La Administraci\u00f3n no puede desistir en los procesos selectivos si la ley por la que se rigen no lo contempla expresamente\"}]},{\"@type\":\"WebSite\",\"@id\":\"https:\/\/www.gobiernolocal.org\/acento-local\/#website\",\"url\":\"https:\/\/www.gobiernolocal.org\/acento-local\/\",\"name\":\"Fundaci\u00f3n Democracia y Gobierno Local\",\"description\":\"Otro sitio realizado con WordPress\",\"publisher\":{\"@id\":\"https:\/\/www.gobiernolocal.org\/acento-local\/#organization\"},\"potentialAction\":[{\"@type\":\"SearchAction\",\"target\":{\"@type\":\"EntryPoint\",\"urlTemplate\":\"https:\/\/www.gobiernolocal.org\/acento-local\/?s={search_term_string}\"},\"query-input\":{\"@type\":\"PropertyValueSpecification\",\"valueRequired\":true,\"valueName\":\"search_term_string\"}}],\"inLanguage\":\"es\"},{\"@type\":\"Organization\",\"@id\":\"https:\/\/www.gobiernolocal.org\/acento-local\/#organization\",\"name\":\"Fundaci\u00f3n Democracia y Gobierno Local\",\"url\":\"https:\/\/www.gobiernolocal.org\/acento-local\/\",\"logo\":{\"@type\":\"ImageObject\",\"inLanguage\":\"es\",\"@id\":\"https:\/\/www.gobiernolocal.org\/acento-local\/#\/schema\/logo\/image\/\",\"url\":\"https:\/\/www.gobiernolocal.org\/acento-local\/wp-content\/uploads\/2024\/09\/logo-acentoo-local.png\",\"contentUrl\":\"https:\/\/www.gobiernolocal.org\/acento-local\/wp-content\/uploads\/2024\/09\/logo-acentoo-local.png\",\"width\":1005,\"height\":197,\"caption\":\"Fundaci\u00f3n Democracia y Gobierno Local\"},\"image\":{\"@id\":\"https:\/\/www.gobiernolocal.org\/acento-local\/#\/schema\/logo\/image\/\"}},{\"@type\":\"Person\",\"@id\":\"https:\/\/www.gobiernolocal.org\/acento-local\/#\/schema\/person\/022a0a6b36f62f7070403c5a3426d58c\",\"name\":\"Fundaci\u00f3n Gobierno Local\",\"image\":{\"@type\":\"ImageObject\",\"inLanguage\":\"es\",\"@id\":\"https:\/\/www.gobiernolocal.org\/acento-local\/#\/schema\/person\/image\/\",\"url\":\"https:\/\/secure.gravatar.com\/avatar\/0fa5dea6ae65ded9475a6c7160b1cbc7af5bb19e5a8057c4249aa3664c5fbb21?s=96&d=mm&r=g\",\"contentUrl\":\"https:\/\/secure.gravatar.com\/avatar\/0fa5dea6ae65ded9475a6c7160b1cbc7af5bb19e5a8057c4249aa3664c5fbb21?s=96&d=mm&r=g\",\"caption\":\"Fundaci\u00f3n Gobierno Local\"},\"sameAs\":[\"https:\/\/www.gobiernolocal.org\/acento-local\"],\"url\":\"https:\/\/www.gobiernolocal.org\/acento-local\/author\/fundacion-gobierno-local\/\"}]}<\/script>\n<!-- \/ Yoast SEO plugin. -->","yoast_head_json":{"title":"La Administraci\u00f3n no puede desistir en los procesos selectivos si la ley por la que se rigen no lo contempla expresamente - Fundaci\u00f3n Democracia y Gobierno Local","robots":{"index":"index","follow":"follow","max-snippet":"max-snippet:-1","max-image-preview":"max-image-preview:large","max-video-preview":"max-video-preview:-1"},"canonical":"https:\/\/www.gobiernolocal.org\/acento-local\/la-administracion-no-puede-desistir-en-los-procesos-selectivos-si-la-ley-por-la-que-se-rigen-no-lo-contempla-expresamente\/","og_locale":"es_ES","og_type":"article","og_title":"La Administraci\u00f3n no puede desistir en los procesos selectivos si la ley por la que se rigen no lo contempla expresamente - Fundaci\u00f3n Democracia y Gobierno Local","og_description":"La Sala de lo Contencioso-Administrativo del Tribunal Supremo ha dictado una importante sentencia en fecha 17 de junio de 2025 (recurso de casaci\u00f3n 3139\/2023), en la que interpreta el art\u00edculo 93 de la Ley 39\/2015, de 1 de octubre, del Procedimiento Administrativo Com\u00fan de las Administraciones P\u00fablicas (LPAC), y fija la doctrina de que no cabe el desistimiento de la Administraci\u00f3n en los procesos selectivos si la ley por la que se rigen no lo contempla expresamente, y de que los aspirantes admitidos a un proceso selectivo tienen derecho a realizar las pruebas en que consiste.","og_url":"https:\/\/www.gobiernolocal.org\/acento-local\/la-administracion-no-puede-desistir-en-los-procesos-selectivos-si-la-ley-por-la-que-se-rigen-no-lo-contempla-expresamente\/","og_site_name":"Fundaci\u00f3n Democracia y Gobierno Local","article_published_time":"2026-03-11T06:30:00+00:00","og_image":[{"width":800,"height":436,"url":"https:\/\/www.gobiernolocal.org\/acento-local\/wp-content\/uploads\/2026\/03\/260311_800_01.jpg","type":"image\/jpeg"}],"author":"Fundaci\u00f3n Gobierno Local","twitter_card":"summary_large_image","twitter_misc":{"Escrito por":"Fundaci\u00f3n Gobierno Local","Tiempo de lectura":"6 minutos"},"schema":{"@context":"https:\/\/schema.org","@graph":[{"@type":"Article","@id":"https:\/\/www.gobiernolocal.org\/acento-local\/la-administracion-no-puede-desistir-en-los-procesos-selectivos-si-la-ley-por-la-que-se-rigen-no-lo-contempla-expresamente\/#article","isPartOf":{"@id":"https:\/\/www.gobiernolocal.org\/acento-local\/la-administracion-no-puede-desistir-en-los-procesos-selectivos-si-la-ley-por-la-que-se-rigen-no-lo-contempla-expresamente\/"},"author":{"name":"Fundaci\u00f3n Gobierno Local","@id":"https:\/\/www.gobiernolocal.org\/acento-local\/#\/schema\/person\/022a0a6b36f62f7070403c5a3426d58c"},"headline":"La Administraci\u00f3n no puede desistir en los procesos selectivos si la ley por la que se rigen no lo contempla expresamente","datePublished":"2026-03-11T06:30:00+00:00","mainEntityOfPage":{"@id":"https:\/\/www.gobiernolocal.org\/acento-local\/la-administracion-no-puede-desistir-en-los-procesos-selectivos-si-la-ley-por-la-que-se-rigen-no-lo-contempla-expresamente\/"},"wordCount":1433,"commentCount":0,"publisher":{"@id":"https:\/\/www.gobiernolocal.org\/acento-local\/#organization"},"image":{"@id":"https:\/\/www.gobiernolocal.org\/acento-local\/la-administracion-no-puede-desistir-en-los-procesos-selectivos-si-la-ley-por-la-que-se-rigen-no-lo-contempla-expresamente\/#primaryimage"},"thumbnailUrl":"https:\/\/www.gobiernolocal.org\/acento-local\/wp-content\/uploads\/2026\/03\/260311_800_01.jpg","keywords":["Diputaciones","Funci\u00f3n p\u00fablica","Procedimiento administrativo"],"articleSection":["Gobernanza"],"inLanguage":"es","potentialAction":[{"@type":"CommentAction","name":"Comment","target":["https:\/\/www.gobiernolocal.org\/acento-local\/la-administracion-no-puede-desistir-en-los-procesos-selectivos-si-la-ley-por-la-que-se-rigen-no-lo-contempla-expresamente\/#respond"]}]},{"@type":"WebPage","@id":"https:\/\/www.gobiernolocal.org\/acento-local\/la-administracion-no-puede-desistir-en-los-procesos-selectivos-si-la-ley-por-la-que-se-rigen-no-lo-contempla-expresamente\/","url":"https:\/\/www.gobiernolocal.org\/acento-local\/la-administracion-no-puede-desistir-en-los-procesos-selectivos-si-la-ley-por-la-que-se-rigen-no-lo-contempla-expresamente\/","name":"La Administraci\u00f3n no puede desistir en los procesos selectivos si la ley por la que se rigen no lo contempla expresamente - Fundaci\u00f3n Democracia y Gobierno Local","isPartOf":{"@id":"https:\/\/www.gobiernolocal.org\/acento-local\/#website"},"primaryImageOfPage":{"@id":"https:\/\/www.gobiernolocal.org\/acento-local\/la-administracion-no-puede-desistir-en-los-procesos-selectivos-si-la-ley-por-la-que-se-rigen-no-lo-contempla-expresamente\/#primaryimage"},"image":{"@id":"https:\/\/www.gobiernolocal.org\/acento-local\/la-administracion-no-puede-desistir-en-los-procesos-selectivos-si-la-ley-por-la-que-se-rigen-no-lo-contempla-expresamente\/#primaryimage"},"thumbnailUrl":"https:\/\/www.gobiernolocal.org\/acento-local\/wp-content\/uploads\/2026\/03\/260311_800_01.jpg","datePublished":"2026-03-11T06:30:00+00:00","breadcrumb":{"@id":"https:\/\/www.gobiernolocal.org\/acento-local\/la-administracion-no-puede-desistir-en-los-procesos-selectivos-si-la-ley-por-la-que-se-rigen-no-lo-contempla-expresamente\/#breadcrumb"},"inLanguage":"es","potentialAction":[{"@type":"ReadAction","target":["https:\/\/www.gobiernolocal.org\/acento-local\/la-administracion-no-puede-desistir-en-los-procesos-selectivos-si-la-ley-por-la-que-se-rigen-no-lo-contempla-expresamente\/"]}]},{"@type":"ImageObject","inLanguage":"es","@id":"https:\/\/www.gobiernolocal.org\/acento-local\/la-administracion-no-puede-desistir-en-los-procesos-selectivos-si-la-ley-por-la-que-se-rigen-no-lo-contempla-expresamente\/#primaryimage","url":"https:\/\/www.gobiernolocal.org\/acento-local\/wp-content\/uploads\/2026\/03\/260311_800_01.jpg","contentUrl":"https:\/\/www.gobiernolocal.org\/acento-local\/wp-content\/uploads\/2026\/03\/260311_800_01.jpg","width":800,"height":436},{"@type":"BreadcrumbList","@id":"https:\/\/www.gobiernolocal.org\/acento-local\/la-administracion-no-puede-desistir-en-los-procesos-selectivos-si-la-ley-por-la-que-se-rigen-no-lo-contempla-expresamente\/#breadcrumb","itemListElement":[{"@type":"ListItem","position":1,"name":"Portada","item":"https:\/\/www.gobiernolocal.org\/acento-local\/"},{"@type":"ListItem","position":2,"name":"La Administraci\u00f3n no puede desistir en los procesos selectivos si la ley por la que se rigen no lo contempla expresamente"}]},{"@type":"WebSite","@id":"https:\/\/www.gobiernolocal.org\/acento-local\/#website","url":"https:\/\/www.gobiernolocal.org\/acento-local\/","name":"Fundaci\u00f3n Democracia y Gobierno Local","description":"Otro sitio realizado con WordPress","publisher":{"@id":"https:\/\/www.gobiernolocal.org\/acento-local\/#organization"},"potentialAction":[{"@type":"SearchAction","target":{"@type":"EntryPoint","urlTemplate":"https:\/\/www.gobiernolocal.org\/acento-local\/?s={search_term_string}"},"query-input":{"@type":"PropertyValueSpecification","valueRequired":true,"valueName":"search_term_string"}}],"inLanguage":"es"},{"@type":"Organization","@id":"https:\/\/www.gobiernolocal.org\/acento-local\/#organization","name":"Fundaci\u00f3n Democracia y Gobierno Local","url":"https:\/\/www.gobiernolocal.org\/acento-local\/","logo":{"@type":"ImageObject","inLanguage":"es","@id":"https:\/\/www.gobiernolocal.org\/acento-local\/#\/schema\/logo\/image\/","url":"https:\/\/www.gobiernolocal.org\/acento-local\/wp-content\/uploads\/2024\/09\/logo-acentoo-local.png","contentUrl":"https:\/\/www.gobiernolocal.org\/acento-local\/wp-content\/uploads\/2024\/09\/logo-acentoo-local.png","width":1005,"height":197,"caption":"Fundaci\u00f3n Democracia y Gobierno Local"},"image":{"@id":"https:\/\/www.gobiernolocal.org\/acento-local\/#\/schema\/logo\/image\/"}},{"@type":"Person","@id":"https:\/\/www.gobiernolocal.org\/acento-local\/#\/schema\/person\/022a0a6b36f62f7070403c5a3426d58c","name":"Fundaci\u00f3n Gobierno Local","image":{"@type":"ImageObject","inLanguage":"es","@id":"https:\/\/www.gobiernolocal.org\/acento-local\/#\/schema\/person\/image\/","url":"https:\/\/secure.gravatar.com\/avatar\/0fa5dea6ae65ded9475a6c7160b1cbc7af5bb19e5a8057c4249aa3664c5fbb21?s=96&d=mm&r=g","contentUrl":"https:\/\/secure.gravatar.com\/avatar\/0fa5dea6ae65ded9475a6c7160b1cbc7af5bb19e5a8057c4249aa3664c5fbb21?s=96&d=mm&r=g","caption":"Fundaci\u00f3n Gobierno Local"},"sameAs":["https:\/\/www.gobiernolocal.org\/acento-local"],"url":"https:\/\/www.gobiernolocal.org\/acento-local\/author\/fundacion-gobierno-local\/"}]}},"_links":{"self":[{"href":"https:\/\/www.gobiernolocal.org\/acento-local\/wp-json\/wp\/v2\/posts\/4735","targetHints":{"allow":["GET"]}}],"collection":[{"href":"https:\/\/www.gobiernolocal.org\/acento-local\/wp-json\/wp\/v2\/posts"}],"about":[{"href":"https:\/\/www.gobiernolocal.org\/acento-local\/wp-json\/wp\/v2\/types\/post"}],"author":[{"embeddable":true,"href":"https:\/\/www.gobiernolocal.org\/acento-local\/wp-json\/wp\/v2\/users\/2"}],"replies":[{"embeddable":true,"href":"https:\/\/www.gobiernolocal.org\/acento-local\/wp-json\/wp\/v2\/comments?post=4735"}],"version-history":[{"count":1,"href":"https:\/\/www.gobiernolocal.org\/acento-local\/wp-json\/wp\/v2\/posts\/4735\/revisions"}],"predecessor-version":[{"id":4738,"href":"https:\/\/www.gobiernolocal.org\/acento-local\/wp-json\/wp\/v2\/posts\/4735\/revisions\/4738"}],"wp:featuredmedia":[{"embeddable":true,"href":"https:\/\/www.gobiernolocal.org\/acento-local\/wp-json\/wp\/v2\/media\/4737"}],"wp:attachment":[{"href":"https:\/\/www.gobiernolocal.org\/acento-local\/wp-json\/wp\/v2\/media?parent=4735"}],"wp:term":[{"taxonomy":"category","embeddable":true,"href":"https:\/\/www.gobiernolocal.org\/acento-local\/wp-json\/wp\/v2\/categories?post=4735"},{"taxonomy":"post_tag","embeddable":true,"href":"https:\/\/www.gobiernolocal.org\/acento-local\/wp-json\/wp\/v2\/tags?post=4735"},{"taxonomy":"autor-post","embeddable":true,"href":"https:\/\/www.gobiernolocal.org\/acento-local\/wp-json\/wp\/v2\/autor-post?post=4735"}],"curies":[{"name":"wp","href":"https:\/\/api.w.org\/{rel}","templated":true}]}}