{"id":4695,"date":"2026-02-20T07:30:00","date_gmt":"2026-02-20T06:30:00","guid":{"rendered":"https:\/\/www.gobiernolocal.org\/acento-local\/?p=4695"},"modified":"2026-02-17T08:31:08","modified_gmt":"2026-02-17T07:31:08","slug":"los-funcionarios-publicos-de-carrera-e-interinos-se-equiparan-en-cuanto-al-ejercicio-de-funciones-publicas-sentencia-del-tribunal-supremo-1541-2025","status":"publish","type":"post","link":"https:\/\/www.gobiernolocal.org\/acento-local\/los-funcionarios-publicos-de-carrera-e-interinos-se-equiparan-en-cuanto-al-ejercicio-de-funciones-publicas-sentencia-del-tribunal-supremo-1541-2025\/","title":{"rendered":"Los funcionarios p\u00fablicos de carrera e interinos se equiparan en cuanto al ejercicio de funciones p\u00fablicas. Sentencia del Tribunal Supremo 1541\/2025"},"content":{"rendered":"\n<p><a href=\"https:\/\/www.poderjudicial.es\/search\/AN\/openDocument\/b1c093d7ee80d3f2a0a8778d75e36f0d\/20251212\"><strong>Sentencia del Tribunal Supremo (Sala de lo Contencioso-Administrativo, Secci\u00f3n Cuarta) n\u00fam. 1541\/2025, de 27 de noviembre (ECLI:ES:TS:2025:5465)<\/strong><\/a>:<\/p>\n\n\n\n<p><strong>RECURSO DE CASACI\u00d3N: ANTECEDENTES<\/strong><\/p>\n\n\n\n<p>Mediante su director ejecutivo, la Agencia Canaria de Protecci\u00f3n del Medio Natural impuso una multa de 30 000 euros al Consorcio del Agua del Cabildo de Lanzarote (en adelante, el Consorcio) como responsable de la comisi\u00f3n de una infracci\u00f3n administrativa grave del art\u00edculo 90.2.h), en relaci\u00f3n con el art\u00edculo 97.1.a), ambos de la Ley 22\/1988, de 28 de julio, de Costas, consistente en el vertido al mar de aguas residuales sin contar con la preceptiva autorizaci\u00f3n, habi\u00e9ndolo hecho a trav\u00e9s de la conducci\u00f3n del desag\u00fce de Puerto Naos, en el t\u00e9rmino municipal de Arrecife, y con la consiguiente orden de cese de los vertidos no autorizados.<\/p>\n\n\n\n<p>Frente a dicha resoluci\u00f3n sancionadora (n\u00fam. 865, de 11 de diciembre de 2020) y la que desestim\u00f3 el requerimiento previo para dejar sin efecto la anterior (n\u00fam. 1018, de 7 de octubre), el Consorcio interpuso recurso contencioso-administrativo fundamentado en dos motivos principales: falta de competencia de la Agencia (motivo desestimado en la sentencia del Juzgado) y la nulidad del expediente administrativo sancionador porque la instructora y la secretaria del mismo eran funcionarias interinas, por lo que no pod\u00edan ejercer las funciones propias de la tramitaci\u00f3n de aquel expediente, tan solo reservada a los funcionarios de carrera (motivo estimado por la sentencia del Juzgado). As\u00ed, el Juzgado de lo Contencioso-Administrativo n\u00fam. 4 de Las Palmas de Gran Canaria dict\u00f3 la sentencia n\u00fam. 177\/2022, de 5 de septiembre, estimando el recurso y anulando el acto administrativo en cuesti\u00f3n.<\/p>\n\n\n\n<p>Contra ella, la representaci\u00f3n del Gobierno de Canarias interpuso recurso de apelaci\u00f3n, argumentando que el r\u00e9gimen estatutario de los funcionarios interinos es el mismo que el de los funcionarios de carrera, con la \u00fanica diferencia de su temporalidad; por lo tanto, el funcionario interino sustituye al funcionario de carrera en plenitud de funciones. En consecuencia, solicitaba la estimaci\u00f3n del recurso y la anulaci\u00f3n de la sentencia del Juzgado. Por el contrario, el recurso fue desestimado por la Secci\u00f3n Segunda de la Sala de lo Contencioso-Administrativo del Tribunal Superior de Justicia de Canarias (sede de Las Palmas de Gran Canaria) en la sentencia n\u00fam. 181\/2024, de 9 de mayo.<\/p>\n\n\n\n<blockquote class=\"wp-block-quote is-layout-flow wp-block-quote-is-layout-flow\">\n<p><strong>La representaci\u00f3n del Gobierno de Canarias interpuso recurso de apelaci\u00f3n, argumentando que el r\u00e9gimen estatutario de los funcionarios interinos es el mismo que el de los funcionarios de carrera, con la \u00fanica diferencia de su temporalidad; por lo tanto, el funcionario interino sustituye al funcionario de carrera en plenitud de funciones.<\/strong><\/p>\n<\/blockquote>\n\n\n\n<p>Posteriormente, el Gobierno de Canarias present\u00f3 recurso de casaci\u00f3n, que da lugar a la presente sentencia.<\/p>\n\n\n\n<p><strong>JUICIO DE LA SALA<\/strong><\/p>\n\n\n\n<p>La cuesti\u00f3n de inter\u00e9s casacional objetivo para la formaci\u00f3n de jurisprudencia consiste en determinar: \u00absi dada la redacci\u00f3n de los art\u00edculos 9.2 y 10 del Real Decreto Legislativo 5\/2015, de 30 de octubre que aprueba el texto refundido del estatuto b\u00e1sico del empleado p\u00fablico, un funcionario interino puede ejercitar funciones que impliquen la participaci\u00f3n directa o indirecta en el ejercicio de funciones p\u00fablicas &#8211; como supone la potestad sancionadora &#8211; o en la salvaguarda de los intereses del Estado y de las Administraciones P\u00fablicas, que corresponden en exclusiva a los funcionarios p\u00fablicos\u00bb. Es decir, en el caso concreto, si las funcionarias interinas, nombradas instructora y secretaria del expediente administrativo sancionador, previo al dictado de la resoluci\u00f3n sancionadora, pod\u00edan, por su condici\u00f3n de interinas y no de funcionarias de carrera, ejercer las funciones de tramitaci\u00f3n y finalizaci\u00f3n del expediente sancionador.<\/p>\n\n\n\n<p>Para dilucidar sobre tal extremo, el juicio de la Sala se apoya tanto en la jurisprudencia del Tribunal Constitucional como en la propia, ya que ambas han declarado, de modo general, la equiparaci\u00f3n entre los funcionarios p\u00fablicos de carrera e interinos en cuanto al ejercicio de funciones p\u00fablicas. De un lado, el Tribunal Constitucional (STC 106\/2019, de 19 de septiembre) ha apreciado la existencia de un criterio de equiparaci\u00f3n entre funcionarios de carrera e interinos en el ejercicio de las potestades p\u00fablicas, dentro del cual se incluye el ejercicio de la potestad disciplinaria como genuino instrumento del <em>ius puniendi <\/em>del Estado. De otro lado, el Tribunal Supremo ya hab\u00eda dicho con anterioridad (STS n\u00fam. 294\/2020, de 2 de marzo) que \u201c[L]a utilizaci\u00f3n intencionada de la expresi\u00f3n \u00abfuncionarios p\u00fablicos\u00bb [\u2026] pone claramente de manifiesto la inclusi\u00f3n en tal expresi\u00f3n tanto de los funcionarios de carrera como los interinos\u201d. Por lo tanto, de la interpretaci\u00f3n conjunta de los art\u00edculos 9 y 10 del TREBEP se desprende que la mera condici\u00f3n de ser funcionario de carrera o interino no puede erigirse en criterio determinante de la regularidad o irregularidad, y mucho menos de la nulidad de un expediente sancionador, por el mero hecho de que la persona instructora o la secretaria del mismo tenga la condici\u00f3n de funcionaria interina o de carrera.<\/p>\n\n\n\n<p>En consecuencia, la cuesti\u00f3n de inter\u00e9s casacional se responde de la siguiente manera: \u00abEn interpretaci\u00f3n de lo que disponen los art\u00edculos 9.2 y 10 del Real Decreto Legislativo 5\/2015, de 30 de octubre, que aprob\u00f3 el Texto Refundido del Estatuto B\u00e1sico del Empleado P\u00fablico, corresponde a los funcionarios p\u00fablicos, ya lo sean de carrera o interinos, las funciones propias de la instrucci\u00f3n de los expedientes, abiertos en el ejercicio de la potestad sancionadora de las Administraciones P\u00fablicas\u00bb<strong>.<\/strong> Finalmente, el recurso de casaci\u00f3n interpuesto por el Gobierno de Canarias fue estimado, y se orden\u00f3 la retroacci\u00f3n de las actuaciones al momento anterior al de la sentencia, para que la Secci\u00f3n Segunda de la Sala de lo Contencioso-Administrativo del Tribunal Superior de Justicia de Canarias resolviera sobre la cuesti\u00f3n de fondo debatida en el recurso contencioso-administrativo interpuesto.<\/p>\n\n\n\n<blockquote class=\"wp-block-quote is-layout-flow wp-block-quote-is-layout-flow\">\n<p><strong>La cuesti\u00f3n de inter\u00e9s casacional se responde de la siguiente manera: \u00abEn interpretaci\u00f3n de lo que disponen los art\u00edculos 9.2 y 10 del Real Decreto Legislativo 5\/2015, de 30 de octubre, que aprob\u00f3 el Texto Refundido del Estatuto B\u00e1sico del Empleado P\u00fablico, corresponde a los funcionarios p\u00fablicos, ya lo sean de carrera o interinos, las funciones propias de la instrucci\u00f3n de los expedientes, abiertos en el ejercicio de la potestad sancionadora de las Administraciones P\u00fablicas\u00bb.<\/strong><\/p>\n<\/blockquote>\n\n\n\n<p>Autor\/a:&nbsp;<strong>Ana Garc\u00eda Garc\u00eda<\/strong><\/p>\n\n\n\n<p class=\"has-small-font-size\"><em>imagen: <\/em><a href=\"https:\/\/www.istockphoto.com\/es\/portfolio\/jacoblund?mediatype=photography\">\u00abiStock.com\/jacoblund\u00bb<\/a><\/p>\n","protected":false},"excerpt":{"rendered":"<p>En la sentencia del Tribunal Supremo n\u00fam. 1541\/2025, de 27 de noviembre, se debate si los funcionarios interinos pueden ser nombrados instructores y secretarios en los expedientes sancionadores tramitados por la Administraci\u00f3n y, en su caso, si pueden ejercer tales funciones, por ser o no de la exclusiva responsabilidad de los funcionarios de carrera.<br \/>\nSENTIDO DEL FALLO: estimaci\u00f3n del recurso de casaci\u00f3n.<\/p>\n","protected":false},"author":2,"featured_media":4696,"comment_status":"open","ping_status":"open","sticky":false,"template":"","format":"standard","meta":{"site-sidebar-layout":"default","site-content-layout":"","ast-site-content-layout":"default","site-content-style":"default","site-sidebar-style":"default","ast-global-header-display":"","ast-banner-title-visibility":"","ast-main-header-display":"","ast-hfb-above-header-display":"","ast-hfb-below-header-display":"","ast-hfb-mobile-header-display":"","site-post-title":"","ast-breadcrumbs-content":"","ast-featured-img":"","footer-sml-layout":"","ast-disable-related-posts":"","theme-transparent-header-meta":"","adv-header-id-meta":"","stick-header-meta":"","header-above-stick-meta":"","header-main-stick-meta":"","header-below-stick-meta":"","astra-migrate-meta-layouts":"set","ast-page-background-enabled":"default","ast-page-background-meta":{"desktop":{"background-color":"var(--ast-global-color-4)","background-image":"","background-repeat":"repeat","background-position":"center center","background-size":"auto","background-attachment":"scroll","background-type":"","background-media":"","overlay-type":"","overlay-color":"","overlay-opacity":"","overlay-gradient":""},"tablet":{"background-color":"","background-image":"","background-repeat":"repeat","background-position":"center center","background-size":"auto","background-attachment":"scroll","background-type":"","background-media":"","overlay-type":"","overlay-color":"","overlay-opacity":"","overlay-gradient":""},"mobile":{"background-color":"","background-image":"","background-repeat":"repeat","background-position":"center center","background-size":"auto","background-attachment":"scroll","background-type":"","background-media":"","overlay-type":"","overlay-color":"","overlay-opacity":"","overlay-gradient":""}},"ast-content-background-meta":{"desktop":{"background-color":"var(--ast-global-color-5)","background-image":"","background-repeat":"repeat","background-position":"center center","background-size":"auto","background-attachment":"scroll","background-type":"","background-media":"","overlay-type":"","overlay-color":"","overlay-opacity":"","overlay-gradient":""},"tablet":{"background-color":"var(--ast-global-color-5)","background-image":"","background-repeat":"repeat","background-position":"center center","background-size":"auto","background-attachment":"scroll","background-type":"","background-media":"","overlay-type":"","overlay-color":"","overlay-opacity":"","overlay-gradient":""},"mobile":{"background-color":"var(--ast-global-color-5)","background-image":"","background-repeat":"repeat","background-position":"center center","background-size":"auto","background-attachment":"scroll","background-type":"","background-media":"","overlay-type":"","overlay-color":"","overlay-opacity":"","overlay-gradient":""}},"area-autor":{"item-0":{"nombre-del-autor":"Ana Garc\u00eda Garc\u00eda","cargo-autor":"Profesora ayudante doctora. Universidad de Burgos","foto-autor":""}},"footnotes":""},"categories":[172],"tags":[99],"autor-post":[242],"class_list":["post-4695","post","type-post","status-publish","format-standard","has-post-thumbnail","hentry","category-jurisprudencia","tag-funcion-publica","autor-post-ana-garcia-garcia"],"yoast_head":"<!-- This site is optimized with the Yoast SEO plugin v27.0 - https:\/\/yoast.com\/product\/yoast-seo-wordpress\/ -->\n<title>Los funcionarios p\u00fablicos de carrera e interinos se equiparan en cuanto al ejercicio de funciones p\u00fablicas. Sentencia del Tribunal Supremo 1541\/2025 - Fundaci\u00f3n Democracia y Gobierno Local<\/title>\n<meta name=\"robots\" content=\"index, follow, max-snippet:-1, max-image-preview:large, max-video-preview:-1\" \/>\n<link rel=\"canonical\" href=\"https:\/\/www.gobiernolocal.org\/acento-local\/los-funcionarios-publicos-de-carrera-e-interinos-se-equiparan-en-cuanto-al-ejercicio-de-funciones-publicas-sentencia-del-tribunal-supremo-1541-2025\/\" \/>\n<meta property=\"og:locale\" content=\"es_ES\" \/>\n<meta property=\"og:type\" content=\"article\" \/>\n<meta property=\"og:title\" content=\"Los funcionarios p\u00fablicos de carrera e interinos se equiparan en cuanto al ejercicio de funciones p\u00fablicas. Sentencia del Tribunal Supremo 1541\/2025 - Fundaci\u00f3n Democracia y Gobierno Local\" \/>\n<meta property=\"og:description\" content=\"En la sentencia del Tribunal Supremo n\u00fam. 1541\/2025, de 27 de noviembre, se debate si los funcionarios interinos pueden ser nombrados instructores y secretarios en los expedientes sancionadores tramitados por la Administraci\u00f3n y, en su caso, si pueden ejercer tales funciones, por ser o no de la exclusiva responsabilidad de los funcionarios de carrera. SENTIDO DEL FALLO: estimaci\u00f3n del recurso de casaci\u00f3n.\" \/>\n<meta property=\"og:url\" content=\"https:\/\/www.gobiernolocal.org\/acento-local\/los-funcionarios-publicos-de-carrera-e-interinos-se-equiparan-en-cuanto-al-ejercicio-de-funciones-publicas-sentencia-del-tribunal-supremo-1541-2025\/\" \/>\n<meta property=\"og:site_name\" content=\"Fundaci\u00f3n Democracia y Gobierno Local\" \/>\n<meta property=\"article:published_time\" content=\"2026-02-20T06:30:00+00:00\" \/>\n<meta property=\"og:image\" content=\"https:\/\/www.gobiernolocal.org\/acento-local\/wp-content\/uploads\/2026\/02\/260220_800_01.jpg\" \/>\n\t<meta property=\"og:image:width\" content=\"800\" \/>\n\t<meta property=\"og:image:height\" content=\"533\" \/>\n\t<meta property=\"og:image:type\" content=\"image\/jpeg\" \/>\n<meta name=\"author\" content=\"Fundaci\u00f3n Gobierno Local\" \/>\n<meta name=\"twitter:card\" content=\"summary_large_image\" \/>\n<meta name=\"twitter:label1\" content=\"Escrito por\" \/>\n\t<meta name=\"twitter:data1\" content=\"Fundaci\u00f3n Gobierno Local\" \/>\n\t<meta name=\"twitter:label2\" content=\"Tiempo de lectura\" \/>\n\t<meta name=\"twitter:data2\" content=\"5 minutos\" \/>\n<script type=\"application\/ld+json\" class=\"yoast-schema-graph\">{\"@context\":\"https:\/\/schema.org\",\"@graph\":[{\"@type\":\"Article\",\"@id\":\"https:\/\/www.gobiernolocal.org\/acento-local\/los-funcionarios-publicos-de-carrera-e-interinos-se-equiparan-en-cuanto-al-ejercicio-de-funciones-publicas-sentencia-del-tribunal-supremo-1541-2025\/#article\",\"isPartOf\":{\"@id\":\"https:\/\/www.gobiernolocal.org\/acento-local\/los-funcionarios-publicos-de-carrera-e-interinos-se-equiparan-en-cuanto-al-ejercicio-de-funciones-publicas-sentencia-del-tribunal-supremo-1541-2025\/\"},\"author\":{\"name\":\"Fundaci\u00f3n Gobierno Local\",\"@id\":\"https:\/\/www.gobiernolocal.org\/acento-local\/#\/schema\/person\/022a0a6b36f62f7070403c5a3426d58c\"},\"headline\":\"Los funcionarios p\u00fablicos de carrera e interinos se equiparan en cuanto al ejercicio de funciones p\u00fablicas. Sentencia del Tribunal Supremo 1541\/2025\",\"datePublished\":\"2026-02-20T06:30:00+00:00\",\"mainEntityOfPage\":{\"@id\":\"https:\/\/www.gobiernolocal.org\/acento-local\/los-funcionarios-publicos-de-carrera-e-interinos-se-equiparan-en-cuanto-al-ejercicio-de-funciones-publicas-sentencia-del-tribunal-supremo-1541-2025\/\"},\"wordCount\":1100,\"commentCount\":0,\"publisher\":{\"@id\":\"https:\/\/www.gobiernolocal.org\/acento-local\/#organization\"},\"image\":{\"@id\":\"https:\/\/www.gobiernolocal.org\/acento-local\/los-funcionarios-publicos-de-carrera-e-interinos-se-equiparan-en-cuanto-al-ejercicio-de-funciones-publicas-sentencia-del-tribunal-supremo-1541-2025\/#primaryimage\"},\"thumbnailUrl\":\"https:\/\/www.gobiernolocal.org\/acento-local\/wp-content\/uploads\/2026\/02\/260220_800_01.jpg\",\"keywords\":[\"Funci\u00f3n p\u00fablica\"],\"articleSection\":[\"Jurisprudencia\"],\"inLanguage\":\"es\",\"potentialAction\":[{\"@type\":\"CommentAction\",\"name\":\"Comment\",\"target\":[\"https:\/\/www.gobiernolocal.org\/acento-local\/los-funcionarios-publicos-de-carrera-e-interinos-se-equiparan-en-cuanto-al-ejercicio-de-funciones-publicas-sentencia-del-tribunal-supremo-1541-2025\/#respond\"]}]},{\"@type\":\"WebPage\",\"@id\":\"https:\/\/www.gobiernolocal.org\/acento-local\/los-funcionarios-publicos-de-carrera-e-interinos-se-equiparan-en-cuanto-al-ejercicio-de-funciones-publicas-sentencia-del-tribunal-supremo-1541-2025\/\",\"url\":\"https:\/\/www.gobiernolocal.org\/acento-local\/los-funcionarios-publicos-de-carrera-e-interinos-se-equiparan-en-cuanto-al-ejercicio-de-funciones-publicas-sentencia-del-tribunal-supremo-1541-2025\/\",\"name\":\"Los funcionarios p\u00fablicos de carrera e interinos se equiparan en cuanto al ejercicio de funciones p\u00fablicas. Sentencia del Tribunal Supremo 1541\/2025 - Fundaci\u00f3n Democracia y Gobierno Local\",\"isPartOf\":{\"@id\":\"https:\/\/www.gobiernolocal.org\/acento-local\/#website\"},\"primaryImageOfPage\":{\"@id\":\"https:\/\/www.gobiernolocal.org\/acento-local\/los-funcionarios-publicos-de-carrera-e-interinos-se-equiparan-en-cuanto-al-ejercicio-de-funciones-publicas-sentencia-del-tribunal-supremo-1541-2025\/#primaryimage\"},\"image\":{\"@id\":\"https:\/\/www.gobiernolocal.org\/acento-local\/los-funcionarios-publicos-de-carrera-e-interinos-se-equiparan-en-cuanto-al-ejercicio-de-funciones-publicas-sentencia-del-tribunal-supremo-1541-2025\/#primaryimage\"},\"thumbnailUrl\":\"https:\/\/www.gobiernolocal.org\/acento-local\/wp-content\/uploads\/2026\/02\/260220_800_01.jpg\",\"datePublished\":\"2026-02-20T06:30:00+00:00\",\"breadcrumb\":{\"@id\":\"https:\/\/www.gobiernolocal.org\/acento-local\/los-funcionarios-publicos-de-carrera-e-interinos-se-equiparan-en-cuanto-al-ejercicio-de-funciones-publicas-sentencia-del-tribunal-supremo-1541-2025\/#breadcrumb\"},\"inLanguage\":\"es\",\"potentialAction\":[{\"@type\":\"ReadAction\",\"target\":[\"https:\/\/www.gobiernolocal.org\/acento-local\/los-funcionarios-publicos-de-carrera-e-interinos-se-equiparan-en-cuanto-al-ejercicio-de-funciones-publicas-sentencia-del-tribunal-supremo-1541-2025\/\"]}]},{\"@type\":\"ImageObject\",\"inLanguage\":\"es\",\"@id\":\"https:\/\/www.gobiernolocal.org\/acento-local\/los-funcionarios-publicos-de-carrera-e-interinos-se-equiparan-en-cuanto-al-ejercicio-de-funciones-publicas-sentencia-del-tribunal-supremo-1541-2025\/#primaryimage\",\"url\":\"https:\/\/www.gobiernolocal.org\/acento-local\/wp-content\/uploads\/2026\/02\/260220_800_01.jpg\",\"contentUrl\":\"https:\/\/www.gobiernolocal.org\/acento-local\/wp-content\/uploads\/2026\/02\/260220_800_01.jpg\",\"width\":800,\"height\":533},{\"@type\":\"BreadcrumbList\",\"@id\":\"https:\/\/www.gobiernolocal.org\/acento-local\/los-funcionarios-publicos-de-carrera-e-interinos-se-equiparan-en-cuanto-al-ejercicio-de-funciones-publicas-sentencia-del-tribunal-supremo-1541-2025\/#breadcrumb\",\"itemListElement\":[{\"@type\":\"ListItem\",\"position\":1,\"name\":\"Portada\",\"item\":\"https:\/\/www.gobiernolocal.org\/acento-local\/\"},{\"@type\":\"ListItem\",\"position\":2,\"name\":\"Los funcionarios p\u00fablicos de carrera e interinos se equiparan en cuanto al ejercicio de funciones p\u00fablicas. Sentencia del Tribunal Supremo 1541\/2025\"}]},{\"@type\":\"WebSite\",\"@id\":\"https:\/\/www.gobiernolocal.org\/acento-local\/#website\",\"url\":\"https:\/\/www.gobiernolocal.org\/acento-local\/\",\"name\":\"Fundaci\u00f3n Democracia y Gobierno Local\",\"description\":\"Otro sitio realizado con WordPress\",\"publisher\":{\"@id\":\"https:\/\/www.gobiernolocal.org\/acento-local\/#organization\"},\"potentialAction\":[{\"@type\":\"SearchAction\",\"target\":{\"@type\":\"EntryPoint\",\"urlTemplate\":\"https:\/\/www.gobiernolocal.org\/acento-local\/?s={search_term_string}\"},\"query-input\":{\"@type\":\"PropertyValueSpecification\",\"valueRequired\":true,\"valueName\":\"search_term_string\"}}],\"inLanguage\":\"es\"},{\"@type\":\"Organization\",\"@id\":\"https:\/\/www.gobiernolocal.org\/acento-local\/#organization\",\"name\":\"Fundaci\u00f3n Democracia y Gobierno Local\",\"url\":\"https:\/\/www.gobiernolocal.org\/acento-local\/\",\"logo\":{\"@type\":\"ImageObject\",\"inLanguage\":\"es\",\"@id\":\"https:\/\/www.gobiernolocal.org\/acento-local\/#\/schema\/logo\/image\/\",\"url\":\"https:\/\/www.gobiernolocal.org\/acento-local\/wp-content\/uploads\/2024\/09\/logo-acentoo-local.png\",\"contentUrl\":\"https:\/\/www.gobiernolocal.org\/acento-local\/wp-content\/uploads\/2024\/09\/logo-acentoo-local.png\",\"width\":1005,\"height\":197,\"caption\":\"Fundaci\u00f3n Democracia y Gobierno Local\"},\"image\":{\"@id\":\"https:\/\/www.gobiernolocal.org\/acento-local\/#\/schema\/logo\/image\/\"}},{\"@type\":\"Person\",\"@id\":\"https:\/\/www.gobiernolocal.org\/acento-local\/#\/schema\/person\/022a0a6b36f62f7070403c5a3426d58c\",\"name\":\"Fundaci\u00f3n Gobierno Local\",\"image\":{\"@type\":\"ImageObject\",\"inLanguage\":\"es\",\"@id\":\"https:\/\/www.gobiernolocal.org\/acento-local\/#\/schema\/person\/image\/\",\"url\":\"https:\/\/secure.gravatar.com\/avatar\/0fa5dea6ae65ded9475a6c7160b1cbc7af5bb19e5a8057c4249aa3664c5fbb21?s=96&d=mm&r=g\",\"contentUrl\":\"https:\/\/secure.gravatar.com\/avatar\/0fa5dea6ae65ded9475a6c7160b1cbc7af5bb19e5a8057c4249aa3664c5fbb21?s=96&d=mm&r=g\",\"caption\":\"Fundaci\u00f3n Gobierno Local\"},\"sameAs\":[\"https:\/\/www.gobiernolocal.org\/acento-local\"],\"url\":\"https:\/\/www.gobiernolocal.org\/acento-local\/author\/fundacion-gobierno-local\/\"}]}<\/script>\n<!-- \/ Yoast SEO plugin. -->","yoast_head_json":{"title":"Los funcionarios p\u00fablicos de carrera e interinos se equiparan en cuanto al ejercicio de funciones p\u00fablicas. Sentencia del Tribunal Supremo 1541\/2025 - Fundaci\u00f3n Democracia y Gobierno Local","robots":{"index":"index","follow":"follow","max-snippet":"max-snippet:-1","max-image-preview":"max-image-preview:large","max-video-preview":"max-video-preview:-1"},"canonical":"https:\/\/www.gobiernolocal.org\/acento-local\/los-funcionarios-publicos-de-carrera-e-interinos-se-equiparan-en-cuanto-al-ejercicio-de-funciones-publicas-sentencia-del-tribunal-supremo-1541-2025\/","og_locale":"es_ES","og_type":"article","og_title":"Los funcionarios p\u00fablicos de carrera e interinos se equiparan en cuanto al ejercicio de funciones p\u00fablicas. Sentencia del Tribunal Supremo 1541\/2025 - Fundaci\u00f3n Democracia y Gobierno Local","og_description":"En la sentencia del Tribunal Supremo n\u00fam. 1541\/2025, de 27 de noviembre, se debate si los funcionarios interinos pueden ser nombrados instructores y secretarios en los expedientes sancionadores tramitados por la Administraci\u00f3n y, en su caso, si pueden ejercer tales funciones, por ser o no de la exclusiva responsabilidad de los funcionarios de carrera. SENTIDO DEL FALLO: estimaci\u00f3n del recurso de casaci\u00f3n.","og_url":"https:\/\/www.gobiernolocal.org\/acento-local\/los-funcionarios-publicos-de-carrera-e-interinos-se-equiparan-en-cuanto-al-ejercicio-de-funciones-publicas-sentencia-del-tribunal-supremo-1541-2025\/","og_site_name":"Fundaci\u00f3n Democracia y Gobierno Local","article_published_time":"2026-02-20T06:30:00+00:00","og_image":[{"width":800,"height":533,"url":"https:\/\/www.gobiernolocal.org\/acento-local\/wp-content\/uploads\/2026\/02\/260220_800_01.jpg","type":"image\/jpeg"}],"author":"Fundaci\u00f3n Gobierno Local","twitter_card":"summary_large_image","twitter_misc":{"Escrito por":"Fundaci\u00f3n Gobierno Local","Tiempo de lectura":"5 minutos"},"schema":{"@context":"https:\/\/schema.org","@graph":[{"@type":"Article","@id":"https:\/\/www.gobiernolocal.org\/acento-local\/los-funcionarios-publicos-de-carrera-e-interinos-se-equiparan-en-cuanto-al-ejercicio-de-funciones-publicas-sentencia-del-tribunal-supremo-1541-2025\/#article","isPartOf":{"@id":"https:\/\/www.gobiernolocal.org\/acento-local\/los-funcionarios-publicos-de-carrera-e-interinos-se-equiparan-en-cuanto-al-ejercicio-de-funciones-publicas-sentencia-del-tribunal-supremo-1541-2025\/"},"author":{"name":"Fundaci\u00f3n Gobierno Local","@id":"https:\/\/www.gobiernolocal.org\/acento-local\/#\/schema\/person\/022a0a6b36f62f7070403c5a3426d58c"},"headline":"Los funcionarios p\u00fablicos de carrera e interinos se equiparan en cuanto al ejercicio de funciones p\u00fablicas. Sentencia del Tribunal Supremo 1541\/2025","datePublished":"2026-02-20T06:30:00+00:00","mainEntityOfPage":{"@id":"https:\/\/www.gobiernolocal.org\/acento-local\/los-funcionarios-publicos-de-carrera-e-interinos-se-equiparan-en-cuanto-al-ejercicio-de-funciones-publicas-sentencia-del-tribunal-supremo-1541-2025\/"},"wordCount":1100,"commentCount":0,"publisher":{"@id":"https:\/\/www.gobiernolocal.org\/acento-local\/#organization"},"image":{"@id":"https:\/\/www.gobiernolocal.org\/acento-local\/los-funcionarios-publicos-de-carrera-e-interinos-se-equiparan-en-cuanto-al-ejercicio-de-funciones-publicas-sentencia-del-tribunal-supremo-1541-2025\/#primaryimage"},"thumbnailUrl":"https:\/\/www.gobiernolocal.org\/acento-local\/wp-content\/uploads\/2026\/02\/260220_800_01.jpg","keywords":["Funci\u00f3n p\u00fablica"],"articleSection":["Jurisprudencia"],"inLanguage":"es","potentialAction":[{"@type":"CommentAction","name":"Comment","target":["https:\/\/www.gobiernolocal.org\/acento-local\/los-funcionarios-publicos-de-carrera-e-interinos-se-equiparan-en-cuanto-al-ejercicio-de-funciones-publicas-sentencia-del-tribunal-supremo-1541-2025\/#respond"]}]},{"@type":"WebPage","@id":"https:\/\/www.gobiernolocal.org\/acento-local\/los-funcionarios-publicos-de-carrera-e-interinos-se-equiparan-en-cuanto-al-ejercicio-de-funciones-publicas-sentencia-del-tribunal-supremo-1541-2025\/","url":"https:\/\/www.gobiernolocal.org\/acento-local\/los-funcionarios-publicos-de-carrera-e-interinos-se-equiparan-en-cuanto-al-ejercicio-de-funciones-publicas-sentencia-del-tribunal-supremo-1541-2025\/","name":"Los funcionarios p\u00fablicos de carrera e interinos se equiparan en cuanto al ejercicio de funciones p\u00fablicas. Sentencia del Tribunal Supremo 1541\/2025 - Fundaci\u00f3n Democracia y Gobierno Local","isPartOf":{"@id":"https:\/\/www.gobiernolocal.org\/acento-local\/#website"},"primaryImageOfPage":{"@id":"https:\/\/www.gobiernolocal.org\/acento-local\/los-funcionarios-publicos-de-carrera-e-interinos-se-equiparan-en-cuanto-al-ejercicio-de-funciones-publicas-sentencia-del-tribunal-supremo-1541-2025\/#primaryimage"},"image":{"@id":"https:\/\/www.gobiernolocal.org\/acento-local\/los-funcionarios-publicos-de-carrera-e-interinos-se-equiparan-en-cuanto-al-ejercicio-de-funciones-publicas-sentencia-del-tribunal-supremo-1541-2025\/#primaryimage"},"thumbnailUrl":"https:\/\/www.gobiernolocal.org\/acento-local\/wp-content\/uploads\/2026\/02\/260220_800_01.jpg","datePublished":"2026-02-20T06:30:00+00:00","breadcrumb":{"@id":"https:\/\/www.gobiernolocal.org\/acento-local\/los-funcionarios-publicos-de-carrera-e-interinos-se-equiparan-en-cuanto-al-ejercicio-de-funciones-publicas-sentencia-del-tribunal-supremo-1541-2025\/#breadcrumb"},"inLanguage":"es","potentialAction":[{"@type":"ReadAction","target":["https:\/\/www.gobiernolocal.org\/acento-local\/los-funcionarios-publicos-de-carrera-e-interinos-se-equiparan-en-cuanto-al-ejercicio-de-funciones-publicas-sentencia-del-tribunal-supremo-1541-2025\/"]}]},{"@type":"ImageObject","inLanguage":"es","@id":"https:\/\/www.gobiernolocal.org\/acento-local\/los-funcionarios-publicos-de-carrera-e-interinos-se-equiparan-en-cuanto-al-ejercicio-de-funciones-publicas-sentencia-del-tribunal-supremo-1541-2025\/#primaryimage","url":"https:\/\/www.gobiernolocal.org\/acento-local\/wp-content\/uploads\/2026\/02\/260220_800_01.jpg","contentUrl":"https:\/\/www.gobiernolocal.org\/acento-local\/wp-content\/uploads\/2026\/02\/260220_800_01.jpg","width":800,"height":533},{"@type":"BreadcrumbList","@id":"https:\/\/www.gobiernolocal.org\/acento-local\/los-funcionarios-publicos-de-carrera-e-interinos-se-equiparan-en-cuanto-al-ejercicio-de-funciones-publicas-sentencia-del-tribunal-supremo-1541-2025\/#breadcrumb","itemListElement":[{"@type":"ListItem","position":1,"name":"Portada","item":"https:\/\/www.gobiernolocal.org\/acento-local\/"},{"@type":"ListItem","position":2,"name":"Los funcionarios p\u00fablicos de carrera e interinos se equiparan en cuanto al ejercicio de funciones p\u00fablicas. Sentencia del Tribunal Supremo 1541\/2025"}]},{"@type":"WebSite","@id":"https:\/\/www.gobiernolocal.org\/acento-local\/#website","url":"https:\/\/www.gobiernolocal.org\/acento-local\/","name":"Fundaci\u00f3n Democracia y Gobierno Local","description":"Otro sitio realizado con WordPress","publisher":{"@id":"https:\/\/www.gobiernolocal.org\/acento-local\/#organization"},"potentialAction":[{"@type":"SearchAction","target":{"@type":"EntryPoint","urlTemplate":"https:\/\/www.gobiernolocal.org\/acento-local\/?s={search_term_string}"},"query-input":{"@type":"PropertyValueSpecification","valueRequired":true,"valueName":"search_term_string"}}],"inLanguage":"es"},{"@type":"Organization","@id":"https:\/\/www.gobiernolocal.org\/acento-local\/#organization","name":"Fundaci\u00f3n Democracia y Gobierno Local","url":"https:\/\/www.gobiernolocal.org\/acento-local\/","logo":{"@type":"ImageObject","inLanguage":"es","@id":"https:\/\/www.gobiernolocal.org\/acento-local\/#\/schema\/logo\/image\/","url":"https:\/\/www.gobiernolocal.org\/acento-local\/wp-content\/uploads\/2024\/09\/logo-acentoo-local.png","contentUrl":"https:\/\/www.gobiernolocal.org\/acento-local\/wp-content\/uploads\/2024\/09\/logo-acentoo-local.png","width":1005,"height":197,"caption":"Fundaci\u00f3n Democracia y Gobierno Local"},"image":{"@id":"https:\/\/www.gobiernolocal.org\/acento-local\/#\/schema\/logo\/image\/"}},{"@type":"Person","@id":"https:\/\/www.gobiernolocal.org\/acento-local\/#\/schema\/person\/022a0a6b36f62f7070403c5a3426d58c","name":"Fundaci\u00f3n Gobierno Local","image":{"@type":"ImageObject","inLanguage":"es","@id":"https:\/\/www.gobiernolocal.org\/acento-local\/#\/schema\/person\/image\/","url":"https:\/\/secure.gravatar.com\/avatar\/0fa5dea6ae65ded9475a6c7160b1cbc7af5bb19e5a8057c4249aa3664c5fbb21?s=96&d=mm&r=g","contentUrl":"https:\/\/secure.gravatar.com\/avatar\/0fa5dea6ae65ded9475a6c7160b1cbc7af5bb19e5a8057c4249aa3664c5fbb21?s=96&d=mm&r=g","caption":"Fundaci\u00f3n Gobierno Local"},"sameAs":["https:\/\/www.gobiernolocal.org\/acento-local"],"url":"https:\/\/www.gobiernolocal.org\/acento-local\/author\/fundacion-gobierno-local\/"}]}},"_links":{"self":[{"href":"https:\/\/www.gobiernolocal.org\/acento-local\/wp-json\/wp\/v2\/posts\/4695","targetHints":{"allow":["GET"]}}],"collection":[{"href":"https:\/\/www.gobiernolocal.org\/acento-local\/wp-json\/wp\/v2\/posts"}],"about":[{"href":"https:\/\/www.gobiernolocal.org\/acento-local\/wp-json\/wp\/v2\/types\/post"}],"author":[{"embeddable":true,"href":"https:\/\/www.gobiernolocal.org\/acento-local\/wp-json\/wp\/v2\/users\/2"}],"replies":[{"embeddable":true,"href":"https:\/\/www.gobiernolocal.org\/acento-local\/wp-json\/wp\/v2\/comments?post=4695"}],"version-history":[{"count":1,"href":"https:\/\/www.gobiernolocal.org\/acento-local\/wp-json\/wp\/v2\/posts\/4695\/revisions"}],"predecessor-version":[{"id":4697,"href":"https:\/\/www.gobiernolocal.org\/acento-local\/wp-json\/wp\/v2\/posts\/4695\/revisions\/4697"}],"wp:featuredmedia":[{"embeddable":true,"href":"https:\/\/www.gobiernolocal.org\/acento-local\/wp-json\/wp\/v2\/media\/4696"}],"wp:attachment":[{"href":"https:\/\/www.gobiernolocal.org\/acento-local\/wp-json\/wp\/v2\/media?parent=4695"}],"wp:term":[{"taxonomy":"category","embeddable":true,"href":"https:\/\/www.gobiernolocal.org\/acento-local\/wp-json\/wp\/v2\/categories?post=4695"},{"taxonomy":"post_tag","embeddable":true,"href":"https:\/\/www.gobiernolocal.org\/acento-local\/wp-json\/wp\/v2\/tags?post=4695"},{"taxonomy":"autor-post","embeddable":true,"href":"https:\/\/www.gobiernolocal.org\/acento-local\/wp-json\/wp\/v2\/autor-post?post=4695"}],"curies":[{"name":"wp","href":"https:\/\/api.w.org\/{rel}","templated":true}]}}