{"id":4592,"date":"2025-12-10T07:30:00","date_gmt":"2025-12-10T06:30:00","guid":{"rendered":"https:\/\/www.gobiernolocal.org\/acento-local\/?p=4592"},"modified":"2025-12-10T08:34:53","modified_gmt":"2025-12-10T07:34:53","slug":"en-el-recurso-de-casacion-contencioso-administrativo-no-cabe-la-terminacion-transaccional","status":"publish","type":"post","link":"https:\/\/www.gobiernolocal.org\/acento-local\/en-el-recurso-de-casacion-contencioso-administrativo-no-cabe-la-terminacion-transaccional\/","title":{"rendered":"En el recurso de casaci\u00f3n contencioso-administrativo no cabe la terminaci\u00f3n transaccional"},"content":{"rendered":"\n<p><strong>1. Antecedentes<\/strong><\/p>\n\n\n\n<p>El origen del aludido ATS se sit\u00faa en el recurso contencioso-administrativo, interpuesto por la mercantil ATLL Concesionaria de la Generalitat de Catalu\u00f1a, S. A., contra la liquidaci\u00f3n del contrato de gesti\u00f3n del servicio de abastecimiento de agua en alta en el sistema Ter-Llobregat, acordada por la Consejer\u00eda de Territorio y Sostenibilidad de la Generalitat de Catalu\u00f1a. El pleito fue resuelto en \u00fanica instancia por el Tribunal Superior de Justicia de Catalu\u00f1a en su sentencia n\u00fam. 4480\/2022, de 15 de diciembre (rec. n\u00fam. 231\/2019), en sentido estimatorio parcial. Contra este \u00faltimo pronunciamiento judicial se interpuso recurso de casaci\u00f3n por parte del ATLL, el cual fue admitido a tr\u00e1mite por el ATS de 18 de abril de 2024 (rec. n\u00fam. 2485\/2023), en el que apreci\u00f3 inter\u00e9s casacional objetivo para la formaci\u00f3n de la jurisprudencia en relaci\u00f3n con la cuesti\u00f3n siguiente:<\/p>\n\n\n\n<p style=\"margin-left:var(--wp--preset--spacing--70)\">\u201cSi, cuando se liquida un contrato administrativo nulo, respecto el que se ha acordado la obligaci\u00f3n de continuar por tratarse de un servicio p\u00fablico en virtud del art\u00edculo 35.3 de la Ley de Contratos del Sector P\u00fablico de 2011 (actual art\u00edculo 42 de la Ley de Contratos del Sector P\u00fablico de 2017), la garant\u00eda definitiva constituida para el contrato, queda afecta a las responsabilidades que puedan derivarse del per\u00edodo de continuaci\u00f3n del servicio por razones de inter\u00e9s general, y si debe responder de los incumplimientos de las obligaciones establecidas en las medidas acordadas al efecto\u201d.<\/p>\n\n\n\n<p>Estando pendiente de resoluci\u00f3n el aludido recurso de casaci\u00f3n, y al amparo del art. 77 LJCA, las partes alcanzaron un acuerdo de fecha 18 de marzo de 2025 en el que pactaron una indemnizaci\u00f3n al tanto alzado en concepto de ejecuci\u00f3n de la STSJ Cat. 4480\/2022, de 15 de diciembre, as\u00ed como en concepto de \u201ctransacci\u00f3n de todas las discrepancias derivadas de la liquidaci\u00f3n del contrato y del resto de recursos referidos a la finalizaci\u00f3n del servicio\u201d. Dicho acuerdo transaccional fue sometido a homologaci\u00f3n por parte del Tribunal Supremo, que la rechaz\u00f3 primero mediante providencia de 3 de abril de 2025 y, finalmente, en resoluci\u00f3n de los recursos de reposici\u00f3n planteados por las partes, mediante el ATS de 21 de mayo de 2025 que motiva este comentario.<\/p>\n\n\n\n<p><strong>2. Argumentaci\u00f3n del Tribunal Supremo<\/strong><\/p>\n\n\n\n<p>El Tribunal Supremo rechaza la homologaci\u00f3n del acuerdo logrado por las partes con base en la consideraci\u00f3n de que en la jurisdicci\u00f3n contencioso-administrativa no es jur\u00eddicamente leg\u00edtima la transacci\u00f3n como modo de terminaci\u00f3n del proceso en la fase de recurso de casaci\u00f3n.<\/p>\n\n\n\n<p>Son dos los argumentos que sirven de fundamento a la interpretaci\u00f3n del alto \u00f3rgano jurisdiccional. Por un lado, el silencio tanto de la LOPJ como de la LJCA acerca de la posibilidad de transacci\u00f3n <em>inter partes<\/em> una vez interpuesto el recurso de casaci\u00f3n. Y, por otro, la funci\u00f3n eminentemente nomofil\u00e1ctica que la LJCA atribuye al recurso de casaci\u00f3n tras la reforma de su r\u00e9gimen jur\u00eddico operada por la disposici\u00f3n final tercera de la Ley Org\u00e1nica 7\/2015, de 21 de julio, por la que se modifica la Ley Org\u00e1nica 6\/1985, de 1 de julio, del Poder Judicial.<\/p>\n\n\n\n<p>Por lo que se refiere a la falta de previsi\u00f3n normativa expresa que habilite la transacci\u00f3n tras la interposici\u00f3n del recurso de casaci\u00f3n, el Tribunal Supremo rechaza el planteamiento arg\u00fcido por las partes, seg\u00fan el cual en tanto que el apartado 3 del precitado precepto no limita los estadios procesales en los que cabe la solicitud de homologaci\u00f3n de eventuales acuerdos transaccionales, hay que entender que la transacci\u00f3n tambi\u00e9n es posible en sede de recurso de casaci\u00f3n. Frente a dicha lectura, el ATS comentado impone una interpretaci\u00f3n conjunta de los tres apartados del art. 77 LJCA, de la que colige que la falta de previsi\u00f3n expresa de la transacci\u00f3n como modo de terminaci\u00f3n anormal del recurso de casaci\u00f3n ha de entenderse como una prohibici\u00f3n legal de la misma. As\u00ed las cosas, el Tribunal Supremo se preocupa por precisar que el art. 77.3 LJCA no tiene por objeto delimitar los \u00e1mbitos procesales en que la transacci\u00f3n es leg\u00edtima, sino que \u201cse limita a se\u00f1alar cu\u00e1les son los criterios que debe tener en cuenta el \u00f3rgano judicial para dictar auto acordando la homologaci\u00f3n del acuerdo transaccional, como son que no sea manifiestamente contrario al ordenamiento jur\u00eddico, ni lesivo para el inter\u00e9s p\u00fablico ni de terceros\u201d.<\/p>\n\n\n\n<p>El argumento que acaba de quedar apuntado sirve a su vez al ATS comentado para rechazar la transacci\u00f3n en la casaci\u00f3n contencioso-administrativa con base en la aplicaci\u00f3n supletoria del art. 19 LEC, en el que dicha posibilidad se contempla expresamente en relaci\u00f3n con la casaci\u00f3n civil sin perjuicio de su funci\u00f3n fundamentalmente nomofil\u00e1ctica, afirmada reiteradamente por la Sala Primera del Tribunal Supremo. La Sala Tercera zanja esta cuesti\u00f3n, recordando que no est\u00e1 vinculada por la jurisprudencia de la Sala de lo Civil, e insistiendo en que la ausencia de una previsi\u00f3n expresa al respecto en la LOPJ y en la LJCA impide admitir la transacci\u00f3n en la casaci\u00f3n contencioso-administrativa.<\/p>\n\n\n\n<blockquote class=\"wp-block-quote is-layout-flow wp-block-quote-is-layout-flow\">\n<p><strong>La Sala Tercera zanja esta cuesti\u00f3n, recordando que no est\u00e1 vinculada por la jurisprudencia de la Sala de lo Civil, e insistiendo en que la ausencia de una previsi\u00f3n expresa al respecto en la LOPJ y en la LJCA impide admitir la transacci\u00f3n en la casaci\u00f3n contencioso-administrativa.<\/strong><\/p>\n<\/blockquote>\n\n\n\n<p>En cuanto al car\u00e1cter fundamentalmente nomofil\u00e1ctico del recurso de casaci\u00f3n contencioso-administrativo, recuerda que la reforma de su r\u00e9gimen jur\u00eddico articulada por la Ley Org\u00e1nica 7\/2015, de 21 de julio, le confiri\u00f3 una \u201cdecidida vocaci\u00f3n de erigirse como un instrumento procesal volcado en la labor hermen\u00e9utica del Derecho P\u00fablico, administrativo y tributario, con el objetivo de proporcionar certeza y seguridad jur\u00eddica en la aplicaci\u00f3n de este sector del Ordenamiento, siendo su cometido principal fijar la interpretaci\u00f3n de aquellas normas estatales o la que tenga por establecida o clara de las de la Uni\u00f3n Europea sobre las que, en el auto de admisi\u00f3n a tr\u00e1mite, se consider\u00f3 necesario el pronunciamiento del Tribunal Supremo (<em>ius constitutionis<\/em>), para seguidamente, con base a esta interpretaci\u00f3n y conforme a las restantes normas que fueran aplicables, resolver las cuestiones y pretensiones deducidas en el proceso (<em>ius litigatoris<\/em>)\u201d.<\/p>\n\n\n\n<p>En definitiva, la idea fuerza que subyace en el razonamiento del Tribunal Supremo es que, en la medida en que la resoluci\u00f3n del recurso de casaci\u00f3n trasciende la soluci\u00f3n del pleito concreto para fijar una interpretaci\u00f3n jurisprudencial del derecho con alcance general, no cabe dejar su resoluci\u00f3n al pacto entre las partes, esto es, a la terminaci\u00f3n convencional.<\/p>\n\n\n\n<blockquote class=\"wp-block-quote is-layout-flow wp-block-quote-is-layout-flow\">\n<p><strong>La idea fuerza que subyace en el razonamiento del Tribunal Supremo es que, en la medida en que la resoluci\u00f3n del recurso de casaci\u00f3n trasciende la soluci\u00f3n del pleito concreto para fijar una interpretaci\u00f3n jurisprudencial del derecho con alcance general, no cabe dejar su resoluci\u00f3n al pacto entre las partes, esto es, a la terminaci\u00f3n convencional.<\/strong><\/p>\n<\/blockquote>\n\n\n\n<p><strong>3. La interpelaci\u00f3n al legislador para que considere si es o no conveniente admitir la terminaci\u00f3n transaccional en fase de casaci\u00f3n<\/strong><\/p>\n\n\n\n<p>El ATS concluye con lo que a mi juicio permite ser interpretado como una declaraci\u00f3n de la imposibilidad jur\u00eddica del Tribunal para resolver en un sentido diverso del adoptado o, dicho de otro modo, un reconocimiento de que su rechazo a la transacci\u00f3n en la casaci\u00f3n tiene su origen en la falta de habilitaci\u00f3n legal expl\u00edcita por parte de la LOPJ y de la LJCA sobre el particular. En ese sentido, hace una suerte de llamamiento al legislador (org\u00e1nico y ordinario) para determinar la conveniencia o no de introducir la transacci\u00f3n en la casaci\u00f3n contencioso-administrativa, con arreglo a la Recomendaci\u00f3n (2001) 9 del Comit\u00e9 de Ministros del Consejo de Europa, de alternativas a los procesos entre autoridades administrativas y particulares, de 5 de septiembre de 2001.<\/p>\n\n\n\n<p>Interesa recordar que el aludido documento hace una recomendaci\u00f3n general a que los Gobiernos de los Estados miembros promuevan el uso de medios alternativos para la resoluci\u00f3n de controversias entre las autoridades administrativas y los particulares, mediante la incorporaci\u00f3n en su legislaci\u00f3n y en su pr\u00e1ctica de los principios de buena praxis contenidos en su anexo. Con base en dicha Recomendaci\u00f3n, el Tribunal Supremo apela al legislador espa\u00f1ol a que eval\u00fae la conveniencia o no de incorporar al ordenamiento jur\u00eddico patrio la posibilidad de poner fin al recurso de casaci\u00f3n contencioso-administrativo mediante acuerdo entre las partes y, en su caso, paute el alcance y la configuraci\u00f3n de los requisitos objetivos, subjetivos, temporales y formales exigibles para la homologaci\u00f3n del pacto alcanzado.<\/p>\n\n\n\n<blockquote class=\"wp-block-quote is-layout-flow wp-block-quote-is-layout-flow\">\n<p><strong>El Tribunal Supremo<\/strong> <strong>apela al legislador espa\u00f1ol a que eval\u00fae la conveniencia o no de incorporar al ordenamiento jur\u00eddico patrio la posibilidad de poner fin al recurso de casaci\u00f3n contencioso-administrativo mediante acuerdo entre las partes.<\/strong><\/p>\n<\/blockquote>\n\n\n\n<p>Autor\/a:&nbsp;<strong>Antonio Ezquerra Huerva<\/strong><\/p>\n\n\n\n<p class=\"has-small-font-size\"><em>imagen: <\/em><a href=\"https:\/\/www.istockphoto.com\/es\/portfolio\/CHARTCHAIKANTHATHAN?mediatype=photography\">\u00abiStock.com\/CHARTCHAI KANTHATHAN\/\u00bb<\/a><\/p>\n","protected":false},"excerpt":{"rendered":"<p>El reciente ATS de 21 de mayo de 2025 (rec. n\u00fam. 2485\/2023) establece que, hall\u00e1ndose en tramitaci\u00f3n el recurso de casaci\u00f3n, no es posible la terminaci\u00f3n transaccional del litigio.<\/p>\n","protected":false},"author":2,"featured_media":4594,"comment_status":"open","ping_status":"open","sticky":false,"template":"","format":"standard","meta":{"site-sidebar-layout":"default","site-content-layout":"","ast-site-content-layout":"default","site-content-style":"default","site-sidebar-style":"default","ast-global-header-display":"","ast-banner-title-visibility":"","ast-main-header-display":"","ast-hfb-above-header-display":"","ast-hfb-below-header-display":"","ast-hfb-mobile-header-display":"","site-post-title":"","ast-breadcrumbs-content":"","ast-featured-img":"","footer-sml-layout":"","ast-disable-related-posts":"","theme-transparent-header-meta":"","adv-header-id-meta":"","stick-header-meta":"","header-above-stick-meta":"","header-main-stick-meta":"","header-below-stick-meta":"","astra-migrate-meta-layouts":"set","ast-page-background-enabled":"default","ast-page-background-meta":{"desktop":{"background-color":"var(--ast-global-color-4)","background-image":"","background-repeat":"repeat","background-position":"center center","background-size":"auto","background-attachment":"scroll","background-type":"","background-media":"","overlay-type":"","overlay-color":"","overlay-opacity":"","overlay-gradient":""},"tablet":{"background-color":"","background-image":"","background-repeat":"repeat","background-position":"center center","background-size":"auto","background-attachment":"scroll","background-type":"","background-media":"","overlay-type":"","overlay-color":"","overlay-opacity":"","overlay-gradient":""},"mobile":{"background-color":"","background-image":"","background-repeat":"repeat","background-position":"center center","background-size":"auto","background-attachment":"scroll","background-type":"","background-media":"","overlay-type":"","overlay-color":"","overlay-opacity":"","overlay-gradient":""}},"ast-content-background-meta":{"desktop":{"background-color":"var(--ast-global-color-5)","background-image":"","background-repeat":"repeat","background-position":"center center","background-size":"auto","background-attachment":"scroll","background-type":"","background-media":"","overlay-type":"","overlay-color":"","overlay-opacity":"","overlay-gradient":""},"tablet":{"background-color":"var(--ast-global-color-5)","background-image":"","background-repeat":"repeat","background-position":"center center","background-size":"auto","background-attachment":"scroll","background-type":"","background-media":"","overlay-type":"","overlay-color":"","overlay-opacity":"","overlay-gradient":""},"mobile":{"background-color":"var(--ast-global-color-5)","background-image":"","background-repeat":"repeat","background-position":"center center","background-size":"auto","background-attachment":"scroll","background-type":"","background-media":"","overlay-type":"","overlay-color":"","overlay-opacity":"","overlay-gradient":""}},"area-autor":{"item-0":{"nombre-del-autor":"Antonio Ezquerra Huerva","cargo-autor":"Catedr\u00e1tico de Derecho administrativo. Universidad de Lleida","foto-autor":"4593"}},"footnotes":""},"categories":[7],"tags":[59,243],"autor-post":[222],"class_list":["post-4592","post","type-post","status-publish","format-standard","has-post-thumbnail","hentry","category-gobernanza","tag-contratos","tag-jurisdiccion","autor-post-antonio-ezquerra-huerva"],"yoast_head":"<!-- This site is optimized with the Yoast SEO plugin v27.0 - https:\/\/yoast.com\/product\/yoast-seo-wordpress\/ -->\n<title>En el recurso de casaci\u00f3n contencioso-administrativo no cabe la terminaci\u00f3n transaccional - Fundaci\u00f3n Democracia y Gobierno Local<\/title>\n<meta name=\"robots\" content=\"index, follow, max-snippet:-1, max-image-preview:large, max-video-preview:-1\" \/>\n<link rel=\"canonical\" href=\"https:\/\/www.gobiernolocal.org\/acento-local\/en-el-recurso-de-casacion-contencioso-administrativo-no-cabe-la-terminacion-transaccional\/\" \/>\n<meta property=\"og:locale\" content=\"es_ES\" \/>\n<meta property=\"og:type\" content=\"article\" \/>\n<meta property=\"og:title\" content=\"En el recurso de casaci\u00f3n contencioso-administrativo no cabe la terminaci\u00f3n transaccional - Fundaci\u00f3n Democracia y Gobierno Local\" \/>\n<meta property=\"og:description\" content=\"El reciente ATS de 21 de mayo de 2025 (rec. n\u00fam. 2485\/2023) establece que, hall\u00e1ndose en tramitaci\u00f3n el recurso de casaci\u00f3n, no es posible la terminaci\u00f3n transaccional del litigio.\" \/>\n<meta property=\"og:url\" content=\"https:\/\/www.gobiernolocal.org\/acento-local\/en-el-recurso-de-casacion-contencioso-administrativo-no-cabe-la-terminacion-transaccional\/\" \/>\n<meta property=\"og:site_name\" content=\"Fundaci\u00f3n Democracia y Gobierno Local\" \/>\n<meta property=\"article:published_time\" content=\"2025-12-10T06:30:00+00:00\" \/>\n<meta property=\"article:modified_time\" content=\"2025-12-10T07:34:53+00:00\" \/>\n<meta property=\"og:image\" content=\"https:\/\/www.gobiernolocal.org\/acento-local\/wp-content\/uploads\/2025\/11\/251210_800_01.jpg\" \/>\n\t<meta property=\"og:image:width\" content=\"800\" \/>\n\t<meta property=\"og:image:height\" content=\"533\" \/>\n\t<meta property=\"og:image:type\" content=\"image\/jpeg\" \/>\n<meta name=\"author\" content=\"Fundaci\u00f3n Gobierno Local\" \/>\n<meta name=\"twitter:card\" content=\"summary_large_image\" \/>\n<meta name=\"twitter:label1\" content=\"Escrito por\" \/>\n\t<meta name=\"twitter:data1\" content=\"Fundaci\u00f3n Gobierno Local\" \/>\n\t<meta name=\"twitter:label2\" content=\"Tiempo de lectura\" \/>\n\t<meta name=\"twitter:data2\" content=\"7 minutos\" \/>\n<script type=\"application\/ld+json\" class=\"yoast-schema-graph\">{\"@context\":\"https:\/\/schema.org\",\"@graph\":[{\"@type\":\"Article\",\"@id\":\"https:\/\/www.gobiernolocal.org\/acento-local\/en-el-recurso-de-casacion-contencioso-administrativo-no-cabe-la-terminacion-transaccional\/#article\",\"isPartOf\":{\"@id\":\"https:\/\/www.gobiernolocal.org\/acento-local\/en-el-recurso-de-casacion-contencioso-administrativo-no-cabe-la-terminacion-transaccional\/\"},\"author\":{\"name\":\"Fundaci\u00f3n Gobierno Local\",\"@id\":\"https:\/\/www.gobiernolocal.org\/acento-local\/#\/schema\/person\/022a0a6b36f62f7070403c5a3426d58c\"},\"headline\":\"En el recurso de casaci\u00f3n contencioso-administrativo no cabe la terminaci\u00f3n transaccional\",\"datePublished\":\"2025-12-10T06:30:00+00:00\",\"dateModified\":\"2025-12-10T07:34:53+00:00\",\"mainEntityOfPage\":{\"@id\":\"https:\/\/www.gobiernolocal.org\/acento-local\/en-el-recurso-de-casacion-contencioso-administrativo-no-cabe-la-terminacion-transaccional\/\"},\"wordCount\":1561,\"commentCount\":0,\"publisher\":{\"@id\":\"https:\/\/www.gobiernolocal.org\/acento-local\/#organization\"},\"image\":{\"@id\":\"https:\/\/www.gobiernolocal.org\/acento-local\/en-el-recurso-de-casacion-contencioso-administrativo-no-cabe-la-terminacion-transaccional\/#primaryimage\"},\"thumbnailUrl\":\"https:\/\/www.gobiernolocal.org\/acento-local\/wp-content\/uploads\/2025\/11\/251210_800_01.jpg\",\"keywords\":[\"Contratos\",\"Jurisdicci\u00f3n\"],\"articleSection\":[\"Gobernanza\"],\"inLanguage\":\"es\",\"potentialAction\":[{\"@type\":\"CommentAction\",\"name\":\"Comment\",\"target\":[\"https:\/\/www.gobiernolocal.org\/acento-local\/en-el-recurso-de-casacion-contencioso-administrativo-no-cabe-la-terminacion-transaccional\/#respond\"]}]},{\"@type\":\"WebPage\",\"@id\":\"https:\/\/www.gobiernolocal.org\/acento-local\/en-el-recurso-de-casacion-contencioso-administrativo-no-cabe-la-terminacion-transaccional\/\",\"url\":\"https:\/\/www.gobiernolocal.org\/acento-local\/en-el-recurso-de-casacion-contencioso-administrativo-no-cabe-la-terminacion-transaccional\/\",\"name\":\"En el recurso de casaci\u00f3n contencioso-administrativo no cabe la terminaci\u00f3n transaccional - Fundaci\u00f3n Democracia y Gobierno Local\",\"isPartOf\":{\"@id\":\"https:\/\/www.gobiernolocal.org\/acento-local\/#website\"},\"primaryImageOfPage\":{\"@id\":\"https:\/\/www.gobiernolocal.org\/acento-local\/en-el-recurso-de-casacion-contencioso-administrativo-no-cabe-la-terminacion-transaccional\/#primaryimage\"},\"image\":{\"@id\":\"https:\/\/www.gobiernolocal.org\/acento-local\/en-el-recurso-de-casacion-contencioso-administrativo-no-cabe-la-terminacion-transaccional\/#primaryimage\"},\"thumbnailUrl\":\"https:\/\/www.gobiernolocal.org\/acento-local\/wp-content\/uploads\/2025\/11\/251210_800_01.jpg\",\"datePublished\":\"2025-12-10T06:30:00+00:00\",\"dateModified\":\"2025-12-10T07:34:53+00:00\",\"breadcrumb\":{\"@id\":\"https:\/\/www.gobiernolocal.org\/acento-local\/en-el-recurso-de-casacion-contencioso-administrativo-no-cabe-la-terminacion-transaccional\/#breadcrumb\"},\"inLanguage\":\"es\",\"potentialAction\":[{\"@type\":\"ReadAction\",\"target\":[\"https:\/\/www.gobiernolocal.org\/acento-local\/en-el-recurso-de-casacion-contencioso-administrativo-no-cabe-la-terminacion-transaccional\/\"]}]},{\"@type\":\"ImageObject\",\"inLanguage\":\"es\",\"@id\":\"https:\/\/www.gobiernolocal.org\/acento-local\/en-el-recurso-de-casacion-contencioso-administrativo-no-cabe-la-terminacion-transaccional\/#primaryimage\",\"url\":\"https:\/\/www.gobiernolocal.org\/acento-local\/wp-content\/uploads\/2025\/11\/251210_800_01.jpg\",\"contentUrl\":\"https:\/\/www.gobiernolocal.org\/acento-local\/wp-content\/uploads\/2025\/11\/251210_800_01.jpg\",\"width\":800,\"height\":533},{\"@type\":\"BreadcrumbList\",\"@id\":\"https:\/\/www.gobiernolocal.org\/acento-local\/en-el-recurso-de-casacion-contencioso-administrativo-no-cabe-la-terminacion-transaccional\/#breadcrumb\",\"itemListElement\":[{\"@type\":\"ListItem\",\"position\":1,\"name\":\"Portada\",\"item\":\"https:\/\/www.gobiernolocal.org\/acento-local\/\"},{\"@type\":\"ListItem\",\"position\":2,\"name\":\"En el recurso de casaci\u00f3n contencioso-administrativo no cabe la terminaci\u00f3n transaccional\"}]},{\"@type\":\"WebSite\",\"@id\":\"https:\/\/www.gobiernolocal.org\/acento-local\/#website\",\"url\":\"https:\/\/www.gobiernolocal.org\/acento-local\/\",\"name\":\"Fundaci\u00f3n Democracia y Gobierno Local\",\"description\":\"Otro sitio realizado con WordPress\",\"publisher\":{\"@id\":\"https:\/\/www.gobiernolocal.org\/acento-local\/#organization\"},\"potentialAction\":[{\"@type\":\"SearchAction\",\"target\":{\"@type\":\"EntryPoint\",\"urlTemplate\":\"https:\/\/www.gobiernolocal.org\/acento-local\/?s={search_term_string}\"},\"query-input\":{\"@type\":\"PropertyValueSpecification\",\"valueRequired\":true,\"valueName\":\"search_term_string\"}}],\"inLanguage\":\"es\"},{\"@type\":\"Organization\",\"@id\":\"https:\/\/www.gobiernolocal.org\/acento-local\/#organization\",\"name\":\"Fundaci\u00f3n Democracia y Gobierno Local\",\"url\":\"https:\/\/www.gobiernolocal.org\/acento-local\/\",\"logo\":{\"@type\":\"ImageObject\",\"inLanguage\":\"es\",\"@id\":\"https:\/\/www.gobiernolocal.org\/acento-local\/#\/schema\/logo\/image\/\",\"url\":\"https:\/\/www.gobiernolocal.org\/acento-local\/wp-content\/uploads\/2024\/09\/logo-acentoo-local.png\",\"contentUrl\":\"https:\/\/www.gobiernolocal.org\/acento-local\/wp-content\/uploads\/2024\/09\/logo-acentoo-local.png\",\"width\":1005,\"height\":197,\"caption\":\"Fundaci\u00f3n Democracia y Gobierno Local\"},\"image\":{\"@id\":\"https:\/\/www.gobiernolocal.org\/acento-local\/#\/schema\/logo\/image\/\"}},{\"@type\":\"Person\",\"@id\":\"https:\/\/www.gobiernolocal.org\/acento-local\/#\/schema\/person\/022a0a6b36f62f7070403c5a3426d58c\",\"name\":\"Fundaci\u00f3n Gobierno Local\",\"image\":{\"@type\":\"ImageObject\",\"inLanguage\":\"es\",\"@id\":\"https:\/\/www.gobiernolocal.org\/acento-local\/#\/schema\/person\/image\/\",\"url\":\"https:\/\/secure.gravatar.com\/avatar\/0fa5dea6ae65ded9475a6c7160b1cbc7af5bb19e5a8057c4249aa3664c5fbb21?s=96&d=mm&r=g\",\"contentUrl\":\"https:\/\/secure.gravatar.com\/avatar\/0fa5dea6ae65ded9475a6c7160b1cbc7af5bb19e5a8057c4249aa3664c5fbb21?s=96&d=mm&r=g\",\"caption\":\"Fundaci\u00f3n Gobierno Local\"},\"sameAs\":[\"https:\/\/www.gobiernolocal.org\/acento-local\"],\"url\":\"https:\/\/www.gobiernolocal.org\/acento-local\/author\/fundacion-gobierno-local\/\"}]}<\/script>\n<!-- \/ Yoast SEO plugin. -->","yoast_head_json":{"title":"En el recurso de casaci\u00f3n contencioso-administrativo no cabe la terminaci\u00f3n transaccional - Fundaci\u00f3n Democracia y Gobierno Local","robots":{"index":"index","follow":"follow","max-snippet":"max-snippet:-1","max-image-preview":"max-image-preview:large","max-video-preview":"max-video-preview:-1"},"canonical":"https:\/\/www.gobiernolocal.org\/acento-local\/en-el-recurso-de-casacion-contencioso-administrativo-no-cabe-la-terminacion-transaccional\/","og_locale":"es_ES","og_type":"article","og_title":"En el recurso de casaci\u00f3n contencioso-administrativo no cabe la terminaci\u00f3n transaccional - Fundaci\u00f3n Democracia y Gobierno Local","og_description":"El reciente ATS de 21 de mayo de 2025 (rec. n\u00fam. 2485\/2023) establece que, hall\u00e1ndose en tramitaci\u00f3n el recurso de casaci\u00f3n, no es posible la terminaci\u00f3n transaccional del litigio.","og_url":"https:\/\/www.gobiernolocal.org\/acento-local\/en-el-recurso-de-casacion-contencioso-administrativo-no-cabe-la-terminacion-transaccional\/","og_site_name":"Fundaci\u00f3n Democracia y Gobierno Local","article_published_time":"2025-12-10T06:30:00+00:00","article_modified_time":"2025-12-10T07:34:53+00:00","og_image":[{"width":800,"height":533,"url":"https:\/\/www.gobiernolocal.org\/acento-local\/wp-content\/uploads\/2025\/11\/251210_800_01.jpg","type":"image\/jpeg"}],"author":"Fundaci\u00f3n Gobierno Local","twitter_card":"summary_large_image","twitter_misc":{"Escrito por":"Fundaci\u00f3n Gobierno Local","Tiempo de lectura":"7 minutos"},"schema":{"@context":"https:\/\/schema.org","@graph":[{"@type":"Article","@id":"https:\/\/www.gobiernolocal.org\/acento-local\/en-el-recurso-de-casacion-contencioso-administrativo-no-cabe-la-terminacion-transaccional\/#article","isPartOf":{"@id":"https:\/\/www.gobiernolocal.org\/acento-local\/en-el-recurso-de-casacion-contencioso-administrativo-no-cabe-la-terminacion-transaccional\/"},"author":{"name":"Fundaci\u00f3n Gobierno Local","@id":"https:\/\/www.gobiernolocal.org\/acento-local\/#\/schema\/person\/022a0a6b36f62f7070403c5a3426d58c"},"headline":"En el recurso de casaci\u00f3n contencioso-administrativo no cabe la terminaci\u00f3n transaccional","datePublished":"2025-12-10T06:30:00+00:00","dateModified":"2025-12-10T07:34:53+00:00","mainEntityOfPage":{"@id":"https:\/\/www.gobiernolocal.org\/acento-local\/en-el-recurso-de-casacion-contencioso-administrativo-no-cabe-la-terminacion-transaccional\/"},"wordCount":1561,"commentCount":0,"publisher":{"@id":"https:\/\/www.gobiernolocal.org\/acento-local\/#organization"},"image":{"@id":"https:\/\/www.gobiernolocal.org\/acento-local\/en-el-recurso-de-casacion-contencioso-administrativo-no-cabe-la-terminacion-transaccional\/#primaryimage"},"thumbnailUrl":"https:\/\/www.gobiernolocal.org\/acento-local\/wp-content\/uploads\/2025\/11\/251210_800_01.jpg","keywords":["Contratos","Jurisdicci\u00f3n"],"articleSection":["Gobernanza"],"inLanguage":"es","potentialAction":[{"@type":"CommentAction","name":"Comment","target":["https:\/\/www.gobiernolocal.org\/acento-local\/en-el-recurso-de-casacion-contencioso-administrativo-no-cabe-la-terminacion-transaccional\/#respond"]}]},{"@type":"WebPage","@id":"https:\/\/www.gobiernolocal.org\/acento-local\/en-el-recurso-de-casacion-contencioso-administrativo-no-cabe-la-terminacion-transaccional\/","url":"https:\/\/www.gobiernolocal.org\/acento-local\/en-el-recurso-de-casacion-contencioso-administrativo-no-cabe-la-terminacion-transaccional\/","name":"En el recurso de casaci\u00f3n contencioso-administrativo no cabe la terminaci\u00f3n transaccional - Fundaci\u00f3n Democracia y Gobierno Local","isPartOf":{"@id":"https:\/\/www.gobiernolocal.org\/acento-local\/#website"},"primaryImageOfPage":{"@id":"https:\/\/www.gobiernolocal.org\/acento-local\/en-el-recurso-de-casacion-contencioso-administrativo-no-cabe-la-terminacion-transaccional\/#primaryimage"},"image":{"@id":"https:\/\/www.gobiernolocal.org\/acento-local\/en-el-recurso-de-casacion-contencioso-administrativo-no-cabe-la-terminacion-transaccional\/#primaryimage"},"thumbnailUrl":"https:\/\/www.gobiernolocal.org\/acento-local\/wp-content\/uploads\/2025\/11\/251210_800_01.jpg","datePublished":"2025-12-10T06:30:00+00:00","dateModified":"2025-12-10T07:34:53+00:00","breadcrumb":{"@id":"https:\/\/www.gobiernolocal.org\/acento-local\/en-el-recurso-de-casacion-contencioso-administrativo-no-cabe-la-terminacion-transaccional\/#breadcrumb"},"inLanguage":"es","potentialAction":[{"@type":"ReadAction","target":["https:\/\/www.gobiernolocal.org\/acento-local\/en-el-recurso-de-casacion-contencioso-administrativo-no-cabe-la-terminacion-transaccional\/"]}]},{"@type":"ImageObject","inLanguage":"es","@id":"https:\/\/www.gobiernolocal.org\/acento-local\/en-el-recurso-de-casacion-contencioso-administrativo-no-cabe-la-terminacion-transaccional\/#primaryimage","url":"https:\/\/www.gobiernolocal.org\/acento-local\/wp-content\/uploads\/2025\/11\/251210_800_01.jpg","contentUrl":"https:\/\/www.gobiernolocal.org\/acento-local\/wp-content\/uploads\/2025\/11\/251210_800_01.jpg","width":800,"height":533},{"@type":"BreadcrumbList","@id":"https:\/\/www.gobiernolocal.org\/acento-local\/en-el-recurso-de-casacion-contencioso-administrativo-no-cabe-la-terminacion-transaccional\/#breadcrumb","itemListElement":[{"@type":"ListItem","position":1,"name":"Portada","item":"https:\/\/www.gobiernolocal.org\/acento-local\/"},{"@type":"ListItem","position":2,"name":"En el recurso de casaci\u00f3n contencioso-administrativo no cabe la terminaci\u00f3n transaccional"}]},{"@type":"WebSite","@id":"https:\/\/www.gobiernolocal.org\/acento-local\/#website","url":"https:\/\/www.gobiernolocal.org\/acento-local\/","name":"Fundaci\u00f3n Democracia y Gobierno Local","description":"Otro sitio realizado con WordPress","publisher":{"@id":"https:\/\/www.gobiernolocal.org\/acento-local\/#organization"},"potentialAction":[{"@type":"SearchAction","target":{"@type":"EntryPoint","urlTemplate":"https:\/\/www.gobiernolocal.org\/acento-local\/?s={search_term_string}"},"query-input":{"@type":"PropertyValueSpecification","valueRequired":true,"valueName":"search_term_string"}}],"inLanguage":"es"},{"@type":"Organization","@id":"https:\/\/www.gobiernolocal.org\/acento-local\/#organization","name":"Fundaci\u00f3n Democracia y Gobierno Local","url":"https:\/\/www.gobiernolocal.org\/acento-local\/","logo":{"@type":"ImageObject","inLanguage":"es","@id":"https:\/\/www.gobiernolocal.org\/acento-local\/#\/schema\/logo\/image\/","url":"https:\/\/www.gobiernolocal.org\/acento-local\/wp-content\/uploads\/2024\/09\/logo-acentoo-local.png","contentUrl":"https:\/\/www.gobiernolocal.org\/acento-local\/wp-content\/uploads\/2024\/09\/logo-acentoo-local.png","width":1005,"height":197,"caption":"Fundaci\u00f3n Democracia y Gobierno Local"},"image":{"@id":"https:\/\/www.gobiernolocal.org\/acento-local\/#\/schema\/logo\/image\/"}},{"@type":"Person","@id":"https:\/\/www.gobiernolocal.org\/acento-local\/#\/schema\/person\/022a0a6b36f62f7070403c5a3426d58c","name":"Fundaci\u00f3n Gobierno Local","image":{"@type":"ImageObject","inLanguage":"es","@id":"https:\/\/www.gobiernolocal.org\/acento-local\/#\/schema\/person\/image\/","url":"https:\/\/secure.gravatar.com\/avatar\/0fa5dea6ae65ded9475a6c7160b1cbc7af5bb19e5a8057c4249aa3664c5fbb21?s=96&d=mm&r=g","contentUrl":"https:\/\/secure.gravatar.com\/avatar\/0fa5dea6ae65ded9475a6c7160b1cbc7af5bb19e5a8057c4249aa3664c5fbb21?s=96&d=mm&r=g","caption":"Fundaci\u00f3n Gobierno Local"},"sameAs":["https:\/\/www.gobiernolocal.org\/acento-local"],"url":"https:\/\/www.gobiernolocal.org\/acento-local\/author\/fundacion-gobierno-local\/"}]}},"_links":{"self":[{"href":"https:\/\/www.gobiernolocal.org\/acento-local\/wp-json\/wp\/v2\/posts\/4592","targetHints":{"allow":["GET"]}}],"collection":[{"href":"https:\/\/www.gobiernolocal.org\/acento-local\/wp-json\/wp\/v2\/posts"}],"about":[{"href":"https:\/\/www.gobiernolocal.org\/acento-local\/wp-json\/wp\/v2\/types\/post"}],"author":[{"embeddable":true,"href":"https:\/\/www.gobiernolocal.org\/acento-local\/wp-json\/wp\/v2\/users\/2"}],"replies":[{"embeddable":true,"href":"https:\/\/www.gobiernolocal.org\/acento-local\/wp-json\/wp\/v2\/comments?post=4592"}],"version-history":[{"count":1,"href":"https:\/\/www.gobiernolocal.org\/acento-local\/wp-json\/wp\/v2\/posts\/4592\/revisions"}],"predecessor-version":[{"id":4595,"href":"https:\/\/www.gobiernolocal.org\/acento-local\/wp-json\/wp\/v2\/posts\/4592\/revisions\/4595"}],"wp:featuredmedia":[{"embeddable":true,"href":"https:\/\/www.gobiernolocal.org\/acento-local\/wp-json\/wp\/v2\/media\/4594"}],"wp:attachment":[{"href":"https:\/\/www.gobiernolocal.org\/acento-local\/wp-json\/wp\/v2\/media?parent=4592"}],"wp:term":[{"taxonomy":"category","embeddable":true,"href":"https:\/\/www.gobiernolocal.org\/acento-local\/wp-json\/wp\/v2\/categories?post=4592"},{"taxonomy":"post_tag","embeddable":true,"href":"https:\/\/www.gobiernolocal.org\/acento-local\/wp-json\/wp\/v2\/tags?post=4592"},{"taxonomy":"autor-post","embeddable":true,"href":"https:\/\/www.gobiernolocal.org\/acento-local\/wp-json\/wp\/v2\/autor-post?post=4592"}],"curies":[{"name":"wp","href":"https:\/\/api.w.org\/{rel}","templated":true}]}}