{"id":4585,"date":"2025-11-28T07:30:00","date_gmt":"2025-11-28T06:30:00","guid":{"rendered":"https:\/\/www.gobiernolocal.org\/acento-local\/?p=4585"},"modified":"2025-12-17T12:00:13","modified_gmt":"2025-12-17T11:00:13","slug":"el-nombramiento-de-un-funcionario-de-la-administracion-general-del-estado-por-una-entidad-local-requiere-previamente-informe-favorable-de-la-administracion-de-origen-sentencia-del-tribunal-supremo-71","status":"publish","type":"post","link":"https:\/\/www.gobiernolocal.org\/acento-local\/el-nombramiento-de-un-funcionario-de-la-administracion-general-del-estado-por-una-entidad-local-requiere-previamente-informe-favorable-de-la-administracion-de-origen-sentencia-del-tribunal-supremo-71\/","title":{"rendered":"El nombramiento de un funcionario de la Administraci\u00f3n General del Estado por una entidad local requiere previamente informe favorable de la Administraci\u00f3n de origen. Sentencia del Tribunal Supremo 715\/2025"},"content":{"rendered":"\n<p><a href=\"https:\/\/www.poderjudicial.es\/search\/AN\/openDocument\/357c1d518b12f02aa0a8778d75e36f0d\/20250806\"><strong>Sentencia del Tribunal Supremo (Sala de lo Contencioso-Administrativo, Secci\u00f3n Cuarta) n\u00fam. 715\/2025, de 5 de junio (ECLI:ES:TS:2025:3745)<\/strong><\/a>:<\/p>\n\n\n\n<p><strong>RECURSO DE CASACI\u00d3N: ANTECEDENTES<\/strong><\/p>\n\n\n\n<p>El presente pronunciamiento trae causa del recurso de casaci\u00f3n n\u00fam. 2566\/2023, interpuesto por un funcionario del Servicio Jur\u00eddico Delegado Provincial del Instituto Nacional de la Seguridad Social de Madrid, contra la sentencia n\u00fam. 114\/2023, de 15 de febrero, dictada por la Sala de lo Contencioso-Administrativo del Tribunal Superior de Justicia de Madrid. Esta desestim\u00f3 la impugnaci\u00f3n de las resoluciones de la Delegaci\u00f3n del Gobierno en Madrid de 14 y 26 de julio de 2021 que le denegaban el cese en el puesto desempe\u00f1ado, solicitado para su incorporaci\u00f3n a una Administraci\u00f3n local.<\/p>\n\n\n\n<p><strong>JUICIO DE LA SALA<\/strong><\/p>\n\n\n\n<p>El recurso de casaci\u00f3n fue admitido por apreciarse inter\u00e9s casacional objetivo para la formaci\u00f3n de la jurisprudencia: \u201cprecisar si el nombramiento de un funcionario de la Administraci\u00f3n General del Estado [en adelante, AGE] para la cobertura de un puesto de libre designaci\u00f3n en la Administraci\u00f3n local obliga, en todo caso, a la Administraci\u00f3n de origen a cesar al mismo en el puesto que ven\u00eda ocupando antes de su nombramiento o, por el contrario, dicho nombramiento no puede imponerse a la AGE; y, en este caso, la determinaci\u00f3n de la actuaci\u00f3n procedente\u201d.<\/p>\n\n\n\n<blockquote class=\"wp-block-quote is-layout-flow wp-block-quote-is-layout-flow\">\n<p><strong>\u201cPrecisar si el nombramiento de un funcionario de la Administraci\u00f3n General del Estado<\/strong> <strong>para la cobertura de un puesto de libre designaci\u00f3n en la Administraci\u00f3n local obliga, en todo caso, a la Administraci\u00f3n de origen a cesar al mismo en el puesto que ven\u00eda ocupando antes de su nombramiento o, por el contrario, dicho nombramiento no puede imponerse a la AGE; y, en este caso, la determinaci\u00f3n de la actuaci\u00f3n procedente\u201d.<\/strong><\/p>\n<\/blockquote>\n\n\n\n<p><a><\/a>En atenci\u00f3n al \u00e1mbito del asunto a resolver, el r\u00e9gimen jur\u00eddico aplicable es el previsto en el Real Decreto 364\/1995, de 10 de marzo, por el que se aprueba el Reglamento General de Ingreso del Personal al servicio de la Administraci\u00f3n General del Estado y de Provisi\u00f3n de Puestos de Trabajo y Promoci\u00f3n Profesional de los Funcionarios Civiles de la Administraci\u00f3n General del Estado. Sin embargo, el enjuiciamiento del TS parte del siguiente hecho incontrovertido: la inexistencia de regulaci\u00f3n expresa aplicable al caso concreto, raz\u00f3n por la cual se debe acudir anal\u00f3gicamente a los art\u00edculos 51 y siguientes sobre procedimiento de nombramiento de libre designaci\u00f3n en \u00e1mbitos interministeriales e interdepartamentales.<\/p>\n\n\n\n<p>La Sala de instancia valid\u00f3 la denegaci\u00f3n del cese en aplicaci\u00f3n del art\u00edculo 54.1 del Real Decreto 364\/1995, seg\u00fan el cual se requiere informe previo favorable del titular del centro, organismo o unidad a que est\u00e9 adscrito el puesto de trabajo a cubrir y, si fuese desfavorable, \u00fanicamente se podr\u00eda obtener el cese previa autorizaci\u00f3n del Secretario de Estado para la Administraci\u00f3n P\u00fablica. Al haberse emitido un informe desfavorable y no haberse subsanado dicha circunstancia mediante la autorizaci\u00f3n previa mencionada, el TS coincide con la Sala de instancia en que la resoluci\u00f3n administrativa impugnada por la parte actora se ajust\u00f3 a derecho.<\/p>\n\n\n\n<p>Sin embargo, el TS tambi\u00e9n comparte con la parte actora que el precepto que debe aplicarse supletoriamente no es el art\u00edculo 54 del Real Decreto 364\/1995 \u2014pues solo es aplicable a la movilidad dentro de la AGE y no respecto de otras Administraciones p\u00fablicas\u2014, sino el art\u00edculo 67 de la misma norma, que prev\u00e9 las convocatorias de funcionarios de la AGE para obtener destino en las Administraciones de las comunidades aut\u00f3nomas. Sin ahondar en tal posici\u00f3n, sostiene la Sala que se aprecia una mayor identidad de raz\u00f3n conforme exige el art\u00edculo 4.1 del C\u00f3digo Civil para la aplicaci\u00f3n de la analog\u00eda normativa, puesto que, aun cuando la Administraci\u00f3n local goza de un grado de autonom\u00eda m\u00e1s limitado que las comunidades aut\u00f3nomas, dispone igualmente de autonom\u00eda de gobierno y administraci\u00f3n.<\/p>\n\n\n\n<p>La \u00fanica diferencia entre el procedimiento previsto en el art\u00edculo 54 y el previsto en el art\u00edculo 67 del Real Decreto 364\/1995 es la ausencia de la posibilidad de que un informe desfavorable pueda salvarse con la autorizaci\u00f3n del Secretario de Estado. Basta el informe desfavorable del departamento donde presta servicios el funcionario solicitante para que no pueda reconocerse su cese por pasar a prestar servicios en otra Administraci\u00f3n p\u00fablica, que es, precisamente, lo sucedido en el asunto enjuiciado.<\/p>\n\n\n\n<p>As\u00ed, la denegaci\u00f3n al recurrente del cese en el Servicio Jur\u00eddico Delegado Provincial del Instituto Nacional de la Seguridad Social de Madrid se fund\u00f3 correctamente en el informe desfavorable emitido por el departamento en que prestaba sus servicios, lo que se ajust\u00f3 a la normativa vigente \u2014el procedimiento previsto en el art\u00edculo 67 del Real Decreto 364\/1995\u2014, aunque tanto la Administraci\u00f3n como la sentencia recurrida erraran en la cita del precepto invocado como fundamento.<\/p>\n\n\n\n<p>Adem\u00e1s, aunque con ello la AGE impidi\u00f3 que la resoluci\u00f3n de la entidad local haya podido tener eficacia, tampoco se trata de un acto contrario a derecho \u2014tal y como invocaba el recurrente en relaci\u00f3n con los apartados 1, 4 y 5 del art\u00edculo 39 de la Ley 39\/2015, de 1 de octubre, del Procedimiento Administrativo Com\u00fan de las Administraciones P\u00fablicas\u2014, puesto que se trata de dos procedimientos aut\u00f3nomos que ejercen dos Administraciones en el ejercicio de sus respectivas competencias, de modo que ni la Administraci\u00f3n de la que depende el funcionario est\u00e1 vinculada por la decisi\u00f3n de otra Administraci\u00f3n ni tiene que impugnar esa resoluci\u00f3n, sino que basta con que ejerza su propia potestad. Por lo tanto, la entidad local tiene condicionada la eficacia de su decisi\u00f3n a que la Administraci\u00f3n de la que es funcionaria la persona que pretende nombrar manifieste su aquiescencia conforme al procedimiento establecido, que consiste, en este caso, en que no se emita informe desfavorable por el departamento en que presta sus servicios.<\/p>\n\n\n\n<blockquote class=\"wp-block-quote is-layout-flow wp-block-quote-is-layout-flow\">\n<p><strong>La entidad local tiene condicionada la eficacia de su decisi\u00f3n a que la Administraci\u00f3n de la que es funcionaria la persona que pretende nombrar manifieste su aquiescencia conforme al procedimiento establecido, que consiste, en este caso, en que no se emita informe desfavorable por el departamento en que presta sus servicios<\/strong>.<\/p>\n<\/blockquote>\n\n\n\n<p>Respecto al sentido del informe desfavorable, ni el TSJ de Madrid ni el TS aprecian un trato discriminatorio ni arbitrario con relaci\u00f3n a otros funcionarios, porque los t\u00e9rminos de comparaci\u00f3n no son v\u00e1lidos al partir de situaciones de hecho sustancialmente diferentes, tanto respecto del destino de tales funcionarios como de la situaci\u00f3n organizativa administrativa que les afectaba. No se cuestiona, pues, el motivo de la denegaci\u00f3n, basado en las necesidades del servicio en el momento de la petici\u00f3n y en la grave situaci\u00f3n que atravesaba la Administraci\u00f3n en cuesti\u00f3n debido a la carencia de recursos.<\/p>\n\n\n\n<p>En definitiva, se desprende como doctrina casacional que la entidad local que pretenda nombrar a un funcionario de la AGE por el sistema de libre designaci\u00f3n deber\u00e1, previamente al nombramiento, recabar el informe favorable del departamento donde preste sus servicios o del Ministerio al que est\u00e9 adscrito el cuerpo o escala al que pertenezca, como recoge el art\u00edculo 67 del Real Decreto 364\/1995.<\/p>\n\n\n\n<blockquote class=\"wp-block-quote is-layout-flow wp-block-quote-is-layout-flow\">\n<p><strong>En definitiva, se desprende como doctrina casacional que la entidad local que pretenda nombrar a un funcionario de la AGE por el sistema de libre designaci\u00f3n deber\u00e1, previamente al nombramiento, recabar el informe favorable del departamento donde preste sus servicios o del Ministerio al que est\u00e9 adscrito el cuerpo o escala al que pertenezca, como recoge el art\u00edculo 67 del Real Decreto 364\/1995.<\/strong><\/p>\n<\/blockquote>\n\n\n\n<p>As\u00ed, la aplicaci\u00f3n al caso de la doctrina casacional conlleva la desestimaci\u00f3n del recurso y la confirmaci\u00f3n de la sentencia recurrida.<\/p>\n\n\n\n<p>Autor\/a: <strong>Ana Garc\u00eda Garc\u00eda<\/strong><\/p>\n\n\n\n<p class=\"has-small-font-size\"><em>imagen: <\/em><a href=\"https:\/\/www.istockphoto.com\/es\/portfolio\/SittipolSukuna?mediatype=photography\">\u00abiStock.com\/Sittipol Sukuna\/\u00bb<\/a><\/p>\n","protected":false},"excerpt":{"rendered":"<p>En la sentencia del Tribunal Supremo n\u00fam. 715\/2025, de 5 de junio, se establece que, para el nombramiento de un funcionario de la Administraci\u00f3n General del Estado en un puesto de libre designaci\u00f3n de la Administraci\u00f3n local, debe aplicarse supletoriamente el procedimiento previsto en el art\u00edculo 67 del Real Decreto 364\/1995, previo informe favorable del departamento en el que preste sus servicios.<br \/> <br \/>\nSENTIDO DEL FALLO: desestimaci\u00f3n del recurso de casaci\u00f3n.<\/p>\n","protected":false},"author":2,"featured_media":4586,"comment_status":"open","ping_status":"open","sticky":false,"template":"","format":"standard","meta":{"site-sidebar-layout":"default","site-content-layout":"","ast-site-content-layout":"default","site-content-style":"default","site-sidebar-style":"default","ast-global-header-display":"","ast-banner-title-visibility":"","ast-main-header-display":"","ast-hfb-above-header-display":"","ast-hfb-below-header-display":"","ast-hfb-mobile-header-display":"","site-post-title":"","ast-breadcrumbs-content":"","ast-featured-img":"","footer-sml-layout":"","ast-disable-related-posts":"","theme-transparent-header-meta":"","adv-header-id-meta":"","stick-header-meta":"","header-above-stick-meta":"","header-main-stick-meta":"","header-below-stick-meta":"","astra-migrate-meta-layouts":"set","ast-page-background-enabled":"default","ast-page-background-meta":{"desktop":{"background-color":"var(--ast-global-color-4)","background-image":"","background-repeat":"repeat","background-position":"center center","background-size":"auto","background-attachment":"scroll","background-type":"","background-media":"","overlay-type":"","overlay-color":"","overlay-opacity":"","overlay-gradient":""},"tablet":{"background-color":"","background-image":"","background-repeat":"repeat","background-position":"center center","background-size":"auto","background-attachment":"scroll","background-type":"","background-media":"","overlay-type":"","overlay-color":"","overlay-opacity":"","overlay-gradient":""},"mobile":{"background-color":"","background-image":"","background-repeat":"repeat","background-position":"center center","background-size":"auto","background-attachment":"scroll","background-type":"","background-media":"","overlay-type":"","overlay-color":"","overlay-opacity":"","overlay-gradient":""}},"ast-content-background-meta":{"desktop":{"background-color":"var(--ast-global-color-5)","background-image":"","background-repeat":"repeat","background-position":"center center","background-size":"auto","background-attachment":"scroll","background-type":"","background-media":"","overlay-type":"","overlay-color":"","overlay-opacity":"","overlay-gradient":""},"tablet":{"background-color":"var(--ast-global-color-5)","background-image":"","background-repeat":"repeat","background-position":"center center","background-size":"auto","background-attachment":"scroll","background-type":"","background-media":"","overlay-type":"","overlay-color":"","overlay-opacity":"","overlay-gradient":""},"mobile":{"background-color":"var(--ast-global-color-5)","background-image":"","background-repeat":"repeat","background-position":"center center","background-size":"auto","background-attachment":"scroll","background-type":"","background-media":"","overlay-type":"","overlay-color":"","overlay-opacity":"","overlay-gradient":""}},"area-autor":{"item-0":{"nombre-del-autor":"Ana Garc\u00eda Garc\u00eda","cargo-autor":"Profesora ayudante doctora. Universidad de Burgos.","foto-autor":"4626"}},"footnotes":""},"categories":[172],"tags":[99,142],"autor-post":[242],"class_list":["post-4585","post","type-post","status-publish","format-standard","has-post-thumbnail","hentry","category-jurisprudencia","tag-funcion-publica","tag-procedimiento-administrativo","autor-post-ana-garcia-garcia"],"yoast_head":"<!-- This site is optimized with the Yoast SEO plugin v27.0 - https:\/\/yoast.com\/product\/yoast-seo-wordpress\/ -->\n<title>El nombramiento de un funcionario de la Administraci\u00f3n General del Estado por una entidad local requiere previamente informe favorable de la Administraci\u00f3n de origen. Sentencia del Tribunal Supremo 715\/2025 - Fundaci\u00f3n Democracia y Gobierno Local<\/title>\n<meta name=\"robots\" content=\"index, follow, max-snippet:-1, max-image-preview:large, max-video-preview:-1\" \/>\n<link rel=\"canonical\" href=\"https:\/\/www.gobiernolocal.org\/acento-local\/el-nombramiento-de-un-funcionario-de-la-administracion-general-del-estado-por-una-entidad-local-requiere-previamente-informe-favorable-de-la-administracion-de-origen-sentencia-del-tribunal-supremo-71\/\" \/>\n<meta property=\"og:locale\" content=\"es_ES\" \/>\n<meta property=\"og:type\" content=\"article\" \/>\n<meta property=\"og:title\" content=\"El nombramiento de un funcionario de la Administraci\u00f3n General del Estado por una entidad local requiere previamente informe favorable de la Administraci\u00f3n de origen. Sentencia del Tribunal Supremo 715\/2025 - Fundaci\u00f3n Democracia y Gobierno Local\" \/>\n<meta property=\"og:description\" content=\"En la sentencia del Tribunal Supremo n\u00fam. 715\/2025, de 5 de junio, se establece que, para el nombramiento de un funcionario de la Administraci\u00f3n General del Estado en un puesto de libre designaci\u00f3n de la Administraci\u00f3n local, debe aplicarse supletoriamente el procedimiento previsto en el art\u00edculo 67 del Real Decreto 364\/1995, previo informe favorable del departamento en el que preste sus servicios. SENTIDO DEL FALLO: desestimaci\u00f3n del recurso de casaci\u00f3n.\" \/>\n<meta property=\"og:url\" content=\"https:\/\/www.gobiernolocal.org\/acento-local\/el-nombramiento-de-un-funcionario-de-la-administracion-general-del-estado-por-una-entidad-local-requiere-previamente-informe-favorable-de-la-administracion-de-origen-sentencia-del-tribunal-supremo-71\/\" \/>\n<meta property=\"og:site_name\" content=\"Fundaci\u00f3n Democracia y Gobierno Local\" \/>\n<meta property=\"article:published_time\" content=\"2025-11-28T06:30:00+00:00\" \/>\n<meta property=\"article:modified_time\" content=\"2025-12-17T11:00:13+00:00\" \/>\n<meta property=\"og:image\" content=\"https:\/\/www.gobiernolocal.org\/acento-local\/wp-content\/uploads\/2025\/11\/251128_800_01.jpg\" \/>\n\t<meta property=\"og:image:width\" content=\"800\" \/>\n\t<meta property=\"og:image:height\" content=\"438\" \/>\n\t<meta property=\"og:image:type\" content=\"image\/jpeg\" \/>\n<meta name=\"author\" content=\"Fundaci\u00f3n Gobierno Local\" \/>\n<meta name=\"twitter:card\" content=\"summary_large_image\" \/>\n<meta name=\"twitter:label1\" content=\"Escrito por\" \/>\n\t<meta name=\"twitter:data1\" content=\"Fundaci\u00f3n Gobierno Local\" \/>\n\t<meta name=\"twitter:label2\" content=\"Tiempo de lectura\" \/>\n\t<meta name=\"twitter:data2\" content=\"6 minutos\" \/>\n<script type=\"application\/ld+json\" class=\"yoast-schema-graph\">{\"@context\":\"https:\/\/schema.org\",\"@graph\":[{\"@type\":\"Article\",\"@id\":\"https:\/\/www.gobiernolocal.org\/acento-local\/el-nombramiento-de-un-funcionario-de-la-administracion-general-del-estado-por-una-entidad-local-requiere-previamente-informe-favorable-de-la-administracion-de-origen-sentencia-del-tribunal-supremo-71\/#article\",\"isPartOf\":{\"@id\":\"https:\/\/www.gobiernolocal.org\/acento-local\/el-nombramiento-de-un-funcionario-de-la-administracion-general-del-estado-por-una-entidad-local-requiere-previamente-informe-favorable-de-la-administracion-de-origen-sentencia-del-tribunal-supremo-71\/\"},\"author\":{\"name\":\"Fundaci\u00f3n Gobierno Local\",\"@id\":\"https:\/\/www.gobiernolocal.org\/acento-local\/#\/schema\/person\/022a0a6b36f62f7070403c5a3426d58c\"},\"headline\":\"El nombramiento de un funcionario de la Administraci\u00f3n General del Estado por una entidad local requiere previamente informe favorable de la Administraci\u00f3n de origen. Sentencia del Tribunal Supremo 715\/2025\",\"datePublished\":\"2025-11-28T06:30:00+00:00\",\"dateModified\":\"2025-12-17T11:00:13+00:00\",\"mainEntityOfPage\":{\"@id\":\"https:\/\/www.gobiernolocal.org\/acento-local\/el-nombramiento-de-un-funcionario-de-la-administracion-general-del-estado-por-una-entidad-local-requiere-previamente-informe-favorable-de-la-administracion-de-origen-sentencia-del-tribunal-supremo-71\/\"},\"wordCount\":1355,\"commentCount\":0,\"publisher\":{\"@id\":\"https:\/\/www.gobiernolocal.org\/acento-local\/#organization\"},\"image\":{\"@id\":\"https:\/\/www.gobiernolocal.org\/acento-local\/el-nombramiento-de-un-funcionario-de-la-administracion-general-del-estado-por-una-entidad-local-requiere-previamente-informe-favorable-de-la-administracion-de-origen-sentencia-del-tribunal-supremo-71\/#primaryimage\"},\"thumbnailUrl\":\"https:\/\/www.gobiernolocal.org\/acento-local\/wp-content\/uploads\/2025\/11\/251128_800_01.jpg\",\"keywords\":[\"Funci\u00f3n p\u00fablica\",\"Procedimiento administrativo\"],\"articleSection\":[\"Jurisprudencia\"],\"inLanguage\":\"es\",\"potentialAction\":[{\"@type\":\"CommentAction\",\"name\":\"Comment\",\"target\":[\"https:\/\/www.gobiernolocal.org\/acento-local\/el-nombramiento-de-un-funcionario-de-la-administracion-general-del-estado-por-una-entidad-local-requiere-previamente-informe-favorable-de-la-administracion-de-origen-sentencia-del-tribunal-supremo-71\/#respond\"]}]},{\"@type\":\"WebPage\",\"@id\":\"https:\/\/www.gobiernolocal.org\/acento-local\/el-nombramiento-de-un-funcionario-de-la-administracion-general-del-estado-por-una-entidad-local-requiere-previamente-informe-favorable-de-la-administracion-de-origen-sentencia-del-tribunal-supremo-71\/\",\"url\":\"https:\/\/www.gobiernolocal.org\/acento-local\/el-nombramiento-de-un-funcionario-de-la-administracion-general-del-estado-por-una-entidad-local-requiere-previamente-informe-favorable-de-la-administracion-de-origen-sentencia-del-tribunal-supremo-71\/\",\"name\":\"El nombramiento de un funcionario de la Administraci\u00f3n General del Estado por una entidad local requiere previamente informe favorable de la Administraci\u00f3n de origen. Sentencia del Tribunal Supremo 715\/2025 - Fundaci\u00f3n Democracia y Gobierno Local\",\"isPartOf\":{\"@id\":\"https:\/\/www.gobiernolocal.org\/acento-local\/#website\"},\"primaryImageOfPage\":{\"@id\":\"https:\/\/www.gobiernolocal.org\/acento-local\/el-nombramiento-de-un-funcionario-de-la-administracion-general-del-estado-por-una-entidad-local-requiere-previamente-informe-favorable-de-la-administracion-de-origen-sentencia-del-tribunal-supremo-71\/#primaryimage\"},\"image\":{\"@id\":\"https:\/\/www.gobiernolocal.org\/acento-local\/el-nombramiento-de-un-funcionario-de-la-administracion-general-del-estado-por-una-entidad-local-requiere-previamente-informe-favorable-de-la-administracion-de-origen-sentencia-del-tribunal-supremo-71\/#primaryimage\"},\"thumbnailUrl\":\"https:\/\/www.gobiernolocal.org\/acento-local\/wp-content\/uploads\/2025\/11\/251128_800_01.jpg\",\"datePublished\":\"2025-11-28T06:30:00+00:00\",\"dateModified\":\"2025-12-17T11:00:13+00:00\",\"breadcrumb\":{\"@id\":\"https:\/\/www.gobiernolocal.org\/acento-local\/el-nombramiento-de-un-funcionario-de-la-administracion-general-del-estado-por-una-entidad-local-requiere-previamente-informe-favorable-de-la-administracion-de-origen-sentencia-del-tribunal-supremo-71\/#breadcrumb\"},\"inLanguage\":\"es\",\"potentialAction\":[{\"@type\":\"ReadAction\",\"target\":[\"https:\/\/www.gobiernolocal.org\/acento-local\/el-nombramiento-de-un-funcionario-de-la-administracion-general-del-estado-por-una-entidad-local-requiere-previamente-informe-favorable-de-la-administracion-de-origen-sentencia-del-tribunal-supremo-71\/\"]}]},{\"@type\":\"ImageObject\",\"inLanguage\":\"es\",\"@id\":\"https:\/\/www.gobiernolocal.org\/acento-local\/el-nombramiento-de-un-funcionario-de-la-administracion-general-del-estado-por-una-entidad-local-requiere-previamente-informe-favorable-de-la-administracion-de-origen-sentencia-del-tribunal-supremo-71\/#primaryimage\",\"url\":\"https:\/\/www.gobiernolocal.org\/acento-local\/wp-content\/uploads\/2025\/11\/251128_800_01.jpg\",\"contentUrl\":\"https:\/\/www.gobiernolocal.org\/acento-local\/wp-content\/uploads\/2025\/11\/251128_800_01.jpg\",\"width\":800,\"height\":438},{\"@type\":\"BreadcrumbList\",\"@id\":\"https:\/\/www.gobiernolocal.org\/acento-local\/el-nombramiento-de-un-funcionario-de-la-administracion-general-del-estado-por-una-entidad-local-requiere-previamente-informe-favorable-de-la-administracion-de-origen-sentencia-del-tribunal-supremo-71\/#breadcrumb\",\"itemListElement\":[{\"@type\":\"ListItem\",\"position\":1,\"name\":\"Portada\",\"item\":\"https:\/\/www.gobiernolocal.org\/acento-local\/\"},{\"@type\":\"ListItem\",\"position\":2,\"name\":\"El nombramiento de un funcionario de la Administraci\u00f3n General del Estado por una entidad local requiere previamente informe favorable de la Administraci\u00f3n de origen. Sentencia del Tribunal Supremo 715\/2025\"}]},{\"@type\":\"WebSite\",\"@id\":\"https:\/\/www.gobiernolocal.org\/acento-local\/#website\",\"url\":\"https:\/\/www.gobiernolocal.org\/acento-local\/\",\"name\":\"Fundaci\u00f3n Democracia y Gobierno Local\",\"description\":\"Otro sitio realizado con WordPress\",\"publisher\":{\"@id\":\"https:\/\/www.gobiernolocal.org\/acento-local\/#organization\"},\"potentialAction\":[{\"@type\":\"SearchAction\",\"target\":{\"@type\":\"EntryPoint\",\"urlTemplate\":\"https:\/\/www.gobiernolocal.org\/acento-local\/?s={search_term_string}\"},\"query-input\":{\"@type\":\"PropertyValueSpecification\",\"valueRequired\":true,\"valueName\":\"search_term_string\"}}],\"inLanguage\":\"es\"},{\"@type\":\"Organization\",\"@id\":\"https:\/\/www.gobiernolocal.org\/acento-local\/#organization\",\"name\":\"Fundaci\u00f3n Democracia y Gobierno Local\",\"url\":\"https:\/\/www.gobiernolocal.org\/acento-local\/\",\"logo\":{\"@type\":\"ImageObject\",\"inLanguage\":\"es\",\"@id\":\"https:\/\/www.gobiernolocal.org\/acento-local\/#\/schema\/logo\/image\/\",\"url\":\"https:\/\/www.gobiernolocal.org\/acento-local\/wp-content\/uploads\/2024\/09\/logo-acentoo-local.png\",\"contentUrl\":\"https:\/\/www.gobiernolocal.org\/acento-local\/wp-content\/uploads\/2024\/09\/logo-acentoo-local.png\",\"width\":1005,\"height\":197,\"caption\":\"Fundaci\u00f3n Democracia y Gobierno Local\"},\"image\":{\"@id\":\"https:\/\/www.gobiernolocal.org\/acento-local\/#\/schema\/logo\/image\/\"}},{\"@type\":\"Person\",\"@id\":\"https:\/\/www.gobiernolocal.org\/acento-local\/#\/schema\/person\/022a0a6b36f62f7070403c5a3426d58c\",\"name\":\"Fundaci\u00f3n Gobierno Local\",\"image\":{\"@type\":\"ImageObject\",\"inLanguage\":\"es\",\"@id\":\"https:\/\/www.gobiernolocal.org\/acento-local\/#\/schema\/person\/image\/\",\"url\":\"https:\/\/secure.gravatar.com\/avatar\/0fa5dea6ae65ded9475a6c7160b1cbc7af5bb19e5a8057c4249aa3664c5fbb21?s=96&d=mm&r=g\",\"contentUrl\":\"https:\/\/secure.gravatar.com\/avatar\/0fa5dea6ae65ded9475a6c7160b1cbc7af5bb19e5a8057c4249aa3664c5fbb21?s=96&d=mm&r=g\",\"caption\":\"Fundaci\u00f3n Gobierno Local\"},\"sameAs\":[\"https:\/\/www.gobiernolocal.org\/acento-local\"],\"url\":\"https:\/\/www.gobiernolocal.org\/acento-local\/author\/fundacion-gobierno-local\/\"}]}<\/script>\n<!-- \/ Yoast SEO plugin. -->","yoast_head_json":{"title":"El nombramiento de un funcionario de la Administraci\u00f3n General del Estado por una entidad local requiere previamente informe favorable de la Administraci\u00f3n de origen. Sentencia del Tribunal Supremo 715\/2025 - Fundaci\u00f3n Democracia y Gobierno Local","robots":{"index":"index","follow":"follow","max-snippet":"max-snippet:-1","max-image-preview":"max-image-preview:large","max-video-preview":"max-video-preview:-1"},"canonical":"https:\/\/www.gobiernolocal.org\/acento-local\/el-nombramiento-de-un-funcionario-de-la-administracion-general-del-estado-por-una-entidad-local-requiere-previamente-informe-favorable-de-la-administracion-de-origen-sentencia-del-tribunal-supremo-71\/","og_locale":"es_ES","og_type":"article","og_title":"El nombramiento de un funcionario de la Administraci\u00f3n General del Estado por una entidad local requiere previamente informe favorable de la Administraci\u00f3n de origen. Sentencia del Tribunal Supremo 715\/2025 - Fundaci\u00f3n Democracia y Gobierno Local","og_description":"En la sentencia del Tribunal Supremo n\u00fam. 715\/2025, de 5 de junio, se establece que, para el nombramiento de un funcionario de la Administraci\u00f3n General del Estado en un puesto de libre designaci\u00f3n de la Administraci\u00f3n local, debe aplicarse supletoriamente el procedimiento previsto en el art\u00edculo 67 del Real Decreto 364\/1995, previo informe favorable del departamento en el que preste sus servicios. SENTIDO DEL FALLO: desestimaci\u00f3n del recurso de casaci\u00f3n.","og_url":"https:\/\/www.gobiernolocal.org\/acento-local\/el-nombramiento-de-un-funcionario-de-la-administracion-general-del-estado-por-una-entidad-local-requiere-previamente-informe-favorable-de-la-administracion-de-origen-sentencia-del-tribunal-supremo-71\/","og_site_name":"Fundaci\u00f3n Democracia y Gobierno Local","article_published_time":"2025-11-28T06:30:00+00:00","article_modified_time":"2025-12-17T11:00:13+00:00","og_image":[{"width":800,"height":438,"url":"https:\/\/www.gobiernolocal.org\/acento-local\/wp-content\/uploads\/2025\/11\/251128_800_01.jpg","type":"image\/jpeg"}],"author":"Fundaci\u00f3n Gobierno Local","twitter_card":"summary_large_image","twitter_misc":{"Escrito por":"Fundaci\u00f3n Gobierno Local","Tiempo de lectura":"6 minutos"},"schema":{"@context":"https:\/\/schema.org","@graph":[{"@type":"Article","@id":"https:\/\/www.gobiernolocal.org\/acento-local\/el-nombramiento-de-un-funcionario-de-la-administracion-general-del-estado-por-una-entidad-local-requiere-previamente-informe-favorable-de-la-administracion-de-origen-sentencia-del-tribunal-supremo-71\/#article","isPartOf":{"@id":"https:\/\/www.gobiernolocal.org\/acento-local\/el-nombramiento-de-un-funcionario-de-la-administracion-general-del-estado-por-una-entidad-local-requiere-previamente-informe-favorable-de-la-administracion-de-origen-sentencia-del-tribunal-supremo-71\/"},"author":{"name":"Fundaci\u00f3n Gobierno Local","@id":"https:\/\/www.gobiernolocal.org\/acento-local\/#\/schema\/person\/022a0a6b36f62f7070403c5a3426d58c"},"headline":"El nombramiento de un funcionario de la Administraci\u00f3n General del Estado por una entidad local requiere previamente informe favorable de la Administraci\u00f3n de origen. Sentencia del Tribunal Supremo 715\/2025","datePublished":"2025-11-28T06:30:00+00:00","dateModified":"2025-12-17T11:00:13+00:00","mainEntityOfPage":{"@id":"https:\/\/www.gobiernolocal.org\/acento-local\/el-nombramiento-de-un-funcionario-de-la-administracion-general-del-estado-por-una-entidad-local-requiere-previamente-informe-favorable-de-la-administracion-de-origen-sentencia-del-tribunal-supremo-71\/"},"wordCount":1355,"commentCount":0,"publisher":{"@id":"https:\/\/www.gobiernolocal.org\/acento-local\/#organization"},"image":{"@id":"https:\/\/www.gobiernolocal.org\/acento-local\/el-nombramiento-de-un-funcionario-de-la-administracion-general-del-estado-por-una-entidad-local-requiere-previamente-informe-favorable-de-la-administracion-de-origen-sentencia-del-tribunal-supremo-71\/#primaryimage"},"thumbnailUrl":"https:\/\/www.gobiernolocal.org\/acento-local\/wp-content\/uploads\/2025\/11\/251128_800_01.jpg","keywords":["Funci\u00f3n p\u00fablica","Procedimiento administrativo"],"articleSection":["Jurisprudencia"],"inLanguage":"es","potentialAction":[{"@type":"CommentAction","name":"Comment","target":["https:\/\/www.gobiernolocal.org\/acento-local\/el-nombramiento-de-un-funcionario-de-la-administracion-general-del-estado-por-una-entidad-local-requiere-previamente-informe-favorable-de-la-administracion-de-origen-sentencia-del-tribunal-supremo-71\/#respond"]}]},{"@type":"WebPage","@id":"https:\/\/www.gobiernolocal.org\/acento-local\/el-nombramiento-de-un-funcionario-de-la-administracion-general-del-estado-por-una-entidad-local-requiere-previamente-informe-favorable-de-la-administracion-de-origen-sentencia-del-tribunal-supremo-71\/","url":"https:\/\/www.gobiernolocal.org\/acento-local\/el-nombramiento-de-un-funcionario-de-la-administracion-general-del-estado-por-una-entidad-local-requiere-previamente-informe-favorable-de-la-administracion-de-origen-sentencia-del-tribunal-supremo-71\/","name":"El nombramiento de un funcionario de la Administraci\u00f3n General del Estado por una entidad local requiere previamente informe favorable de la Administraci\u00f3n de origen. Sentencia del Tribunal Supremo 715\/2025 - Fundaci\u00f3n Democracia y Gobierno Local","isPartOf":{"@id":"https:\/\/www.gobiernolocal.org\/acento-local\/#website"},"primaryImageOfPage":{"@id":"https:\/\/www.gobiernolocal.org\/acento-local\/el-nombramiento-de-un-funcionario-de-la-administracion-general-del-estado-por-una-entidad-local-requiere-previamente-informe-favorable-de-la-administracion-de-origen-sentencia-del-tribunal-supremo-71\/#primaryimage"},"image":{"@id":"https:\/\/www.gobiernolocal.org\/acento-local\/el-nombramiento-de-un-funcionario-de-la-administracion-general-del-estado-por-una-entidad-local-requiere-previamente-informe-favorable-de-la-administracion-de-origen-sentencia-del-tribunal-supremo-71\/#primaryimage"},"thumbnailUrl":"https:\/\/www.gobiernolocal.org\/acento-local\/wp-content\/uploads\/2025\/11\/251128_800_01.jpg","datePublished":"2025-11-28T06:30:00+00:00","dateModified":"2025-12-17T11:00:13+00:00","breadcrumb":{"@id":"https:\/\/www.gobiernolocal.org\/acento-local\/el-nombramiento-de-un-funcionario-de-la-administracion-general-del-estado-por-una-entidad-local-requiere-previamente-informe-favorable-de-la-administracion-de-origen-sentencia-del-tribunal-supremo-71\/#breadcrumb"},"inLanguage":"es","potentialAction":[{"@type":"ReadAction","target":["https:\/\/www.gobiernolocal.org\/acento-local\/el-nombramiento-de-un-funcionario-de-la-administracion-general-del-estado-por-una-entidad-local-requiere-previamente-informe-favorable-de-la-administracion-de-origen-sentencia-del-tribunal-supremo-71\/"]}]},{"@type":"ImageObject","inLanguage":"es","@id":"https:\/\/www.gobiernolocal.org\/acento-local\/el-nombramiento-de-un-funcionario-de-la-administracion-general-del-estado-por-una-entidad-local-requiere-previamente-informe-favorable-de-la-administracion-de-origen-sentencia-del-tribunal-supremo-71\/#primaryimage","url":"https:\/\/www.gobiernolocal.org\/acento-local\/wp-content\/uploads\/2025\/11\/251128_800_01.jpg","contentUrl":"https:\/\/www.gobiernolocal.org\/acento-local\/wp-content\/uploads\/2025\/11\/251128_800_01.jpg","width":800,"height":438},{"@type":"BreadcrumbList","@id":"https:\/\/www.gobiernolocal.org\/acento-local\/el-nombramiento-de-un-funcionario-de-la-administracion-general-del-estado-por-una-entidad-local-requiere-previamente-informe-favorable-de-la-administracion-de-origen-sentencia-del-tribunal-supremo-71\/#breadcrumb","itemListElement":[{"@type":"ListItem","position":1,"name":"Portada","item":"https:\/\/www.gobiernolocal.org\/acento-local\/"},{"@type":"ListItem","position":2,"name":"El nombramiento de un funcionario de la Administraci\u00f3n General del Estado por una entidad local requiere previamente informe favorable de la Administraci\u00f3n de origen. Sentencia del Tribunal Supremo 715\/2025"}]},{"@type":"WebSite","@id":"https:\/\/www.gobiernolocal.org\/acento-local\/#website","url":"https:\/\/www.gobiernolocal.org\/acento-local\/","name":"Fundaci\u00f3n Democracia y Gobierno Local","description":"Otro sitio realizado con WordPress","publisher":{"@id":"https:\/\/www.gobiernolocal.org\/acento-local\/#organization"},"potentialAction":[{"@type":"SearchAction","target":{"@type":"EntryPoint","urlTemplate":"https:\/\/www.gobiernolocal.org\/acento-local\/?s={search_term_string}"},"query-input":{"@type":"PropertyValueSpecification","valueRequired":true,"valueName":"search_term_string"}}],"inLanguage":"es"},{"@type":"Organization","@id":"https:\/\/www.gobiernolocal.org\/acento-local\/#organization","name":"Fundaci\u00f3n Democracia y Gobierno Local","url":"https:\/\/www.gobiernolocal.org\/acento-local\/","logo":{"@type":"ImageObject","inLanguage":"es","@id":"https:\/\/www.gobiernolocal.org\/acento-local\/#\/schema\/logo\/image\/","url":"https:\/\/www.gobiernolocal.org\/acento-local\/wp-content\/uploads\/2024\/09\/logo-acentoo-local.png","contentUrl":"https:\/\/www.gobiernolocal.org\/acento-local\/wp-content\/uploads\/2024\/09\/logo-acentoo-local.png","width":1005,"height":197,"caption":"Fundaci\u00f3n Democracia y Gobierno Local"},"image":{"@id":"https:\/\/www.gobiernolocal.org\/acento-local\/#\/schema\/logo\/image\/"}},{"@type":"Person","@id":"https:\/\/www.gobiernolocal.org\/acento-local\/#\/schema\/person\/022a0a6b36f62f7070403c5a3426d58c","name":"Fundaci\u00f3n Gobierno Local","image":{"@type":"ImageObject","inLanguage":"es","@id":"https:\/\/www.gobiernolocal.org\/acento-local\/#\/schema\/person\/image\/","url":"https:\/\/secure.gravatar.com\/avatar\/0fa5dea6ae65ded9475a6c7160b1cbc7af5bb19e5a8057c4249aa3664c5fbb21?s=96&d=mm&r=g","contentUrl":"https:\/\/secure.gravatar.com\/avatar\/0fa5dea6ae65ded9475a6c7160b1cbc7af5bb19e5a8057c4249aa3664c5fbb21?s=96&d=mm&r=g","caption":"Fundaci\u00f3n Gobierno Local"},"sameAs":["https:\/\/www.gobiernolocal.org\/acento-local"],"url":"https:\/\/www.gobiernolocal.org\/acento-local\/author\/fundacion-gobierno-local\/"}]}},"_links":{"self":[{"href":"https:\/\/www.gobiernolocal.org\/acento-local\/wp-json\/wp\/v2\/posts\/4585","targetHints":{"allow":["GET"]}}],"collection":[{"href":"https:\/\/www.gobiernolocal.org\/acento-local\/wp-json\/wp\/v2\/posts"}],"about":[{"href":"https:\/\/www.gobiernolocal.org\/acento-local\/wp-json\/wp\/v2\/types\/post"}],"author":[{"embeddable":true,"href":"https:\/\/www.gobiernolocal.org\/acento-local\/wp-json\/wp\/v2\/users\/2"}],"replies":[{"embeddable":true,"href":"https:\/\/www.gobiernolocal.org\/acento-local\/wp-json\/wp\/v2\/comments?post=4585"}],"version-history":[{"count":1,"href":"https:\/\/www.gobiernolocal.org\/acento-local\/wp-json\/wp\/v2\/posts\/4585\/revisions"}],"predecessor-version":[{"id":4587,"href":"https:\/\/www.gobiernolocal.org\/acento-local\/wp-json\/wp\/v2\/posts\/4585\/revisions\/4587"}],"wp:featuredmedia":[{"embeddable":true,"href":"https:\/\/www.gobiernolocal.org\/acento-local\/wp-json\/wp\/v2\/media\/4586"}],"wp:attachment":[{"href":"https:\/\/www.gobiernolocal.org\/acento-local\/wp-json\/wp\/v2\/media?parent=4585"}],"wp:term":[{"taxonomy":"category","embeddable":true,"href":"https:\/\/www.gobiernolocal.org\/acento-local\/wp-json\/wp\/v2\/categories?post=4585"},{"taxonomy":"post_tag","embeddable":true,"href":"https:\/\/www.gobiernolocal.org\/acento-local\/wp-json\/wp\/v2\/tags?post=4585"},{"taxonomy":"autor-post","embeddable":true,"href":"https:\/\/www.gobiernolocal.org\/acento-local\/wp-json\/wp\/v2\/autor-post?post=4585"}],"curies":[{"name":"wp","href":"https:\/\/api.w.org\/{rel}","templated":true}]}}