{"id":4544,"date":"2025-10-24T07:30:00","date_gmt":"2025-10-24T05:30:00","guid":{"rendered":"https:\/\/www.gobiernolocal.org\/acento-local\/?p=4544"},"modified":"2026-03-03T10:53:22","modified_gmt":"2026-03-03T09:53:22","slug":"mas-de-250-000-visitas-avalan-el-blog-acento-local","status":"publish","type":"post","link":"https:\/\/www.gobiernolocal.org\/acento-local\/mas-de-250-000-visitas-avalan-el-blog-acento-local\/","title":{"rendered":"M\u00e1s de 250 000 visitas avalan el blog  \u00abAcento Local\u00bb"},"content":{"rendered":"\n<p><\/p>\n\n\n\n<p>En octubre de 2022, la Fundaci\u00f3n Democracia y Gobierno Local puso en marcha su blog de actualidad jur\u00eddica local, <em>Acento Local<\/em>. Tres a\u00f1os despu\u00e9s, ha recibido m\u00e1s de 250 000 visitas de personas interesadas en alguno de los 237 <em>posts<\/em> publicados, escritos por 123 autores distintos.<\/p>\n\n\n\n<p style=\"margin-top:var(--wp--preset--spacing--50)\">Organizado en seis categor\u00edas \u2014servicios p\u00fablicos, gobernanza, ciudadan\u00eda, innovaci\u00f3n y sostenibilidad, novedades y jurisprudencia\u2014, se han utilizado tambi\u00e9n 46 etiquetas para afinar la clasificaci\u00f3n de los art\u00edculos; entre ellas, las diez que m\u00e1s contenido re\u00fanen son:<\/p>\n\n\n\n<p style=\"margin-left:var(--wp--preset--spacing--80)\">&#8211; Competencias: 52 <em>posts<\/em><\/p>\n\n\n\n<p style=\"margin-left:var(--wp--preset--spacing--80)\">&#8211; Procedimiento administrativo: 39 <em>posts<\/em><\/p>\n\n\n\n<p style=\"margin-left:var(--wp--preset--spacing--80)\">&#8211; Contratos: 31 <em>posts<\/em><\/p>\n\n\n\n<p style=\"margin-left:var(--wp--preset--spacing--80)\">&#8211; Funci\u00f3n p\u00fablica: 31 <em>posts<\/em><\/p>\n\n\n\n<p style=\"margin-left:var(--wp--preset--spacing--80)\">&#8211; Urbanismo: 30 <em>posts<\/em><\/p>\n\n\n\n<p style=\"margin-left:var(--wp--preset--spacing--80)\">&#8211; Financiaci\u00f3n: 25 <em>posts<\/em><\/p>\n\n\n\n<p style=\"margin-left:var(--wp--preset--spacing--80)\">&#8211; Autonom\u00eda local: 24 <em>posts<\/em><\/p>\n\n\n\n<p style=\"margin-left:var(--wp--preset--spacing--80)\">&#8211; Servicios p\u00fablicos: 22 <em>posts<\/em><\/p>\n\n\n\n<p style=\"margin-left:var(--wp--preset--spacing--80)\">&#8211; Concejales: 20 <em>posts<\/em><\/p>\n\n\n\n<p style=\"margin-left:var(--wp--preset--spacing--80)\">&#8211; Mejora regulatoria: 18 <em>posts<\/em><\/p>\n\n\n\n<p style=\"margin-top:var(--wp--preset--spacing--50)\">El blog fue galardonado en los Premios Blogs de Oro 2023; en concreto, obtuvo el 2.\u00ba Premio (Naranja) en la categor\u00eda <em>Art\u00edculos de Excelencia<\/em>, por el <em>post<\/em> <a href=\"https:\/\/www.gobiernolocal.org\/acento-local\/la-inaplazable-apuesta-por-la-diversificacion-del-regimen-de-los-pequenos-municipios\/\">\u201cLa inaplazable apuesta por la diversificaci\u00f3n del r\u00e9gimen de los peque\u00f1os municipios\u201d<\/a>, de Marcos Almeida Cerreda. Adem\u00e1s, el blog recibe visitas de usuarios de diferentes pa\u00edses, adem\u00e1s de Espa\u00f1a, como M\u00e9xico, Estados Unidos, Per\u00fa, Colombia, Argentina, Alemania, Guatemala, Francia, Bolivia y Venezuela.<\/p>\n\n\n\n<p style=\"margin-top:var(--wp--preset--spacing--50)\">Si a\u00fan no conoces <em>Acento Local<\/em>, puedes consultarlo y leer todo lo que se ha publicado en <a href=\"https:\/\/www.gobiernolocal.org\/acento-local\/\">este enlace<\/a>. Y, si deseas suscribirte de forma gratuita para recibir los <em>posts<\/em> semanales, puedes hacerlo <a href=\"https:\/\/gobiernolocal.org\/acento-local\/#newsletter\">aqu\u00ed<\/a>.<\/p>\n\n\n\n<p style=\"margin-top:var(--wp--preset--spacing--50)\">Autor\/a:&nbsp;<strong>Fundaci\u00f3n Democracia y Gobierno Local<\/strong><\/p>\n\n\n\n<p class=\"has-small-font-size\"><em>imagen: <\/em><a href=\"https:\/\/www.istockphoto.com\/es\/portfolio\/Intellson?mediatype=illustration\">\u00abiStock.com\/Intellson\/\u00bb<\/a><\/p>\n","protected":false},"excerpt":{"rendered":"<p>En octubre de 2022, la Fundaci\u00f3n Democracia y Gobierno Local puso en marcha su blog de actualidad jur\u00eddica local, Acento Local. Tres a\u00f1os despu\u00e9s, ha recibido m\u00e1s de 250 000 visitas de personas interesadas en alguno de los 237 posts publicados, escritos por 123 autores distintos. Organizado en seis categor\u00edas \u2014servicios p\u00fablicos, gobernanza, ciudadan\u00eda, innovaci\u00f3n [&hellip;]<\/p>\n","protected":false},"author":2,"featured_media":4546,"comment_status":"open","ping_status":"open","sticky":false,"template":"","format":"standard","meta":{"site-sidebar-layout":"default","site-content-layout":"","ast-site-content-layout":"default","site-content-style":"default","site-sidebar-style":"default","ast-global-header-display":"","ast-banner-title-visibility":"","ast-main-header-display":"","ast-hfb-above-header-display":"","ast-hfb-below-header-display":"","ast-hfb-mobile-header-display":"","site-post-title":"","ast-breadcrumbs-content":"","ast-featured-img":"","footer-sml-layout":"","ast-disable-related-posts":"","theme-transparent-header-meta":"","adv-header-id-meta":"","stick-header-meta":"","header-above-stick-meta":"","header-main-stick-meta":"","header-below-stick-meta":"","astra-migrate-meta-layouts":"set","ast-page-background-enabled":"default","ast-page-background-meta":{"desktop":{"background-color":"var(--ast-global-color-4)","background-image":"","background-repeat":"repeat","background-position":"center center","background-size":"auto","background-attachment":"scroll","background-type":"","background-media":"","overlay-type":"","overlay-color":"","overlay-opacity":"","overlay-gradient":""},"tablet":{"background-color":"","background-image":"","background-repeat":"repeat","background-position":"center center","background-size":"auto","background-attachment":"scroll","background-type":"","background-media":"","overlay-type":"","overlay-color":"","overlay-opacity":"","overlay-gradient":""},"mobile":{"background-color":"","background-image":"","background-repeat":"repeat","background-position":"center center","background-size":"auto","background-attachment":"scroll","background-type":"","background-media":"","overlay-type":"","overlay-color":"","overlay-opacity":"","overlay-gradient":""}},"ast-content-background-meta":{"desktop":{"background-color":"var(--ast-global-color-5)","background-image":"","background-repeat":"repeat","background-position":"center center","background-size":"auto","background-attachment":"scroll","background-type":"","background-media":"","overlay-type":"","overlay-color":"","overlay-opacity":"","overlay-gradient":""},"tablet":{"background-color":"var(--ast-global-color-5)","background-image":"","background-repeat":"repeat","background-position":"center center","background-size":"auto","background-attachment":"scroll","background-type":"","background-media":"","overlay-type":"","overlay-color":"","overlay-opacity":"","overlay-gradient":""},"mobile":{"background-color":"var(--ast-global-color-5)","background-image":"","background-repeat":"repeat","background-position":"center center","background-size":"auto","background-attachment":"scroll","background-type":"","background-media":"","overlay-type":"","overlay-color":"","overlay-opacity":"","overlay-gradient":""}},"area-autor":{"item-0":{"nombre-del-autor":"Fundaci\u00f3n Democracia y Gobierno Local","cargo-autor":"","foto-autor":"2883"}},"footnotes":""},"categories":[186],"tags":[],"autor-post":[127],"class_list":["post-4544","post","type-post","status-publish","format-standard","has-post-thumbnail","hentry","category-la-pizarra-de-acento-local","autor-post-fundacion-democracia-y-gobierno-local"],"yoast_head":"<!-- This site is optimized with the Yoast SEO plugin v27.0 - https:\/\/yoast.com\/product\/yoast-seo-wordpress\/ -->\n<title>M\u00e1s de 250 000 visitas avalan el blog &quot;Acento Local&quot; - Fundaci\u00f3n Democracia y Gobierno Local<\/title>\n<meta name=\"robots\" content=\"index, follow, max-snippet:-1, max-image-preview:large, max-video-preview:-1\" \/>\n<link rel=\"canonical\" href=\"https:\/\/www.gobiernolocal.org\/acento-local\/mas-de-250-000-visitas-avalan-el-blog-acento-local\/\" \/>\n<meta property=\"og:locale\" content=\"es_ES\" \/>\n<meta property=\"og:type\" content=\"article\" \/>\n<meta property=\"og:title\" content=\"M\u00e1s de 250 000 visitas avalan el blog &quot;Acento Local&quot; - Fundaci\u00f3n Democracia y Gobierno Local\" \/>\n<meta property=\"og:description\" content=\"En octubre de 2022, la Fundaci\u00f3n Democracia y Gobierno Local puso en marcha su blog de actualidad jur\u00eddica local, Acento Local. Tres a\u00f1os despu\u00e9s, ha recibido m\u00e1s de 250 000 visitas de personas interesadas en alguno de los 237 posts publicados, escritos por 123 autores distintos. Organizado en seis categor\u00edas \u2014servicios p\u00fablicos, gobernanza, ciudadan\u00eda, innovaci\u00f3n [&hellip;]\" \/>\n<meta property=\"og:url\" content=\"https:\/\/www.gobiernolocal.org\/acento-local\/mas-de-250-000-visitas-avalan-el-blog-acento-local\/\" \/>\n<meta property=\"og:site_name\" content=\"Fundaci\u00f3n Democracia y Gobierno Local\" \/>\n<meta property=\"article:published_time\" content=\"2025-10-24T05:30:00+00:00\" \/>\n<meta property=\"article:modified_time\" content=\"2026-03-03T09:53:22+00:00\" \/>\n<meta property=\"og:image\" content=\"https:\/\/www.gobiernolocal.org\/acento-local\/wp-content\/uploads\/2025\/10\/251024_01_post.jpg\" \/>\n\t<meta property=\"og:image:width\" content=\"1122\" \/>\n\t<meta property=\"og:image:height\" content=\"783\" \/>\n\t<meta property=\"og:image:type\" content=\"image\/jpeg\" \/>\n<meta name=\"author\" content=\"Fundaci\u00f3n Gobierno Local\" \/>\n<meta name=\"twitter:card\" content=\"summary_large_image\" \/>\n<meta name=\"twitter:label1\" content=\"Escrito por\" \/>\n\t<meta name=\"twitter:data1\" content=\"Fundaci\u00f3n Gobierno Local\" \/>\n\t<meta name=\"twitter:label2\" content=\"Tiempo de lectura\" \/>\n\t<meta name=\"twitter:data2\" content=\"2 minutos\" \/>\n<script type=\"application\/ld+json\" class=\"yoast-schema-graph\">{\"@context\":\"https:\/\/schema.org\",\"@graph\":[{\"@type\":\"Article\",\"@id\":\"https:\/\/www.gobiernolocal.org\/acento-local\/mas-de-250-000-visitas-avalan-el-blog-acento-local\/#article\",\"isPartOf\":{\"@id\":\"https:\/\/www.gobiernolocal.org\/acento-local\/mas-de-250-000-visitas-avalan-el-blog-acento-local\/\"},\"author\":{\"name\":\"Fundaci\u00f3n Gobierno Local\",\"@id\":\"https:\/\/www.gobiernolocal.org\/acento-local\/#\/schema\/person\/022a0a6b36f62f7070403c5a3426d58c\"},\"headline\":\"M\u00e1s de 250 000 visitas avalan el blog \u00abAcento Local\u00bb\",\"datePublished\":\"2025-10-24T05:30:00+00:00\",\"dateModified\":\"2026-03-03T09:53:22+00:00\",\"mainEntityOfPage\":{\"@id\":\"https:\/\/www.gobiernolocal.org\/acento-local\/mas-de-250-000-visitas-avalan-el-blog-acento-local\/\"},\"wordCount\":264,\"commentCount\":0,\"publisher\":{\"@id\":\"https:\/\/www.gobiernolocal.org\/acento-local\/#organization\"},\"image\":{\"@id\":\"https:\/\/www.gobiernolocal.org\/acento-local\/mas-de-250-000-visitas-avalan-el-blog-acento-local\/#primaryimage\"},\"thumbnailUrl\":\"https:\/\/www.gobiernolocal.org\/acento-local\/wp-content\/uploads\/2025\/10\/251024_01_post.jpg\",\"articleSection\":[\"La Pizarra de Acento Local\"],\"inLanguage\":\"es\",\"potentialAction\":[{\"@type\":\"CommentAction\",\"name\":\"Comment\",\"target\":[\"https:\/\/www.gobiernolocal.org\/acento-local\/mas-de-250-000-visitas-avalan-el-blog-acento-local\/#respond\"]}]},{\"@type\":\"WebPage\",\"@id\":\"https:\/\/www.gobiernolocal.org\/acento-local\/mas-de-250-000-visitas-avalan-el-blog-acento-local\/\",\"url\":\"https:\/\/www.gobiernolocal.org\/acento-local\/mas-de-250-000-visitas-avalan-el-blog-acento-local\/\",\"name\":\"M\u00e1s de 250 000 visitas avalan el blog \\\"Acento Local\\\" - Fundaci\u00f3n Democracia y Gobierno Local\",\"isPartOf\":{\"@id\":\"https:\/\/www.gobiernolocal.org\/acento-local\/#website\"},\"primaryImageOfPage\":{\"@id\":\"https:\/\/www.gobiernolocal.org\/acento-local\/mas-de-250-000-visitas-avalan-el-blog-acento-local\/#primaryimage\"},\"image\":{\"@id\":\"https:\/\/www.gobiernolocal.org\/acento-local\/mas-de-250-000-visitas-avalan-el-blog-acento-local\/#primaryimage\"},\"thumbnailUrl\":\"https:\/\/www.gobiernolocal.org\/acento-local\/wp-content\/uploads\/2025\/10\/251024_01_post.jpg\",\"datePublished\":\"2025-10-24T05:30:00+00:00\",\"dateModified\":\"2026-03-03T09:53:22+00:00\",\"breadcrumb\":{\"@id\":\"https:\/\/www.gobiernolocal.org\/acento-local\/mas-de-250-000-visitas-avalan-el-blog-acento-local\/#breadcrumb\"},\"inLanguage\":\"es\",\"potentialAction\":[{\"@type\":\"ReadAction\",\"target\":[\"https:\/\/www.gobiernolocal.org\/acento-local\/mas-de-250-000-visitas-avalan-el-blog-acento-local\/\"]}]},{\"@type\":\"ImageObject\",\"inLanguage\":\"es\",\"@id\":\"https:\/\/www.gobiernolocal.org\/acento-local\/mas-de-250-000-visitas-avalan-el-blog-acento-local\/#primaryimage\",\"url\":\"https:\/\/www.gobiernolocal.org\/acento-local\/wp-content\/uploads\/2025\/10\/251024_01_post.jpg\",\"contentUrl\":\"https:\/\/www.gobiernolocal.org\/acento-local\/wp-content\/uploads\/2025\/10\/251024_01_post.jpg\",\"width\":1122,\"height\":783},{\"@type\":\"BreadcrumbList\",\"@id\":\"https:\/\/www.gobiernolocal.org\/acento-local\/mas-de-250-000-visitas-avalan-el-blog-acento-local\/#breadcrumb\",\"itemListElement\":[{\"@type\":\"ListItem\",\"position\":1,\"name\":\"Portada\",\"item\":\"https:\/\/www.gobiernolocal.org\/acento-local\/\"},{\"@type\":\"ListItem\",\"position\":2,\"name\":\"M\u00e1s de 250 000 visitas avalan el blog \u00abAcento Local\u00bb\"}]},{\"@type\":\"WebSite\",\"@id\":\"https:\/\/www.gobiernolocal.org\/acento-local\/#website\",\"url\":\"https:\/\/www.gobiernolocal.org\/acento-local\/\",\"name\":\"Fundaci\u00f3n Democracia y Gobierno Local\",\"description\":\"Otro sitio realizado con WordPress\",\"publisher\":{\"@id\":\"https:\/\/www.gobiernolocal.org\/acento-local\/#organization\"},\"potentialAction\":[{\"@type\":\"SearchAction\",\"target\":{\"@type\":\"EntryPoint\",\"urlTemplate\":\"https:\/\/www.gobiernolocal.org\/acento-local\/?s={search_term_string}\"},\"query-input\":{\"@type\":\"PropertyValueSpecification\",\"valueRequired\":true,\"valueName\":\"search_term_string\"}}],\"inLanguage\":\"es\"},{\"@type\":\"Organization\",\"@id\":\"https:\/\/www.gobiernolocal.org\/acento-local\/#organization\",\"name\":\"Fundaci\u00f3n Democracia y Gobierno Local\",\"url\":\"https:\/\/www.gobiernolocal.org\/acento-local\/\",\"logo\":{\"@type\":\"ImageObject\",\"inLanguage\":\"es\",\"@id\":\"https:\/\/www.gobiernolocal.org\/acento-local\/#\/schema\/logo\/image\/\",\"url\":\"https:\/\/www.gobiernolocal.org\/acento-local\/wp-content\/uploads\/2024\/09\/logo-acentoo-local.png\",\"contentUrl\":\"https:\/\/www.gobiernolocal.org\/acento-local\/wp-content\/uploads\/2024\/09\/logo-acentoo-local.png\",\"width\":1005,\"height\":197,\"caption\":\"Fundaci\u00f3n Democracia y Gobierno Local\"},\"image\":{\"@id\":\"https:\/\/www.gobiernolocal.org\/acento-local\/#\/schema\/logo\/image\/\"}},{\"@type\":\"Person\",\"@id\":\"https:\/\/www.gobiernolocal.org\/acento-local\/#\/schema\/person\/022a0a6b36f62f7070403c5a3426d58c\",\"name\":\"Fundaci\u00f3n Gobierno Local\",\"image\":{\"@type\":\"ImageObject\",\"inLanguage\":\"es\",\"@id\":\"https:\/\/www.gobiernolocal.org\/acento-local\/#\/schema\/person\/image\/\",\"url\":\"https:\/\/secure.gravatar.com\/avatar\/0fa5dea6ae65ded9475a6c7160b1cbc7af5bb19e5a8057c4249aa3664c5fbb21?s=96&d=mm&r=g\",\"contentUrl\":\"https:\/\/secure.gravatar.com\/avatar\/0fa5dea6ae65ded9475a6c7160b1cbc7af5bb19e5a8057c4249aa3664c5fbb21?s=96&d=mm&r=g\",\"caption\":\"Fundaci\u00f3n Gobierno Local\"},\"sameAs\":[\"https:\/\/www.gobiernolocal.org\/acento-local\"],\"url\":\"https:\/\/www.gobiernolocal.org\/acento-local\/author\/fundacion-gobierno-local\/\"}]}<\/script>\n<!-- \/ Yoast SEO plugin. -->","yoast_head_json":{"title":"M\u00e1s de 250 000 visitas avalan el blog \"Acento Local\" - Fundaci\u00f3n Democracia y Gobierno Local","robots":{"index":"index","follow":"follow","max-snippet":"max-snippet:-1","max-image-preview":"max-image-preview:large","max-video-preview":"max-video-preview:-1"},"canonical":"https:\/\/www.gobiernolocal.org\/acento-local\/mas-de-250-000-visitas-avalan-el-blog-acento-local\/","og_locale":"es_ES","og_type":"article","og_title":"M\u00e1s de 250 000 visitas avalan el blog \"Acento Local\" - Fundaci\u00f3n Democracia y Gobierno Local","og_description":"En octubre de 2022, la Fundaci\u00f3n Democracia y Gobierno Local puso en marcha su blog de actualidad jur\u00eddica local, Acento Local. Tres a\u00f1os despu\u00e9s, ha recibido m\u00e1s de 250 000 visitas de personas interesadas en alguno de los 237 posts publicados, escritos por 123 autores distintos. Organizado en seis categor\u00edas \u2014servicios p\u00fablicos, gobernanza, ciudadan\u00eda, innovaci\u00f3n [&hellip;]","og_url":"https:\/\/www.gobiernolocal.org\/acento-local\/mas-de-250-000-visitas-avalan-el-blog-acento-local\/","og_site_name":"Fundaci\u00f3n Democracia y Gobierno Local","article_published_time":"2025-10-24T05:30:00+00:00","article_modified_time":"2026-03-03T09:53:22+00:00","og_image":[{"width":1122,"height":783,"url":"https:\/\/www.gobiernolocal.org\/acento-local\/wp-content\/uploads\/2025\/10\/251024_01_post.jpg","type":"image\/jpeg"}],"author":"Fundaci\u00f3n Gobierno Local","twitter_card":"summary_large_image","twitter_misc":{"Escrito por":"Fundaci\u00f3n Gobierno Local","Tiempo de lectura":"2 minutos"},"schema":{"@context":"https:\/\/schema.org","@graph":[{"@type":"Article","@id":"https:\/\/www.gobiernolocal.org\/acento-local\/mas-de-250-000-visitas-avalan-el-blog-acento-local\/#article","isPartOf":{"@id":"https:\/\/www.gobiernolocal.org\/acento-local\/mas-de-250-000-visitas-avalan-el-blog-acento-local\/"},"author":{"name":"Fundaci\u00f3n Gobierno Local","@id":"https:\/\/www.gobiernolocal.org\/acento-local\/#\/schema\/person\/022a0a6b36f62f7070403c5a3426d58c"},"headline":"M\u00e1s de 250 000 visitas avalan el blog \u00abAcento Local\u00bb","datePublished":"2025-10-24T05:30:00+00:00","dateModified":"2026-03-03T09:53:22+00:00","mainEntityOfPage":{"@id":"https:\/\/www.gobiernolocal.org\/acento-local\/mas-de-250-000-visitas-avalan-el-blog-acento-local\/"},"wordCount":264,"commentCount":0,"publisher":{"@id":"https:\/\/www.gobiernolocal.org\/acento-local\/#organization"},"image":{"@id":"https:\/\/www.gobiernolocal.org\/acento-local\/mas-de-250-000-visitas-avalan-el-blog-acento-local\/#primaryimage"},"thumbnailUrl":"https:\/\/www.gobiernolocal.org\/acento-local\/wp-content\/uploads\/2025\/10\/251024_01_post.jpg","articleSection":["La Pizarra de Acento Local"],"inLanguage":"es","potentialAction":[{"@type":"CommentAction","name":"Comment","target":["https:\/\/www.gobiernolocal.org\/acento-local\/mas-de-250-000-visitas-avalan-el-blog-acento-local\/#respond"]}]},{"@type":"WebPage","@id":"https:\/\/www.gobiernolocal.org\/acento-local\/mas-de-250-000-visitas-avalan-el-blog-acento-local\/","url":"https:\/\/www.gobiernolocal.org\/acento-local\/mas-de-250-000-visitas-avalan-el-blog-acento-local\/","name":"M\u00e1s de 250 000 visitas avalan el blog \"Acento Local\" - Fundaci\u00f3n Democracia y Gobierno Local","isPartOf":{"@id":"https:\/\/www.gobiernolocal.org\/acento-local\/#website"},"primaryImageOfPage":{"@id":"https:\/\/www.gobiernolocal.org\/acento-local\/mas-de-250-000-visitas-avalan-el-blog-acento-local\/#primaryimage"},"image":{"@id":"https:\/\/www.gobiernolocal.org\/acento-local\/mas-de-250-000-visitas-avalan-el-blog-acento-local\/#primaryimage"},"thumbnailUrl":"https:\/\/www.gobiernolocal.org\/acento-local\/wp-content\/uploads\/2025\/10\/251024_01_post.jpg","datePublished":"2025-10-24T05:30:00+00:00","dateModified":"2026-03-03T09:53:22+00:00","breadcrumb":{"@id":"https:\/\/www.gobiernolocal.org\/acento-local\/mas-de-250-000-visitas-avalan-el-blog-acento-local\/#breadcrumb"},"inLanguage":"es","potentialAction":[{"@type":"ReadAction","target":["https:\/\/www.gobiernolocal.org\/acento-local\/mas-de-250-000-visitas-avalan-el-blog-acento-local\/"]}]},{"@type":"ImageObject","inLanguage":"es","@id":"https:\/\/www.gobiernolocal.org\/acento-local\/mas-de-250-000-visitas-avalan-el-blog-acento-local\/#primaryimage","url":"https:\/\/www.gobiernolocal.org\/acento-local\/wp-content\/uploads\/2025\/10\/251024_01_post.jpg","contentUrl":"https:\/\/www.gobiernolocal.org\/acento-local\/wp-content\/uploads\/2025\/10\/251024_01_post.jpg","width":1122,"height":783},{"@type":"BreadcrumbList","@id":"https:\/\/www.gobiernolocal.org\/acento-local\/mas-de-250-000-visitas-avalan-el-blog-acento-local\/#breadcrumb","itemListElement":[{"@type":"ListItem","position":1,"name":"Portada","item":"https:\/\/www.gobiernolocal.org\/acento-local\/"},{"@type":"ListItem","position":2,"name":"M\u00e1s de 250 000 visitas avalan el blog \u00abAcento Local\u00bb"}]},{"@type":"WebSite","@id":"https:\/\/www.gobiernolocal.org\/acento-local\/#website","url":"https:\/\/www.gobiernolocal.org\/acento-local\/","name":"Fundaci\u00f3n Democracia y Gobierno Local","description":"Otro sitio realizado con WordPress","publisher":{"@id":"https:\/\/www.gobiernolocal.org\/acento-local\/#organization"},"potentialAction":[{"@type":"SearchAction","target":{"@type":"EntryPoint","urlTemplate":"https:\/\/www.gobiernolocal.org\/acento-local\/?s={search_term_string}"},"query-input":{"@type":"PropertyValueSpecification","valueRequired":true,"valueName":"search_term_string"}}],"inLanguage":"es"},{"@type":"Organization","@id":"https:\/\/www.gobiernolocal.org\/acento-local\/#organization","name":"Fundaci\u00f3n Democracia y Gobierno Local","url":"https:\/\/www.gobiernolocal.org\/acento-local\/","logo":{"@type":"ImageObject","inLanguage":"es","@id":"https:\/\/www.gobiernolocal.org\/acento-local\/#\/schema\/logo\/image\/","url":"https:\/\/www.gobiernolocal.org\/acento-local\/wp-content\/uploads\/2024\/09\/logo-acentoo-local.png","contentUrl":"https:\/\/www.gobiernolocal.org\/acento-local\/wp-content\/uploads\/2024\/09\/logo-acentoo-local.png","width":1005,"height":197,"caption":"Fundaci\u00f3n Democracia y Gobierno Local"},"image":{"@id":"https:\/\/www.gobiernolocal.org\/acento-local\/#\/schema\/logo\/image\/"}},{"@type":"Person","@id":"https:\/\/www.gobiernolocal.org\/acento-local\/#\/schema\/person\/022a0a6b36f62f7070403c5a3426d58c","name":"Fundaci\u00f3n Gobierno Local","image":{"@type":"ImageObject","inLanguage":"es","@id":"https:\/\/www.gobiernolocal.org\/acento-local\/#\/schema\/person\/image\/","url":"https:\/\/secure.gravatar.com\/avatar\/0fa5dea6ae65ded9475a6c7160b1cbc7af5bb19e5a8057c4249aa3664c5fbb21?s=96&d=mm&r=g","contentUrl":"https:\/\/secure.gravatar.com\/avatar\/0fa5dea6ae65ded9475a6c7160b1cbc7af5bb19e5a8057c4249aa3664c5fbb21?s=96&d=mm&r=g","caption":"Fundaci\u00f3n Gobierno Local"},"sameAs":["https:\/\/www.gobiernolocal.org\/acento-local"],"url":"https:\/\/www.gobiernolocal.org\/acento-local\/author\/fundacion-gobierno-local\/"}]}},"_links":{"self":[{"href":"https:\/\/www.gobiernolocal.org\/acento-local\/wp-json\/wp\/v2\/posts\/4544","targetHints":{"allow":["GET"]}}],"collection":[{"href":"https:\/\/www.gobiernolocal.org\/acento-local\/wp-json\/wp\/v2\/posts"}],"about":[{"href":"https:\/\/www.gobiernolocal.org\/acento-local\/wp-json\/wp\/v2\/types\/post"}],"author":[{"embeddable":true,"href":"https:\/\/www.gobiernolocal.org\/acento-local\/wp-json\/wp\/v2\/users\/2"}],"replies":[{"embeddable":true,"href":"https:\/\/www.gobiernolocal.org\/acento-local\/wp-json\/wp\/v2\/comments?post=4544"}],"version-history":[{"count":5,"href":"https:\/\/www.gobiernolocal.org\/acento-local\/wp-json\/wp\/v2\/posts\/4544\/revisions"}],"predecessor-version":[{"id":4733,"href":"https:\/\/www.gobiernolocal.org\/acento-local\/wp-json\/wp\/v2\/posts\/4544\/revisions\/4733"}],"wp:featuredmedia":[{"embeddable":true,"href":"https:\/\/www.gobiernolocal.org\/acento-local\/wp-json\/wp\/v2\/media\/4546"}],"wp:attachment":[{"href":"https:\/\/www.gobiernolocal.org\/acento-local\/wp-json\/wp\/v2\/media?parent=4544"}],"wp:term":[{"taxonomy":"category","embeddable":true,"href":"https:\/\/www.gobiernolocal.org\/acento-local\/wp-json\/wp\/v2\/categories?post=4544"},{"taxonomy":"post_tag","embeddable":true,"href":"https:\/\/www.gobiernolocal.org\/acento-local\/wp-json\/wp\/v2\/tags?post=4544"},{"taxonomy":"autor-post","embeddable":true,"href":"https:\/\/www.gobiernolocal.org\/acento-local\/wp-json\/wp\/v2\/autor-post?post=4544"}],"curies":[{"name":"wp","href":"https:\/\/api.w.org\/{rel}","templated":true}]}}