{"id":4524,"date":"2025-10-10T07:30:00","date_gmt":"2025-10-10T05:30:00","guid":{"rendered":"https:\/\/www.gobiernolocal.org\/acento-local\/?p=4524"},"modified":"2025-10-24T08:05:12","modified_gmt":"2025-10-24T06:05:12","slug":"los-posts-mas-leidos-de-julio-a-septiembre-de-2025","status":"publish","type":"post","link":"https:\/\/www.gobiernolocal.org\/acento-local\/los-posts-mas-leidos-de-julio-a-septiembre-de-2025\/","title":{"rendered":"Los posts m\u00e1s le\u00eddos de julio a septiembre de 2025"},"content":{"rendered":"\n<p>Seguidamente, os ofrecemos los <em>posts<\/em> m\u00e1s le\u00eddos durante el tercer trimestre de 2025. El primero trata sobre el cese de los funcionarios que ocupan puestos de libre designaci\u00f3n, destacando la jurisprudencia del Tribunal Supremo, que solo permite dicho cese si se prueba la falta de idoneidad sobrevenida del funcionario en el ejercicio de sus funciones. El segundo aborda la nulidad de las ordenanzas y sus efectos sobre los actos administrativos dictados en su aplicaci\u00f3n. Y el tercero comenta la STC 134\/2025, de 10 de junio, que declara inconstitucional la restricci\u00f3n prevista en el p\u00e1rrafo segundo del art\u00edculo 197.1.a) de la LOREG, que afectaba al concejal no adscrito cuando promov\u00eda una moci\u00f3n de censura.<\/p>\n\n\n\n<p style=\"margin-left:var(--wp--preset--spacing--70)\">&#8211; <a href=\"https:\/\/www.gobiernolocal.org\/acento-local\/el-blindaje-jurisprudencial-de-los-puestos-de-libre-designacion\/\"><strong>El blindaje jurisprudencial de los puestos de libre designaci\u00f3n<\/strong><\/a><\/p>\n\n\n\n<p style=\"margin-left:var(--wp--preset--spacing--70)\">&#8211; <a href=\"https:\/\/www.gobiernolocal.org\/acento-local\/la-nulidad-de-disposiciones-generales-locales-no-implica-la-de-los-actos-administrativos-derivados-de-aquellas\/\"><strong>La nulidad de disposiciones generales locales no implica la de los actos administrativos derivados de aquellas<\/strong><\/a><\/p>\n\n\n\n<p style=\"margin-left:var(--wp--preset--spacing--70)\">&#8211; <a href=\"https:\/\/www.gobiernolocal.org\/acento-local\/comentario-a-la-stc-134-2025-de-10-de-junio-se-declara-inconstitucional-la-restriccion-prevista-en-el-parrafo-2-del-art-197-1-a-de-la-loreg-que-afectaba-al-concejal-municipal-no-adscrito-cuando-pr\/\"><strong>Comentario a la STC 134\/2025, de 10 de junio: se declara inconstitucional la restricci\u00f3n prevista en el p\u00e1rrafo 2 del art. 197.1.a) de la LOREG que afectaba al concejal municipal no adscrito cuando promov\u00eda una moci\u00f3n de censura<\/strong><\/a><\/p>\n\n\n\n<p>Autor\/a:&nbsp;<strong>Fundaci\u00f3n Democracia y Gobierno Local<\/strong><\/p>\n","protected":false},"excerpt":{"rendered":"<p>En este <i>post<\/i> de la pizarra destacamos los tres m\u00e1s le\u00eddos del trimestre pasado<\/p>\n","protected":false},"author":2,"featured_media":4525,"comment_status":"open","ping_status":"open","sticky":false,"template":"","format":"standard","meta":{"site-sidebar-layout":"default","site-content-layout":"","ast-site-content-layout":"default","site-content-style":"default","site-sidebar-style":"default","ast-global-header-display":"","ast-banner-title-visibility":"","ast-main-header-display":"","ast-hfb-above-header-display":"","ast-hfb-below-header-display":"","ast-hfb-mobile-header-display":"","site-post-title":"","ast-breadcrumbs-content":"","ast-featured-img":"","footer-sml-layout":"","ast-disable-related-posts":"","theme-transparent-header-meta":"","adv-header-id-meta":"","stick-header-meta":"","header-above-stick-meta":"","header-main-stick-meta":"","header-below-stick-meta":"","astra-migrate-meta-layouts":"set","ast-page-background-enabled":"default","ast-page-background-meta":{"desktop":{"background-color":"var(--ast-global-color-4)","background-image":"","background-repeat":"repeat","background-position":"center center","background-size":"auto","background-attachment":"scroll","background-type":"","background-media":"","overlay-type":"","overlay-color":"","overlay-opacity":"","overlay-gradient":""},"tablet":{"background-color":"","background-image":"","background-repeat":"repeat","background-position":"center center","background-size":"auto","background-attachment":"scroll","background-type":"","background-media":"","overlay-type":"","overlay-color":"","overlay-opacity":"","overlay-gradient":""},"mobile":{"background-color":"","background-image":"","background-repeat":"repeat","background-position":"center center","background-size":"auto","background-attachment":"scroll","background-type":"","background-media":"","overlay-type":"","overlay-color":"","overlay-opacity":"","overlay-gradient":""}},"ast-content-background-meta":{"desktop":{"background-color":"var(--ast-global-color-5)","background-image":"","background-repeat":"repeat","background-position":"center center","background-size":"auto","background-attachment":"scroll","background-type":"","background-media":"","overlay-type":"","overlay-color":"","overlay-opacity":"","overlay-gradient":""},"tablet":{"background-color":"var(--ast-global-color-5)","background-image":"","background-repeat":"repeat","background-position":"center center","background-size":"auto","background-attachment":"scroll","background-type":"","background-media":"","overlay-type":"","overlay-color":"","overlay-opacity":"","overlay-gradient":""},"mobile":{"background-color":"var(--ast-global-color-5)","background-image":"","background-repeat":"repeat","background-position":"center center","background-size":"auto","background-attachment":"scroll","background-type":"","background-media":"","overlay-type":"","overlay-color":"","overlay-opacity":"","overlay-gradient":""}},"area-autor":{"item-0":{"nombre-del-autor":"Fundaci\u00f3n Democracia y Gobierno Local","cargo-autor":"","foto-autor":"2883"}},"footnotes":""},"categories":[186],"tags":[],"autor-post":[127],"class_list":["post-4524","post","type-post","status-publish","format-standard","has-post-thumbnail","hentry","category-la-pizarra-de-acento-local","autor-post-fundacion-democracia-y-gobierno-local"],"yoast_head":"<!-- This site is optimized with the Yoast SEO plugin v27.0 - https:\/\/yoast.com\/product\/yoast-seo-wordpress\/ -->\n<title>Los posts m\u00e1s le\u00eddos de julio a septiembre de 2025 - Fundaci\u00f3n Democracia y Gobierno Local<\/title>\n<meta name=\"robots\" content=\"index, follow, max-snippet:-1, max-image-preview:large, max-video-preview:-1\" \/>\n<link rel=\"canonical\" href=\"https:\/\/www.gobiernolocal.org\/acento-local\/los-posts-mas-leidos-de-julio-a-septiembre-de-2025\/\" \/>\n<meta property=\"og:locale\" content=\"es_ES\" \/>\n<meta property=\"og:type\" content=\"article\" \/>\n<meta property=\"og:title\" content=\"Los posts m\u00e1s le\u00eddos de julio a septiembre de 2025 - Fundaci\u00f3n Democracia y Gobierno Local\" \/>\n<meta property=\"og:description\" content=\"En este post de la pizarra destacamos los tres m\u00e1s le\u00eddos del trimestre pasado\" \/>\n<meta property=\"og:url\" content=\"https:\/\/www.gobiernolocal.org\/acento-local\/los-posts-mas-leidos-de-julio-a-septiembre-de-2025\/\" \/>\n<meta property=\"og:site_name\" content=\"Fundaci\u00f3n Democracia y Gobierno Local\" \/>\n<meta property=\"article:published_time\" content=\"2025-10-10T05:30:00+00:00\" \/>\n<meta property=\"article:modified_time\" content=\"2025-10-24T06:05:12+00:00\" \/>\n<meta property=\"og:image\" content=\"https:\/\/www.gobiernolocal.org\/acento-local\/wp-content\/uploads\/2025\/10\/2025_4o_1_2_3.jpg\" \/>\n\t<meta property=\"og:image:width\" content=\"800\" \/>\n\t<meta property=\"og:image:height\" content=\"600\" \/>\n\t<meta property=\"og:image:type\" content=\"image\/jpeg\" \/>\n<meta name=\"author\" content=\"Fundaci\u00f3n Gobierno Local\" \/>\n<meta name=\"twitter:card\" content=\"summary_large_image\" \/>\n<meta name=\"twitter:label1\" content=\"Escrito por\" \/>\n\t<meta name=\"twitter:data1\" content=\"Fundaci\u00f3n Gobierno Local\" \/>\n\t<meta name=\"twitter:label2\" content=\"Tiempo de lectura\" \/>\n\t<meta name=\"twitter:data2\" content=\"2 minutos\" \/>\n<script type=\"application\/ld+json\" class=\"yoast-schema-graph\">{\"@context\":\"https:\/\/schema.org\",\"@graph\":[{\"@type\":\"Article\",\"@id\":\"https:\/\/www.gobiernolocal.org\/acento-local\/los-posts-mas-leidos-de-julio-a-septiembre-de-2025\/#article\",\"isPartOf\":{\"@id\":\"https:\/\/www.gobiernolocal.org\/acento-local\/los-posts-mas-leidos-de-julio-a-septiembre-de-2025\/\"},\"author\":{\"name\":\"Fundaci\u00f3n Gobierno Local\",\"@id\":\"https:\/\/www.gobiernolocal.org\/acento-local\/#\/schema\/person\/022a0a6b36f62f7070403c5a3426d58c\"},\"headline\":\"Los posts m\u00e1s le\u00eddos de julio a septiembre de 2025\",\"datePublished\":\"2025-10-10T05:30:00+00:00\",\"dateModified\":\"2025-10-24T06:05:12+00:00\",\"mainEntityOfPage\":{\"@id\":\"https:\/\/www.gobiernolocal.org\/acento-local\/los-posts-mas-leidos-de-julio-a-septiembre-de-2025\/\"},\"wordCount\":207,\"commentCount\":0,\"publisher\":{\"@id\":\"https:\/\/www.gobiernolocal.org\/acento-local\/#organization\"},\"image\":{\"@id\":\"https:\/\/www.gobiernolocal.org\/acento-local\/los-posts-mas-leidos-de-julio-a-septiembre-de-2025\/#primaryimage\"},\"thumbnailUrl\":\"https:\/\/www.gobiernolocal.org\/acento-local\/wp-content\/uploads\/2025\/10\/2025_4o_1_2_3.jpg\",\"articleSection\":[\"La Pizarra de Acento Local\"],\"inLanguage\":\"es\",\"potentialAction\":[{\"@type\":\"CommentAction\",\"name\":\"Comment\",\"target\":[\"https:\/\/www.gobiernolocal.org\/acento-local\/los-posts-mas-leidos-de-julio-a-septiembre-de-2025\/#respond\"]}]},{\"@type\":\"WebPage\",\"@id\":\"https:\/\/www.gobiernolocal.org\/acento-local\/los-posts-mas-leidos-de-julio-a-septiembre-de-2025\/\",\"url\":\"https:\/\/www.gobiernolocal.org\/acento-local\/los-posts-mas-leidos-de-julio-a-septiembre-de-2025\/\",\"name\":\"Los posts m\u00e1s le\u00eddos de julio a septiembre de 2025 - Fundaci\u00f3n Democracia y Gobierno Local\",\"isPartOf\":{\"@id\":\"https:\/\/www.gobiernolocal.org\/acento-local\/#website\"},\"primaryImageOfPage\":{\"@id\":\"https:\/\/www.gobiernolocal.org\/acento-local\/los-posts-mas-leidos-de-julio-a-septiembre-de-2025\/#primaryimage\"},\"image\":{\"@id\":\"https:\/\/www.gobiernolocal.org\/acento-local\/los-posts-mas-leidos-de-julio-a-septiembre-de-2025\/#primaryimage\"},\"thumbnailUrl\":\"https:\/\/www.gobiernolocal.org\/acento-local\/wp-content\/uploads\/2025\/10\/2025_4o_1_2_3.jpg\",\"datePublished\":\"2025-10-10T05:30:00+00:00\",\"dateModified\":\"2025-10-24T06:05:12+00:00\",\"breadcrumb\":{\"@id\":\"https:\/\/www.gobiernolocal.org\/acento-local\/los-posts-mas-leidos-de-julio-a-septiembre-de-2025\/#breadcrumb\"},\"inLanguage\":\"es\",\"potentialAction\":[{\"@type\":\"ReadAction\",\"target\":[\"https:\/\/www.gobiernolocal.org\/acento-local\/los-posts-mas-leidos-de-julio-a-septiembre-de-2025\/\"]}]},{\"@type\":\"ImageObject\",\"inLanguage\":\"es\",\"@id\":\"https:\/\/www.gobiernolocal.org\/acento-local\/los-posts-mas-leidos-de-julio-a-septiembre-de-2025\/#primaryimage\",\"url\":\"https:\/\/www.gobiernolocal.org\/acento-local\/wp-content\/uploads\/2025\/10\/2025_4o_1_2_3.jpg\",\"contentUrl\":\"https:\/\/www.gobiernolocal.org\/acento-local\/wp-content\/uploads\/2025\/10\/2025_4o_1_2_3.jpg\",\"width\":800,\"height\":600},{\"@type\":\"BreadcrumbList\",\"@id\":\"https:\/\/www.gobiernolocal.org\/acento-local\/los-posts-mas-leidos-de-julio-a-septiembre-de-2025\/#breadcrumb\",\"itemListElement\":[{\"@type\":\"ListItem\",\"position\":1,\"name\":\"Portada\",\"item\":\"https:\/\/www.gobiernolocal.org\/acento-local\/\"},{\"@type\":\"ListItem\",\"position\":2,\"name\":\"Los posts m\u00e1s le\u00eddos de julio a septiembre de 2025\"}]},{\"@type\":\"WebSite\",\"@id\":\"https:\/\/www.gobiernolocal.org\/acento-local\/#website\",\"url\":\"https:\/\/www.gobiernolocal.org\/acento-local\/\",\"name\":\"Fundaci\u00f3n Democracia y Gobierno Local\",\"description\":\"Otro sitio realizado con WordPress\",\"publisher\":{\"@id\":\"https:\/\/www.gobiernolocal.org\/acento-local\/#organization\"},\"potentialAction\":[{\"@type\":\"SearchAction\",\"target\":{\"@type\":\"EntryPoint\",\"urlTemplate\":\"https:\/\/www.gobiernolocal.org\/acento-local\/?s={search_term_string}\"},\"query-input\":{\"@type\":\"PropertyValueSpecification\",\"valueRequired\":true,\"valueName\":\"search_term_string\"}}],\"inLanguage\":\"es\"},{\"@type\":\"Organization\",\"@id\":\"https:\/\/www.gobiernolocal.org\/acento-local\/#organization\",\"name\":\"Fundaci\u00f3n Democracia y Gobierno Local\",\"url\":\"https:\/\/www.gobiernolocal.org\/acento-local\/\",\"logo\":{\"@type\":\"ImageObject\",\"inLanguage\":\"es\",\"@id\":\"https:\/\/www.gobiernolocal.org\/acento-local\/#\/schema\/logo\/image\/\",\"url\":\"https:\/\/www.gobiernolocal.org\/acento-local\/wp-content\/uploads\/2024\/09\/logo-acentoo-local.png\",\"contentUrl\":\"https:\/\/www.gobiernolocal.org\/acento-local\/wp-content\/uploads\/2024\/09\/logo-acentoo-local.png\",\"width\":1005,\"height\":197,\"caption\":\"Fundaci\u00f3n Democracia y Gobierno Local\"},\"image\":{\"@id\":\"https:\/\/www.gobiernolocal.org\/acento-local\/#\/schema\/logo\/image\/\"}},{\"@type\":\"Person\",\"@id\":\"https:\/\/www.gobiernolocal.org\/acento-local\/#\/schema\/person\/022a0a6b36f62f7070403c5a3426d58c\",\"name\":\"Fundaci\u00f3n Gobierno Local\",\"image\":{\"@type\":\"ImageObject\",\"inLanguage\":\"es\",\"@id\":\"https:\/\/www.gobiernolocal.org\/acento-local\/#\/schema\/person\/image\/\",\"url\":\"https:\/\/secure.gravatar.com\/avatar\/0fa5dea6ae65ded9475a6c7160b1cbc7af5bb19e5a8057c4249aa3664c5fbb21?s=96&d=mm&r=g\",\"contentUrl\":\"https:\/\/secure.gravatar.com\/avatar\/0fa5dea6ae65ded9475a6c7160b1cbc7af5bb19e5a8057c4249aa3664c5fbb21?s=96&d=mm&r=g\",\"caption\":\"Fundaci\u00f3n Gobierno Local\"},\"sameAs\":[\"https:\/\/www.gobiernolocal.org\/acento-local\"],\"url\":\"https:\/\/www.gobiernolocal.org\/acento-local\/author\/fundacion-gobierno-local\/\"}]}<\/script>\n<!-- \/ Yoast SEO plugin. -->","yoast_head_json":{"title":"Los posts m\u00e1s le\u00eddos de julio a septiembre de 2025 - Fundaci\u00f3n Democracia y Gobierno Local","robots":{"index":"index","follow":"follow","max-snippet":"max-snippet:-1","max-image-preview":"max-image-preview:large","max-video-preview":"max-video-preview:-1"},"canonical":"https:\/\/www.gobiernolocal.org\/acento-local\/los-posts-mas-leidos-de-julio-a-septiembre-de-2025\/","og_locale":"es_ES","og_type":"article","og_title":"Los posts m\u00e1s le\u00eddos de julio a septiembre de 2025 - Fundaci\u00f3n Democracia y Gobierno Local","og_description":"En este post de la pizarra destacamos los tres m\u00e1s le\u00eddos del trimestre pasado","og_url":"https:\/\/www.gobiernolocal.org\/acento-local\/los-posts-mas-leidos-de-julio-a-septiembre-de-2025\/","og_site_name":"Fundaci\u00f3n Democracia y Gobierno Local","article_published_time":"2025-10-10T05:30:00+00:00","article_modified_time":"2025-10-24T06:05:12+00:00","og_image":[{"width":800,"height":600,"url":"https:\/\/www.gobiernolocal.org\/acento-local\/wp-content\/uploads\/2025\/10\/2025_4o_1_2_3.jpg","type":"image\/jpeg"}],"author":"Fundaci\u00f3n Gobierno Local","twitter_card":"summary_large_image","twitter_misc":{"Escrito por":"Fundaci\u00f3n Gobierno Local","Tiempo de lectura":"2 minutos"},"schema":{"@context":"https:\/\/schema.org","@graph":[{"@type":"Article","@id":"https:\/\/www.gobiernolocal.org\/acento-local\/los-posts-mas-leidos-de-julio-a-septiembre-de-2025\/#article","isPartOf":{"@id":"https:\/\/www.gobiernolocal.org\/acento-local\/los-posts-mas-leidos-de-julio-a-septiembre-de-2025\/"},"author":{"name":"Fundaci\u00f3n Gobierno Local","@id":"https:\/\/www.gobiernolocal.org\/acento-local\/#\/schema\/person\/022a0a6b36f62f7070403c5a3426d58c"},"headline":"Los posts m\u00e1s le\u00eddos de julio a septiembre de 2025","datePublished":"2025-10-10T05:30:00+00:00","dateModified":"2025-10-24T06:05:12+00:00","mainEntityOfPage":{"@id":"https:\/\/www.gobiernolocal.org\/acento-local\/los-posts-mas-leidos-de-julio-a-septiembre-de-2025\/"},"wordCount":207,"commentCount":0,"publisher":{"@id":"https:\/\/www.gobiernolocal.org\/acento-local\/#organization"},"image":{"@id":"https:\/\/www.gobiernolocal.org\/acento-local\/los-posts-mas-leidos-de-julio-a-septiembre-de-2025\/#primaryimage"},"thumbnailUrl":"https:\/\/www.gobiernolocal.org\/acento-local\/wp-content\/uploads\/2025\/10\/2025_4o_1_2_3.jpg","articleSection":["La Pizarra de Acento Local"],"inLanguage":"es","potentialAction":[{"@type":"CommentAction","name":"Comment","target":["https:\/\/www.gobiernolocal.org\/acento-local\/los-posts-mas-leidos-de-julio-a-septiembre-de-2025\/#respond"]}]},{"@type":"WebPage","@id":"https:\/\/www.gobiernolocal.org\/acento-local\/los-posts-mas-leidos-de-julio-a-septiembre-de-2025\/","url":"https:\/\/www.gobiernolocal.org\/acento-local\/los-posts-mas-leidos-de-julio-a-septiembre-de-2025\/","name":"Los posts m\u00e1s le\u00eddos de julio a septiembre de 2025 - Fundaci\u00f3n Democracia y Gobierno Local","isPartOf":{"@id":"https:\/\/www.gobiernolocal.org\/acento-local\/#website"},"primaryImageOfPage":{"@id":"https:\/\/www.gobiernolocal.org\/acento-local\/los-posts-mas-leidos-de-julio-a-septiembre-de-2025\/#primaryimage"},"image":{"@id":"https:\/\/www.gobiernolocal.org\/acento-local\/los-posts-mas-leidos-de-julio-a-septiembre-de-2025\/#primaryimage"},"thumbnailUrl":"https:\/\/www.gobiernolocal.org\/acento-local\/wp-content\/uploads\/2025\/10\/2025_4o_1_2_3.jpg","datePublished":"2025-10-10T05:30:00+00:00","dateModified":"2025-10-24T06:05:12+00:00","breadcrumb":{"@id":"https:\/\/www.gobiernolocal.org\/acento-local\/los-posts-mas-leidos-de-julio-a-septiembre-de-2025\/#breadcrumb"},"inLanguage":"es","potentialAction":[{"@type":"ReadAction","target":["https:\/\/www.gobiernolocal.org\/acento-local\/los-posts-mas-leidos-de-julio-a-septiembre-de-2025\/"]}]},{"@type":"ImageObject","inLanguage":"es","@id":"https:\/\/www.gobiernolocal.org\/acento-local\/los-posts-mas-leidos-de-julio-a-septiembre-de-2025\/#primaryimage","url":"https:\/\/www.gobiernolocal.org\/acento-local\/wp-content\/uploads\/2025\/10\/2025_4o_1_2_3.jpg","contentUrl":"https:\/\/www.gobiernolocal.org\/acento-local\/wp-content\/uploads\/2025\/10\/2025_4o_1_2_3.jpg","width":800,"height":600},{"@type":"BreadcrumbList","@id":"https:\/\/www.gobiernolocal.org\/acento-local\/los-posts-mas-leidos-de-julio-a-septiembre-de-2025\/#breadcrumb","itemListElement":[{"@type":"ListItem","position":1,"name":"Portada","item":"https:\/\/www.gobiernolocal.org\/acento-local\/"},{"@type":"ListItem","position":2,"name":"Los posts m\u00e1s le\u00eddos de julio a septiembre de 2025"}]},{"@type":"WebSite","@id":"https:\/\/www.gobiernolocal.org\/acento-local\/#website","url":"https:\/\/www.gobiernolocal.org\/acento-local\/","name":"Fundaci\u00f3n Democracia y Gobierno Local","description":"Otro sitio realizado con WordPress","publisher":{"@id":"https:\/\/www.gobiernolocal.org\/acento-local\/#organization"},"potentialAction":[{"@type":"SearchAction","target":{"@type":"EntryPoint","urlTemplate":"https:\/\/www.gobiernolocal.org\/acento-local\/?s={search_term_string}"},"query-input":{"@type":"PropertyValueSpecification","valueRequired":true,"valueName":"search_term_string"}}],"inLanguage":"es"},{"@type":"Organization","@id":"https:\/\/www.gobiernolocal.org\/acento-local\/#organization","name":"Fundaci\u00f3n Democracia y Gobierno Local","url":"https:\/\/www.gobiernolocal.org\/acento-local\/","logo":{"@type":"ImageObject","inLanguage":"es","@id":"https:\/\/www.gobiernolocal.org\/acento-local\/#\/schema\/logo\/image\/","url":"https:\/\/www.gobiernolocal.org\/acento-local\/wp-content\/uploads\/2024\/09\/logo-acentoo-local.png","contentUrl":"https:\/\/www.gobiernolocal.org\/acento-local\/wp-content\/uploads\/2024\/09\/logo-acentoo-local.png","width":1005,"height":197,"caption":"Fundaci\u00f3n Democracia y Gobierno Local"},"image":{"@id":"https:\/\/www.gobiernolocal.org\/acento-local\/#\/schema\/logo\/image\/"}},{"@type":"Person","@id":"https:\/\/www.gobiernolocal.org\/acento-local\/#\/schema\/person\/022a0a6b36f62f7070403c5a3426d58c","name":"Fundaci\u00f3n Gobierno Local","image":{"@type":"ImageObject","inLanguage":"es","@id":"https:\/\/www.gobiernolocal.org\/acento-local\/#\/schema\/person\/image\/","url":"https:\/\/secure.gravatar.com\/avatar\/0fa5dea6ae65ded9475a6c7160b1cbc7af5bb19e5a8057c4249aa3664c5fbb21?s=96&d=mm&r=g","contentUrl":"https:\/\/secure.gravatar.com\/avatar\/0fa5dea6ae65ded9475a6c7160b1cbc7af5bb19e5a8057c4249aa3664c5fbb21?s=96&d=mm&r=g","caption":"Fundaci\u00f3n Gobierno Local"},"sameAs":["https:\/\/www.gobiernolocal.org\/acento-local"],"url":"https:\/\/www.gobiernolocal.org\/acento-local\/author\/fundacion-gobierno-local\/"}]}},"_links":{"self":[{"href":"https:\/\/www.gobiernolocal.org\/acento-local\/wp-json\/wp\/v2\/posts\/4524","targetHints":{"allow":["GET"]}}],"collection":[{"href":"https:\/\/www.gobiernolocal.org\/acento-local\/wp-json\/wp\/v2\/posts"}],"about":[{"href":"https:\/\/www.gobiernolocal.org\/acento-local\/wp-json\/wp\/v2\/types\/post"}],"author":[{"embeddable":true,"href":"https:\/\/www.gobiernolocal.org\/acento-local\/wp-json\/wp\/v2\/users\/2"}],"replies":[{"embeddable":true,"href":"https:\/\/www.gobiernolocal.org\/acento-local\/wp-json\/wp\/v2\/comments?post=4524"}],"version-history":[{"count":2,"href":"https:\/\/www.gobiernolocal.org\/acento-local\/wp-json\/wp\/v2\/posts\/4524\/revisions"}],"predecessor-version":[{"id":4527,"href":"https:\/\/www.gobiernolocal.org\/acento-local\/wp-json\/wp\/v2\/posts\/4524\/revisions\/4527"}],"wp:featuredmedia":[{"embeddable":true,"href":"https:\/\/www.gobiernolocal.org\/acento-local\/wp-json\/wp\/v2\/media\/4525"}],"wp:attachment":[{"href":"https:\/\/www.gobiernolocal.org\/acento-local\/wp-json\/wp\/v2\/media?parent=4524"}],"wp:term":[{"taxonomy":"category","embeddable":true,"href":"https:\/\/www.gobiernolocal.org\/acento-local\/wp-json\/wp\/v2\/categories?post=4524"},{"taxonomy":"post_tag","embeddable":true,"href":"https:\/\/www.gobiernolocal.org\/acento-local\/wp-json\/wp\/v2\/tags?post=4524"},{"taxonomy":"autor-post","embeddable":true,"href":"https:\/\/www.gobiernolocal.org\/acento-local\/wp-json\/wp\/v2\/autor-post?post=4524"}],"curies":[{"name":"wp","href":"https:\/\/api.w.org\/{rel}","templated":true}]}}