{"id":4504,"date":"2025-09-24T07:30:00","date_gmt":"2025-09-24T05:30:00","guid":{"rendered":"https:\/\/www.gobiernolocal.org\/acento-local\/?p=4504"},"modified":"2025-09-19T12:25:36","modified_gmt":"2025-09-19T10:25:36","slug":"claves-para-una-reforma-del-gobierno-local-espanol-organizacion-competencias-y-financiacion","status":"publish","type":"post","link":"https:\/\/www.gobiernolocal.org\/acento-local\/claves-para-una-reforma-del-gobierno-local-espanol-organizacion-competencias-y-financiacion\/","title":{"rendered":"Claves para una reforma del Gobierno local espa\u00f1ol: organizaci\u00f3n, competencias y financiaci\u00f3n"},"content":{"rendered":"\n<p>El r\u00e9gimen local espa\u00f1ol presenta m\u00faltiples signos de agotamiento. La organizaci\u00f3n territorial, las competencias y la financiaci\u00f3n municipal son tres dimensiones interdependientes que no pueden reformarse por separado. Abordarlas de forma conjunta es condici\u00f3n necesaria para lograr un sistema local funcional, equitativo y adaptado a la realidad socioecon\u00f3mica del pa\u00eds.<\/p>\n\n\n\n<blockquote class=\"wp-block-quote is-layout-flow wp-block-quote-is-layout-flow\">\n<p><strong>La organizaci\u00f3n territorial, las competencias y la financiaci\u00f3n municipal son tres dimensiones interdependientes que no pueden reformarse por separado.<\/strong><\/p>\n<\/blockquote>\n\n\n\n<p>La atomizaci\u00f3n territorial, la ambig\u00fcedad competencial y la insuficiencia de recursos son tres s\u00edntomas de un mismo problema estructural: un modelo heredado, desajustado y poco coherente. Este diagn\u00f3stico se apoya en un an\u00e1lisis detallado de datos emp\u00edricos, comparaciones internacionales y los principios normativos del federalismo fiscal<a href=\"#_ftn1\" id=\"_ftnref1\">[1]<\/a>.<\/p>\n\n\n\n<p>I. Una estructura territorial fragmentada e ineficiente.<\/p>\n\n\n\n<p>Espa\u00f1a cuenta con m\u00e1s de 8000 municipios, un 72 % de los cuales tiene menos de 2000 habitantes. Esta elevada fragmentaci\u00f3n contrasta con lo que ocurre en pa\u00edses como Irlanda, Reino Unido, Dinamarca o los Pa\u00edses Bajos, donde los municipios son m\u00e1s grandes y con mayor capacidad de gesti\u00f3n. La dimensi\u00f3n reducida de la mayor\u00eda de municipios espa\u00f1oles limita su eficiencia administrativa y su capacidad para prestar servicios adecuados a la ciudadan\u00eda.<\/p>\n\n\n\n<blockquote class=\"wp-block-quote is-layout-flow wp-block-quote-is-layout-flow\">\n<p><strong>La dimensi\u00f3n reducida de la mayor\u00eda de municipios espa\u00f1oles limita su eficiencia administrativa y su capacidad para prestar servicios adecuados a la ciudadan\u00eda.<\/strong><\/p>\n<\/blockquote>\n\n\n\n<p>La literatura internacional y la experiencia de pa\u00edses como Dinamarca, Finlandia o Suecia muestran que la fusi\u00f3n de municipios permite generar econom\u00edas de escala, reducir costes administrativos y mejorar la calidad democr\u00e1tica y la oferta de servicios p\u00fablicos. Sin embargo, las propuestas de fusi\u00f3n impulsadas en Espa\u00f1a han fracasado, pese a los incentivos previstos por la Ley 27\/2013. La resistencia local, la falta de voluntad pol\u00edtica y un dise\u00f1o institucional poco atractivo han sido los principales obst\u00e1culos.<\/p>\n\n\n\n<p>Frente a la dificultad de las fusiones, se ha promovido la cooperaci\u00f3n intermunicipal, especialmente a trav\u00e9s de mancomunidades. Esta f\u00f3rmula preserva la autonom\u00eda local, permite compartir servicios y puede generar ahorros. No obstante, su efectividad depende del compromiso pol\u00edtico, de una financiaci\u00f3n estable y de una buena gobernanza, lo que no siempre se garantiza.<\/p>\n\n\n\n<p>Adem\u00e1s, existen entidades supramunicipales, como las provincias y las comarcas, cuya utilidad y legitimidad est\u00e1n cada vez m\u00e1s cuestionadas. Las provincias, por ejemplo, carecen de un sistema fiscal propio, dependen completamente de transferencias estatales y no han logrado resolver los d\u00e9ficits de escala de los peque\u00f1os municipios. En comunidades aut\u00f3nomas como Catalu\u00f1a, las comarcas han tenido un desarrollo parcial y limitado, y no han logrado sustituir eficazmente a las provincias.<\/p>\n\n\n\n<p>En definitiva, el modelo territorial actual combina fragmentaci\u00f3n, solapamientos competenciales y estructuras poco eficientes. La reorganizaci\u00f3n territorial es una condici\u00f3n b\u00e1sica para mejorar el funcionamiento del sistema local, y debe contemplar tanto la fusi\u00f3n voluntaria de municipios como la consolidaci\u00f3n de f\u00f3rmulas cooperativas y supramunicipales coherentes y estables.<\/p>\n\n\n\n<blockquote class=\"wp-block-quote is-layout-flow wp-block-quote-is-layout-flow\">\n<p><strong>La reorganizaci\u00f3n territorial es una condici\u00f3n b\u00e1sica para mejorar el funcionamiento del sistema local.<\/strong><\/p>\n<\/blockquote>\n\n\n\n<p>II. Un marco competencial ambiguo, cambiante y desigual.<\/p>\n\n\n\n<p>El marco legal que regula las competencias municipales, establecido en la Ley 7\/1985 y modificado por la Ley 27\/2013, define un cat\u00e1logo de servicios obligatorios seg\u00fan tramos de poblaci\u00f3n. No obstante, los ayuntamientos pueden \u2014y a menudo lo hacen\u2014 asumir competencias adicionales, muchas veces sin tener los recursos necesarios.<\/p>\n\n\n\n<p>Adem\u00e1s, el marco competencial ha evolucionado sin planificaci\u00f3n. Nuevas normativas sectoriales, tanto estatales como auton\u00f3micas, han generado nuevas obligaciones, sin que estas vayan acompa\u00f1adas de financiaci\u00f3n adecuada. Esta evoluci\u00f3n fragmentada ha provocado un desajuste creciente entre las competencias asumidas por los municipios y los recursos de los que disponen.<\/p>\n\n\n\n<blockquote class=\"wp-block-quote is-layout-flow wp-block-quote-is-layout-flow\">\n<p><strong>Nuevas normativas sectoriales, tanto estatales como auton\u00f3micas, han generado nuevas obligaciones, sin que estas vayan acompa\u00f1adas de financiaci\u00f3n adecuada. Esta evoluci\u00f3n fragmentada ha provocado un desajuste creciente entre las competencias asumidas por los municipios y los recursos de los que disponen.<\/strong><\/p>\n<\/blockquote>\n\n\n\n<p>La mayor\u00eda de municipios peque\u00f1os destinan un 25 % de su gasto a servicios generales y \u00f3rganos de gobierno, lo que evidencia sus problemas de escala y operatividad. En cambio, los municipios grandes concentran m\u00e1s gasto en servicios de transporte, seguridad, medio ambiente o pol\u00edticas sociales, que tienen un mayor componente redistributivo.<\/p>\n\n\n\n<p>A su vez, se ha generalizado la prestaci\u00f3n de servicios como las guarder\u00edas, aunque no sean obligatorios. Pero su financiaci\u00f3n se apoya en precios p\u00fablicos y transferencias espec\u00edficas que solo cubren parcialmente el coste total. Por ejemplo, en el caso de la provincia de Barcelona, los municipios deben cubrir con recursos propios m\u00e1s del 50 % del gasto en guarder\u00edas. Esto muestra que la asunci\u00f3n voluntaria de competencias por parte de los ayuntamientos genera una carga financiera que no es reconocida ni compensada por el modelo vigente.<\/p>\n\n\n\n<blockquote class=\"wp-block-quote is-layout-flow wp-block-quote-is-layout-flow\">\n<p><strong>La asunci\u00f3n voluntaria de competencias por parte de los ayuntamientos genera una carga financiera que no es reconocida ni compensada por el modelo vigente.<\/strong><\/p>\n<\/blockquote>\n\n\n\n<p>Este marco abierto y din\u00e1mico de competencias exige un sistema de financiaci\u00f3n que tambi\u00e9n sea flexible, adaptativo y capaz de responder a las distintas realidades municipales. No todos los municipios prestan los mismos servicios, ni tienen las mismas necesidades, y por tanto no deber\u00edan financiarse del mismo modo.<\/p>\n\n\n\n<p>III. Un sistema de financiaci\u00f3n anclado en el pasado.<\/p>\n\n\n\n<p style=\"margin-left:var(--wp--preset--spacing--70)\">El modelo de financiaci\u00f3n municipal vigente se basa en una estructura dise\u00f1ada en 1988 y reformada, en parte, en 2002. Desde entonces, no ha habido una revisi\u00f3n profunda, pese a los cambios econ\u00f3micos, sociales y normativos experimentados. Como resultado, el modelo presenta hoy serias deficiencias a la luz de los principios del federalismo fiscal.<\/p>\n\n\n\n<blockquote class=\"wp-block-quote is-layout-flow wp-block-quote-is-layout-flow\">\n<p><strong>El modelo presenta hoy serias deficiencias a la luz de los principios del federalismo fiscal.<\/strong><\/p>\n<\/blockquote>\n\n\n\n<p style=\"margin-left:var(--wp--preset--spacing--70)\">a) Suficiencia financiera<\/p>\n\n\n\n<p>El sistema actual no asegura que todos los municipios tengan recursos suficientes para cumplir con sus competencias. La subvenci\u00f3n incondicionada del Estado no se calcula en funci\u00f3n de las necesidades reales, ni ha sido actualizada adecuadamente. Esto genera un creciente desequilibrio en contra de los Gobiernos municipales, que deben asumir m\u00e1s competencias con menos recursos.<\/p>\n\n\n\n<blockquote class=\"wp-block-quote is-layout-flow wp-block-quote-is-layout-flow\">\n<p><strong>La subvenci\u00f3n incondicionada del Estado no se calcula en funci\u00f3n de las necesidades reales, ni ha sido actualizada adecuadamente.<\/strong> <strong>Esto genera un creciente desequilibrio en contra de los Gobiernos municipales, que deben asumir m\u00e1s competencias con menos recursos.<\/strong><\/p>\n<\/blockquote>\n\n\n\n<p style=\"margin-left:var(--wp--preset--spacing--70)\">b) Autonom\u00eda financiera<\/p>\n\n\n\n<p>Aproximadamente un 54 % de los ingresos municipales procede de fuentes propias (impuestos, tasas y precios p\u00fablicos), lo que deja un amplio margen de dependencia respecto a otras Administraciones. Aunque los ayuntamientos tienen cierta capacidad normativa sobre sus tributos, esta es limitada. Aumentar la autonom\u00eda fiscal permitir\u00eda fortalecer la corresponsabilidad y la rendici\u00f3n de cuentas a nivel local.<\/p>\n\n\n\n<blockquote class=\"wp-block-quote is-layout-flow wp-block-quote-is-layout-flow\">\n<p><strong>Aumentar la autonom\u00eda fiscal permitir\u00eda fortalecer la corresponsabilidad y la rendici\u00f3n de cuentas a nivel local.<\/strong><\/p>\n<\/blockquote>\n\n\n\n<p style=\"margin-left:var(--wp--preset--spacing--70)\">c) Equidad horizontal<\/p>\n\n\n\n<p>La distribuci\u00f3n de la subvenci\u00f3n incondicionada que reciben los municipios del Gobierno central no responde a un criterio claro de nivelaci\u00f3n. Las variables y ponderaciones utilizadas para calcular la capacidad fiscal y las necesidades no est\u00e1n justificadas, y el sistema no cuenta con mecanismos de actualizaci\u00f3n efectivos. El resultado es que las diferencias de recursos por habitante entre municipios son muy significativas y no se corrigen adecuadamente, lo que incumple el principio de equidad horizontal.<\/p>\n\n\n\n<blockquote class=\"wp-block-quote is-layout-flow wp-block-quote-is-layout-flow\">\n<p><strong>Aumentar la autonom\u00eda fiscal permitir\u00eda fortalecer la corresponsabilidad y la rendici\u00f3n de cuentas a nivel local.<\/strong><\/p>\n<\/blockquote>\n\n\n\n<p>IV. Hacia un nuevo modelo: estabilidad, flexibilidad y corresponsabilidad.<\/p>\n\n\n\n<p>Se deber\u00eda avanzar hacia un modelo de financiaci\u00f3n local basado en una doble base tributaria: la propiedad inmobiliaria y la renta\/actividad econ\u00f3mica. Este sistema permitir\u00eda combinar estabilidad \u2014a trav\u00e9s del IBI\u2014 y flexibilidad \u2014a trav\u00e9s de la imposici\u00f3n sobre la renta\u2014, siguiendo el ejemplo de pa\u00edses como Alemania o B\u00e9lgica.<\/p>\n\n\n\n<blockquote class=\"wp-block-quote is-layout-flow wp-block-quote-is-layout-flow\">\n<p><strong>Se deber\u00eda avanzar hacia un modelo de financiaci\u00f3n local basado en una doble base tributaria: la propiedad inmobiliaria y la renta\/actividad econ\u00f3mica.<\/strong><\/p>\n<\/blockquote>\n\n\n\n<p>En concreto, el IBI deber\u00eda mantener su papel central, pero reformarse en varios aspectos:<\/p>\n\n\n\n<ul class=\"wp-block-list\">\n<li>Revisi\u00f3n del bloque de exenciones y beneficios fiscales.<\/li>\n\n\n\n<li>Diferenciaci\u00f3n del impuesto seg\u00fan el uso del inmueble.<\/li>\n\n\n\n<li>Actualizaci\u00f3n progresiva de los valores catastrales.<\/li>\n\n\n\n<li>Mayor implicaci\u00f3n de los Gobiernos locales en la gesti\u00f3n catastral.<\/li>\n<\/ul>\n\n\n\n<p>Por su parte, la participaci\u00f3n actual de los municipios de m\u00e1s de 75 000 habitantes en el IRPF deber\u00eda transformarse en un recargo aut\u00f3nomo aplicado por todos los municipios, no solo los de mayor tama\u00f1o. Asimismo, el IAE deber\u00eda redise\u00f1arse para convertirse en un aut\u00e9ntico impuesto sobre la actividad econ\u00f3mica, m\u00e1s eficiente y menos distorsionador.<\/p>\n\n\n\n<p>Otros tributos podr\u00edan asumir funciones complementarias o reorientarse, como el impuesto de circulaci\u00f3n, que podr\u00eda evolucionar hacia un impuesto ambiental que incentive el uso de veh\u00edculos menos contaminantes.<\/p>\n\n\n\n<p>Y, al mismo tiempo, deber\u00eda reformularse el c\u00e1lculo de la actual subvenci\u00f3n incondicionada que reciben los municipios, procedente de la Administraci\u00f3n central, con el objetivo de convertirla en un verdadero mecanismo de nivelaci\u00f3n y contribuir a dar cumplimiento a un objetivo de equidad intermunicipal.<\/p>\n\n\n\n<p>En resumen, una reforma efectiva del r\u00e9gimen local en Espa\u00f1a exige repensar conjuntamente el dise\u00f1o territorial, el marco competencial y el modelo de financiaci\u00f3n;solo as\u00ed se podr\u00e1avanzar hacia un sistema municipal m\u00e1s eficaz, justo y sostenible.<\/p>\n\n\n\n<p>Autor\/a:&nbsp;<strong>N\u00faria Bosch Roca&nbsp;<\/strong>y<strong>&nbsp;Maite Vilalta Ferrer<\/strong><\/p>\n\n\n\n<p class=\"has-small-font-size\"><em>imagen: <\/em><a href=\"https:\/\/www.istockphoto.com\/es\/portfolio\/narvovexar?mediatype=photography\">\u00abiStock.com\/narvo vexar\/\u00bb<\/a><\/p>\n\n\n\n<hr class=\"wp-block-separator has-alpha-channel-opacity\"\/>\n\n\n\n<p><a id=\"_ftn1\" href=\"#_ftnref1\">[1]<\/a> Ver <a href=\"https:\/\/gobiernolocal.org\/anuario-de-hacienda-local-ahl-22025\/\" target=\"_blank\" rel=\"noreferrer noopener\">Bosch Roca, N. y Vilalta Ferrer, M. (2025). Organizaci\u00f3n territorial, competencias y financiaci\u00f3n municipal: tres aspectos que deben ser analizados conjuntamente. <em>Anuario de Hacienda Local<\/em>, 2, 11-43<\/a>.<\/p>\n","protected":false},"excerpt":{"rendered":"<p>La organizaci\u00f3n territorial, el marco competencial y el modelo de financiaci\u00f3n municipal en Espa\u00f1a deben analizarse y reformarse de forma conjunta. A partir de un an\u00e1lisis comparado y detallado del sistema local espa\u00f1ol, se identifican graves disfunciones relacionadas con la fragmentaci\u00f3n municipal, la ambig\u00fcedad competencial y la insuficiencia financiera. Se propone una reestructuraci\u00f3n integral basada en principios de eficiencia, autonom\u00eda y equidad.<\/p>\n","protected":false},"author":2,"featured_media":4505,"comment_status":"open","ping_status":"open","sticky":false,"template":"","format":"standard","meta":{"site-sidebar-layout":"default","site-content-layout":"","ast-site-content-layout":"default","site-content-style":"default","site-sidebar-style":"default","ast-global-header-display":"","ast-banner-title-visibility":"","ast-main-header-display":"","ast-hfb-above-header-display":"","ast-hfb-below-header-display":"","ast-hfb-mobile-header-display":"","site-post-title":"","ast-breadcrumbs-content":"","ast-featured-img":"","footer-sml-layout":"","ast-disable-related-posts":"","theme-transparent-header-meta":"","adv-header-id-meta":"","stick-header-meta":"","header-above-stick-meta":"","header-main-stick-meta":"","header-below-stick-meta":"","astra-migrate-meta-layouts":"set","ast-page-background-enabled":"default","ast-page-background-meta":{"desktop":{"background-color":"var(--ast-global-color-4)","background-image":"","background-repeat":"repeat","background-position":"center center","background-size":"auto","background-attachment":"scroll","background-type":"","background-media":"","overlay-type":"","overlay-color":"","overlay-opacity":"","overlay-gradient":""},"tablet":{"background-color":"","background-image":"","background-repeat":"repeat","background-position":"center center","background-size":"auto","background-attachment":"scroll","background-type":"","background-media":"","overlay-type":"","overlay-color":"","overlay-opacity":"","overlay-gradient":""},"mobile":{"background-color":"","background-image":"","background-repeat":"repeat","background-position":"center center","background-size":"auto","background-attachment":"scroll","background-type":"","background-media":"","overlay-type":"","overlay-color":"","overlay-opacity":"","overlay-gradient":""}},"ast-content-background-meta":{"desktop":{"background-color":"var(--ast-global-color-5)","background-image":"","background-repeat":"repeat","background-position":"center center","background-size":"auto","background-attachment":"scroll","background-type":"","background-media":"","overlay-type":"","overlay-color":"","overlay-opacity":"","overlay-gradient":""},"tablet":{"background-color":"var(--ast-global-color-5)","background-image":"","background-repeat":"repeat","background-position":"center center","background-size":"auto","background-attachment":"scroll","background-type":"","background-media":"","overlay-type":"","overlay-color":"","overlay-opacity":"","overlay-gradient":""},"mobile":{"background-color":"var(--ast-global-color-5)","background-image":"","background-repeat":"repeat","background-position":"center center","background-size":"auto","background-attachment":"scroll","background-type":"","background-media":"","overlay-type":"","overlay-color":"","overlay-opacity":"","overlay-gradient":""}},"area-autor":{"item-0":{"nombre-del-autor":"N\u00faria Bosch Roca y Maite Vilalta Ferrer","cargo-autor":"Profesoras de Hacienda P\u00fablica de la Universidad de Barcelona. Directoras del Observatorio de Federalismo Fiscal-IEB","foto-autor":""}},"footnotes":""},"categories":[21],"tags":[51,94,63,62,103],"autor-post":[204,203],"class_list":["post-4504","post","type-post","status-publish","format-standard","has-post-thumbnail","hentry","category-innovacion-y-sostenibilidad","tag-autonomia-local","tag-buena-administracion","tag-competencias","tag-diputaciones","tag-financiacion","autor-post-maite-vilalta-ferrer","autor-post-nuria-bosch-roca"],"yoast_head":"<!-- This site is optimized with the Yoast SEO plugin v27.0 - https:\/\/yoast.com\/product\/yoast-seo-wordpress\/ -->\n<title>Claves para una reforma del Gobierno local espa\u00f1ol: organizaci\u00f3n, competencias y financiaci\u00f3n - Fundaci\u00f3n Democracia y Gobierno Local<\/title>\n<meta name=\"robots\" content=\"index, follow, max-snippet:-1, max-image-preview:large, max-video-preview:-1\" \/>\n<link rel=\"canonical\" href=\"https:\/\/www.gobiernolocal.org\/acento-local\/claves-para-una-reforma-del-gobierno-local-espanol-organizacion-competencias-y-financiacion\/\" \/>\n<meta property=\"og:locale\" content=\"es_ES\" \/>\n<meta property=\"og:type\" content=\"article\" \/>\n<meta property=\"og:title\" content=\"Claves para una reforma del Gobierno local espa\u00f1ol: organizaci\u00f3n, competencias y financiaci\u00f3n - Fundaci\u00f3n Democracia y Gobierno Local\" \/>\n<meta property=\"og:description\" content=\"La organizaci\u00f3n territorial, el marco competencial y el modelo de financiaci\u00f3n municipal en Espa\u00f1a deben analizarse y reformarse de forma conjunta. A partir de un an\u00e1lisis comparado y detallado del sistema local espa\u00f1ol, se identifican graves disfunciones relacionadas con la fragmentaci\u00f3n municipal, la ambig\u00fcedad competencial y la insuficiencia financiera. Se propone una reestructuraci\u00f3n integral basada en principios de eficiencia, autonom\u00eda y equidad.\" \/>\n<meta property=\"og:url\" content=\"https:\/\/www.gobiernolocal.org\/acento-local\/claves-para-una-reforma-del-gobierno-local-espanol-organizacion-competencias-y-financiacion\/\" \/>\n<meta property=\"og:site_name\" content=\"Fundaci\u00f3n Democracia y Gobierno Local\" \/>\n<meta property=\"article:published_time\" content=\"2025-09-24T05:30:00+00:00\" \/>\n<meta property=\"og:image\" content=\"https:\/\/www.gobiernolocal.org\/acento-local\/wp-content\/uploads\/2025\/09\/250924_800_01.jpg\" \/>\n\t<meta property=\"og:image:width\" content=\"800\" \/>\n\t<meta property=\"og:image:height\" content=\"450\" \/>\n\t<meta property=\"og:image:type\" content=\"image\/jpeg\" \/>\n<meta name=\"author\" content=\"Fundaci\u00f3n Gobierno Local\" \/>\n<meta name=\"twitter:card\" content=\"summary_large_image\" \/>\n<meta name=\"twitter:label1\" content=\"Escrito por\" \/>\n\t<meta name=\"twitter:data1\" content=\"Fundaci\u00f3n Gobierno Local\" \/>\n\t<meta name=\"twitter:label2\" content=\"Tiempo de lectura\" \/>\n\t<meta name=\"twitter:data2\" content=\"7 minutos\" \/>\n<script type=\"application\/ld+json\" class=\"yoast-schema-graph\">{\"@context\":\"https:\/\/schema.org\",\"@graph\":[{\"@type\":\"Article\",\"@id\":\"https:\/\/www.gobiernolocal.org\/acento-local\/claves-para-una-reforma-del-gobierno-local-espanol-organizacion-competencias-y-financiacion\/#article\",\"isPartOf\":{\"@id\":\"https:\/\/www.gobiernolocal.org\/acento-local\/claves-para-una-reforma-del-gobierno-local-espanol-organizacion-competencias-y-financiacion\/\"},\"author\":{\"name\":\"Fundaci\u00f3n Gobierno Local\",\"@id\":\"https:\/\/www.gobiernolocal.org\/acento-local\/#\/schema\/person\/022a0a6b36f62f7070403c5a3426d58c\"},\"headline\":\"Claves para una reforma del Gobierno local espa\u00f1ol: organizaci\u00f3n, competencias y financiaci\u00f3n\",\"datePublished\":\"2025-09-24T05:30:00+00:00\",\"mainEntityOfPage\":{\"@id\":\"https:\/\/www.gobiernolocal.org\/acento-local\/claves-para-una-reforma-del-gobierno-local-espanol-organizacion-competencias-y-financiacion\/\"},\"wordCount\":1685,\"commentCount\":0,\"publisher\":{\"@id\":\"https:\/\/www.gobiernolocal.org\/acento-local\/#organization\"},\"image\":{\"@id\":\"https:\/\/www.gobiernolocal.org\/acento-local\/claves-para-una-reforma-del-gobierno-local-espanol-organizacion-competencias-y-financiacion\/#primaryimage\"},\"thumbnailUrl\":\"https:\/\/www.gobiernolocal.org\/acento-local\/wp-content\/uploads\/2025\/09\/250924_800_01.jpg\",\"keywords\":[\"Autonom\u00eda local\",\"Buena administraci\u00f3n\",\"Competencias\",\"Diputaciones\",\"Financiaci\u00f3n\"],\"articleSection\":[\"Innovaci\u00f3n y Sostenibilidad\"],\"inLanguage\":\"es\",\"potentialAction\":[{\"@type\":\"CommentAction\",\"name\":\"Comment\",\"target\":[\"https:\/\/www.gobiernolocal.org\/acento-local\/claves-para-una-reforma-del-gobierno-local-espanol-organizacion-competencias-y-financiacion\/#respond\"]}]},{\"@type\":\"WebPage\",\"@id\":\"https:\/\/www.gobiernolocal.org\/acento-local\/claves-para-una-reforma-del-gobierno-local-espanol-organizacion-competencias-y-financiacion\/\",\"url\":\"https:\/\/www.gobiernolocal.org\/acento-local\/claves-para-una-reforma-del-gobierno-local-espanol-organizacion-competencias-y-financiacion\/\",\"name\":\"Claves para una reforma del Gobierno local espa\u00f1ol: organizaci\u00f3n, competencias y financiaci\u00f3n - Fundaci\u00f3n Democracia y Gobierno Local\",\"isPartOf\":{\"@id\":\"https:\/\/www.gobiernolocal.org\/acento-local\/#website\"},\"primaryImageOfPage\":{\"@id\":\"https:\/\/www.gobiernolocal.org\/acento-local\/claves-para-una-reforma-del-gobierno-local-espanol-organizacion-competencias-y-financiacion\/#primaryimage\"},\"image\":{\"@id\":\"https:\/\/www.gobiernolocal.org\/acento-local\/claves-para-una-reforma-del-gobierno-local-espanol-organizacion-competencias-y-financiacion\/#primaryimage\"},\"thumbnailUrl\":\"https:\/\/www.gobiernolocal.org\/acento-local\/wp-content\/uploads\/2025\/09\/250924_800_01.jpg\",\"datePublished\":\"2025-09-24T05:30:00+00:00\",\"breadcrumb\":{\"@id\":\"https:\/\/www.gobiernolocal.org\/acento-local\/claves-para-una-reforma-del-gobierno-local-espanol-organizacion-competencias-y-financiacion\/#breadcrumb\"},\"inLanguage\":\"es\",\"potentialAction\":[{\"@type\":\"ReadAction\",\"target\":[\"https:\/\/www.gobiernolocal.org\/acento-local\/claves-para-una-reforma-del-gobierno-local-espanol-organizacion-competencias-y-financiacion\/\"]}]},{\"@type\":\"ImageObject\",\"inLanguage\":\"es\",\"@id\":\"https:\/\/www.gobiernolocal.org\/acento-local\/claves-para-una-reforma-del-gobierno-local-espanol-organizacion-competencias-y-financiacion\/#primaryimage\",\"url\":\"https:\/\/www.gobiernolocal.org\/acento-local\/wp-content\/uploads\/2025\/09\/250924_800_01.jpg\",\"contentUrl\":\"https:\/\/www.gobiernolocal.org\/acento-local\/wp-content\/uploads\/2025\/09\/250924_800_01.jpg\",\"width\":800,\"height\":450},{\"@type\":\"BreadcrumbList\",\"@id\":\"https:\/\/www.gobiernolocal.org\/acento-local\/claves-para-una-reforma-del-gobierno-local-espanol-organizacion-competencias-y-financiacion\/#breadcrumb\",\"itemListElement\":[{\"@type\":\"ListItem\",\"position\":1,\"name\":\"Portada\",\"item\":\"https:\/\/www.gobiernolocal.org\/acento-local\/\"},{\"@type\":\"ListItem\",\"position\":2,\"name\":\"Claves para una reforma del Gobierno local espa\u00f1ol: organizaci\u00f3n, competencias y financiaci\u00f3n\"}]},{\"@type\":\"WebSite\",\"@id\":\"https:\/\/www.gobiernolocal.org\/acento-local\/#website\",\"url\":\"https:\/\/www.gobiernolocal.org\/acento-local\/\",\"name\":\"Fundaci\u00f3n Democracia y Gobierno Local\",\"description\":\"Otro sitio realizado con WordPress\",\"publisher\":{\"@id\":\"https:\/\/www.gobiernolocal.org\/acento-local\/#organization\"},\"potentialAction\":[{\"@type\":\"SearchAction\",\"target\":{\"@type\":\"EntryPoint\",\"urlTemplate\":\"https:\/\/www.gobiernolocal.org\/acento-local\/?s={search_term_string}\"},\"query-input\":{\"@type\":\"PropertyValueSpecification\",\"valueRequired\":true,\"valueName\":\"search_term_string\"}}],\"inLanguage\":\"es\"},{\"@type\":\"Organization\",\"@id\":\"https:\/\/www.gobiernolocal.org\/acento-local\/#organization\",\"name\":\"Fundaci\u00f3n Democracia y Gobierno Local\",\"url\":\"https:\/\/www.gobiernolocal.org\/acento-local\/\",\"logo\":{\"@type\":\"ImageObject\",\"inLanguage\":\"es\",\"@id\":\"https:\/\/www.gobiernolocal.org\/acento-local\/#\/schema\/logo\/image\/\",\"url\":\"https:\/\/www.gobiernolocal.org\/acento-local\/wp-content\/uploads\/2024\/09\/logo-acentoo-local.png\",\"contentUrl\":\"https:\/\/www.gobiernolocal.org\/acento-local\/wp-content\/uploads\/2024\/09\/logo-acentoo-local.png\",\"width\":1005,\"height\":197,\"caption\":\"Fundaci\u00f3n Democracia y Gobierno Local\"},\"image\":{\"@id\":\"https:\/\/www.gobiernolocal.org\/acento-local\/#\/schema\/logo\/image\/\"}},{\"@type\":\"Person\",\"@id\":\"https:\/\/www.gobiernolocal.org\/acento-local\/#\/schema\/person\/022a0a6b36f62f7070403c5a3426d58c\",\"name\":\"Fundaci\u00f3n Gobierno Local\",\"image\":{\"@type\":\"ImageObject\",\"inLanguage\":\"es\",\"@id\":\"https:\/\/www.gobiernolocal.org\/acento-local\/#\/schema\/person\/image\/\",\"url\":\"https:\/\/secure.gravatar.com\/avatar\/0fa5dea6ae65ded9475a6c7160b1cbc7af5bb19e5a8057c4249aa3664c5fbb21?s=96&d=mm&r=g\",\"contentUrl\":\"https:\/\/secure.gravatar.com\/avatar\/0fa5dea6ae65ded9475a6c7160b1cbc7af5bb19e5a8057c4249aa3664c5fbb21?s=96&d=mm&r=g\",\"caption\":\"Fundaci\u00f3n Gobierno Local\"},\"sameAs\":[\"https:\/\/www.gobiernolocal.org\/acento-local\"],\"url\":\"https:\/\/www.gobiernolocal.org\/acento-local\/author\/fundacion-gobierno-local\/\"}]}<\/script>\n<!-- \/ Yoast SEO plugin. -->","yoast_head_json":{"title":"Claves para una reforma del Gobierno local espa\u00f1ol: organizaci\u00f3n, competencias y financiaci\u00f3n - Fundaci\u00f3n Democracia y Gobierno Local","robots":{"index":"index","follow":"follow","max-snippet":"max-snippet:-1","max-image-preview":"max-image-preview:large","max-video-preview":"max-video-preview:-1"},"canonical":"https:\/\/www.gobiernolocal.org\/acento-local\/claves-para-una-reforma-del-gobierno-local-espanol-organizacion-competencias-y-financiacion\/","og_locale":"es_ES","og_type":"article","og_title":"Claves para una reforma del Gobierno local espa\u00f1ol: organizaci\u00f3n, competencias y financiaci\u00f3n - Fundaci\u00f3n Democracia y Gobierno Local","og_description":"La organizaci\u00f3n territorial, el marco competencial y el modelo de financiaci\u00f3n municipal en Espa\u00f1a deben analizarse y reformarse de forma conjunta. A partir de un an\u00e1lisis comparado y detallado del sistema local espa\u00f1ol, se identifican graves disfunciones relacionadas con la fragmentaci\u00f3n municipal, la ambig\u00fcedad competencial y la insuficiencia financiera. Se propone una reestructuraci\u00f3n integral basada en principios de eficiencia, autonom\u00eda y equidad.","og_url":"https:\/\/www.gobiernolocal.org\/acento-local\/claves-para-una-reforma-del-gobierno-local-espanol-organizacion-competencias-y-financiacion\/","og_site_name":"Fundaci\u00f3n Democracia y Gobierno Local","article_published_time":"2025-09-24T05:30:00+00:00","og_image":[{"width":800,"height":450,"url":"https:\/\/www.gobiernolocal.org\/acento-local\/wp-content\/uploads\/2025\/09\/250924_800_01.jpg","type":"image\/jpeg"}],"author":"Fundaci\u00f3n Gobierno Local","twitter_card":"summary_large_image","twitter_misc":{"Escrito por":"Fundaci\u00f3n Gobierno Local","Tiempo de lectura":"7 minutos"},"schema":{"@context":"https:\/\/schema.org","@graph":[{"@type":"Article","@id":"https:\/\/www.gobiernolocal.org\/acento-local\/claves-para-una-reforma-del-gobierno-local-espanol-organizacion-competencias-y-financiacion\/#article","isPartOf":{"@id":"https:\/\/www.gobiernolocal.org\/acento-local\/claves-para-una-reforma-del-gobierno-local-espanol-organizacion-competencias-y-financiacion\/"},"author":{"name":"Fundaci\u00f3n Gobierno Local","@id":"https:\/\/www.gobiernolocal.org\/acento-local\/#\/schema\/person\/022a0a6b36f62f7070403c5a3426d58c"},"headline":"Claves para una reforma del Gobierno local espa\u00f1ol: organizaci\u00f3n, competencias y financiaci\u00f3n","datePublished":"2025-09-24T05:30:00+00:00","mainEntityOfPage":{"@id":"https:\/\/www.gobiernolocal.org\/acento-local\/claves-para-una-reforma-del-gobierno-local-espanol-organizacion-competencias-y-financiacion\/"},"wordCount":1685,"commentCount":0,"publisher":{"@id":"https:\/\/www.gobiernolocal.org\/acento-local\/#organization"},"image":{"@id":"https:\/\/www.gobiernolocal.org\/acento-local\/claves-para-una-reforma-del-gobierno-local-espanol-organizacion-competencias-y-financiacion\/#primaryimage"},"thumbnailUrl":"https:\/\/www.gobiernolocal.org\/acento-local\/wp-content\/uploads\/2025\/09\/250924_800_01.jpg","keywords":["Autonom\u00eda local","Buena administraci\u00f3n","Competencias","Diputaciones","Financiaci\u00f3n"],"articleSection":["Innovaci\u00f3n y Sostenibilidad"],"inLanguage":"es","potentialAction":[{"@type":"CommentAction","name":"Comment","target":["https:\/\/www.gobiernolocal.org\/acento-local\/claves-para-una-reforma-del-gobierno-local-espanol-organizacion-competencias-y-financiacion\/#respond"]}]},{"@type":"WebPage","@id":"https:\/\/www.gobiernolocal.org\/acento-local\/claves-para-una-reforma-del-gobierno-local-espanol-organizacion-competencias-y-financiacion\/","url":"https:\/\/www.gobiernolocal.org\/acento-local\/claves-para-una-reforma-del-gobierno-local-espanol-organizacion-competencias-y-financiacion\/","name":"Claves para una reforma del Gobierno local espa\u00f1ol: organizaci\u00f3n, competencias y financiaci\u00f3n - Fundaci\u00f3n Democracia y Gobierno Local","isPartOf":{"@id":"https:\/\/www.gobiernolocal.org\/acento-local\/#website"},"primaryImageOfPage":{"@id":"https:\/\/www.gobiernolocal.org\/acento-local\/claves-para-una-reforma-del-gobierno-local-espanol-organizacion-competencias-y-financiacion\/#primaryimage"},"image":{"@id":"https:\/\/www.gobiernolocal.org\/acento-local\/claves-para-una-reforma-del-gobierno-local-espanol-organizacion-competencias-y-financiacion\/#primaryimage"},"thumbnailUrl":"https:\/\/www.gobiernolocal.org\/acento-local\/wp-content\/uploads\/2025\/09\/250924_800_01.jpg","datePublished":"2025-09-24T05:30:00+00:00","breadcrumb":{"@id":"https:\/\/www.gobiernolocal.org\/acento-local\/claves-para-una-reforma-del-gobierno-local-espanol-organizacion-competencias-y-financiacion\/#breadcrumb"},"inLanguage":"es","potentialAction":[{"@type":"ReadAction","target":["https:\/\/www.gobiernolocal.org\/acento-local\/claves-para-una-reforma-del-gobierno-local-espanol-organizacion-competencias-y-financiacion\/"]}]},{"@type":"ImageObject","inLanguage":"es","@id":"https:\/\/www.gobiernolocal.org\/acento-local\/claves-para-una-reforma-del-gobierno-local-espanol-organizacion-competencias-y-financiacion\/#primaryimage","url":"https:\/\/www.gobiernolocal.org\/acento-local\/wp-content\/uploads\/2025\/09\/250924_800_01.jpg","contentUrl":"https:\/\/www.gobiernolocal.org\/acento-local\/wp-content\/uploads\/2025\/09\/250924_800_01.jpg","width":800,"height":450},{"@type":"BreadcrumbList","@id":"https:\/\/www.gobiernolocal.org\/acento-local\/claves-para-una-reforma-del-gobierno-local-espanol-organizacion-competencias-y-financiacion\/#breadcrumb","itemListElement":[{"@type":"ListItem","position":1,"name":"Portada","item":"https:\/\/www.gobiernolocal.org\/acento-local\/"},{"@type":"ListItem","position":2,"name":"Claves para una reforma del Gobierno local espa\u00f1ol: organizaci\u00f3n, competencias y financiaci\u00f3n"}]},{"@type":"WebSite","@id":"https:\/\/www.gobiernolocal.org\/acento-local\/#website","url":"https:\/\/www.gobiernolocal.org\/acento-local\/","name":"Fundaci\u00f3n Democracia y Gobierno Local","description":"Otro sitio realizado con WordPress","publisher":{"@id":"https:\/\/www.gobiernolocal.org\/acento-local\/#organization"},"potentialAction":[{"@type":"SearchAction","target":{"@type":"EntryPoint","urlTemplate":"https:\/\/www.gobiernolocal.org\/acento-local\/?s={search_term_string}"},"query-input":{"@type":"PropertyValueSpecification","valueRequired":true,"valueName":"search_term_string"}}],"inLanguage":"es"},{"@type":"Organization","@id":"https:\/\/www.gobiernolocal.org\/acento-local\/#organization","name":"Fundaci\u00f3n Democracia y Gobierno Local","url":"https:\/\/www.gobiernolocal.org\/acento-local\/","logo":{"@type":"ImageObject","inLanguage":"es","@id":"https:\/\/www.gobiernolocal.org\/acento-local\/#\/schema\/logo\/image\/","url":"https:\/\/www.gobiernolocal.org\/acento-local\/wp-content\/uploads\/2024\/09\/logo-acentoo-local.png","contentUrl":"https:\/\/www.gobiernolocal.org\/acento-local\/wp-content\/uploads\/2024\/09\/logo-acentoo-local.png","width":1005,"height":197,"caption":"Fundaci\u00f3n Democracia y Gobierno Local"},"image":{"@id":"https:\/\/www.gobiernolocal.org\/acento-local\/#\/schema\/logo\/image\/"}},{"@type":"Person","@id":"https:\/\/www.gobiernolocal.org\/acento-local\/#\/schema\/person\/022a0a6b36f62f7070403c5a3426d58c","name":"Fundaci\u00f3n Gobierno Local","image":{"@type":"ImageObject","inLanguage":"es","@id":"https:\/\/www.gobiernolocal.org\/acento-local\/#\/schema\/person\/image\/","url":"https:\/\/secure.gravatar.com\/avatar\/0fa5dea6ae65ded9475a6c7160b1cbc7af5bb19e5a8057c4249aa3664c5fbb21?s=96&d=mm&r=g","contentUrl":"https:\/\/secure.gravatar.com\/avatar\/0fa5dea6ae65ded9475a6c7160b1cbc7af5bb19e5a8057c4249aa3664c5fbb21?s=96&d=mm&r=g","caption":"Fundaci\u00f3n Gobierno Local"},"sameAs":["https:\/\/www.gobiernolocal.org\/acento-local"],"url":"https:\/\/www.gobiernolocal.org\/acento-local\/author\/fundacion-gobierno-local\/"}]}},"_links":{"self":[{"href":"https:\/\/www.gobiernolocal.org\/acento-local\/wp-json\/wp\/v2\/posts\/4504","targetHints":{"allow":["GET"]}}],"collection":[{"href":"https:\/\/www.gobiernolocal.org\/acento-local\/wp-json\/wp\/v2\/posts"}],"about":[{"href":"https:\/\/www.gobiernolocal.org\/acento-local\/wp-json\/wp\/v2\/types\/post"}],"author":[{"embeddable":true,"href":"https:\/\/www.gobiernolocal.org\/acento-local\/wp-json\/wp\/v2\/users\/2"}],"replies":[{"embeddable":true,"href":"https:\/\/www.gobiernolocal.org\/acento-local\/wp-json\/wp\/v2\/comments?post=4504"}],"version-history":[{"count":5,"href":"https:\/\/www.gobiernolocal.org\/acento-local\/wp-json\/wp\/v2\/posts\/4504\/revisions"}],"predecessor-version":[{"id":4510,"href":"https:\/\/www.gobiernolocal.org\/acento-local\/wp-json\/wp\/v2\/posts\/4504\/revisions\/4510"}],"wp:featuredmedia":[{"embeddable":true,"href":"https:\/\/www.gobiernolocal.org\/acento-local\/wp-json\/wp\/v2\/media\/4505"}],"wp:attachment":[{"href":"https:\/\/www.gobiernolocal.org\/acento-local\/wp-json\/wp\/v2\/media?parent=4504"}],"wp:term":[{"taxonomy":"category","embeddable":true,"href":"https:\/\/www.gobiernolocal.org\/acento-local\/wp-json\/wp\/v2\/categories?post=4504"},{"taxonomy":"post_tag","embeddable":true,"href":"https:\/\/www.gobiernolocal.org\/acento-local\/wp-json\/wp\/v2\/tags?post=4504"},{"taxonomy":"autor-post","embeddable":true,"href":"https:\/\/www.gobiernolocal.org\/acento-local\/wp-json\/wp\/v2\/autor-post?post=4504"}],"curies":[{"name":"wp","href":"https:\/\/api.w.org\/{rel}","templated":true}]}}