{"id":4483,"date":"2025-09-17T07:30:00","date_gmt":"2025-09-17T05:30:00","guid":{"rendered":"https:\/\/www.gobiernolocal.org\/acento-local\/?p=4483"},"modified":"2025-09-11T09:40:11","modified_gmt":"2025-09-11T07:40:11","slug":"cuarenta-anos-de-relaciones-interadministrativas-bajo-la-lbrl-balance-de-una-arquitectura-institucional-compleja","status":"publish","type":"post","link":"https:\/\/www.gobiernolocal.org\/acento-local\/cuarenta-anos-de-relaciones-interadministrativas-bajo-la-lbrl-balance-de-una-arquitectura-institucional-compleja\/","title":{"rendered":"Cuarenta a\u00f1os de relaciones interadministrativas bajo la LBRL: balance de una arquitectura institucional compleja"},"content":{"rendered":"\n<p><strong>1. Fundamento normativo<\/strong><\/p>\n\n\n\n<p>El ordenamiento espa\u00f1ol, pese a contar con una Constituci\u00f3n que reconoce la autonom\u00eda local y regional (arts. 2, 137 y 140 CE), no ha articulado una teor\u00eda sistem\u00e1tica de las relaciones interadministrativas. La dispersi\u00f3n normativa inicial, como la Ley 12\/1983, del Proceso Auton\u00f3mico, y posteriormente la Ley 30\/1992, no logr\u00f3 consolidar un modelo general de articulaci\u00f3n entre entes. Por su parte, la LBRL introdujo una estructura normativa robusta que, aunque centrada en el r\u00e9gimen local, estableci\u00f3 principios operativos que se han proyectado m\u00e1s all\u00e1 de su \u00e1mbito.<\/p>\n\n\n\n<blockquote class=\"wp-block-quote is-layout-flow wp-block-quote-is-layout-flow\">\n<p><strong>El ordenamiento espa\u00f1ol, pese a contar con una Constituci\u00f3n que reconoce la autonom\u00eda local y regional, no ha articulado una teor\u00eda sistem\u00e1tica de las relaciones interadministrativas.<\/strong><\/p>\n<\/blockquote>\n\n\n\n<p>La posterior Ley 40\/2015 del R\u00e9gimen Jur\u00eddico del Sector P\u00fablico ha venido a reforzar esta arquitectura, ofreciendo una regulaci\u00f3n m\u00e1s acabada de las relaciones interadministrativas en sus diversas tipolog\u00edas: coordinaci\u00f3n, cooperaci\u00f3n, colaboraci\u00f3n y control.<\/p>\n\n\n\n<blockquote class=\"wp-block-quote is-layout-flow wp-block-quote-is-layout-flow\">\n<p><strong>La posterior Ley 40\/2015<\/strong> <strong>ha venido a reforzar esta arquitectura, ofreciendo una regulaci\u00f3n m\u00e1s acabada de las relaciones interadministrativas en sus diversas tipolog\u00edas: coordinaci\u00f3n, cooperaci\u00f3n, colaboraci\u00f3n y control.<\/strong><\/p>\n<\/blockquote>\n\n\n\n<p><strong>2. Categor\u00edas de relaciones interadministrativas<\/strong><\/p>\n\n\n\n<p><strong>a. Coordinaci\u00f3n<\/strong><\/p>\n\n\n\n<p>La coordinaci\u00f3n es entendida como una potestad de direcci\u00f3n que busca garantizar la coherencia del sistema institucional. Seg\u00fan el Tribunal Constitucional, esta t\u00e9cnica exige la existencia de un inter\u00e9s com\u00fan, la participaci\u00f3n de los entes coordinados en la elaboraci\u00f3n de las medidas y la consideraci\u00f3n de sus costes operativos. La STC 214\/1989, la STC 82\/2020 y la STC 124\/2023 han perfilado esta figura como una facultad que debe ejercerse dentro de l\u00edmites estrictos, al tratarse de una medida que puede implicar una afectaci\u00f3n sobre competencias aut\u00f3nomas.<\/p>\n\n\n\n<p>Asimismo, la Ley 40\/2015 no desarrolla exhaustivamente esta figura, aunque el art\u00edculo 59 de la LBRL prev\u00e9 algunas reglas sobre la coordinaci\u00f3n y la planificaci\u00f3n como una de sus herramientas. Desde esta perspectiva, la jurisprudencia ha determinado que su utilizaci\u00f3n debe ser subsidiaria frente a otras t\u00e9cnicas menos invasivas, como la cooperaci\u00f3n voluntaria.<\/p>\n\n\n\n<p><strong>b. Cooperaci\u00f3n<\/strong><\/p>\n\n\n\n<p>La cooperaci\u00f3n interadministrativa se ha formalizado especialmente a trav\u00e9s de convenios, regulados de forma sistem\u00e1tica por la Ley 40\/2015. La doctrina ha distinguido entre convenios con estructura contractual \u2014con obligaciones rec\u00edprocas y consecuencias jur\u00eddicas por su incumplimiento\u2014 y los que tienen por causa la consecuci\u00f3n de un fin com\u00fan de inter\u00e9s p\u00fablico, aspecto esencial para entender su naturaleza cooperativa.<\/p>\n\n\n\n<p>No obstante, la coexistencia de convenios y contratos ha generado dificultades. La Ley 9\/2017 de Contratos del Sector P\u00fablico ha absorbido parcialmente \u00e1mbitos que tradicionalmente eran objeto de cooperaci\u00f3n mediante convenios, lo que ha suscitado debates doctrinales sobre la necesidad de preservar su esencia administrativa. Por esto, los convenios entre Administraciones deben incluir cl\u00e1usulas claras sobre su objeto, obligaciones rec\u00edprocas y r\u00e9gimen de resoluci\u00f3n para evitar interpretaciones ambiguas.<\/p>\n\n\n\n<p><strong>c. Colaboraci\u00f3n<\/strong><\/p>\n\n\n\n<p>La colaboraci\u00f3n se presenta como una forma menos estructurada y m\u00e1s flexible, basada en la reciprocidad y la voluntad de apoyo mutuo. Aunque no produce efectos jur\u00eddicos equiparables a los convenios ni necesariamente conlleva consecuencias en caso de incumplimiento, su valor radica en la agilidad que ofrece ante contextos cambiantes y su utilidad para fines concretos como el intercambio de informaci\u00f3n o la asistencia t\u00e9cnica. En esa medida, no toda actuaci\u00f3n conjunta entre Administraciones requiere convenio: el intercambio de informaci\u00f3n o la colaboraci\u00f3n puntual puede formalizarse con instrumentos menos r\u00edgidos.<\/p>\n\n\n\n<p><strong>d. Control<\/strong><\/p>\n\n\n\n<p>El control interadministrativo constituye una manifestaci\u00f3n de poder institucional mediante el cual una Administraci\u00f3n reacciona sobre la actuaci\u00f3n de otra. Este puede adoptar una naturaleza sancionadora o correctiva, y puede clasificarse en funci\u00f3n de su objeto (actos concretos o actividades complejas), del momento de su ejercicio (<em>a priori<\/em> o <em>a posteriori<\/em>) o del tipo de decisi\u00f3n resultante (autorizaci\u00f3n o impugnaci\u00f3n).<\/p>\n\n\n\n<p>A diferencia de las otras formas de relaci\u00f3n, el control afecta directamente la autonom\u00eda del ente controlado y, por tanto, requiere una habilitaci\u00f3n expresa en la norma que lo regule.<\/p>\n\n\n\n<p><strong>3. Administraci\u00f3n digital: nueva dimensi\u00f3n relacional<\/strong><\/p>\n\n\n\n<p>La digitalizaci\u00f3n ha transformado profundamente las formas de cooperaci\u00f3n y colaboraci\u00f3n. A partir de la Ley 11\/2007 y del art\u00edculo 3 de la LRJSP, el uso de medios electr\u00f3nicos en las relaciones interadministrativas se ha consolidado como principio general. La interoperabilidad \u2014entendida como la capacidad de compartir informaci\u00f3n\u2014 se ha convertido en el eje central de las din\u00e1micas cooperativas en la era digital. Adem\u00e1s, la LRJSP obliga a que cualquier soluci\u00f3n tecnol\u00f3gica desarrollada con fondos p\u00fablicos sea reutilizable (arts.\u202f157\u2011158).<\/p>\n\n\n\n<p>La exigencia de mecanismos tecnol\u00f3gicos compartidos y compatibles ha dado lugar a una reformulaci\u00f3n pr\u00e1ctica de las relaciones interadministrativas, donde la eficiencia operativa y la protecci\u00f3n de datos coexisten con la necesidad de una actuaci\u00f3n conjunta. Las obligaciones derivadas de la digitalizaci\u00f3n ya no son opcionales, sino en buena medida mandatos que inciden directamente en el funcionamiento administrativo. El uso de medios electr\u00f3nicos en las relaciones interadministrativas debe garantizar tanto la eficiencia como la protecci\u00f3n de datos personales.<\/p>\n\n\n\n<blockquote class=\"wp-block-quote is-layout-flow wp-block-quote-is-layout-flow\">\n<p><strong>La exigencia de mecanismos tecnol\u00f3gicos compartidos y compatibles ha dado lugar a una reformulaci\u00f3n pr\u00e1ctica de las relaciones interadministrativas, donde la eficiencia operativa y la protecci\u00f3n de datos coexisten con la necesidad de una actuaci\u00f3n conjunta.<\/strong><\/p>\n<\/blockquote>\n\n\n\n<p><strong>4. Desaf\u00edos persistentes en la articulaci\u00f3n interadministrativa<\/strong><\/p>\n\n\n\n<p>El modelo de relaciones interadministrativas en Espa\u00f1a presenta una serie de tensiones estructurales que persisten despu\u00e9s de cuatro d\u00e9cadas:<\/p>\n\n\n\n<ul class=\"wp-block-list\">\n<li>Hibridaci\u00f3n normativa y funcional: muchos mecanismos no responden a una sola categor\u00eda jur\u00eddica, sino que integran elementos de coordinaci\u00f3n y cooperaci\u00f3n en un mismo instrumento, como ocurre con algunos convenios que pueden tener cl\u00e1usulas que den lugar a la direcci\u00f3n. Esta superposici\u00f3n puede afectar las garant\u00edas institucionales de los entes locales.<\/li>\n<\/ul>\n\n\n\n<ul class=\"wp-block-list\">\n<li>Inseguridad interpretativa: la ausencia de una teor\u00eda general sistematizada y la constante evoluci\u00f3n jurisprudencial dificultan la predicci\u00f3n y aplicaci\u00f3n uniforme de los instrumentos de relaci\u00f3n.<\/li>\n<\/ul>\n\n\n\n<ul class=\"wp-block-list\">\n<li>Limitaciones presupuestarias: la modificaci\u00f3n del art\u00edculo 57.4 de la LBRL permite a las entidades locales aportar recursos ante emergencias, pero supedita su ejecuci\u00f3n a la normativa de estabilidad presupuestaria, lo cual puede comprometer la capacidad efectiva de respuesta en situaciones cr\u00edticas.<\/li>\n<\/ul>\n\n\n\n<ul class=\"wp-block-list\">\n<li>Situaciones de emergencia: las situaciones de emergencia son cada vez m\u00e1s frecuentes y el solo uso de los instrumentos tradicionales (planes provinciales, fondos de cat\u00e1strofes) no basta. Por esto, se debe analizar constantemente el uso de mecanismos de coordinaci\u00f3n y cooperaci\u00f3n para que la adecuaci\u00f3n de estas medidas ante dichas situaciones sea eficaz. Las situaciones de emergencia no suspenden los principios de legalidad y estabilidad presupuestaria; toda respuesta extraordinaria debe fundarse en habilitaciones normativas vigentes.<\/li>\n<\/ul>\n\n\n\n<p><strong>Conclusi\u00f3n<\/strong><\/p>\n\n\n\n<p>La LBRL ha sido el punto de partida para la configuraci\u00f3n de un modelo de relaciones interadministrativas que ha evolucionado a lo largo de cuatro d\u00e9cadas. Su contribuci\u00f3n ha sido determinante para institucionalizar principios como la coordinaci\u00f3n, la cooperaci\u00f3n y la colaboraci\u00f3n. Sin embargo, el sistema actual se enfrenta a una serie de desaf\u00edos que requieren precisi\u00f3n conceptual, rigor normativo y estabilidad institucional.<\/p>\n\n\n\n<p>El fortalecimiento de este marco no depende exclusivamente de la producci\u00f3n legislativa, sino tambi\u00e9n del modo en que se aplican e interpretan los mecanismos existentes, y de la coherencia con que se armonizan los principios de unidad y autonom\u00eda dentro de un Estado descentralizado.<\/p>\n\n\n\n<p>En mi contribuci\u00f3n al <a href=\"https:\/\/gobiernolocal.org\/cuadernos-de-derecho-local-no-68\/\">n\u00famero 68 de <em>Cuadernos de Derecho Local<\/em><\/a> presento un an\u00e1lisis cr\u00edtico de la situaci\u00f3n actual y sus retos.<\/p>\n\n\n\n<p>Autor\/a: <strong>Juan Carlos Covilla<\/strong><\/p>\n\n\n\n<p class=\"has-small-font-size\"><em>imagen: <\/em><a href=\"https:\/\/www.istockphoto.com\/es\/portfolio\/BluePlanetStudio?mediatype=photography\">\u00abiStock.com\/BluePlanetStudio\/\u00bb<\/a><\/p>\n","protected":false},"excerpt":{"rendered":"<p>La Ley 7\/1985, Reguladora de las Bases del R\u00e9gimen Local (LBRL), se ha erigido como el cuerpo normativo de referencia para la organizaci\u00f3n del poder local, sentando las bases para una interacci\u00f3n estructurada entre niveles territoriales. A cuatro d\u00e9cadas de su aprobaci\u00f3n, el marco relacional entre Administraciones exige un an\u00e1lisis detenido que permita valorar los mecanismos institucionales establecidos, su desarrollo jurisprudencial y los l\u00edmites de su aplicaci\u00f3n efectiva.<\/p>\n","protected":false},"author":2,"featured_media":4485,"comment_status":"open","ping_status":"open","sticky":false,"template":"","format":"standard","meta":{"site-sidebar-layout":"default","site-content-layout":"","ast-site-content-layout":"default","site-content-style":"default","site-sidebar-style":"default","ast-global-header-display":"","ast-banner-title-visibility":"","ast-main-header-display":"","ast-hfb-above-header-display":"","ast-hfb-below-header-display":"","ast-hfb-mobile-header-display":"","site-post-title":"","ast-breadcrumbs-content":"","ast-featured-img":"","footer-sml-layout":"","ast-disable-related-posts":"","theme-transparent-header-meta":"","adv-header-id-meta":"","stick-header-meta":"","header-above-stick-meta":"","header-main-stick-meta":"","header-below-stick-meta":"","astra-migrate-meta-layouts":"set","ast-page-background-enabled":"default","ast-page-background-meta":{"desktop":{"background-color":"var(--ast-global-color-4)","background-image":"","background-repeat":"repeat","background-position":"center center","background-size":"auto","background-attachment":"scroll","background-type":"","background-media":"","overlay-type":"","overlay-color":"","overlay-opacity":"","overlay-gradient":""},"tablet":{"background-color":"","background-image":"","background-repeat":"repeat","background-position":"center center","background-size":"auto","background-attachment":"scroll","background-type":"","background-media":"","overlay-type":"","overlay-color":"","overlay-opacity":"","overlay-gradient":""},"mobile":{"background-color":"","background-image":"","background-repeat":"repeat","background-position":"center center","background-size":"auto","background-attachment":"scroll","background-type":"","background-media":"","overlay-type":"","overlay-color":"","overlay-opacity":"","overlay-gradient":""}},"ast-content-background-meta":{"desktop":{"background-color":"var(--ast-global-color-5)","background-image":"","background-repeat":"repeat","background-position":"center center","background-size":"auto","background-attachment":"scroll","background-type":"","background-media":"","overlay-type":"","overlay-color":"","overlay-opacity":"","overlay-gradient":""},"tablet":{"background-color":"var(--ast-global-color-5)","background-image":"","background-repeat":"repeat","background-position":"center center","background-size":"auto","background-attachment":"scroll","background-type":"","background-media":"","overlay-type":"","overlay-color":"","overlay-opacity":"","overlay-gradient":""},"mobile":{"background-color":"var(--ast-global-color-5)","background-image":"","background-repeat":"repeat","background-position":"center center","background-size":"auto","background-attachment":"scroll","background-type":"","background-media":"","overlay-type":"","overlay-color":"","overlay-opacity":"","overlay-gradient":""}},"area-autor":{"item-0":{"nombre-del-autor":"Juan Carlos Covilla","cargo-autor":"Profesor lector de Derecho Administrativo \u2013 Universitat Pompeu Fabra de Barcelona.<br>Correo electr\u00f3nico: <A href=\"mailto:juancarlos.covilla@upf.edu\" target=\"_blank\">juancarlos.covilla@upf.edu<\/a>","foto-autor":""}},"footnotes":""},"categories":[7],"tags":[51,94,59,82,49,52],"autor-post":[235],"class_list":["post-4483","post","type-post","status-publish","format-standard","has-post-thumbnail","hentry","category-gobernanza","tag-autonomia-local","tag-buena-administracion","tag-contratos","tag-convenios","tag-digitalizacion","tag-interoperabilidad","autor-post-juan-carlos-covilla"],"yoast_head":"<!-- This site is optimized with the Yoast SEO plugin v27.0 - https:\/\/yoast.com\/product\/yoast-seo-wordpress\/ -->\n<title>Cuarenta a\u00f1os de relaciones interadministrativas bajo la LBRL: balance de una arquitectura institucional compleja - Fundaci\u00f3n Democracia y Gobierno Local<\/title>\n<meta name=\"robots\" content=\"index, follow, max-snippet:-1, max-image-preview:large, max-video-preview:-1\" \/>\n<link rel=\"canonical\" href=\"https:\/\/www.gobiernolocal.org\/acento-local\/cuarenta-anos-de-relaciones-interadministrativas-bajo-la-lbrl-balance-de-una-arquitectura-institucional-compleja\/\" \/>\n<meta property=\"og:locale\" content=\"es_ES\" \/>\n<meta property=\"og:type\" content=\"article\" \/>\n<meta property=\"og:title\" content=\"Cuarenta a\u00f1os de relaciones interadministrativas bajo la LBRL: balance de una arquitectura institucional compleja - Fundaci\u00f3n Democracia y Gobierno Local\" \/>\n<meta property=\"og:description\" content=\"La Ley 7\/1985, Reguladora de las Bases del R\u00e9gimen Local (LBRL), se ha erigido como el cuerpo normativo de referencia para la organizaci\u00f3n del poder local, sentando las bases para una interacci\u00f3n estructurada entre niveles territoriales. A cuatro d\u00e9cadas de su aprobaci\u00f3n, el marco relacional entre Administraciones exige un an\u00e1lisis detenido que permita valorar los mecanismos institucionales establecidos, su desarrollo jurisprudencial y los l\u00edmites de su aplicaci\u00f3n efectiva.\" \/>\n<meta property=\"og:url\" content=\"https:\/\/www.gobiernolocal.org\/acento-local\/cuarenta-anos-de-relaciones-interadministrativas-bajo-la-lbrl-balance-de-una-arquitectura-institucional-compleja\/\" \/>\n<meta property=\"og:site_name\" content=\"Fundaci\u00f3n Democracia y Gobierno Local\" \/>\n<meta property=\"article:published_time\" content=\"2025-09-17T05:30:00+00:00\" \/>\n<meta property=\"og:image\" content=\"https:\/\/www.gobiernolocal.org\/acento-local\/wp-content\/uploads\/2025\/09\/250917_800_01.jpg\" \/>\n\t<meta property=\"og:image:width\" content=\"800\" \/>\n\t<meta property=\"og:image:height\" content=\"543\" \/>\n\t<meta property=\"og:image:type\" content=\"image\/jpeg\" \/>\n<meta name=\"author\" content=\"Fundaci\u00f3n Gobierno Local\" \/>\n<meta name=\"twitter:card\" content=\"summary_large_image\" \/>\n<meta name=\"twitter:label1\" content=\"Escrito por\" \/>\n\t<meta name=\"twitter:data1\" content=\"Fundaci\u00f3n Gobierno Local\" \/>\n\t<meta name=\"twitter:label2\" content=\"Tiempo de lectura\" \/>\n\t<meta name=\"twitter:data2\" content=\"6 minutos\" \/>\n<script type=\"application\/ld+json\" class=\"yoast-schema-graph\">{\"@context\":\"https:\/\/schema.org\",\"@graph\":[{\"@type\":\"Article\",\"@id\":\"https:\/\/www.gobiernolocal.org\/acento-local\/cuarenta-anos-de-relaciones-interadministrativas-bajo-la-lbrl-balance-de-una-arquitectura-institucional-compleja\/#article\",\"isPartOf\":{\"@id\":\"https:\/\/www.gobiernolocal.org\/acento-local\/cuarenta-anos-de-relaciones-interadministrativas-bajo-la-lbrl-balance-de-una-arquitectura-institucional-compleja\/\"},\"author\":{\"name\":\"Fundaci\u00f3n Gobierno Local\",\"@id\":\"https:\/\/www.gobiernolocal.org\/acento-local\/#\/schema\/person\/022a0a6b36f62f7070403c5a3426d58c\"},\"headline\":\"Cuarenta a\u00f1os de relaciones interadministrativas bajo la LBRL: balance de una arquitectura institucional compleja\",\"datePublished\":\"2025-09-17T05:30:00+00:00\",\"mainEntityOfPage\":{\"@id\":\"https:\/\/www.gobiernolocal.org\/acento-local\/cuarenta-anos-de-relaciones-interadministrativas-bajo-la-lbrl-balance-de-una-arquitectura-institucional-compleja\/\"},\"wordCount\":1343,\"commentCount\":0,\"publisher\":{\"@id\":\"https:\/\/www.gobiernolocal.org\/acento-local\/#organization\"},\"image\":{\"@id\":\"https:\/\/www.gobiernolocal.org\/acento-local\/cuarenta-anos-de-relaciones-interadministrativas-bajo-la-lbrl-balance-de-una-arquitectura-institucional-compleja\/#primaryimage\"},\"thumbnailUrl\":\"https:\/\/www.gobiernolocal.org\/acento-local\/wp-content\/uploads\/2025\/09\/250917_800_01.jpg\",\"keywords\":[\"Autonom\u00eda local\",\"Buena administraci\u00f3n\",\"Contratos\",\"Convenios\",\"Digitalizaci\u00f3n\",\"Interoperabilidad\"],\"articleSection\":[\"Gobernanza\"],\"inLanguage\":\"es\",\"potentialAction\":[{\"@type\":\"CommentAction\",\"name\":\"Comment\",\"target\":[\"https:\/\/www.gobiernolocal.org\/acento-local\/cuarenta-anos-de-relaciones-interadministrativas-bajo-la-lbrl-balance-de-una-arquitectura-institucional-compleja\/#respond\"]}]},{\"@type\":\"WebPage\",\"@id\":\"https:\/\/www.gobiernolocal.org\/acento-local\/cuarenta-anos-de-relaciones-interadministrativas-bajo-la-lbrl-balance-de-una-arquitectura-institucional-compleja\/\",\"url\":\"https:\/\/www.gobiernolocal.org\/acento-local\/cuarenta-anos-de-relaciones-interadministrativas-bajo-la-lbrl-balance-de-una-arquitectura-institucional-compleja\/\",\"name\":\"Cuarenta a\u00f1os de relaciones interadministrativas bajo la LBRL: balance de una arquitectura institucional compleja - Fundaci\u00f3n Democracia y Gobierno Local\",\"isPartOf\":{\"@id\":\"https:\/\/www.gobiernolocal.org\/acento-local\/#website\"},\"primaryImageOfPage\":{\"@id\":\"https:\/\/www.gobiernolocal.org\/acento-local\/cuarenta-anos-de-relaciones-interadministrativas-bajo-la-lbrl-balance-de-una-arquitectura-institucional-compleja\/#primaryimage\"},\"image\":{\"@id\":\"https:\/\/www.gobiernolocal.org\/acento-local\/cuarenta-anos-de-relaciones-interadministrativas-bajo-la-lbrl-balance-de-una-arquitectura-institucional-compleja\/#primaryimage\"},\"thumbnailUrl\":\"https:\/\/www.gobiernolocal.org\/acento-local\/wp-content\/uploads\/2025\/09\/250917_800_01.jpg\",\"datePublished\":\"2025-09-17T05:30:00+00:00\",\"breadcrumb\":{\"@id\":\"https:\/\/www.gobiernolocal.org\/acento-local\/cuarenta-anos-de-relaciones-interadministrativas-bajo-la-lbrl-balance-de-una-arquitectura-institucional-compleja\/#breadcrumb\"},\"inLanguage\":\"es\",\"potentialAction\":[{\"@type\":\"ReadAction\",\"target\":[\"https:\/\/www.gobiernolocal.org\/acento-local\/cuarenta-anos-de-relaciones-interadministrativas-bajo-la-lbrl-balance-de-una-arquitectura-institucional-compleja\/\"]}]},{\"@type\":\"ImageObject\",\"inLanguage\":\"es\",\"@id\":\"https:\/\/www.gobiernolocal.org\/acento-local\/cuarenta-anos-de-relaciones-interadministrativas-bajo-la-lbrl-balance-de-una-arquitectura-institucional-compleja\/#primaryimage\",\"url\":\"https:\/\/www.gobiernolocal.org\/acento-local\/wp-content\/uploads\/2025\/09\/250917_800_01.jpg\",\"contentUrl\":\"https:\/\/www.gobiernolocal.org\/acento-local\/wp-content\/uploads\/2025\/09\/250917_800_01.jpg\",\"width\":800,\"height\":543},{\"@type\":\"BreadcrumbList\",\"@id\":\"https:\/\/www.gobiernolocal.org\/acento-local\/cuarenta-anos-de-relaciones-interadministrativas-bajo-la-lbrl-balance-de-una-arquitectura-institucional-compleja\/#breadcrumb\",\"itemListElement\":[{\"@type\":\"ListItem\",\"position\":1,\"name\":\"Portada\",\"item\":\"https:\/\/www.gobiernolocal.org\/acento-local\/\"},{\"@type\":\"ListItem\",\"position\":2,\"name\":\"Cuarenta a\u00f1os de relaciones interadministrativas bajo la LBRL: balance de una arquitectura institucional compleja\"}]},{\"@type\":\"WebSite\",\"@id\":\"https:\/\/www.gobiernolocal.org\/acento-local\/#website\",\"url\":\"https:\/\/www.gobiernolocal.org\/acento-local\/\",\"name\":\"Fundaci\u00f3n Democracia y Gobierno Local\",\"description\":\"Otro sitio realizado con WordPress\",\"publisher\":{\"@id\":\"https:\/\/www.gobiernolocal.org\/acento-local\/#organization\"},\"potentialAction\":[{\"@type\":\"SearchAction\",\"target\":{\"@type\":\"EntryPoint\",\"urlTemplate\":\"https:\/\/www.gobiernolocal.org\/acento-local\/?s={search_term_string}\"},\"query-input\":{\"@type\":\"PropertyValueSpecification\",\"valueRequired\":true,\"valueName\":\"search_term_string\"}}],\"inLanguage\":\"es\"},{\"@type\":\"Organization\",\"@id\":\"https:\/\/www.gobiernolocal.org\/acento-local\/#organization\",\"name\":\"Fundaci\u00f3n Democracia y Gobierno Local\",\"url\":\"https:\/\/www.gobiernolocal.org\/acento-local\/\",\"logo\":{\"@type\":\"ImageObject\",\"inLanguage\":\"es\",\"@id\":\"https:\/\/www.gobiernolocal.org\/acento-local\/#\/schema\/logo\/image\/\",\"url\":\"https:\/\/www.gobiernolocal.org\/acento-local\/wp-content\/uploads\/2024\/09\/logo-acentoo-local.png\",\"contentUrl\":\"https:\/\/www.gobiernolocal.org\/acento-local\/wp-content\/uploads\/2024\/09\/logo-acentoo-local.png\",\"width\":1005,\"height\":197,\"caption\":\"Fundaci\u00f3n Democracia y Gobierno Local\"},\"image\":{\"@id\":\"https:\/\/www.gobiernolocal.org\/acento-local\/#\/schema\/logo\/image\/\"}},{\"@type\":\"Person\",\"@id\":\"https:\/\/www.gobiernolocal.org\/acento-local\/#\/schema\/person\/022a0a6b36f62f7070403c5a3426d58c\",\"name\":\"Fundaci\u00f3n Gobierno Local\",\"image\":{\"@type\":\"ImageObject\",\"inLanguage\":\"es\",\"@id\":\"https:\/\/www.gobiernolocal.org\/acento-local\/#\/schema\/person\/image\/\",\"url\":\"https:\/\/secure.gravatar.com\/avatar\/0fa5dea6ae65ded9475a6c7160b1cbc7af5bb19e5a8057c4249aa3664c5fbb21?s=96&d=mm&r=g\",\"contentUrl\":\"https:\/\/secure.gravatar.com\/avatar\/0fa5dea6ae65ded9475a6c7160b1cbc7af5bb19e5a8057c4249aa3664c5fbb21?s=96&d=mm&r=g\",\"caption\":\"Fundaci\u00f3n Gobierno Local\"},\"sameAs\":[\"https:\/\/www.gobiernolocal.org\/acento-local\"],\"url\":\"https:\/\/www.gobiernolocal.org\/acento-local\/author\/fundacion-gobierno-local\/\"}]}<\/script>\n<!-- \/ Yoast SEO plugin. -->","yoast_head_json":{"title":"Cuarenta a\u00f1os de relaciones interadministrativas bajo la LBRL: balance de una arquitectura institucional compleja - Fundaci\u00f3n Democracia y Gobierno Local","robots":{"index":"index","follow":"follow","max-snippet":"max-snippet:-1","max-image-preview":"max-image-preview:large","max-video-preview":"max-video-preview:-1"},"canonical":"https:\/\/www.gobiernolocal.org\/acento-local\/cuarenta-anos-de-relaciones-interadministrativas-bajo-la-lbrl-balance-de-una-arquitectura-institucional-compleja\/","og_locale":"es_ES","og_type":"article","og_title":"Cuarenta a\u00f1os de relaciones interadministrativas bajo la LBRL: balance de una arquitectura institucional compleja - Fundaci\u00f3n Democracia y Gobierno Local","og_description":"La Ley 7\/1985, Reguladora de las Bases del R\u00e9gimen Local (LBRL), se ha erigido como el cuerpo normativo de referencia para la organizaci\u00f3n del poder local, sentando las bases para una interacci\u00f3n estructurada entre niveles territoriales. A cuatro d\u00e9cadas de su aprobaci\u00f3n, el marco relacional entre Administraciones exige un an\u00e1lisis detenido que permita valorar los mecanismos institucionales establecidos, su desarrollo jurisprudencial y los l\u00edmites de su aplicaci\u00f3n efectiva.","og_url":"https:\/\/www.gobiernolocal.org\/acento-local\/cuarenta-anos-de-relaciones-interadministrativas-bajo-la-lbrl-balance-de-una-arquitectura-institucional-compleja\/","og_site_name":"Fundaci\u00f3n Democracia y Gobierno Local","article_published_time":"2025-09-17T05:30:00+00:00","og_image":[{"width":800,"height":543,"url":"https:\/\/www.gobiernolocal.org\/acento-local\/wp-content\/uploads\/2025\/09\/250917_800_01.jpg","type":"image\/jpeg"}],"author":"Fundaci\u00f3n Gobierno Local","twitter_card":"summary_large_image","twitter_misc":{"Escrito por":"Fundaci\u00f3n Gobierno Local","Tiempo de lectura":"6 minutos"},"schema":{"@context":"https:\/\/schema.org","@graph":[{"@type":"Article","@id":"https:\/\/www.gobiernolocal.org\/acento-local\/cuarenta-anos-de-relaciones-interadministrativas-bajo-la-lbrl-balance-de-una-arquitectura-institucional-compleja\/#article","isPartOf":{"@id":"https:\/\/www.gobiernolocal.org\/acento-local\/cuarenta-anos-de-relaciones-interadministrativas-bajo-la-lbrl-balance-de-una-arquitectura-institucional-compleja\/"},"author":{"name":"Fundaci\u00f3n Gobierno Local","@id":"https:\/\/www.gobiernolocal.org\/acento-local\/#\/schema\/person\/022a0a6b36f62f7070403c5a3426d58c"},"headline":"Cuarenta a\u00f1os de relaciones interadministrativas bajo la LBRL: balance de una arquitectura institucional compleja","datePublished":"2025-09-17T05:30:00+00:00","mainEntityOfPage":{"@id":"https:\/\/www.gobiernolocal.org\/acento-local\/cuarenta-anos-de-relaciones-interadministrativas-bajo-la-lbrl-balance-de-una-arquitectura-institucional-compleja\/"},"wordCount":1343,"commentCount":0,"publisher":{"@id":"https:\/\/www.gobiernolocal.org\/acento-local\/#organization"},"image":{"@id":"https:\/\/www.gobiernolocal.org\/acento-local\/cuarenta-anos-de-relaciones-interadministrativas-bajo-la-lbrl-balance-de-una-arquitectura-institucional-compleja\/#primaryimage"},"thumbnailUrl":"https:\/\/www.gobiernolocal.org\/acento-local\/wp-content\/uploads\/2025\/09\/250917_800_01.jpg","keywords":["Autonom\u00eda local","Buena administraci\u00f3n","Contratos","Convenios","Digitalizaci\u00f3n","Interoperabilidad"],"articleSection":["Gobernanza"],"inLanguage":"es","potentialAction":[{"@type":"CommentAction","name":"Comment","target":["https:\/\/www.gobiernolocal.org\/acento-local\/cuarenta-anos-de-relaciones-interadministrativas-bajo-la-lbrl-balance-de-una-arquitectura-institucional-compleja\/#respond"]}]},{"@type":"WebPage","@id":"https:\/\/www.gobiernolocal.org\/acento-local\/cuarenta-anos-de-relaciones-interadministrativas-bajo-la-lbrl-balance-de-una-arquitectura-institucional-compleja\/","url":"https:\/\/www.gobiernolocal.org\/acento-local\/cuarenta-anos-de-relaciones-interadministrativas-bajo-la-lbrl-balance-de-una-arquitectura-institucional-compleja\/","name":"Cuarenta a\u00f1os de relaciones interadministrativas bajo la LBRL: balance de una arquitectura institucional compleja - Fundaci\u00f3n Democracia y Gobierno Local","isPartOf":{"@id":"https:\/\/www.gobiernolocal.org\/acento-local\/#website"},"primaryImageOfPage":{"@id":"https:\/\/www.gobiernolocal.org\/acento-local\/cuarenta-anos-de-relaciones-interadministrativas-bajo-la-lbrl-balance-de-una-arquitectura-institucional-compleja\/#primaryimage"},"image":{"@id":"https:\/\/www.gobiernolocal.org\/acento-local\/cuarenta-anos-de-relaciones-interadministrativas-bajo-la-lbrl-balance-de-una-arquitectura-institucional-compleja\/#primaryimage"},"thumbnailUrl":"https:\/\/www.gobiernolocal.org\/acento-local\/wp-content\/uploads\/2025\/09\/250917_800_01.jpg","datePublished":"2025-09-17T05:30:00+00:00","breadcrumb":{"@id":"https:\/\/www.gobiernolocal.org\/acento-local\/cuarenta-anos-de-relaciones-interadministrativas-bajo-la-lbrl-balance-de-una-arquitectura-institucional-compleja\/#breadcrumb"},"inLanguage":"es","potentialAction":[{"@type":"ReadAction","target":["https:\/\/www.gobiernolocal.org\/acento-local\/cuarenta-anos-de-relaciones-interadministrativas-bajo-la-lbrl-balance-de-una-arquitectura-institucional-compleja\/"]}]},{"@type":"ImageObject","inLanguage":"es","@id":"https:\/\/www.gobiernolocal.org\/acento-local\/cuarenta-anos-de-relaciones-interadministrativas-bajo-la-lbrl-balance-de-una-arquitectura-institucional-compleja\/#primaryimage","url":"https:\/\/www.gobiernolocal.org\/acento-local\/wp-content\/uploads\/2025\/09\/250917_800_01.jpg","contentUrl":"https:\/\/www.gobiernolocal.org\/acento-local\/wp-content\/uploads\/2025\/09\/250917_800_01.jpg","width":800,"height":543},{"@type":"BreadcrumbList","@id":"https:\/\/www.gobiernolocal.org\/acento-local\/cuarenta-anos-de-relaciones-interadministrativas-bajo-la-lbrl-balance-de-una-arquitectura-institucional-compleja\/#breadcrumb","itemListElement":[{"@type":"ListItem","position":1,"name":"Portada","item":"https:\/\/www.gobiernolocal.org\/acento-local\/"},{"@type":"ListItem","position":2,"name":"Cuarenta a\u00f1os de relaciones interadministrativas bajo la LBRL: balance de una arquitectura institucional compleja"}]},{"@type":"WebSite","@id":"https:\/\/www.gobiernolocal.org\/acento-local\/#website","url":"https:\/\/www.gobiernolocal.org\/acento-local\/","name":"Fundaci\u00f3n Democracia y Gobierno Local","description":"Otro sitio realizado con WordPress","publisher":{"@id":"https:\/\/www.gobiernolocal.org\/acento-local\/#organization"},"potentialAction":[{"@type":"SearchAction","target":{"@type":"EntryPoint","urlTemplate":"https:\/\/www.gobiernolocal.org\/acento-local\/?s={search_term_string}"},"query-input":{"@type":"PropertyValueSpecification","valueRequired":true,"valueName":"search_term_string"}}],"inLanguage":"es"},{"@type":"Organization","@id":"https:\/\/www.gobiernolocal.org\/acento-local\/#organization","name":"Fundaci\u00f3n Democracia y Gobierno Local","url":"https:\/\/www.gobiernolocal.org\/acento-local\/","logo":{"@type":"ImageObject","inLanguage":"es","@id":"https:\/\/www.gobiernolocal.org\/acento-local\/#\/schema\/logo\/image\/","url":"https:\/\/www.gobiernolocal.org\/acento-local\/wp-content\/uploads\/2024\/09\/logo-acentoo-local.png","contentUrl":"https:\/\/www.gobiernolocal.org\/acento-local\/wp-content\/uploads\/2024\/09\/logo-acentoo-local.png","width":1005,"height":197,"caption":"Fundaci\u00f3n Democracia y Gobierno Local"},"image":{"@id":"https:\/\/www.gobiernolocal.org\/acento-local\/#\/schema\/logo\/image\/"}},{"@type":"Person","@id":"https:\/\/www.gobiernolocal.org\/acento-local\/#\/schema\/person\/022a0a6b36f62f7070403c5a3426d58c","name":"Fundaci\u00f3n Gobierno Local","image":{"@type":"ImageObject","inLanguage":"es","@id":"https:\/\/www.gobiernolocal.org\/acento-local\/#\/schema\/person\/image\/","url":"https:\/\/secure.gravatar.com\/avatar\/0fa5dea6ae65ded9475a6c7160b1cbc7af5bb19e5a8057c4249aa3664c5fbb21?s=96&d=mm&r=g","contentUrl":"https:\/\/secure.gravatar.com\/avatar\/0fa5dea6ae65ded9475a6c7160b1cbc7af5bb19e5a8057c4249aa3664c5fbb21?s=96&d=mm&r=g","caption":"Fundaci\u00f3n Gobierno Local"},"sameAs":["https:\/\/www.gobiernolocal.org\/acento-local"],"url":"https:\/\/www.gobiernolocal.org\/acento-local\/author\/fundacion-gobierno-local\/"}]}},"_links":{"self":[{"href":"https:\/\/www.gobiernolocal.org\/acento-local\/wp-json\/wp\/v2\/posts\/4483","targetHints":{"allow":["GET"]}}],"collection":[{"href":"https:\/\/www.gobiernolocal.org\/acento-local\/wp-json\/wp\/v2\/posts"}],"about":[{"href":"https:\/\/www.gobiernolocal.org\/acento-local\/wp-json\/wp\/v2\/types\/post"}],"author":[{"embeddable":true,"href":"https:\/\/www.gobiernolocal.org\/acento-local\/wp-json\/wp\/v2\/users\/2"}],"replies":[{"embeddable":true,"href":"https:\/\/www.gobiernolocal.org\/acento-local\/wp-json\/wp\/v2\/comments?post=4483"}],"version-history":[{"count":2,"href":"https:\/\/www.gobiernolocal.org\/acento-local\/wp-json\/wp\/v2\/posts\/4483\/revisions"}],"predecessor-version":[{"id":4486,"href":"https:\/\/www.gobiernolocal.org\/acento-local\/wp-json\/wp\/v2\/posts\/4483\/revisions\/4486"}],"wp:featuredmedia":[{"embeddable":true,"href":"https:\/\/www.gobiernolocal.org\/acento-local\/wp-json\/wp\/v2\/media\/4485"}],"wp:attachment":[{"href":"https:\/\/www.gobiernolocal.org\/acento-local\/wp-json\/wp\/v2\/media?parent=4483"}],"wp:term":[{"taxonomy":"category","embeddable":true,"href":"https:\/\/www.gobiernolocal.org\/acento-local\/wp-json\/wp\/v2\/categories?post=4483"},{"taxonomy":"post_tag","embeddable":true,"href":"https:\/\/www.gobiernolocal.org\/acento-local\/wp-json\/wp\/v2\/tags?post=4483"},{"taxonomy":"autor-post","embeddable":true,"href":"https:\/\/www.gobiernolocal.org\/acento-local\/wp-json\/wp\/v2\/autor-post?post=4483"}],"curies":[{"name":"wp","href":"https:\/\/api.w.org\/{rel}","templated":true}]}}