{"id":4373,"date":"2025-08-06T07:30:00","date_gmt":"2025-08-06T05:30:00","guid":{"rendered":"https:\/\/www.gobiernolocal.org\/acento-local\/?p=4373"},"modified":"2025-07-10T06:51:34","modified_gmt":"2025-07-10T04:51:34","slug":"procesos-selectivos-sin-papeles-el-caso-de-madrid","status":"publish","type":"post","link":"https:\/\/www.gobiernolocal.org\/acento-local\/procesos-selectivos-sin-papeles-el-caso-de-madrid\/","title":{"rendered":"Procesos selectivos sin papeles. El caso de Madrid"},"content":{"rendered":"\n<p>La transformaci\u00f3n digital en la Administraci\u00f3n p\u00fablica es un reto ineludible en el contexto actual. La sociedad demanda servicios m\u00e1s \u00e1giles, transparentes y accesibles, y la gesti\u00f3n del talento p\u00fablico no puede quedarse atr\u00e1s. En este sentido, la digitalizaci\u00f3n de los procesos selectivos se ha convertido en una palanca clave para la modernizaci\u00f3n de la funci\u00f3n p\u00fablica, como demuestra el reciente caso del Ayuntamiento de Madrid.<\/p>\n\n\n\n<p><strong>Una reforma necesaria en un entorno cambiante<\/strong><\/p>\n\n\n\n<p>La funci\u00f3n p\u00fablica espa\u00f1ola se encuentra en un \u201cbucle melanc\u00f3lico\u201d de reformas inacabadas. Las crisis recientes, como la gran recesi\u00f3n y la pandemia de COVID-19, han evidenciado la necesidad de acelerar la transformaci\u00f3n institucional para responder a los retos de un entorno BANI (fr\u00e1gil, ansioso, no lineal e incomprensible).<\/p>\n\n\n\n<p>En este contexto, la reforma de la selecci\u00f3n de empleados p\u00fablicos es vista como un aut\u00e9ntico catalizador de la transformaci\u00f3n, ya que la gesti\u00f3n del talento es el principal intangible de la Administraci\u00f3n. La digitalizaci\u00f3n de los procesos selectivos permite avanzar hacia una Administraci\u00f3n m\u00e1s adaptada a las necesidades de la sociedad actual.<\/p>\n\n\n\n<blockquote class=\"wp-block-quote is-layout-flow wp-block-quote-is-layout-flow\">\n<p><strong>La digitalizaci\u00f3n de los procesos selectivos permite avanzar hacia una Administraci\u00f3n m\u00e1s adaptada a las necesidades de la sociedad actual.<\/strong><\/p>\n<\/blockquote>\n\n\n\n<p><strong>El papel de la tecnolog\u00eda en la gesti\u00f3n del talento p\u00fablico<\/strong><\/p>\n\n\n\n<p>La introducci\u00f3n de medios electr\u00f3nicos en los procesos selectivos no es solo una cuesti\u00f3n de eficiencia administrativa. Supone un cambio de paradigma en la relaci\u00f3n entre la Administraci\u00f3n y los potenciales candidatos a formar parte de sus plantillas, y en la propia cultura organizacional interna. La tecnolog\u00eda, bien aplicada, puede optimizar procesos, reducir tiempos y costes, y mejorar la transparencia y la trazabilidad de las decisiones vinculadas a los procesos de selecci\u00f3n de empleados p\u00fablicos.<\/p>\n\n\n\n<p>El caso del Ayuntamiento de Madrid es especialmente relevante porque, a pesar de la existencia desde hace a\u00f1os de un marco legal favorable (Ley 39\/2015), la implantaci\u00f3n real de procedimientos \u00edntegramente electr\u00f3nicos ha sido lenta. La pandemia actu\u00f3 como palanca aceleradora, obligando a acelerar la digitalizaci\u00f3n para garantizar la continuidad de los procesos selectivos y responder a la acumulaci\u00f3n de ofertas y la lentitud cr\u00f3nica del sistema tradicional.<\/p>\n\n\n\n<p>La experiencia del Ayuntamiento de Madrid demuestra que la digitalizaci\u00f3n no solo agiliza los tr\u00e1mites, sino que tambi\u00e9n mejora la transparencia, la objetividad y la accesibilidad de los procesos selectivos. Los candidatos pueden participar desde cualquier lugar y se reducen los costes de desplazamiento. La trazabilidad digital de cada fase (desde la presentaci\u00f3n de instancias hasta la publicaci\u00f3n de resultados) incrementa la confianza en la imparcialidad del sistema. La reducci\u00f3n de tiempos administrativos permite cumplir plazos y evitar la acumulaci\u00f3n de convocatorias pendientes. La dr\u00e1stica disminuci\u00f3n del uso de papel alinea los procesos con pol\u00edticas de sostenibilidad.<\/p>\n\n\n\n<blockquote class=\"wp-block-quote is-layout-flow wp-block-quote-is-layout-flow\">\n<p><strong>La experiencia del Ayuntamiento de Madrid demuestra que la digitalizaci\u00f3n no solo agiliza los tr\u00e1mites, sino que tambi\u00e9n mejora la transparencia, la objetividad y la accesibilidad de los procesos selectivos.<\/strong><\/p>\n<\/blockquote>\n\n\n\n<p>El modelo madrile\u00f1o ofrece un <em>roadmap<\/em> replicable basado en los siguientes puntos:<\/p>\n\n\n\n<ul class=\"wp-block-list\">\n<li>adaptar los marcos legales para reconocer plena validez a los actos administrativos electr\u00f3nicos;<\/li>\n\n\n\n<li>formar a t\u00e9cnicos en el uso de plataformas digitales;<\/li>\n\n\n\n<li>desarrollar interfaces intuitivas que simplifiquen la participaci\u00f3n sin comprometer la seguridad jur\u00eddica;<\/li>\n\n\n\n<li>transmitir los beneficios de la digitalizaci\u00f3n a empleados p\u00fablicos y ciudadan\u00eda.<\/li>\n<\/ul>\n\n\n\n<p>El caso de Madrid demuestra que la digitalizaci\u00f3n exitosa se ha sostenido sobre tres pilares interconectados:<\/p>\n\n\n\n<ul class=\"wp-block-list\">\n<li>Contexto de urgencia: la acumulaci\u00f3n hist\u00f3rica de procesos y la presi\u00f3n pand\u00e9mica crearon un escenario favorable para el cambio.<\/li>\n\n\n\n<li>Liderazgo comprometido: la voluntad pol\u00edtica y la gesti\u00f3n activa de resistencias internas fueron decisivas para superar inercias burocr\u00e1ticas.<\/li>\n\n\n\n<li>Tecnolog\u00eda robusta: plataformas electr\u00f3nicas seguras e intuitivas permitieron mantener la integridad de los procesos mientras se facilitaba la participaci\u00f3n ciudadana para generar adhesi\u00f3n al cambio.<\/li>\n<\/ul>\n\n\n\n<p>M\u00e1s all\u00e1 de la tecnolog\u00eda, el liderazgo, la planificaci\u00f3n y la calidad de los medios electr\u00f3nicos son factores decisivos para lograr una transformaci\u00f3n exitosa. El proceso de cambio debe estar acompa\u00f1ado de una visi\u00f3n estrat\u00e9gica, una gesti\u00f3n activa del cambio y una apuesta por la mejora continua.<\/p>\n\n\n\n<blockquote class=\"wp-block-quote is-layout-flow wp-block-quote-is-layout-flow\">\n<p><strong>M\u00e1s all\u00e1 de la tecnolog\u00eda, el liderazgo, la planificaci\u00f3n y la calidad de los medios electr\u00f3nicos son factores decisivos para lograr una transformaci\u00f3n exitosa.<\/strong><\/p>\n<\/blockquote>\n\n\n\n<p><strong>Conclusiones<\/strong><\/p>\n\n\n\n<p>El caso del Ayuntamiento de Madrid ofrece un modelo replicable para otras Administraciones que quieran avanzar en la transformaci\u00f3n digital de sus procesos selectivos. La clave est\u00e1 en combinar tecnolog\u00eda con una visi\u00f3n estrat\u00e9gica que ponga a las personas en el centro, promoviendo un liderazgo activo y una cultura organizacional abierta al cambio.<\/p>\n\n\n\n<p>La digitalizaci\u00f3n de los procesos selectivos en la Administraci\u00f3n p\u00fablica es una pieza fundamental para avanzar hacia una gesti\u00f3n p\u00fablica m\u00e1s eficiente, transparente y cercana a la ciudadan\u00eda. El \u00e9xito del Ayuntamiento de Madrid demuestra que, con liderazgo y tecnolog\u00eda de calidad, es posible transformar un \u00e1rea clave de la funci\u00f3n p\u00fablica y sentar las bases para una Administraci\u00f3n del siglo XXI.<\/p>\n\n\n\n<blockquote class=\"wp-block-quote is-layout-flow wp-block-quote-is-layout-flow\">\n<p><strong>La digitalizaci\u00f3n de los procesos selectivos en la Administraci\u00f3n p\u00fablica es una pieza fundamental para avanzar hacia una gesti\u00f3n p\u00fablica m\u00e1s eficiente, transparente y cercana a la ciudadan\u00eda.<\/strong><\/p>\n<\/blockquote>\n\n\n\n<p>Acceso al art\u00edculo completo en la <em>Revista de Estudios de la Administraci\u00f3n Local y Auton\u00f3mica<\/em> aqu\u00ed: <a href=\"https:\/\/revistasonline.inap.es\/index.php\/REALA\/article\/view\/11480\">https:\/\/revistasonline.inap.es\/index.php\/REALA\/article\/view\/11480<\/a>.<\/p>\n\n\n\n<p>Autor\/a: <strong>\u00d3scar Cort\u00e9s Abad<\/strong><\/p>\n\n\n\n<p class=\"has-small-font-size\"><em>imagen: <\/em><a href=\"https:\/\/www.istockphoto.com\/es\/portfolio\/3rdtimeluckystudio?mediatype=photography\">\u00abiStock.com\/Parradee Kietsirikul\u00bb<\/a><\/p>\n","protected":false},"excerpt":{"rendered":"<p>La digitalizaci\u00f3n de los procesos selectivos en la Administraci\u00f3n p\u00fablica es un elemento transformador que permite mejorar la eficiencia, transparencia y accesibilidad en la gesti\u00f3n del talento p\u00fablico. Este post presenta el caso del Ayuntamiento de Madrid, que ha implementado con \u00e9xito medios electr\u00f3nicos en sus procesos de selecci\u00f3n, ofreciendo valiosas lecciones para otras Administraciones que buscan modernizarse.<\/p>\n","protected":false},"author":2,"featured_media":4375,"comment_status":"open","ping_status":"open","sticky":false,"template":"","format":"standard","meta":{"site-sidebar-layout":"default","site-content-layout":"","ast-site-content-layout":"default","site-content-style":"default","site-sidebar-style":"default","ast-global-header-display":"","ast-banner-title-visibility":"","ast-main-header-display":"","ast-hfb-above-header-display":"","ast-hfb-below-header-display":"","ast-hfb-mobile-header-display":"","site-post-title":"","ast-breadcrumbs-content":"","ast-featured-img":"","footer-sml-layout":"","ast-disable-related-posts":"","theme-transparent-header-meta":"","adv-header-id-meta":"","stick-header-meta":"","header-above-stick-meta":"","header-main-stick-meta":"","header-below-stick-meta":"","astra-migrate-meta-layouts":"set","ast-page-background-enabled":"default","ast-page-background-meta":{"desktop":{"background-color":"var(--ast-global-color-4)","background-image":"","background-repeat":"repeat","background-position":"center center","background-size":"auto","background-attachment":"scroll","background-type":"","background-media":"","overlay-type":"","overlay-color":"","overlay-opacity":"","overlay-gradient":""},"tablet":{"background-color":"","background-image":"","background-repeat":"repeat","background-position":"center center","background-size":"auto","background-attachment":"scroll","background-type":"","background-media":"","overlay-type":"","overlay-color":"","overlay-opacity":"","overlay-gradient":""},"mobile":{"background-color":"","background-image":"","background-repeat":"repeat","background-position":"center center","background-size":"auto","background-attachment":"scroll","background-type":"","background-media":"","overlay-type":"","overlay-color":"","overlay-opacity":"","overlay-gradient":""}},"ast-content-background-meta":{"desktop":{"background-color":"var(--ast-global-color-5)","background-image":"","background-repeat":"repeat","background-position":"center center","background-size":"auto","background-attachment":"scroll","background-type":"","background-media":"","overlay-type":"","overlay-color":"","overlay-opacity":"","overlay-gradient":""},"tablet":{"background-color":"var(--ast-global-color-5)","background-image":"","background-repeat":"repeat","background-position":"center center","background-size":"auto","background-attachment":"scroll","background-type":"","background-media":"","overlay-type":"","overlay-color":"","overlay-opacity":"","overlay-gradient":""},"mobile":{"background-color":"var(--ast-global-color-5)","background-image":"","background-repeat":"repeat","background-position":"center center","background-size":"auto","background-attachment":"scroll","background-type":"","background-media":"","overlay-type":"","overlay-color":"","overlay-opacity":"","overlay-gradient":""}},"area-autor":{"item-0":{"nombre-del-autor":"\u00d3scar Cort\u00e9s Abad","cargo-autor":"Coordinador de Comunicaci\u00f3n Digital. Ayuntamiento de Madrid","foto-autor":"4374"}},"footnotes":""},"categories":[21],"tags":[49,99,142],"autor-post":[231],"class_list":["post-4373","post","type-post","status-publish","format-standard","has-post-thumbnail","hentry","category-innovacion-y-sostenibilidad","tag-digitalizacion","tag-funcion-publica","tag-procedimiento-administrativo","autor-post-oscar-cortes-abad"],"yoast_head":"<!-- This site is optimized with the Yoast SEO plugin v27.0 - https:\/\/yoast.com\/product\/yoast-seo-wordpress\/ -->\n<title>Procesos selectivos sin papeles. El caso de Madrid - Fundaci\u00f3n Democracia y Gobierno Local<\/title>\n<meta name=\"robots\" content=\"index, follow, max-snippet:-1, max-image-preview:large, max-video-preview:-1\" \/>\n<link rel=\"canonical\" href=\"https:\/\/www.gobiernolocal.org\/acento-local\/procesos-selectivos-sin-papeles-el-caso-de-madrid\/\" \/>\n<meta property=\"og:locale\" content=\"es_ES\" \/>\n<meta property=\"og:type\" content=\"article\" \/>\n<meta property=\"og:title\" content=\"Procesos selectivos sin papeles. El caso de Madrid - Fundaci\u00f3n Democracia y Gobierno Local\" \/>\n<meta property=\"og:description\" content=\"La digitalizaci\u00f3n de los procesos selectivos en la Administraci\u00f3n p\u00fablica es un elemento transformador que permite mejorar la eficiencia, transparencia y accesibilidad en la gesti\u00f3n del talento p\u00fablico. Este post presenta el caso del Ayuntamiento de Madrid, que ha implementado con \u00e9xito medios electr\u00f3nicos en sus procesos de selecci\u00f3n, ofreciendo valiosas lecciones para otras Administraciones que buscan modernizarse.\" \/>\n<meta property=\"og:url\" content=\"https:\/\/www.gobiernolocal.org\/acento-local\/procesos-selectivos-sin-papeles-el-caso-de-madrid\/\" \/>\n<meta property=\"og:site_name\" content=\"Fundaci\u00f3n Democracia y Gobierno Local\" \/>\n<meta property=\"article:published_time\" content=\"2025-08-06T05:30:00+00:00\" \/>\n<meta property=\"og:image\" content=\"https:\/\/www.gobiernolocal.org\/acento-local\/wp-content\/uploads\/2025\/06\/250716_800_01.jpg\" \/>\n\t<meta property=\"og:image:width\" content=\"800\" \/>\n\t<meta property=\"og:image:height\" content=\"480\" \/>\n\t<meta property=\"og:image:type\" content=\"image\/jpeg\" \/>\n<meta name=\"author\" content=\"Fundaci\u00f3n Gobierno Local\" \/>\n<meta name=\"twitter:card\" content=\"summary_large_image\" \/>\n<meta name=\"twitter:label1\" content=\"Escrito por\" \/>\n\t<meta name=\"twitter:data1\" content=\"Fundaci\u00f3n Gobierno Local\" \/>\n\t<meta name=\"twitter:label2\" content=\"Tiempo de lectura\" \/>\n\t<meta name=\"twitter:data2\" content=\"4 minutos\" \/>\n<script type=\"application\/ld+json\" class=\"yoast-schema-graph\">{\"@context\":\"https:\/\/schema.org\",\"@graph\":[{\"@type\":\"Article\",\"@id\":\"https:\/\/www.gobiernolocal.org\/acento-local\/procesos-selectivos-sin-papeles-el-caso-de-madrid\/#article\",\"isPartOf\":{\"@id\":\"https:\/\/www.gobiernolocal.org\/acento-local\/procesos-selectivos-sin-papeles-el-caso-de-madrid\/\"},\"author\":{\"name\":\"Fundaci\u00f3n Gobierno Local\",\"@id\":\"https:\/\/www.gobiernolocal.org\/acento-local\/#\/schema\/person\/022a0a6b36f62f7070403c5a3426d58c\"},\"headline\":\"Procesos selectivos sin papeles. El caso de Madrid\",\"datePublished\":\"2025-08-06T05:30:00+00:00\",\"mainEntityOfPage\":{\"@id\":\"https:\/\/www.gobiernolocal.org\/acento-local\/procesos-selectivos-sin-papeles-el-caso-de-madrid\/\"},\"wordCount\":988,\"commentCount\":0,\"publisher\":{\"@id\":\"https:\/\/www.gobiernolocal.org\/acento-local\/#organization\"},\"image\":{\"@id\":\"https:\/\/www.gobiernolocal.org\/acento-local\/procesos-selectivos-sin-papeles-el-caso-de-madrid\/#primaryimage\"},\"thumbnailUrl\":\"https:\/\/www.gobiernolocal.org\/acento-local\/wp-content\/uploads\/2025\/06\/250716_800_01.jpg\",\"keywords\":[\"Digitalizaci\u00f3n\",\"Funci\u00f3n p\u00fablica\",\"Procedimiento administrativo\"],\"articleSection\":[\"Innovaci\u00f3n y Sostenibilidad\"],\"inLanguage\":\"es\",\"potentialAction\":[{\"@type\":\"CommentAction\",\"name\":\"Comment\",\"target\":[\"https:\/\/www.gobiernolocal.org\/acento-local\/procesos-selectivos-sin-papeles-el-caso-de-madrid\/#respond\"]}]},{\"@type\":\"WebPage\",\"@id\":\"https:\/\/www.gobiernolocal.org\/acento-local\/procesos-selectivos-sin-papeles-el-caso-de-madrid\/\",\"url\":\"https:\/\/www.gobiernolocal.org\/acento-local\/procesos-selectivos-sin-papeles-el-caso-de-madrid\/\",\"name\":\"Procesos selectivos sin papeles. El caso de Madrid - Fundaci\u00f3n Democracia y Gobierno Local\",\"isPartOf\":{\"@id\":\"https:\/\/www.gobiernolocal.org\/acento-local\/#website\"},\"primaryImageOfPage\":{\"@id\":\"https:\/\/www.gobiernolocal.org\/acento-local\/procesos-selectivos-sin-papeles-el-caso-de-madrid\/#primaryimage\"},\"image\":{\"@id\":\"https:\/\/www.gobiernolocal.org\/acento-local\/procesos-selectivos-sin-papeles-el-caso-de-madrid\/#primaryimage\"},\"thumbnailUrl\":\"https:\/\/www.gobiernolocal.org\/acento-local\/wp-content\/uploads\/2025\/06\/250716_800_01.jpg\",\"datePublished\":\"2025-08-06T05:30:00+00:00\",\"breadcrumb\":{\"@id\":\"https:\/\/www.gobiernolocal.org\/acento-local\/procesos-selectivos-sin-papeles-el-caso-de-madrid\/#breadcrumb\"},\"inLanguage\":\"es\",\"potentialAction\":[{\"@type\":\"ReadAction\",\"target\":[\"https:\/\/www.gobiernolocal.org\/acento-local\/procesos-selectivos-sin-papeles-el-caso-de-madrid\/\"]}]},{\"@type\":\"ImageObject\",\"inLanguage\":\"es\",\"@id\":\"https:\/\/www.gobiernolocal.org\/acento-local\/procesos-selectivos-sin-papeles-el-caso-de-madrid\/#primaryimage\",\"url\":\"https:\/\/www.gobiernolocal.org\/acento-local\/wp-content\/uploads\/2025\/06\/250716_800_01.jpg\",\"contentUrl\":\"https:\/\/www.gobiernolocal.org\/acento-local\/wp-content\/uploads\/2025\/06\/250716_800_01.jpg\",\"width\":800,\"height\":480},{\"@type\":\"BreadcrumbList\",\"@id\":\"https:\/\/www.gobiernolocal.org\/acento-local\/procesos-selectivos-sin-papeles-el-caso-de-madrid\/#breadcrumb\",\"itemListElement\":[{\"@type\":\"ListItem\",\"position\":1,\"name\":\"Portada\",\"item\":\"https:\/\/www.gobiernolocal.org\/acento-local\/\"},{\"@type\":\"ListItem\",\"position\":2,\"name\":\"Procesos selectivos sin papeles. El caso de Madrid\"}]},{\"@type\":\"WebSite\",\"@id\":\"https:\/\/www.gobiernolocal.org\/acento-local\/#website\",\"url\":\"https:\/\/www.gobiernolocal.org\/acento-local\/\",\"name\":\"Fundaci\u00f3n Democracia y Gobierno Local\",\"description\":\"Otro sitio realizado con WordPress\",\"publisher\":{\"@id\":\"https:\/\/www.gobiernolocal.org\/acento-local\/#organization\"},\"potentialAction\":[{\"@type\":\"SearchAction\",\"target\":{\"@type\":\"EntryPoint\",\"urlTemplate\":\"https:\/\/www.gobiernolocal.org\/acento-local\/?s={search_term_string}\"},\"query-input\":{\"@type\":\"PropertyValueSpecification\",\"valueRequired\":true,\"valueName\":\"search_term_string\"}}],\"inLanguage\":\"es\"},{\"@type\":\"Organization\",\"@id\":\"https:\/\/www.gobiernolocal.org\/acento-local\/#organization\",\"name\":\"Fundaci\u00f3n Democracia y Gobierno Local\",\"url\":\"https:\/\/www.gobiernolocal.org\/acento-local\/\",\"logo\":{\"@type\":\"ImageObject\",\"inLanguage\":\"es\",\"@id\":\"https:\/\/www.gobiernolocal.org\/acento-local\/#\/schema\/logo\/image\/\",\"url\":\"https:\/\/www.gobiernolocal.org\/acento-local\/wp-content\/uploads\/2024\/09\/logo-acentoo-local.png\",\"contentUrl\":\"https:\/\/www.gobiernolocal.org\/acento-local\/wp-content\/uploads\/2024\/09\/logo-acentoo-local.png\",\"width\":1005,\"height\":197,\"caption\":\"Fundaci\u00f3n Democracia y Gobierno Local\"},\"image\":{\"@id\":\"https:\/\/www.gobiernolocal.org\/acento-local\/#\/schema\/logo\/image\/\"}},{\"@type\":\"Person\",\"@id\":\"https:\/\/www.gobiernolocal.org\/acento-local\/#\/schema\/person\/022a0a6b36f62f7070403c5a3426d58c\",\"name\":\"Fundaci\u00f3n Gobierno Local\",\"image\":{\"@type\":\"ImageObject\",\"inLanguage\":\"es\",\"@id\":\"https:\/\/www.gobiernolocal.org\/acento-local\/#\/schema\/person\/image\/\",\"url\":\"https:\/\/secure.gravatar.com\/avatar\/0fa5dea6ae65ded9475a6c7160b1cbc7af5bb19e5a8057c4249aa3664c5fbb21?s=96&d=mm&r=g\",\"contentUrl\":\"https:\/\/secure.gravatar.com\/avatar\/0fa5dea6ae65ded9475a6c7160b1cbc7af5bb19e5a8057c4249aa3664c5fbb21?s=96&d=mm&r=g\",\"caption\":\"Fundaci\u00f3n Gobierno Local\"},\"sameAs\":[\"https:\/\/www.gobiernolocal.org\/acento-local\"],\"url\":\"https:\/\/www.gobiernolocal.org\/acento-local\/author\/fundacion-gobierno-local\/\"}]}<\/script>\n<!-- \/ Yoast SEO plugin. -->","yoast_head_json":{"title":"Procesos selectivos sin papeles. El caso de Madrid - Fundaci\u00f3n Democracia y Gobierno Local","robots":{"index":"index","follow":"follow","max-snippet":"max-snippet:-1","max-image-preview":"max-image-preview:large","max-video-preview":"max-video-preview:-1"},"canonical":"https:\/\/www.gobiernolocal.org\/acento-local\/procesos-selectivos-sin-papeles-el-caso-de-madrid\/","og_locale":"es_ES","og_type":"article","og_title":"Procesos selectivos sin papeles. El caso de Madrid - Fundaci\u00f3n Democracia y Gobierno Local","og_description":"La digitalizaci\u00f3n de los procesos selectivos en la Administraci\u00f3n p\u00fablica es un elemento transformador que permite mejorar la eficiencia, transparencia y accesibilidad en la gesti\u00f3n del talento p\u00fablico. Este post presenta el caso del Ayuntamiento de Madrid, que ha implementado con \u00e9xito medios electr\u00f3nicos en sus procesos de selecci\u00f3n, ofreciendo valiosas lecciones para otras Administraciones que buscan modernizarse.","og_url":"https:\/\/www.gobiernolocal.org\/acento-local\/procesos-selectivos-sin-papeles-el-caso-de-madrid\/","og_site_name":"Fundaci\u00f3n Democracia y Gobierno Local","article_published_time":"2025-08-06T05:30:00+00:00","og_image":[{"width":800,"height":480,"url":"https:\/\/www.gobiernolocal.org\/acento-local\/wp-content\/uploads\/2025\/06\/250716_800_01.jpg","type":"image\/jpeg"}],"author":"Fundaci\u00f3n Gobierno Local","twitter_card":"summary_large_image","twitter_misc":{"Escrito por":"Fundaci\u00f3n Gobierno Local","Tiempo de lectura":"4 minutos"},"schema":{"@context":"https:\/\/schema.org","@graph":[{"@type":"Article","@id":"https:\/\/www.gobiernolocal.org\/acento-local\/procesos-selectivos-sin-papeles-el-caso-de-madrid\/#article","isPartOf":{"@id":"https:\/\/www.gobiernolocal.org\/acento-local\/procesos-selectivos-sin-papeles-el-caso-de-madrid\/"},"author":{"name":"Fundaci\u00f3n Gobierno Local","@id":"https:\/\/www.gobiernolocal.org\/acento-local\/#\/schema\/person\/022a0a6b36f62f7070403c5a3426d58c"},"headline":"Procesos selectivos sin papeles. El caso de Madrid","datePublished":"2025-08-06T05:30:00+00:00","mainEntityOfPage":{"@id":"https:\/\/www.gobiernolocal.org\/acento-local\/procesos-selectivos-sin-papeles-el-caso-de-madrid\/"},"wordCount":988,"commentCount":0,"publisher":{"@id":"https:\/\/www.gobiernolocal.org\/acento-local\/#organization"},"image":{"@id":"https:\/\/www.gobiernolocal.org\/acento-local\/procesos-selectivos-sin-papeles-el-caso-de-madrid\/#primaryimage"},"thumbnailUrl":"https:\/\/www.gobiernolocal.org\/acento-local\/wp-content\/uploads\/2025\/06\/250716_800_01.jpg","keywords":["Digitalizaci\u00f3n","Funci\u00f3n p\u00fablica","Procedimiento administrativo"],"articleSection":["Innovaci\u00f3n y Sostenibilidad"],"inLanguage":"es","potentialAction":[{"@type":"CommentAction","name":"Comment","target":["https:\/\/www.gobiernolocal.org\/acento-local\/procesos-selectivos-sin-papeles-el-caso-de-madrid\/#respond"]}]},{"@type":"WebPage","@id":"https:\/\/www.gobiernolocal.org\/acento-local\/procesos-selectivos-sin-papeles-el-caso-de-madrid\/","url":"https:\/\/www.gobiernolocal.org\/acento-local\/procesos-selectivos-sin-papeles-el-caso-de-madrid\/","name":"Procesos selectivos sin papeles. El caso de Madrid - Fundaci\u00f3n Democracia y Gobierno Local","isPartOf":{"@id":"https:\/\/www.gobiernolocal.org\/acento-local\/#website"},"primaryImageOfPage":{"@id":"https:\/\/www.gobiernolocal.org\/acento-local\/procesos-selectivos-sin-papeles-el-caso-de-madrid\/#primaryimage"},"image":{"@id":"https:\/\/www.gobiernolocal.org\/acento-local\/procesos-selectivos-sin-papeles-el-caso-de-madrid\/#primaryimage"},"thumbnailUrl":"https:\/\/www.gobiernolocal.org\/acento-local\/wp-content\/uploads\/2025\/06\/250716_800_01.jpg","datePublished":"2025-08-06T05:30:00+00:00","breadcrumb":{"@id":"https:\/\/www.gobiernolocal.org\/acento-local\/procesos-selectivos-sin-papeles-el-caso-de-madrid\/#breadcrumb"},"inLanguage":"es","potentialAction":[{"@type":"ReadAction","target":["https:\/\/www.gobiernolocal.org\/acento-local\/procesos-selectivos-sin-papeles-el-caso-de-madrid\/"]}]},{"@type":"ImageObject","inLanguage":"es","@id":"https:\/\/www.gobiernolocal.org\/acento-local\/procesos-selectivos-sin-papeles-el-caso-de-madrid\/#primaryimage","url":"https:\/\/www.gobiernolocal.org\/acento-local\/wp-content\/uploads\/2025\/06\/250716_800_01.jpg","contentUrl":"https:\/\/www.gobiernolocal.org\/acento-local\/wp-content\/uploads\/2025\/06\/250716_800_01.jpg","width":800,"height":480},{"@type":"BreadcrumbList","@id":"https:\/\/www.gobiernolocal.org\/acento-local\/procesos-selectivos-sin-papeles-el-caso-de-madrid\/#breadcrumb","itemListElement":[{"@type":"ListItem","position":1,"name":"Portada","item":"https:\/\/www.gobiernolocal.org\/acento-local\/"},{"@type":"ListItem","position":2,"name":"Procesos selectivos sin papeles. El caso de Madrid"}]},{"@type":"WebSite","@id":"https:\/\/www.gobiernolocal.org\/acento-local\/#website","url":"https:\/\/www.gobiernolocal.org\/acento-local\/","name":"Fundaci\u00f3n Democracia y Gobierno Local","description":"Otro sitio realizado con WordPress","publisher":{"@id":"https:\/\/www.gobiernolocal.org\/acento-local\/#organization"},"potentialAction":[{"@type":"SearchAction","target":{"@type":"EntryPoint","urlTemplate":"https:\/\/www.gobiernolocal.org\/acento-local\/?s={search_term_string}"},"query-input":{"@type":"PropertyValueSpecification","valueRequired":true,"valueName":"search_term_string"}}],"inLanguage":"es"},{"@type":"Organization","@id":"https:\/\/www.gobiernolocal.org\/acento-local\/#organization","name":"Fundaci\u00f3n Democracia y Gobierno Local","url":"https:\/\/www.gobiernolocal.org\/acento-local\/","logo":{"@type":"ImageObject","inLanguage":"es","@id":"https:\/\/www.gobiernolocal.org\/acento-local\/#\/schema\/logo\/image\/","url":"https:\/\/www.gobiernolocal.org\/acento-local\/wp-content\/uploads\/2024\/09\/logo-acentoo-local.png","contentUrl":"https:\/\/www.gobiernolocal.org\/acento-local\/wp-content\/uploads\/2024\/09\/logo-acentoo-local.png","width":1005,"height":197,"caption":"Fundaci\u00f3n Democracia y Gobierno Local"},"image":{"@id":"https:\/\/www.gobiernolocal.org\/acento-local\/#\/schema\/logo\/image\/"}},{"@type":"Person","@id":"https:\/\/www.gobiernolocal.org\/acento-local\/#\/schema\/person\/022a0a6b36f62f7070403c5a3426d58c","name":"Fundaci\u00f3n Gobierno Local","image":{"@type":"ImageObject","inLanguage":"es","@id":"https:\/\/www.gobiernolocal.org\/acento-local\/#\/schema\/person\/image\/","url":"https:\/\/secure.gravatar.com\/avatar\/0fa5dea6ae65ded9475a6c7160b1cbc7af5bb19e5a8057c4249aa3664c5fbb21?s=96&d=mm&r=g","contentUrl":"https:\/\/secure.gravatar.com\/avatar\/0fa5dea6ae65ded9475a6c7160b1cbc7af5bb19e5a8057c4249aa3664c5fbb21?s=96&d=mm&r=g","caption":"Fundaci\u00f3n Gobierno Local"},"sameAs":["https:\/\/www.gobiernolocal.org\/acento-local"],"url":"https:\/\/www.gobiernolocal.org\/acento-local\/author\/fundacion-gobierno-local\/"}]}},"_links":{"self":[{"href":"https:\/\/www.gobiernolocal.org\/acento-local\/wp-json\/wp\/v2\/posts\/4373","targetHints":{"allow":["GET"]}}],"collection":[{"href":"https:\/\/www.gobiernolocal.org\/acento-local\/wp-json\/wp\/v2\/posts"}],"about":[{"href":"https:\/\/www.gobiernolocal.org\/acento-local\/wp-json\/wp\/v2\/types\/post"}],"author":[{"embeddable":true,"href":"https:\/\/www.gobiernolocal.org\/acento-local\/wp-json\/wp\/v2\/users\/2"}],"replies":[{"embeddable":true,"href":"https:\/\/www.gobiernolocal.org\/acento-local\/wp-json\/wp\/v2\/comments?post=4373"}],"version-history":[{"count":2,"href":"https:\/\/www.gobiernolocal.org\/acento-local\/wp-json\/wp\/v2\/posts\/4373\/revisions"}],"predecessor-version":[{"id":4377,"href":"https:\/\/www.gobiernolocal.org\/acento-local\/wp-json\/wp\/v2\/posts\/4373\/revisions\/4377"}],"wp:featuredmedia":[{"embeddable":true,"href":"https:\/\/www.gobiernolocal.org\/acento-local\/wp-json\/wp\/v2\/media\/4375"}],"wp:attachment":[{"href":"https:\/\/www.gobiernolocal.org\/acento-local\/wp-json\/wp\/v2\/media?parent=4373"}],"wp:term":[{"taxonomy":"category","embeddable":true,"href":"https:\/\/www.gobiernolocal.org\/acento-local\/wp-json\/wp\/v2\/categories?post=4373"},{"taxonomy":"post_tag","embeddable":true,"href":"https:\/\/www.gobiernolocal.org\/acento-local\/wp-json\/wp\/v2\/tags?post=4373"},{"taxonomy":"autor-post","embeddable":true,"href":"https:\/\/www.gobiernolocal.org\/acento-local\/wp-json\/wp\/v2\/autor-post?post=4373"}],"curies":[{"name":"wp","href":"https:\/\/api.w.org\/{rel}","templated":true}]}}