{"id":4217,"date":"2025-04-22T07:30:00","date_gmt":"2025-04-22T05:30:00","guid":{"rendered":"https:\/\/www.gobiernolocal.org\/acento-local\/?p=4217"},"modified":"2025-07-11T09:25:42","modified_gmt":"2025-07-11T07:25:42","slug":"los-posts-mas-leidos-de-enero-a-marzo-de-2025","status":"publish","type":"post","link":"https:\/\/www.gobiernolocal.org\/acento-local\/los-posts-mas-leidos-de-enero-a-marzo-de-2025\/","title":{"rendered":"Los posts m\u00e1s le\u00eddos de enero a marzo de 2025"},"content":{"rendered":"\n<p>Seguidamente, os ofrecemos los <em>posts<\/em> m\u00e1s le\u00eddos durante el primer trimestre de 2025. El primero es una sentencia del Tribunal Supremo en la que se aborda el tema de las competencias de los municipios de menos de 2000 habitantes sobre la depuraci\u00f3n de las aguas residuales urbanas. El segundo, trata sobre un tema de plena actualidad, como es la inteligencia artificial aplicada al ejercicio de potestades administrativas y la necesaria reserva de algunas de esas funciones a humanos. El tercero aborda un tema cl\u00e1sico en derecho administrativo, referido a las reglas esenciales para la formaci\u00f3n de la voluntad de los \u00f3rganos colegiados.<\/p>\n\n\n\n<p style=\"margin-left:var(--wp--preset--spacing--70)\">\u2013&nbsp;<a href=\"https:\/\/www.gobiernolocal.org\/acento-local\/la-competencia-de-los-municipios-con-poblacion-inferior-a-2000-habitantes-en-relacion-con-el-tratamiento-o-depuracion-de-las-aguas-residuales-urbanas-sentencia-del-tribunal-supremo-1-642-2024\/\"><strong>La competencia de los municipios con poblaci\u00f3n inferior a 2000 habitantes en relaci\u00f3n con el tratamiento o depuraci\u00f3n de las aguas residuales urbanas. Sentencia del Tribunal Supremo 1.642\/2024<\/strong><\/a><\/p>\n\n\n\n<p style=\"margin-left:var(--wp--preset--spacing--70)\">\u2013&nbsp;<a href=\"https:\/\/www.gobiernolocal.org\/acento-local\/el-ejercicio-de-potestades-administrativas-de-modo-automatizado-con-inteligencia-artificial-la-reserva-de-funciones-administrativas-a-humanos-con-especial-referencia-al-ambito-local\/\"><strong>El ejercicio de potestades administrativas de modo automatizado con inteligencia artificial: la reserva de funciones administrativas a humanos, con especial referencia al \u00e1mbito local<\/strong><\/a><\/p>\n\n\n\n<p style=\"margin-left:var(--wp--preset--spacing--70)\">\u2013\u00a0<a href=\"https:\/\/www.gobiernolocal.org\/acento-local\/reglas-esenciales-para-formacion-de-voluntad-de-los-organos-colegiados\/\"><strong>Reglas \u201cesenciales\u201d para formaci\u00f3n de voluntad de los \u00f3rganos colegiados<\/strong><\/a> <\/p>\n\n\n\n<p>Autor\/a:\u00a0<strong>Fundaci\u00f3n Democracia y Gobierno Local<\/strong><\/p>\n","protected":false},"excerpt":{"rendered":"<p>En este <i>post<\/i> de la pizarra destacamos los tres m\u00e1s le\u00eddos del trimestre pasado.<\/p>\n","protected":false},"author":2,"featured_media":4218,"comment_status":"open","ping_status":"open","sticky":false,"template":"","format":"standard","meta":{"site-sidebar-layout":"default","site-content-layout":"","ast-site-content-layout":"default","site-content-style":"default","site-sidebar-style":"default","ast-global-header-display":"","ast-banner-title-visibility":"","ast-main-header-display":"","ast-hfb-above-header-display":"","ast-hfb-below-header-display":"","ast-hfb-mobile-header-display":"","site-post-title":"","ast-breadcrumbs-content":"","ast-featured-img":"","footer-sml-layout":"","ast-disable-related-posts":"","theme-transparent-header-meta":"","adv-header-id-meta":"","stick-header-meta":"","header-above-stick-meta":"","header-main-stick-meta":"","header-below-stick-meta":"","astra-migrate-meta-layouts":"set","ast-page-background-enabled":"default","ast-page-background-meta":{"desktop":{"background-color":"var(--ast-global-color-4)","background-image":"","background-repeat":"repeat","background-position":"center center","background-size":"auto","background-attachment":"scroll","background-type":"","background-media":"","overlay-type":"","overlay-color":"","overlay-opacity":"","overlay-gradient":""},"tablet":{"background-color":"","background-image":"","background-repeat":"repeat","background-position":"center center","background-size":"auto","background-attachment":"scroll","background-type":"","background-media":"","overlay-type":"","overlay-color":"","overlay-opacity":"","overlay-gradient":""},"mobile":{"background-color":"","background-image":"","background-repeat":"repeat","background-position":"center center","background-size":"auto","background-attachment":"scroll","background-type":"","background-media":"","overlay-type":"","overlay-color":"","overlay-opacity":"","overlay-gradient":""}},"ast-content-background-meta":{"desktop":{"background-color":"var(--ast-global-color-5)","background-image":"","background-repeat":"repeat","background-position":"center center","background-size":"auto","background-attachment":"scroll","background-type":"","background-media":"","overlay-type":"","overlay-color":"","overlay-opacity":"","overlay-gradient":""},"tablet":{"background-color":"var(--ast-global-color-5)","background-image":"","background-repeat":"repeat","background-position":"center center","background-size":"auto","background-attachment":"scroll","background-type":"","background-media":"","overlay-type":"","overlay-color":"","overlay-opacity":"","overlay-gradient":""},"mobile":{"background-color":"var(--ast-global-color-5)","background-image":"","background-repeat":"repeat","background-position":"center center","background-size":"auto","background-attachment":"scroll","background-type":"","background-media":"","overlay-type":"","overlay-color":"","overlay-opacity":"","overlay-gradient":""}},"area-autor":{"item-0":{"nombre-del-autor":"Fundaci\u00f3n Democracia y Gobierno Local","cargo-autor":"","foto-autor":"2883"}},"footnotes":""},"categories":[186],"tags":[],"autor-post":[127],"class_list":["post-4217","post","type-post","status-publish","format-standard","has-post-thumbnail","hentry","category-la-pizarra-de-acento-local","autor-post-fundacion-democracia-y-gobierno-local"],"yoast_head":"<!-- This site is optimized with the Yoast SEO plugin v27.0 - https:\/\/yoast.com\/product\/yoast-seo-wordpress\/ -->\n<title>Los posts m\u00e1s le\u00eddos de enero a marzo de 2025 - Fundaci\u00f3n Democracia y Gobierno Local<\/title>\n<meta name=\"robots\" content=\"index, follow, max-snippet:-1, max-image-preview:large, max-video-preview:-1\" \/>\n<link rel=\"canonical\" href=\"https:\/\/www.gobiernolocal.org\/acento-local\/los-posts-mas-leidos-de-enero-a-marzo-de-2025\/\" \/>\n<meta property=\"og:locale\" content=\"es_ES\" \/>\n<meta property=\"og:type\" content=\"article\" \/>\n<meta property=\"og:title\" content=\"Los posts m\u00e1s le\u00eddos de enero a marzo de 2025 - Fundaci\u00f3n Democracia y Gobierno Local\" \/>\n<meta property=\"og:description\" content=\"En este post de la pizarra destacamos los tres m\u00e1s le\u00eddos del trimestre pasado.\" \/>\n<meta property=\"og:url\" content=\"https:\/\/www.gobiernolocal.org\/acento-local\/los-posts-mas-leidos-de-enero-a-marzo-de-2025\/\" \/>\n<meta property=\"og:site_name\" content=\"Fundaci\u00f3n Democracia y Gobierno Local\" \/>\n<meta property=\"article:published_time\" content=\"2025-04-22T05:30:00+00:00\" \/>\n<meta property=\"article:modified_time\" content=\"2025-07-11T07:25:42+00:00\" \/>\n<meta property=\"og:image\" content=\"https:\/\/www.gobiernolocal.org\/acento-local\/wp-content\/uploads\/2025\/04\/2025_2o_1_2_3.jpg\" \/>\n\t<meta property=\"og:image:width\" content=\"800\" \/>\n\t<meta property=\"og:image:height\" content=\"600\" \/>\n\t<meta property=\"og:image:type\" content=\"image\/jpeg\" \/>\n<meta name=\"author\" content=\"Fundaci\u00f3n Gobierno Local\" \/>\n<meta name=\"twitter:card\" content=\"summary_large_image\" \/>\n<meta name=\"twitter:label1\" content=\"Escrito por\" \/>\n\t<meta name=\"twitter:data1\" content=\"Fundaci\u00f3n Gobierno Local\" \/>\n\t<meta name=\"twitter:label2\" content=\"Tiempo de lectura\" \/>\n\t<meta name=\"twitter:data2\" content=\"1 minuto\" \/>\n<script type=\"application\/ld+json\" class=\"yoast-schema-graph\">{\"@context\":\"https:\/\/schema.org\",\"@graph\":[{\"@type\":\"Article\",\"@id\":\"https:\/\/www.gobiernolocal.org\/acento-local\/los-posts-mas-leidos-de-enero-a-marzo-de-2025\/#article\",\"isPartOf\":{\"@id\":\"https:\/\/www.gobiernolocal.org\/acento-local\/los-posts-mas-leidos-de-enero-a-marzo-de-2025\/\"},\"author\":{\"name\":\"Fundaci\u00f3n Gobierno Local\",\"@id\":\"https:\/\/www.gobiernolocal.org\/acento-local\/#\/schema\/person\/022a0a6b36f62f7070403c5a3426d58c\"},\"headline\":\"Los posts m\u00e1s le\u00eddos de enero a marzo de 2025\",\"datePublished\":\"2025-04-22T05:30:00+00:00\",\"dateModified\":\"2025-07-11T07:25:42+00:00\",\"mainEntityOfPage\":{\"@id\":\"https:\/\/www.gobiernolocal.org\/acento-local\/los-posts-mas-leidos-de-enero-a-marzo-de-2025\/\"},\"wordCount\":190,\"commentCount\":0,\"publisher\":{\"@id\":\"https:\/\/www.gobiernolocal.org\/acento-local\/#organization\"},\"image\":{\"@id\":\"https:\/\/www.gobiernolocal.org\/acento-local\/los-posts-mas-leidos-de-enero-a-marzo-de-2025\/#primaryimage\"},\"thumbnailUrl\":\"https:\/\/www.gobiernolocal.org\/acento-local\/wp-content\/uploads\/2025\/04\/2025_2o_1_2_3.jpg\",\"articleSection\":[\"La Pizarra de Acento Local\"],\"inLanguage\":\"es\",\"potentialAction\":[{\"@type\":\"CommentAction\",\"name\":\"Comment\",\"target\":[\"https:\/\/www.gobiernolocal.org\/acento-local\/los-posts-mas-leidos-de-enero-a-marzo-de-2025\/#respond\"]}]},{\"@type\":\"WebPage\",\"@id\":\"https:\/\/www.gobiernolocal.org\/acento-local\/los-posts-mas-leidos-de-enero-a-marzo-de-2025\/\",\"url\":\"https:\/\/www.gobiernolocal.org\/acento-local\/los-posts-mas-leidos-de-enero-a-marzo-de-2025\/\",\"name\":\"Los posts m\u00e1s le\u00eddos de enero a marzo de 2025 - Fundaci\u00f3n Democracia y Gobierno Local\",\"isPartOf\":{\"@id\":\"https:\/\/www.gobiernolocal.org\/acento-local\/#website\"},\"primaryImageOfPage\":{\"@id\":\"https:\/\/www.gobiernolocal.org\/acento-local\/los-posts-mas-leidos-de-enero-a-marzo-de-2025\/#primaryimage\"},\"image\":{\"@id\":\"https:\/\/www.gobiernolocal.org\/acento-local\/los-posts-mas-leidos-de-enero-a-marzo-de-2025\/#primaryimage\"},\"thumbnailUrl\":\"https:\/\/www.gobiernolocal.org\/acento-local\/wp-content\/uploads\/2025\/04\/2025_2o_1_2_3.jpg\",\"datePublished\":\"2025-04-22T05:30:00+00:00\",\"dateModified\":\"2025-07-11T07:25:42+00:00\",\"breadcrumb\":{\"@id\":\"https:\/\/www.gobiernolocal.org\/acento-local\/los-posts-mas-leidos-de-enero-a-marzo-de-2025\/#breadcrumb\"},\"inLanguage\":\"es\",\"potentialAction\":[{\"@type\":\"ReadAction\",\"target\":[\"https:\/\/www.gobiernolocal.org\/acento-local\/los-posts-mas-leidos-de-enero-a-marzo-de-2025\/\"]}]},{\"@type\":\"ImageObject\",\"inLanguage\":\"es\",\"@id\":\"https:\/\/www.gobiernolocal.org\/acento-local\/los-posts-mas-leidos-de-enero-a-marzo-de-2025\/#primaryimage\",\"url\":\"https:\/\/www.gobiernolocal.org\/acento-local\/wp-content\/uploads\/2025\/04\/2025_2o_1_2_3.jpg\",\"contentUrl\":\"https:\/\/www.gobiernolocal.org\/acento-local\/wp-content\/uploads\/2025\/04\/2025_2o_1_2_3.jpg\",\"width\":800,\"height\":600},{\"@type\":\"BreadcrumbList\",\"@id\":\"https:\/\/www.gobiernolocal.org\/acento-local\/los-posts-mas-leidos-de-enero-a-marzo-de-2025\/#breadcrumb\",\"itemListElement\":[{\"@type\":\"ListItem\",\"position\":1,\"name\":\"Portada\",\"item\":\"https:\/\/www.gobiernolocal.org\/acento-local\/\"},{\"@type\":\"ListItem\",\"position\":2,\"name\":\"Los posts m\u00e1s le\u00eddos de enero a marzo de 2025\"}]},{\"@type\":\"WebSite\",\"@id\":\"https:\/\/www.gobiernolocal.org\/acento-local\/#website\",\"url\":\"https:\/\/www.gobiernolocal.org\/acento-local\/\",\"name\":\"Fundaci\u00f3n Democracia y Gobierno Local\",\"description\":\"Otro sitio realizado con WordPress\",\"publisher\":{\"@id\":\"https:\/\/www.gobiernolocal.org\/acento-local\/#organization\"},\"potentialAction\":[{\"@type\":\"SearchAction\",\"target\":{\"@type\":\"EntryPoint\",\"urlTemplate\":\"https:\/\/www.gobiernolocal.org\/acento-local\/?s={search_term_string}\"},\"query-input\":{\"@type\":\"PropertyValueSpecification\",\"valueRequired\":true,\"valueName\":\"search_term_string\"}}],\"inLanguage\":\"es\"},{\"@type\":\"Organization\",\"@id\":\"https:\/\/www.gobiernolocal.org\/acento-local\/#organization\",\"name\":\"Fundaci\u00f3n Democracia y Gobierno Local\",\"url\":\"https:\/\/www.gobiernolocal.org\/acento-local\/\",\"logo\":{\"@type\":\"ImageObject\",\"inLanguage\":\"es\",\"@id\":\"https:\/\/www.gobiernolocal.org\/acento-local\/#\/schema\/logo\/image\/\",\"url\":\"https:\/\/www.gobiernolocal.org\/acento-local\/wp-content\/uploads\/2024\/09\/logo-acentoo-local.png\",\"contentUrl\":\"https:\/\/www.gobiernolocal.org\/acento-local\/wp-content\/uploads\/2024\/09\/logo-acentoo-local.png\",\"width\":1005,\"height\":197,\"caption\":\"Fundaci\u00f3n Democracia y Gobierno Local\"},\"image\":{\"@id\":\"https:\/\/www.gobiernolocal.org\/acento-local\/#\/schema\/logo\/image\/\"}},{\"@type\":\"Person\",\"@id\":\"https:\/\/www.gobiernolocal.org\/acento-local\/#\/schema\/person\/022a0a6b36f62f7070403c5a3426d58c\",\"name\":\"Fundaci\u00f3n Gobierno Local\",\"image\":{\"@type\":\"ImageObject\",\"inLanguage\":\"es\",\"@id\":\"https:\/\/www.gobiernolocal.org\/acento-local\/#\/schema\/person\/image\/\",\"url\":\"https:\/\/secure.gravatar.com\/avatar\/0fa5dea6ae65ded9475a6c7160b1cbc7af5bb19e5a8057c4249aa3664c5fbb21?s=96&d=mm&r=g\",\"contentUrl\":\"https:\/\/secure.gravatar.com\/avatar\/0fa5dea6ae65ded9475a6c7160b1cbc7af5bb19e5a8057c4249aa3664c5fbb21?s=96&d=mm&r=g\",\"caption\":\"Fundaci\u00f3n Gobierno Local\"},\"sameAs\":[\"https:\/\/www.gobiernolocal.org\/acento-local\"],\"url\":\"https:\/\/www.gobiernolocal.org\/acento-local\/author\/fundacion-gobierno-local\/\"}]}<\/script>\n<!-- \/ Yoast SEO plugin. -->","yoast_head_json":{"title":"Los posts m\u00e1s le\u00eddos de enero a marzo de 2025 - Fundaci\u00f3n Democracia y Gobierno Local","robots":{"index":"index","follow":"follow","max-snippet":"max-snippet:-1","max-image-preview":"max-image-preview:large","max-video-preview":"max-video-preview:-1"},"canonical":"https:\/\/www.gobiernolocal.org\/acento-local\/los-posts-mas-leidos-de-enero-a-marzo-de-2025\/","og_locale":"es_ES","og_type":"article","og_title":"Los posts m\u00e1s le\u00eddos de enero a marzo de 2025 - Fundaci\u00f3n Democracia y Gobierno Local","og_description":"En este post de la pizarra destacamos los tres m\u00e1s le\u00eddos del trimestre pasado.","og_url":"https:\/\/www.gobiernolocal.org\/acento-local\/los-posts-mas-leidos-de-enero-a-marzo-de-2025\/","og_site_name":"Fundaci\u00f3n Democracia y Gobierno Local","article_published_time":"2025-04-22T05:30:00+00:00","article_modified_time":"2025-07-11T07:25:42+00:00","og_image":[{"width":800,"height":600,"url":"https:\/\/www.gobiernolocal.org\/acento-local\/wp-content\/uploads\/2025\/04\/2025_2o_1_2_3.jpg","type":"image\/jpeg"}],"author":"Fundaci\u00f3n Gobierno Local","twitter_card":"summary_large_image","twitter_misc":{"Escrito por":"Fundaci\u00f3n Gobierno Local","Tiempo de lectura":"1 minuto"},"schema":{"@context":"https:\/\/schema.org","@graph":[{"@type":"Article","@id":"https:\/\/www.gobiernolocal.org\/acento-local\/los-posts-mas-leidos-de-enero-a-marzo-de-2025\/#article","isPartOf":{"@id":"https:\/\/www.gobiernolocal.org\/acento-local\/los-posts-mas-leidos-de-enero-a-marzo-de-2025\/"},"author":{"name":"Fundaci\u00f3n Gobierno Local","@id":"https:\/\/www.gobiernolocal.org\/acento-local\/#\/schema\/person\/022a0a6b36f62f7070403c5a3426d58c"},"headline":"Los posts m\u00e1s le\u00eddos de enero a marzo de 2025","datePublished":"2025-04-22T05:30:00+00:00","dateModified":"2025-07-11T07:25:42+00:00","mainEntityOfPage":{"@id":"https:\/\/www.gobiernolocal.org\/acento-local\/los-posts-mas-leidos-de-enero-a-marzo-de-2025\/"},"wordCount":190,"commentCount":0,"publisher":{"@id":"https:\/\/www.gobiernolocal.org\/acento-local\/#organization"},"image":{"@id":"https:\/\/www.gobiernolocal.org\/acento-local\/los-posts-mas-leidos-de-enero-a-marzo-de-2025\/#primaryimage"},"thumbnailUrl":"https:\/\/www.gobiernolocal.org\/acento-local\/wp-content\/uploads\/2025\/04\/2025_2o_1_2_3.jpg","articleSection":["La Pizarra de Acento Local"],"inLanguage":"es","potentialAction":[{"@type":"CommentAction","name":"Comment","target":["https:\/\/www.gobiernolocal.org\/acento-local\/los-posts-mas-leidos-de-enero-a-marzo-de-2025\/#respond"]}]},{"@type":"WebPage","@id":"https:\/\/www.gobiernolocal.org\/acento-local\/los-posts-mas-leidos-de-enero-a-marzo-de-2025\/","url":"https:\/\/www.gobiernolocal.org\/acento-local\/los-posts-mas-leidos-de-enero-a-marzo-de-2025\/","name":"Los posts m\u00e1s le\u00eddos de enero a marzo de 2025 - Fundaci\u00f3n Democracia y Gobierno Local","isPartOf":{"@id":"https:\/\/www.gobiernolocal.org\/acento-local\/#website"},"primaryImageOfPage":{"@id":"https:\/\/www.gobiernolocal.org\/acento-local\/los-posts-mas-leidos-de-enero-a-marzo-de-2025\/#primaryimage"},"image":{"@id":"https:\/\/www.gobiernolocal.org\/acento-local\/los-posts-mas-leidos-de-enero-a-marzo-de-2025\/#primaryimage"},"thumbnailUrl":"https:\/\/www.gobiernolocal.org\/acento-local\/wp-content\/uploads\/2025\/04\/2025_2o_1_2_3.jpg","datePublished":"2025-04-22T05:30:00+00:00","dateModified":"2025-07-11T07:25:42+00:00","breadcrumb":{"@id":"https:\/\/www.gobiernolocal.org\/acento-local\/los-posts-mas-leidos-de-enero-a-marzo-de-2025\/#breadcrumb"},"inLanguage":"es","potentialAction":[{"@type":"ReadAction","target":["https:\/\/www.gobiernolocal.org\/acento-local\/los-posts-mas-leidos-de-enero-a-marzo-de-2025\/"]}]},{"@type":"ImageObject","inLanguage":"es","@id":"https:\/\/www.gobiernolocal.org\/acento-local\/los-posts-mas-leidos-de-enero-a-marzo-de-2025\/#primaryimage","url":"https:\/\/www.gobiernolocal.org\/acento-local\/wp-content\/uploads\/2025\/04\/2025_2o_1_2_3.jpg","contentUrl":"https:\/\/www.gobiernolocal.org\/acento-local\/wp-content\/uploads\/2025\/04\/2025_2o_1_2_3.jpg","width":800,"height":600},{"@type":"BreadcrumbList","@id":"https:\/\/www.gobiernolocal.org\/acento-local\/los-posts-mas-leidos-de-enero-a-marzo-de-2025\/#breadcrumb","itemListElement":[{"@type":"ListItem","position":1,"name":"Portada","item":"https:\/\/www.gobiernolocal.org\/acento-local\/"},{"@type":"ListItem","position":2,"name":"Los posts m\u00e1s le\u00eddos de enero a marzo de 2025"}]},{"@type":"WebSite","@id":"https:\/\/www.gobiernolocal.org\/acento-local\/#website","url":"https:\/\/www.gobiernolocal.org\/acento-local\/","name":"Fundaci\u00f3n Democracia y Gobierno Local","description":"Otro sitio realizado con WordPress","publisher":{"@id":"https:\/\/www.gobiernolocal.org\/acento-local\/#organization"},"potentialAction":[{"@type":"SearchAction","target":{"@type":"EntryPoint","urlTemplate":"https:\/\/www.gobiernolocal.org\/acento-local\/?s={search_term_string}"},"query-input":{"@type":"PropertyValueSpecification","valueRequired":true,"valueName":"search_term_string"}}],"inLanguage":"es"},{"@type":"Organization","@id":"https:\/\/www.gobiernolocal.org\/acento-local\/#organization","name":"Fundaci\u00f3n Democracia y Gobierno Local","url":"https:\/\/www.gobiernolocal.org\/acento-local\/","logo":{"@type":"ImageObject","inLanguage":"es","@id":"https:\/\/www.gobiernolocal.org\/acento-local\/#\/schema\/logo\/image\/","url":"https:\/\/www.gobiernolocal.org\/acento-local\/wp-content\/uploads\/2024\/09\/logo-acentoo-local.png","contentUrl":"https:\/\/www.gobiernolocal.org\/acento-local\/wp-content\/uploads\/2024\/09\/logo-acentoo-local.png","width":1005,"height":197,"caption":"Fundaci\u00f3n Democracia y Gobierno Local"},"image":{"@id":"https:\/\/www.gobiernolocal.org\/acento-local\/#\/schema\/logo\/image\/"}},{"@type":"Person","@id":"https:\/\/www.gobiernolocal.org\/acento-local\/#\/schema\/person\/022a0a6b36f62f7070403c5a3426d58c","name":"Fundaci\u00f3n Gobierno Local","image":{"@type":"ImageObject","inLanguage":"es","@id":"https:\/\/www.gobiernolocal.org\/acento-local\/#\/schema\/person\/image\/","url":"https:\/\/secure.gravatar.com\/avatar\/0fa5dea6ae65ded9475a6c7160b1cbc7af5bb19e5a8057c4249aa3664c5fbb21?s=96&d=mm&r=g","contentUrl":"https:\/\/secure.gravatar.com\/avatar\/0fa5dea6ae65ded9475a6c7160b1cbc7af5bb19e5a8057c4249aa3664c5fbb21?s=96&d=mm&r=g","caption":"Fundaci\u00f3n Gobierno Local"},"sameAs":["https:\/\/www.gobiernolocal.org\/acento-local"],"url":"https:\/\/www.gobiernolocal.org\/acento-local\/author\/fundacion-gobierno-local\/"}]}},"_links":{"self":[{"href":"https:\/\/www.gobiernolocal.org\/acento-local\/wp-json\/wp\/v2\/posts\/4217","targetHints":{"allow":["GET"]}}],"collection":[{"href":"https:\/\/www.gobiernolocal.org\/acento-local\/wp-json\/wp\/v2\/posts"}],"about":[{"href":"https:\/\/www.gobiernolocal.org\/acento-local\/wp-json\/wp\/v2\/types\/post"}],"author":[{"embeddable":true,"href":"https:\/\/www.gobiernolocal.org\/acento-local\/wp-json\/wp\/v2\/users\/2"}],"replies":[{"embeddable":true,"href":"https:\/\/www.gobiernolocal.org\/acento-local\/wp-json\/wp\/v2\/comments?post=4217"}],"version-history":[{"count":1,"href":"https:\/\/www.gobiernolocal.org\/acento-local\/wp-json\/wp\/v2\/posts\/4217\/revisions"}],"predecessor-version":[{"id":4448,"href":"https:\/\/www.gobiernolocal.org\/acento-local\/wp-json\/wp\/v2\/posts\/4217\/revisions\/4448"}],"wp:featuredmedia":[{"embeddable":true,"href":"https:\/\/www.gobiernolocal.org\/acento-local\/wp-json\/wp\/v2\/media\/4218"}],"wp:attachment":[{"href":"https:\/\/www.gobiernolocal.org\/acento-local\/wp-json\/wp\/v2\/media?parent=4217"}],"wp:term":[{"taxonomy":"category","embeddable":true,"href":"https:\/\/www.gobiernolocal.org\/acento-local\/wp-json\/wp\/v2\/categories?post=4217"},{"taxonomy":"post_tag","embeddable":true,"href":"https:\/\/www.gobiernolocal.org\/acento-local\/wp-json\/wp\/v2\/tags?post=4217"},{"taxonomy":"autor-post","embeddable":true,"href":"https:\/\/www.gobiernolocal.org\/acento-local\/wp-json\/wp\/v2\/autor-post?post=4217"}],"curies":[{"name":"wp","href":"https:\/\/api.w.org\/{rel}","templated":true}]}}