{"id":3961,"date":"2024-12-20T07:30:00","date_gmt":"2024-12-20T06:30:00","guid":{"rendered":"https:\/\/www.gobiernolocal.org\/acento-local\/?p=3961"},"modified":"2024-12-13T11:54:01","modified_gmt":"2024-12-13T10:54:01","slug":"tasa-local-por-entradas-y-salidas-de-vehiculos-a-traves-de-las-aceras-sentencia-del-tribunal-supremo-1-149-2024","status":"publish","type":"post","link":"https:\/\/www.gobiernolocal.org\/acento-local\/tasa-local-por-entradas-y-salidas-de-vehiculos-a-traves-de-las-aceras-sentencia-del-tribunal-supremo-1-149-2024\/","title":{"rendered":"Tasa local por entradas y salidas de veh\u00edculos a trav\u00e9s de las aceras. Sentencia del Tribunal Supremo 1.149\/2024"},"content":{"rendered":"\n<p><a href=\"https:\/\/www.poderjudicial.es\/search\/AN\/openDocument\/ecb122bddec7141ea0a8778d75e36f0d\/20240715\"><strong>Sentencia del Tribunal Supremo (Sala de lo Contencioso-Administrativo, Secci\u00f3n Segunda) n\u00fam. 1.149\/2024, de 27 de junio (ECLI:ES:TS:2024:3753)<\/strong><\/a>:<strong><\/strong><\/p>\n\n\n\n<p><strong>RECURSO DE CASACI\u00d3N<\/strong><\/p>\n\n\n\n<p>La Administraci\u00f3n p\u00fablica recurrente (Ayuntamiento de Burgos) alega que \u00ab[\u2026] la interpretaci\u00f3n que realiza el Juzgado de lo Contencioso-Administrativo resulta err\u00f3nea porque, aunque el terreno por donde se accede a los locales empleados como garajes se estime de propiedad privada, lo que esta parte no cuestiona en esta v\u00eda casacional, existe un derecho incluido en el dominio p\u00fablico local cuyo aprovechamiento especial determina la concurrencia del hecho imponible y la consecuente procedencia de liquidar la tasa por dicho aprovechamiento especial. As\u00ed, sostenemos, aunque el terreno sea privado, el hecho de que tal terreno acoja una \u2018acera\u2019 implica que existe una infraestructura consistente en la existencia de una v\u00eda pavimentada con enlosado diferente en color y forma delimitada, por un lado, por las alineaciones de los edificios y, por otro, por el encintado del jard\u00edn, urbanizada por el Ayuntamiento de Burgos, que atribuye car\u00e1cter peatonal a la v\u00eda y que en todo caso concurre un derecho de paso calificable de servidumbre p\u00fablica\u201d.<\/p>\n\n\n\n<p><strong>OPOSICI\u00d3N AL RECURSO<\/strong><\/p>\n\n\n\n<p>La parte recurrida alega que para estimar la existencia de dominio p\u00fablico en un bien, siguiendo la redacci\u00f3n literal del citado art\u00edculo 5.1 de la Ley 33\/2003, de 3 de noviembre,<a href=\"https:\/\/soluciones.aranzadilaley.es\/Content\/Documento.aspx?idd=LE0000194149&amp;version=Vigente&amp;anchor=I93\"> <\/a>es requisito que sea de titularidad p\u00fablica, y la clave en este caso es que no se discute que el espacio que el Ayuntamiento de Burgos considera acera, y por tanto de dominio p\u00fablico, es de titularidad privada, inscrita en el Registro de la Propiedad de Burgos.<\/p>\n\n\n\n<p>Se\u00f1ala que \u00ab[l]a ordenanza alude a acera o cualquier otro espacio de dominio p\u00fablico local y por tanto, est\u00e1 identificando as\u00ed aquellos en cualquier caso de pertenencia al dominio p\u00fablico local y, siendo el terreno en cuesti\u00f3n en principio propiedad privada (eso es lo que resulta de la fuerza que dimana del art. 38 Ley hipotecaria y de su inscripci\u00f3n registral) no existe as\u00ed base para que la tasa en cuesti\u00f3n, cuyo presupuesto es el uso privativo de dominio p\u00fablico local, pueda ser exigible\u201d.<\/p>\n\n\n\n<p><strong>JUICIO DE LA SALA<\/strong><\/p>\n\n\n\n<p>La cuesti\u00f3n que presenta inter\u00e9s casacional objetivo para la formaci\u00f3n de jurisprudencia consiste en determinar si el art\u00edculo 20.3.h) del TRLHL permite establecer tasas locales por entradas y salidas de veh\u00edculos a trav\u00e9s de las aceras cuando el terreno donde se sit\u00faan tales aceras es de titularidad privada, pero de uso p\u00fablico general.<strong> <\/strong>Y, en caso de respuesta afirmativa a la anterior cuesti\u00f3n, precisar si es necesario que la ordenanza reguladora de la tasa contemple expl\u00edcitamente la sujeci\u00f3n de estos supuestos de aprovechamientos especiales que se realizan sobre bienes inmuebles de titularidad privada destinados a uso p\u00fablico general.<\/p>\n\n\n\n<blockquote class=\"wp-block-quote is-layout-flow wp-block-quote-is-layout-flow\">\n<p><strong>La cuesti\u00f3n que presenta inter\u00e9s casacional objetivo para la formaci\u00f3n de jurisprudencia consiste en determinar si el art\u00edculo 20.3.h) del TRLHL permite establecer tasas locales por entradas y salidas de veh\u00edculos a trav\u00e9s de las aceras cuando el terreno donde se sit\u00faan tales aceras es de titularidad privada, pero de uso p\u00fablico general.<\/strong><\/p>\n<\/blockquote>\n\n\n\n<p>Se identifica como norma jur\u00eddica que, en principio, habr\u00e1 de ser objeto de interpretaci\u00f3n el art\u00edculo 20.3.h) del Real Decreto Legislativo 2\/2004, de 5 de marzo, por el que se aprueba el texto refundido de la Ley Reguladora de las Haciendas Locales.<\/p>\n\n\n\n<p>El art\u00edculo 20 del TRLRHL, aprobado por el Real Decreto Legislativo 2\/2004, de 5 de marzo, faculta a las entidades locales para el establecimiento de tasas por la utilizaci\u00f3n privativa o el aprovechamiento especial del dominio p\u00fablico local, as\u00ed como por la prestaci\u00f3n de servicios p\u00fablicos o la realizaci\u00f3n de actividades administrativas de competencia local que se refieran, afecten o beneficien de modo particular a los sujetos pasivos.<\/p>\n\n\n\n<p>El apartado 3 del art\u00edculo 20 del TRLRHL incluye una lista abierta de tasas por utilizaci\u00f3n privativa o aprovechamiento especial del dominio p\u00fablico local, entre las que la letra h) dispone: \u00ab[\u2026] h) Entradas de veh\u00edculos a trav\u00e9s de las aceras y reservas de v\u00eda p\u00fablica para aparcamiento exclusivo, parada de veh\u00edculos, carga y descarga de mercanc\u00edas de cualquier clase\u00bb.<\/p>\n\n\n\n<p>El hecho imponible de esta tasa se produce tanto en los casos de utilizaci\u00f3n privativa del dominio p\u00fablico local como cuando, no habiendo una utilizaci\u00f3n intensiva, s\u00ed existe al menos aprovechamiento de dicho dominio.<\/p>\n\n\n\n<p>El TRLRHL no recoge una definici\u00f3n de utilizaci\u00f3n privativa ni de aprovechamiento especial del dominio p\u00fablico, por lo que hay que acudir a la Ley 33\/2003, de 3 de noviembre, de Patrimonio de las Administraciones P\u00fablicas, cuyo art\u00edculo 85 contiene una definici\u00f3n de uso com\u00fan, de aprovechamiento especial y de utilizaci\u00f3n privativa.<\/p>\n\n\n\n<p>Para que la utilizaci\u00f3n del dominio p\u00fablico pueda generar tasas locales es necesaria la concurrencia de tres circunstancias:<\/p>\n\n\n\n<p style=\"margin-left:var(--wp--preset--spacing--60)\">a) que se trate de un aprovechamiento especial o privativo;<\/p>\n\n\n\n<p style=\"margin-left:var(--wp--preset--spacing--60)\">b) que su uso sea leg\u00edtimo;<\/p>\n\n\n\n<p style=\"margin-left:var(--wp--preset--spacing--60)\">c) que los bienes sean de dominio p\u00fablico local.<\/p>\n\n\n\n<p>Entrando ya a examinar el hecho imponible de la tasa enjuiciada, procede hacer las siguientes reflexiones.<\/p>\n\n\n\n<p>El art\u00edculo 2.1. de la Ordenanza fiscal n.\u00ba 213 del Ayuntamiento de Burgos dispone lo siguiente:<\/p>\n\n\n\n<p style=\"margin-left:var(--wp--preset--spacing--60)\">\u00abArt. 2.- 1. Constituye el hecho imponible de esta tasa cualquier supuesto de utilizaci\u00f3n privativa o aprovechamiento especial de la v\u00eda p\u00fablica o terrenos del com\u00fan, que a continuaci\u00f3n se relacionan:<\/p>\n\n\n\n<p style=\"margin-left:var(--wp--preset--spacing--60)\">[\u2026]<\/p>\n\n\n\n<p style=\"margin-left:var(--wp--preset--spacing--60)\">3.\u00ba) Con entradas de veh\u00edculos a trav\u00e9s de las aceras o de cualquier otro espacio de dominio p\u00fablico local y reservas de la v\u00eda p\u00fablica para aparcamiento exclusivo, parada de veh\u00edculos, carga o descarga de mercanc\u00edas de cualquier clase\u00bb.<\/p>\n\n\n\n<p>Pese a los t\u00e9rminos poco clarificadores de la Ordenanza fiscal referida, lo importante ser\u00e1 acudir a lo dispuesto en el art\u00edculo 20.3.h) del TRLHL, del que se desprende que el hecho imponible de esta tasa es la utilizaci\u00f3n privativa o el aprovechamiento especial del dominio p\u00fablico local \u2014en este caso, de la v\u00eda p\u00fablica, de la calzada\u2014 con entrada de veh\u00edculos a trav\u00e9s de las aceras, seg\u00fan el art\u00edculo 20.3 del TRLRHL, considerando como sujetos pasivos el art\u00edculo 23.a) a quienes disfruten, utilicen o aprovechen especialmente el dominio p\u00fablico local en beneficio particular, conforme a alguno de los supuestos previstos en el art\u00edculo 20.3 de la Ley.<\/p>\n\n\n\n<p>Pues bien, el aprovechamiento especial que realizan los propietarios de los locales que utilizan como garajes no es tanto de las aceras construidas en terreno propiedad privada, sino de la v\u00eda p\u00fablica, calzada, que permite, atravesando la acera, el acceso de los veh\u00edculos a los locales que sirven como garajes. Acceso al garaje que obliga indefectiblemente a hacer un uso m\u00e1s intenso de la v\u00eda p\u00fablica y a atravesar la acera. En efecto, no se trata tanto de la utilizaci\u00f3n m\u00e1s intensa de la acera construida en terreno propiedad privada, sino del aprovechamiento m\u00e1s intenso que hacen del dominio p\u00fablico local, en este caso, de la calzada que da acceso, atravesando la acera, a sus locales de garaje. Intensidad de uso superior a lo que ser\u00eda el uso general colectivo de la v\u00eda p\u00fablica, que permite considerar concurrente el hecho imponible de la tasa (detenci\u00f3n en la v\u00eda p\u00fablica para el acceso a los garajes, para la salida desde el garaje, etc.).<\/p>\n\n\n\n<p>Consecuentemente, estima la Sala que existe una mayor intensidad de uso del dominio p\u00fablico local o, cuando menos, como se ha expuesto, una intensidad de uso superior a lo que ser\u00eda el uso general colectivo de la v\u00eda p\u00fablica.<\/p>\n\n\n\n<p>En suma, la utilizaci\u00f3n de la v\u00eda p\u00fablica \u2014calzada\u2014 con entrada de veh\u00edculos a trav\u00e9s de las aceras constituye un aprovechamiento especial del dominio p\u00fablico local susceptible de ser gravado con una tasa local, realiz\u00e1ndose el hecho imponible previsto en el art\u00edculo 20.3.h) del TRLHL.<\/p>\n\n\n\n<blockquote class=\"wp-block-quote is-layout-flow wp-block-quote-is-layout-flow\">\n<p><strong>En suma, la utilizaci\u00f3n de la v\u00eda p\u00fablica \u2014calzada\u2014 con entrada de veh\u00edculos a trav\u00e9s de las aceras constituye un aprovechamiento especial del dominio p\u00fablico local susceptible de ser gravado con una tasa local, realiz\u00e1ndose el hecho imponible previsto en el art\u00edculo 20.3.h) del TRLHL.<\/strong><\/p>\n<\/blockquote>\n\n\n\n<p>As\u00ed pues, la respuesta a la cuesti\u00f3n de inter\u00e9s casacional objetivo para la formaci\u00f3n de jurisprudencia debe ser que el art\u00edculo 20.3.h) del TRLHL permite establecer una tasa local por entradas y salidas de veh\u00edculos a trav\u00e9s de las aceras, con independencia de que la acera que atraviesan los veh\u00edculos para su incorporaci\u00f3n a los garajes est\u00e9 instalada sobre un terreno de propiedad privada, pero de uso p\u00fablico general, pues lo determinante para que se d\u00e9 el hecho imponible de la tasa examinada no es la mayor intensidad en el aprovechamiento de la acera, sino la mayor intensidad en la utilizaci\u00f3n de la calzada que tienen que hacer los propietarios de los locales para el acceso a sus garajes, atravesando la acera.<\/p>\n\n\n\n<p>Asimismo, basta la reproducci\u00f3n del presupuesto normativo del art\u00edculo 20.3.h) del TRLHL, sin que sea necesario que la ordenanza reguladora de la tasa contemple expl\u00edcitamente la sujeci\u00f3n de este supuesto de aprovechamiento especial.<\/p>\n\n\n\n<blockquote class=\"wp-block-quote is-layout-flow wp-block-quote-is-layout-flow\">\n<p><strong>Asimismo, basta la reproducci\u00f3n del presupuesto normativo del art\u00edculo 20.3.h) del TRLHL, sin que sea necesario que la ordenanza reguladora de la tasa contemple expl\u00edcitamente la sujeci\u00f3n de este supuesto de aprovechamiento especial.<\/strong><\/p>\n<\/blockquote>\n\n\n\n<p>Autor\/a:<strong>&nbsp;Miryam Quintanilla Navarro<\/strong><\/p>\n\n\n\n<p><\/p>\n","protected":false},"excerpt":{"rendered":"<p>El Tribunal Supremo sostiene que el art\u00edculo 20.3.h) del TRLHL permite establecer una tasa local por entradas y salidas de veh\u00edculos a trav\u00e9s de las aceras, con independencia de que la acera que atraviesan los veh\u00edculos para su incorporaci\u00f3n a los garajes est\u00e9 instalada sobre un terreno de propiedad privada, pero de uso p\u00fablico general. <br \/>\nSENTIDO DEL FALLO: Estimaci\u00f3n del recurso de casaci\u00f3n.<\/p>\n","protected":false},"author":2,"featured_media":3962,"comment_status":"open","ping_status":"open","sticky":false,"template":"","format":"standard","meta":{"site-sidebar-layout":"default","site-content-layout":"","ast-site-content-layout":"default","site-content-style":"default","site-sidebar-style":"default","ast-global-header-display":"","ast-banner-title-visibility":"","ast-main-header-display":"","ast-hfb-above-header-display":"","ast-hfb-below-header-display":"","ast-hfb-mobile-header-display":"","site-post-title":"","ast-breadcrumbs-content":"","ast-featured-img":"","footer-sml-layout":"","ast-disable-related-posts":"","theme-transparent-header-meta":"","adv-header-id-meta":"","stick-header-meta":"","header-above-stick-meta":"","header-main-stick-meta":"","header-below-stick-meta":"","astra-migrate-meta-layouts":"set","ast-page-background-enabled":"default","ast-page-background-meta":{"desktop":{"background-color":"var(--ast-global-color-4)","background-image":"","background-repeat":"repeat","background-position":"center center","background-size":"auto","background-attachment":"scroll","background-type":"","background-media":"","overlay-type":"","overlay-color":"","overlay-opacity":"","overlay-gradient":""},"tablet":{"background-color":"","background-image":"","background-repeat":"repeat","background-position":"center center","background-size":"auto","background-attachment":"scroll","background-type":"","background-media":"","overlay-type":"","overlay-color":"","overlay-opacity":"","overlay-gradient":""},"mobile":{"background-color":"","background-image":"","background-repeat":"repeat","background-position":"center center","background-size":"auto","background-attachment":"scroll","background-type":"","background-media":"","overlay-type":"","overlay-color":"","overlay-opacity":"","overlay-gradient":""}},"ast-content-background-meta":{"desktop":{"background-color":"var(--ast-global-color-5)","background-image":"","background-repeat":"repeat","background-position":"center center","background-size":"auto","background-attachment":"scroll","background-type":"","background-media":"","overlay-type":"","overlay-color":"","overlay-opacity":"","overlay-gradient":""},"tablet":{"background-color":"var(--ast-global-color-5)","background-image":"","background-repeat":"repeat","background-position":"center center","background-size":"auto","background-attachment":"scroll","background-type":"","background-media":"","overlay-type":"","overlay-color":"","overlay-opacity":"","overlay-gradient":""},"mobile":{"background-color":"var(--ast-global-color-5)","background-image":"","background-repeat":"repeat","background-position":"center center","background-size":"auto","background-attachment":"scroll","background-type":"","background-media":"","overlay-type":"","overlay-color":"","overlay-opacity":"","overlay-gradient":""}},"area-autor":{"item-0":{"nombre-del-autor":"Miryam Quintanilla Navarro","cargo-autor":"Funcionaria de carrera y Doctora en Derecho","foto-autor":""}},"footnotes":""},"categories":[172],"tags":[103],"autor-post":[171],"class_list":["post-3961","post","type-post","status-publish","format-standard","has-post-thumbnail","hentry","category-jurisprudencia","tag-financiacion","autor-post-miryam-quintanilla-navarro"],"yoast_head":"<!-- This site is optimized with the Yoast SEO plugin v27.0 - https:\/\/yoast.com\/product\/yoast-seo-wordpress\/ -->\n<title>Tasa local por entradas y salidas de veh\u00edculos a trav\u00e9s de las aceras. Sentencia del Tribunal Supremo 1.149\/2024 - Fundaci\u00f3n Democracia y Gobierno Local<\/title>\n<meta name=\"robots\" content=\"index, follow, max-snippet:-1, max-image-preview:large, max-video-preview:-1\" \/>\n<link rel=\"canonical\" href=\"https:\/\/www.gobiernolocal.org\/acento-local\/tasa-local-por-entradas-y-salidas-de-vehiculos-a-traves-de-las-aceras-sentencia-del-tribunal-supremo-1-149-2024\/\" \/>\n<meta property=\"og:locale\" content=\"es_ES\" \/>\n<meta property=\"og:type\" content=\"article\" \/>\n<meta property=\"og:title\" content=\"Tasa local por entradas y salidas de veh\u00edculos a trav\u00e9s de las aceras. Sentencia del Tribunal Supremo 1.149\/2024 - Fundaci\u00f3n Democracia y Gobierno Local\" \/>\n<meta property=\"og:description\" content=\"El Tribunal Supremo sostiene que el art\u00edculo 20.3.h) del TRLHL permite establecer una tasa local por entradas y salidas de veh\u00edculos a trav\u00e9s de las aceras, con independencia de que la acera que atraviesan los veh\u00edculos para su incorporaci\u00f3n a los garajes est\u00e9 instalada sobre un terreno de propiedad privada, pero de uso p\u00fablico general. SENTIDO DEL FALLO: Estimaci\u00f3n del recurso de casaci\u00f3n.\" \/>\n<meta property=\"og:url\" content=\"https:\/\/www.gobiernolocal.org\/acento-local\/tasa-local-por-entradas-y-salidas-de-vehiculos-a-traves-de-las-aceras-sentencia-del-tribunal-supremo-1-149-2024\/\" \/>\n<meta property=\"og:site_name\" content=\"Fundaci\u00f3n Democracia y Gobierno Local\" \/>\n<meta property=\"article:published_time\" content=\"2024-12-20T06:30:00+00:00\" \/>\n<meta property=\"og:image\" content=\"https:\/\/www.gobiernolocal.org\/acento-local\/wp-content\/uploads\/2024\/12\/241220_800_01.jpg\" \/>\n\t<meta property=\"og:image:width\" content=\"800\" \/>\n\t<meta property=\"og:image:height\" content=\"569\" \/>\n\t<meta property=\"og:image:type\" content=\"image\/jpeg\" \/>\n<meta name=\"author\" content=\"Fundaci\u00f3n Gobierno Local\" \/>\n<meta name=\"twitter:card\" content=\"summary_large_image\" \/>\n<meta name=\"twitter:label1\" content=\"Escrito por\" \/>\n\t<meta name=\"twitter:data1\" content=\"Fundaci\u00f3n Gobierno Local\" \/>\n\t<meta name=\"twitter:label2\" content=\"Tiempo de lectura\" \/>\n\t<meta name=\"twitter:data2\" content=\"7 minutos\" \/>\n<script type=\"application\/ld+json\" class=\"yoast-schema-graph\">{\"@context\":\"https:\/\/schema.org\",\"@graph\":[{\"@type\":\"Article\",\"@id\":\"https:\/\/www.gobiernolocal.org\/acento-local\/tasa-local-por-entradas-y-salidas-de-vehiculos-a-traves-de-las-aceras-sentencia-del-tribunal-supremo-1-149-2024\/#article\",\"isPartOf\":{\"@id\":\"https:\/\/www.gobiernolocal.org\/acento-local\/tasa-local-por-entradas-y-salidas-de-vehiculos-a-traves-de-las-aceras-sentencia-del-tribunal-supremo-1-149-2024\/\"},\"author\":{\"name\":\"Fundaci\u00f3n Gobierno Local\",\"@id\":\"https:\/\/www.gobiernolocal.org\/acento-local\/#\/schema\/person\/022a0a6b36f62f7070403c5a3426d58c\"},\"headline\":\"Tasa local por entradas y salidas de veh\u00edculos a trav\u00e9s de las aceras. Sentencia del Tribunal Supremo 1.149\/2024\",\"datePublished\":\"2024-12-20T06:30:00+00:00\",\"mainEntityOfPage\":{\"@id\":\"https:\/\/www.gobiernolocal.org\/acento-local\/tasa-local-por-entradas-y-salidas-de-vehiculos-a-traves-de-las-aceras-sentencia-del-tribunal-supremo-1-149-2024\/\"},\"wordCount\":1652,\"commentCount\":0,\"publisher\":{\"@id\":\"https:\/\/www.gobiernolocal.org\/acento-local\/#organization\"},\"image\":{\"@id\":\"https:\/\/www.gobiernolocal.org\/acento-local\/tasa-local-por-entradas-y-salidas-de-vehiculos-a-traves-de-las-aceras-sentencia-del-tribunal-supremo-1-149-2024\/#primaryimage\"},\"thumbnailUrl\":\"https:\/\/www.gobiernolocal.org\/acento-local\/wp-content\/uploads\/2024\/12\/241220_800_01.jpg\",\"keywords\":[\"Financiaci\u00f3n\"],\"articleSection\":[\"Jurisprudencia\"],\"inLanguage\":\"es\",\"potentialAction\":[{\"@type\":\"CommentAction\",\"name\":\"Comment\",\"target\":[\"https:\/\/www.gobiernolocal.org\/acento-local\/tasa-local-por-entradas-y-salidas-de-vehiculos-a-traves-de-las-aceras-sentencia-del-tribunal-supremo-1-149-2024\/#respond\"]}]},{\"@type\":\"WebPage\",\"@id\":\"https:\/\/www.gobiernolocal.org\/acento-local\/tasa-local-por-entradas-y-salidas-de-vehiculos-a-traves-de-las-aceras-sentencia-del-tribunal-supremo-1-149-2024\/\",\"url\":\"https:\/\/www.gobiernolocal.org\/acento-local\/tasa-local-por-entradas-y-salidas-de-vehiculos-a-traves-de-las-aceras-sentencia-del-tribunal-supremo-1-149-2024\/\",\"name\":\"Tasa local por entradas y salidas de veh\u00edculos a trav\u00e9s de las aceras. Sentencia del Tribunal Supremo 1.149\/2024 - Fundaci\u00f3n Democracia y Gobierno Local\",\"isPartOf\":{\"@id\":\"https:\/\/www.gobiernolocal.org\/acento-local\/#website\"},\"primaryImageOfPage\":{\"@id\":\"https:\/\/www.gobiernolocal.org\/acento-local\/tasa-local-por-entradas-y-salidas-de-vehiculos-a-traves-de-las-aceras-sentencia-del-tribunal-supremo-1-149-2024\/#primaryimage\"},\"image\":{\"@id\":\"https:\/\/www.gobiernolocal.org\/acento-local\/tasa-local-por-entradas-y-salidas-de-vehiculos-a-traves-de-las-aceras-sentencia-del-tribunal-supremo-1-149-2024\/#primaryimage\"},\"thumbnailUrl\":\"https:\/\/www.gobiernolocal.org\/acento-local\/wp-content\/uploads\/2024\/12\/241220_800_01.jpg\",\"datePublished\":\"2024-12-20T06:30:00+00:00\",\"breadcrumb\":{\"@id\":\"https:\/\/www.gobiernolocal.org\/acento-local\/tasa-local-por-entradas-y-salidas-de-vehiculos-a-traves-de-las-aceras-sentencia-del-tribunal-supremo-1-149-2024\/#breadcrumb\"},\"inLanguage\":\"es\",\"potentialAction\":[{\"@type\":\"ReadAction\",\"target\":[\"https:\/\/www.gobiernolocal.org\/acento-local\/tasa-local-por-entradas-y-salidas-de-vehiculos-a-traves-de-las-aceras-sentencia-del-tribunal-supremo-1-149-2024\/\"]}]},{\"@type\":\"ImageObject\",\"inLanguage\":\"es\",\"@id\":\"https:\/\/www.gobiernolocal.org\/acento-local\/tasa-local-por-entradas-y-salidas-de-vehiculos-a-traves-de-las-aceras-sentencia-del-tribunal-supremo-1-149-2024\/#primaryimage\",\"url\":\"https:\/\/www.gobiernolocal.org\/acento-local\/wp-content\/uploads\/2024\/12\/241220_800_01.jpg\",\"contentUrl\":\"https:\/\/www.gobiernolocal.org\/acento-local\/wp-content\/uploads\/2024\/12\/241220_800_01.jpg\",\"width\":800,\"height\":569},{\"@type\":\"BreadcrumbList\",\"@id\":\"https:\/\/www.gobiernolocal.org\/acento-local\/tasa-local-por-entradas-y-salidas-de-vehiculos-a-traves-de-las-aceras-sentencia-del-tribunal-supremo-1-149-2024\/#breadcrumb\",\"itemListElement\":[{\"@type\":\"ListItem\",\"position\":1,\"name\":\"Portada\",\"item\":\"https:\/\/www.gobiernolocal.org\/acento-local\/\"},{\"@type\":\"ListItem\",\"position\":2,\"name\":\"Tasa local por entradas y salidas de veh\u00edculos a trav\u00e9s de las aceras. Sentencia del Tribunal Supremo 1.149\/2024\"}]},{\"@type\":\"WebSite\",\"@id\":\"https:\/\/www.gobiernolocal.org\/acento-local\/#website\",\"url\":\"https:\/\/www.gobiernolocal.org\/acento-local\/\",\"name\":\"Fundaci\u00f3n Democracia y Gobierno Local\",\"description\":\"Otro sitio realizado con WordPress\",\"publisher\":{\"@id\":\"https:\/\/www.gobiernolocal.org\/acento-local\/#organization\"},\"potentialAction\":[{\"@type\":\"SearchAction\",\"target\":{\"@type\":\"EntryPoint\",\"urlTemplate\":\"https:\/\/www.gobiernolocal.org\/acento-local\/?s={search_term_string}\"},\"query-input\":{\"@type\":\"PropertyValueSpecification\",\"valueRequired\":true,\"valueName\":\"search_term_string\"}}],\"inLanguage\":\"es\"},{\"@type\":\"Organization\",\"@id\":\"https:\/\/www.gobiernolocal.org\/acento-local\/#organization\",\"name\":\"Fundaci\u00f3n Democracia y Gobierno Local\",\"url\":\"https:\/\/www.gobiernolocal.org\/acento-local\/\",\"logo\":{\"@type\":\"ImageObject\",\"inLanguage\":\"es\",\"@id\":\"https:\/\/www.gobiernolocal.org\/acento-local\/#\/schema\/logo\/image\/\",\"url\":\"https:\/\/www.gobiernolocal.org\/acento-local\/wp-content\/uploads\/2024\/09\/logo-acentoo-local.png\",\"contentUrl\":\"https:\/\/www.gobiernolocal.org\/acento-local\/wp-content\/uploads\/2024\/09\/logo-acentoo-local.png\",\"width\":1005,\"height\":197,\"caption\":\"Fundaci\u00f3n Democracia y Gobierno Local\"},\"image\":{\"@id\":\"https:\/\/www.gobiernolocal.org\/acento-local\/#\/schema\/logo\/image\/\"}},{\"@type\":\"Person\",\"@id\":\"https:\/\/www.gobiernolocal.org\/acento-local\/#\/schema\/person\/022a0a6b36f62f7070403c5a3426d58c\",\"name\":\"Fundaci\u00f3n Gobierno Local\",\"image\":{\"@type\":\"ImageObject\",\"inLanguage\":\"es\",\"@id\":\"https:\/\/www.gobiernolocal.org\/acento-local\/#\/schema\/person\/image\/\",\"url\":\"https:\/\/secure.gravatar.com\/avatar\/0fa5dea6ae65ded9475a6c7160b1cbc7af5bb19e5a8057c4249aa3664c5fbb21?s=96&d=mm&r=g\",\"contentUrl\":\"https:\/\/secure.gravatar.com\/avatar\/0fa5dea6ae65ded9475a6c7160b1cbc7af5bb19e5a8057c4249aa3664c5fbb21?s=96&d=mm&r=g\",\"caption\":\"Fundaci\u00f3n Gobierno Local\"},\"sameAs\":[\"https:\/\/www.gobiernolocal.org\/acento-local\"],\"url\":\"https:\/\/www.gobiernolocal.org\/acento-local\/author\/fundacion-gobierno-local\/\"}]}<\/script>\n<!-- \/ Yoast SEO plugin. -->","yoast_head_json":{"title":"Tasa local por entradas y salidas de veh\u00edculos a trav\u00e9s de las aceras. Sentencia del Tribunal Supremo 1.149\/2024 - Fundaci\u00f3n Democracia y Gobierno Local","robots":{"index":"index","follow":"follow","max-snippet":"max-snippet:-1","max-image-preview":"max-image-preview:large","max-video-preview":"max-video-preview:-1"},"canonical":"https:\/\/www.gobiernolocal.org\/acento-local\/tasa-local-por-entradas-y-salidas-de-vehiculos-a-traves-de-las-aceras-sentencia-del-tribunal-supremo-1-149-2024\/","og_locale":"es_ES","og_type":"article","og_title":"Tasa local por entradas y salidas de veh\u00edculos a trav\u00e9s de las aceras. Sentencia del Tribunal Supremo 1.149\/2024 - Fundaci\u00f3n Democracia y Gobierno Local","og_description":"El Tribunal Supremo sostiene que el art\u00edculo 20.3.h) del TRLHL permite establecer una tasa local por entradas y salidas de veh\u00edculos a trav\u00e9s de las aceras, con independencia de que la acera que atraviesan los veh\u00edculos para su incorporaci\u00f3n a los garajes est\u00e9 instalada sobre un terreno de propiedad privada, pero de uso p\u00fablico general. SENTIDO DEL FALLO: Estimaci\u00f3n del recurso de casaci\u00f3n.","og_url":"https:\/\/www.gobiernolocal.org\/acento-local\/tasa-local-por-entradas-y-salidas-de-vehiculos-a-traves-de-las-aceras-sentencia-del-tribunal-supremo-1-149-2024\/","og_site_name":"Fundaci\u00f3n Democracia y Gobierno Local","article_published_time":"2024-12-20T06:30:00+00:00","og_image":[{"width":800,"height":569,"url":"https:\/\/www.gobiernolocal.org\/acento-local\/wp-content\/uploads\/2024\/12\/241220_800_01.jpg","type":"image\/jpeg"}],"author":"Fundaci\u00f3n Gobierno Local","twitter_card":"summary_large_image","twitter_misc":{"Escrito por":"Fundaci\u00f3n Gobierno Local","Tiempo de lectura":"7 minutos"},"schema":{"@context":"https:\/\/schema.org","@graph":[{"@type":"Article","@id":"https:\/\/www.gobiernolocal.org\/acento-local\/tasa-local-por-entradas-y-salidas-de-vehiculos-a-traves-de-las-aceras-sentencia-del-tribunal-supremo-1-149-2024\/#article","isPartOf":{"@id":"https:\/\/www.gobiernolocal.org\/acento-local\/tasa-local-por-entradas-y-salidas-de-vehiculos-a-traves-de-las-aceras-sentencia-del-tribunal-supremo-1-149-2024\/"},"author":{"name":"Fundaci\u00f3n Gobierno Local","@id":"https:\/\/www.gobiernolocal.org\/acento-local\/#\/schema\/person\/022a0a6b36f62f7070403c5a3426d58c"},"headline":"Tasa local por entradas y salidas de veh\u00edculos a trav\u00e9s de las aceras. Sentencia del Tribunal Supremo 1.149\/2024","datePublished":"2024-12-20T06:30:00+00:00","mainEntityOfPage":{"@id":"https:\/\/www.gobiernolocal.org\/acento-local\/tasa-local-por-entradas-y-salidas-de-vehiculos-a-traves-de-las-aceras-sentencia-del-tribunal-supremo-1-149-2024\/"},"wordCount":1652,"commentCount":0,"publisher":{"@id":"https:\/\/www.gobiernolocal.org\/acento-local\/#organization"},"image":{"@id":"https:\/\/www.gobiernolocal.org\/acento-local\/tasa-local-por-entradas-y-salidas-de-vehiculos-a-traves-de-las-aceras-sentencia-del-tribunal-supremo-1-149-2024\/#primaryimage"},"thumbnailUrl":"https:\/\/www.gobiernolocal.org\/acento-local\/wp-content\/uploads\/2024\/12\/241220_800_01.jpg","keywords":["Financiaci\u00f3n"],"articleSection":["Jurisprudencia"],"inLanguage":"es","potentialAction":[{"@type":"CommentAction","name":"Comment","target":["https:\/\/www.gobiernolocal.org\/acento-local\/tasa-local-por-entradas-y-salidas-de-vehiculos-a-traves-de-las-aceras-sentencia-del-tribunal-supremo-1-149-2024\/#respond"]}]},{"@type":"WebPage","@id":"https:\/\/www.gobiernolocal.org\/acento-local\/tasa-local-por-entradas-y-salidas-de-vehiculos-a-traves-de-las-aceras-sentencia-del-tribunal-supremo-1-149-2024\/","url":"https:\/\/www.gobiernolocal.org\/acento-local\/tasa-local-por-entradas-y-salidas-de-vehiculos-a-traves-de-las-aceras-sentencia-del-tribunal-supremo-1-149-2024\/","name":"Tasa local por entradas y salidas de veh\u00edculos a trav\u00e9s de las aceras. Sentencia del Tribunal Supremo 1.149\/2024 - Fundaci\u00f3n Democracia y Gobierno Local","isPartOf":{"@id":"https:\/\/www.gobiernolocal.org\/acento-local\/#website"},"primaryImageOfPage":{"@id":"https:\/\/www.gobiernolocal.org\/acento-local\/tasa-local-por-entradas-y-salidas-de-vehiculos-a-traves-de-las-aceras-sentencia-del-tribunal-supremo-1-149-2024\/#primaryimage"},"image":{"@id":"https:\/\/www.gobiernolocal.org\/acento-local\/tasa-local-por-entradas-y-salidas-de-vehiculos-a-traves-de-las-aceras-sentencia-del-tribunal-supremo-1-149-2024\/#primaryimage"},"thumbnailUrl":"https:\/\/www.gobiernolocal.org\/acento-local\/wp-content\/uploads\/2024\/12\/241220_800_01.jpg","datePublished":"2024-12-20T06:30:00+00:00","breadcrumb":{"@id":"https:\/\/www.gobiernolocal.org\/acento-local\/tasa-local-por-entradas-y-salidas-de-vehiculos-a-traves-de-las-aceras-sentencia-del-tribunal-supremo-1-149-2024\/#breadcrumb"},"inLanguage":"es","potentialAction":[{"@type":"ReadAction","target":["https:\/\/www.gobiernolocal.org\/acento-local\/tasa-local-por-entradas-y-salidas-de-vehiculos-a-traves-de-las-aceras-sentencia-del-tribunal-supremo-1-149-2024\/"]}]},{"@type":"ImageObject","inLanguage":"es","@id":"https:\/\/www.gobiernolocal.org\/acento-local\/tasa-local-por-entradas-y-salidas-de-vehiculos-a-traves-de-las-aceras-sentencia-del-tribunal-supremo-1-149-2024\/#primaryimage","url":"https:\/\/www.gobiernolocal.org\/acento-local\/wp-content\/uploads\/2024\/12\/241220_800_01.jpg","contentUrl":"https:\/\/www.gobiernolocal.org\/acento-local\/wp-content\/uploads\/2024\/12\/241220_800_01.jpg","width":800,"height":569},{"@type":"BreadcrumbList","@id":"https:\/\/www.gobiernolocal.org\/acento-local\/tasa-local-por-entradas-y-salidas-de-vehiculos-a-traves-de-las-aceras-sentencia-del-tribunal-supremo-1-149-2024\/#breadcrumb","itemListElement":[{"@type":"ListItem","position":1,"name":"Portada","item":"https:\/\/www.gobiernolocal.org\/acento-local\/"},{"@type":"ListItem","position":2,"name":"Tasa local por entradas y salidas de veh\u00edculos a trav\u00e9s de las aceras. Sentencia del Tribunal Supremo 1.149\/2024"}]},{"@type":"WebSite","@id":"https:\/\/www.gobiernolocal.org\/acento-local\/#website","url":"https:\/\/www.gobiernolocal.org\/acento-local\/","name":"Fundaci\u00f3n Democracia y Gobierno Local","description":"Otro sitio realizado con WordPress","publisher":{"@id":"https:\/\/www.gobiernolocal.org\/acento-local\/#organization"},"potentialAction":[{"@type":"SearchAction","target":{"@type":"EntryPoint","urlTemplate":"https:\/\/www.gobiernolocal.org\/acento-local\/?s={search_term_string}"},"query-input":{"@type":"PropertyValueSpecification","valueRequired":true,"valueName":"search_term_string"}}],"inLanguage":"es"},{"@type":"Organization","@id":"https:\/\/www.gobiernolocal.org\/acento-local\/#organization","name":"Fundaci\u00f3n Democracia y Gobierno Local","url":"https:\/\/www.gobiernolocal.org\/acento-local\/","logo":{"@type":"ImageObject","inLanguage":"es","@id":"https:\/\/www.gobiernolocal.org\/acento-local\/#\/schema\/logo\/image\/","url":"https:\/\/www.gobiernolocal.org\/acento-local\/wp-content\/uploads\/2024\/09\/logo-acentoo-local.png","contentUrl":"https:\/\/www.gobiernolocal.org\/acento-local\/wp-content\/uploads\/2024\/09\/logo-acentoo-local.png","width":1005,"height":197,"caption":"Fundaci\u00f3n Democracia y Gobierno Local"},"image":{"@id":"https:\/\/www.gobiernolocal.org\/acento-local\/#\/schema\/logo\/image\/"}},{"@type":"Person","@id":"https:\/\/www.gobiernolocal.org\/acento-local\/#\/schema\/person\/022a0a6b36f62f7070403c5a3426d58c","name":"Fundaci\u00f3n Gobierno Local","image":{"@type":"ImageObject","inLanguage":"es","@id":"https:\/\/www.gobiernolocal.org\/acento-local\/#\/schema\/person\/image\/","url":"https:\/\/secure.gravatar.com\/avatar\/0fa5dea6ae65ded9475a6c7160b1cbc7af5bb19e5a8057c4249aa3664c5fbb21?s=96&d=mm&r=g","contentUrl":"https:\/\/secure.gravatar.com\/avatar\/0fa5dea6ae65ded9475a6c7160b1cbc7af5bb19e5a8057c4249aa3664c5fbb21?s=96&d=mm&r=g","caption":"Fundaci\u00f3n Gobierno Local"},"sameAs":["https:\/\/www.gobiernolocal.org\/acento-local"],"url":"https:\/\/www.gobiernolocal.org\/acento-local\/author\/fundacion-gobierno-local\/"}]}},"_links":{"self":[{"href":"https:\/\/www.gobiernolocal.org\/acento-local\/wp-json\/wp\/v2\/posts\/3961","targetHints":{"allow":["GET"]}}],"collection":[{"href":"https:\/\/www.gobiernolocal.org\/acento-local\/wp-json\/wp\/v2\/posts"}],"about":[{"href":"https:\/\/www.gobiernolocal.org\/acento-local\/wp-json\/wp\/v2\/types\/post"}],"author":[{"embeddable":true,"href":"https:\/\/www.gobiernolocal.org\/acento-local\/wp-json\/wp\/v2\/users\/2"}],"replies":[{"embeddable":true,"href":"https:\/\/www.gobiernolocal.org\/acento-local\/wp-json\/wp\/v2\/comments?post=3961"}],"version-history":[{"count":0,"href":"https:\/\/www.gobiernolocal.org\/acento-local\/wp-json\/wp\/v2\/posts\/3961\/revisions"}],"wp:featuredmedia":[{"embeddable":true,"href":"https:\/\/www.gobiernolocal.org\/acento-local\/wp-json\/wp\/v2\/media\/3962"}],"wp:attachment":[{"href":"https:\/\/www.gobiernolocal.org\/acento-local\/wp-json\/wp\/v2\/media?parent=3961"}],"wp:term":[{"taxonomy":"category","embeddable":true,"href":"https:\/\/www.gobiernolocal.org\/acento-local\/wp-json\/wp\/v2\/categories?post=3961"},{"taxonomy":"post_tag","embeddable":true,"href":"https:\/\/www.gobiernolocal.org\/acento-local\/wp-json\/wp\/v2\/tags?post=3961"},{"taxonomy":"autor-post","embeddable":true,"href":"https:\/\/www.gobiernolocal.org\/acento-local\/wp-json\/wp\/v2\/autor-post?post=3961"}],"curies":[{"name":"wp","href":"https:\/\/api.w.org\/{rel}","templated":true}]}}