{"id":3831,"date":"2024-10-16T07:30:00","date_gmt":"2024-10-16T05:30:00","guid":{"rendered":"https:\/\/www.gobiernolocal.org\/acento-local\/?p=3831"},"modified":"2024-12-18T14:18:50","modified_gmt":"2024-12-18T13:18:50","slug":"la-externalizacion-de-procedimientos-administrativos-a-traves-de-encargos-a-medios-propios","status":"publish","type":"post","link":"https:\/\/www.gobiernolocal.org\/acento-local\/la-externalizacion-de-procedimientos-administrativos-a-traves-de-encargos-a-medios-propios\/","title":{"rendered":"La externalizaci\u00f3n de procedimientos administrativos a trav\u00e9s de encargos a medios propios"},"content":{"rendered":"\n<p>En cualquier externalizaci\u00f3n de procedimientos administrativos afloran unos l\u00edmites infranqueables que derivan de la retenci\u00f3n en exclusiva por parte de las Administraciones de todo lo referido al ejercicio de las potestades p\u00fablicas o ejercicio de autoridad, de manera que las funciones que afecten directa o indirectamente a este n\u00facleo indeclinable han de permanecer residenciadas y ejercitadas por el \u00f3rgano administrativo titular de la competencia, como reclama la normativa de contratos p\u00fablicos y de procedimiento administrativo. El r\u00e9gimen estatutario del empleado p\u00fablico precisa, adem\u00e1s, que \u201cel ejercicio de las funciones que impliquen la participaci\u00f3n directa o indirecta en el ejercicio de las potestades p\u00fablicas o en la salvaguardia de los intereses generales [\u2026] corresponden exclusivamente a los funcionarios p\u00fablicos\u201d.<\/p>\n\n\n\n<p>Sobre estos l\u00edmites se ha pronunciado recientemente el Tribunal Supremo, observ\u00e1ndose una cierta pulsi\u00f3n flexibilizadora en sus \u00faltimas sentencias.<\/p>\n\n\n\n<p>Es de destacar, en primer lugar, la posici\u00f3n restrictiva de la Sentencia 1160\/2020, de 14 de septiembre, que confirmaba la anulaci\u00f3n judicial de un encargo que ten\u00eda por objeto, al menos nominalmente, la prestaci\u00f3n de \u201cauxilio material y asistencia t\u00e9cnica en la tramitaci\u00f3n de los expedientes sancionadores competencia del organismo de cuenca\u201d.&nbsp; Como premisa, se se\u00f1alaba que los procedimientos se han de tramitar bajo la responsabilidad de las autoridades y del personal al servicio de las Administraciones, y \u201cmal puede asumirse esa responsabilidad si el expediente se encuentra en poder f\u00edsico de una sociedad mercantil sujeta al derecho privado\u201d.La Administraci\u00f3n ha de actuar mediante \u00f3rganos encarnados por los funcionarios p\u00fablicos, \u00abquienes desempe\u00f1an funciones retribuidas en las Administraciones P\u00fablicas al servicio de los intereses generales\u00bb. La relevancia de su intervenci\u00f3n se basa en que se hallan sometidos a una relaci\u00f3n estatutaria, como \u201cmanifestaci\u00f3n de la objetividad, imparcialidad y sometimiento al Derecho que debe regir en toda la actividad p\u00fablica\u201d, y \u201cbajo ning\u00fan concepto pueden excluirse de esa regla aquellas funciones que afecten, directa o indirectamente, a las potestades p\u00fablicas o a la protecci\u00f3n de los intereses generales, conceptos jur\u00eddicos indeterminados de los que ser\u00eda dif\u00edcil excluir alguna actividad administrativa\u201d. Se enfatizaba que \u201cen la misma tramitaci\u00f3n de los procedimientos administrativos, m\u00e1s a\u00fan en los sancionadores [\u2026] se act\u00faan potestades administrativas, con independencia de las potestades que se accionen en la resoluci\u00f3n que pone fin a los procedimientos, m\u00e1s aun, que en los procedimientos est\u00e1n empe\u00f1ados los intereses generales [\u2026] que [\u2026] constituyen el \u00e1mbito de actuaci\u00f3n reservado a los funcionarios p\u00fablicos\u201d.Se llegaba a vincular esa reserva funcionarial a las exigencias primigenias del Estado de derecho, aseverando que \u201cesa reserva de la actuaci\u00f3n del personal estatutario en la actividad administrativa va pareja a las garant\u00edas que han supuesto, en el Estado de Derecho, el Derecho Administrativo\u201d.La intervenci\u00f3n de los funcionarios p\u00fablicos es, a la postre, la garant\u00eda del sistema impuesta por la ley \u2014se termina afirmando\u2014.<\/p>\n\n\n\n<p>De forma hiperb\u00f3lica se apuntaba que, en el caso enjuiciado, \u201cno es que la Administraci\u00f3n externalice un servicio, es que externaliza, podr\u00eda decirse, ella misma, deja de ser Administraci\u00f3n si deja de realizar lo que es b\u00e1sico para dictar actos administrativos, el procedimiento legalmente establecido para ello que es, no se olvide, una exigencia constitucional\u201d.<\/p>\n\n\n\n<p>En este contexto, la sentencia realzaba dos ideas fundamentales. De un lado, la importancia de la planificaci\u00f3n de recursos humanos que corresponde a las Administraciones en orden a dimensionar ajustadamente las necesidades de personal, advirtiendo que una deficiente planificaci\u00f3n no puede servir de excusa para la externalizaci\u00f3n de procedimientos administrativos. En segundo lugar, se centraba en la negaci\u00f3n de la distinci\u00f3n entre tr\u00e1mites esenciales y accesorios del procedimiento a efectos de su externalizaci\u00f3n.<\/p>\n\n\n\n<p>El r\u00e9gimen descrito \u2014indicaba la sentencia\u2014 no empece para reconocer la posibilidad de que las Administraciones puedan acudir a personal ajeno cuando fuera necesario para la prestaci\u00f3n de servicios puntuales y accesorios, lo que no acontec\u00eda, sin embargo, en el asunto enjuiciado, en el que se apreciaba que no es algo \u201cmeramente espor\u00e1dico o circunstancial sino que se realiza de manera permanente en todos los procedimientos que se tramitan [\u2026] orillando la intervenci\u00f3n de los funcionarios encargados de dicho cometido en todos los casos\u201d. Se llegaba a afirmar que \u201cparece que se trata no ya de un supuesto de huida del Derecho Administrativo en su m\u00e1s pura y genuina manifestaci\u00f3n [\u2026] sino de una privatizaci\u00f3n encubierta de un servicio que ha sido reservado al sector p\u00fablico como una de las conquistas primarias del Derecho Administrativo propio del Estado de Derecho\u201d.<\/p>\n\n\n\n<p>La Sentencia del Tribunal Supremo 469\/2023, de 12 de abril, da un giro sobresaliente a aquellos planteamientos. La controversia se centraba en aclarar si la jurisprudencia sentada en la precitada Sentencia 1160\/2020 y en la posterior 1265\/2020, que la reproduce, resulta de aplicaci\u00f3n en el \u00e1mbito de procedimientos administrativos no sancionadores. La sentencia reconoce que el auxilio y asistencia que permite el encargo no solo puede estar referido a \u201ctrabajos t\u00e9cnicos o materiales espec\u00edficos sino tambi\u00e9n al auxilio en la gesti\u00f3n y en la tramitaci\u00f3n de procedimientos que tiene encomendados, cuando el \u00f3rgano administrativo se encuentra ante una situaci\u00f3n extraordinaria y coyuntural a la que no puede dar respuesta por sus propios medios\u201d.<\/p>\n\n\n\n<blockquote class=\"wp-block-quote is-layout-flow wp-block-quote-is-layout-flow\">\n<p><strong>La Sentencia del Tribunal Supremo 469\/2023, de 12 de abril,<\/strong> <strong>reconoce que el auxilio y asistencia que permite el encargo no solo puede estar referido a \u201ctrabajos t\u00e9cnicos o materiales espec\u00edficos sino tambi\u00e9n al auxilio en la gesti\u00f3n y en la tramitaci\u00f3n de procedimientos, cuando el \u00f3rgano administrativo se encuentra ante una situaci\u00f3n extraordinaria y coyuntural a la que no puede dar respuesta por sus propios medios\u201d.<\/strong><\/p>\n<\/blockquote>\n\n\n\n<p>Se valora la intervenci\u00f3n en dichos procedimientos de personal que carece de la condici\u00f3n de funcionario p\u00fablico y su posible afecci\u00f3n en la reserva funcionarial comentada, estatuyendo una interpretaci\u00f3n flexible de esta que se aleja del posicionamiento anterior, se\u00f1alando que \u201cesta previsi\u00f3n no puede llevarnos a la conclusi\u00f3n de que toda intervenci\u00f3n en un procedimiento administrativo, incluso ejerciendo tareas [de] colaboraci\u00f3n con una Administraci\u00f3n p\u00fablica, est\u00e1 reservada exclusivamente a los funcionarios de carrera\u201d.<\/p>\n\n\n\n<blockquote class=\"wp-block-quote is-layout-flow wp-block-quote-is-layout-flow\">\n<p><strong>\u201cEsta previsi\u00f3n no puede llevarnos a la conclusi\u00f3n de que toda intervenci\u00f3n en un procedimiento administrativo, incluso ejerciendo tareas [de] colaboraci\u00f3n con una Administraci\u00f3n p\u00fablica, est\u00e1 reservada exclusivamente a los funcionarios de carrera\u201d.<\/strong><\/p>\n<\/blockquote>\n\n\n\n<p>Se apela a que las circunstancias concurrentes en el caso de autos legitiman esa externalizaci\u00f3n; de un lado, la circunstancia imprevisible y extraordinaria acontecida, en la medida en que una modificaci\u00f3n normativa dio lugar a un alto n\u00famero de procedimientos, cuya tramitaci\u00f3n era inasumible; y que el \u00f3rgano encargante se reservaba el control de la tramitaci\u00f3n objeto de encargo \u2014as\u00ed se afirma\u2014, en particular, la firma de las resoluciones administrativas finalizadoras del procedimiento, reteniendo, por tanto, la decisi\u00f3n \u00faltima de estos expedientes, y por ende, la potestad publica que tiene atribuida. Resultaba, sin embargo, bastante discutible la realidad de ese control efectivo del procedimiento e incluso de la resoluci\u00f3n final, pues el sistema estipulado en el encargo conllevaba un control por muestreo, lo que determinaba que ciertas resoluciones eran firmadas por el \u00f3rgano encargante sin dicho control. Para vadear esa dificultad, la sentencia se\u00f1al\u00f3 que no resultaba probada en la instancia la ausencia de ese control ni la intensidad del muestreo.<\/p>\n\n\n\n<p>El giro jurisprudencial acometido fue discutido en el voto particular formulado, que postulaba atender a la literalidad de la normativa vigente, que no permit\u00eda legitimar la externalizaci\u00f3n de procedimientos administrativos para darles una respuesta \u00e1gil y eficiente, ni tan siquiera ante situaciones extraordinarias. El magistrado disidente impreca adem\u00e1s la existencia del control efectivo del procedimiento y de su resultado final por el \u00f3rgano encargante, por las razones antes se\u00f1aladas.<\/p>\n\n\n\n<p>Las posteriores sentencias 1340\/2023, de 26 de octubre, y 236\/2024, de 12 de febrero, son continuistas con el parecer de la Sentencia 469\/2023.<\/p>\n\n\n\n<p>Autor\/a:&nbsp;<strong>Fernando Luque Regueiro<\/strong><\/p>\n\n\n\n<p><\/p>\n","protected":false},"excerpt":{"rendered":"<p>El Tribunal Supremo suaviza, en sus \u00faltimos pronunciamientos, los l\u00edmites en la externalizaci\u00f3n de los procedimientos administrativos a trav\u00e9s de encargos a medios propios.<\/p>\n","protected":false},"author":2,"featured_media":3834,"comment_status":"open","ping_status":"open","sticky":false,"template":"","format":"standard","meta":{"site-sidebar-layout":"default","site-content-layout":"","ast-site-content-layout":"default","site-content-style":"default","site-sidebar-style":"default","ast-global-header-display":"","ast-banner-title-visibility":"","ast-main-header-display":"","ast-hfb-above-header-display":"","ast-hfb-below-header-display":"","ast-hfb-mobile-header-display":"","site-post-title":"","ast-breadcrumbs-content":"","ast-featured-img":"","footer-sml-layout":"","ast-disable-related-posts":"","theme-transparent-header-meta":"","adv-header-id-meta":"","stick-header-meta":"","header-above-stick-meta":"","header-main-stick-meta":"","header-below-stick-meta":"","astra-migrate-meta-layouts":"set","ast-page-background-enabled":"default","ast-page-background-meta":{"desktop":{"background-color":"var(--ast-global-color-4)","background-image":"","background-repeat":"repeat","background-position":"center center","background-size":"auto","background-attachment":"scroll","background-type":"","background-media":"","overlay-type":"","overlay-color":"","overlay-opacity":"","overlay-gradient":""},"tablet":{"background-color":"","background-image":"","background-repeat":"repeat","background-position":"center center","background-size":"auto","background-attachment":"scroll","background-type":"","background-media":"","overlay-type":"","overlay-color":"","overlay-opacity":"","overlay-gradient":""},"mobile":{"background-color":"","background-image":"","background-repeat":"repeat","background-position":"center center","background-size":"auto","background-attachment":"scroll","background-type":"","background-media":"","overlay-type":"","overlay-color":"","overlay-opacity":"","overlay-gradient":""}},"ast-content-background-meta":{"desktop":{"background-color":"var(--ast-global-color-5)","background-image":"","background-repeat":"repeat","background-position":"center center","background-size":"auto","background-attachment":"scroll","background-type":"","background-media":"","overlay-type":"","overlay-color":"","overlay-opacity":"","overlay-gradient":""},"tablet":{"background-color":"var(--ast-global-color-5)","background-image":"","background-repeat":"repeat","background-position":"center center","background-size":"auto","background-attachment":"scroll","background-type":"","background-media":"","overlay-type":"","overlay-color":"","overlay-opacity":"","overlay-gradient":""},"mobile":{"background-color":"var(--ast-global-color-5)","background-image":"","background-repeat":"repeat","background-position":"center center","background-size":"auto","background-attachment":"scroll","background-type":"","background-media":"","overlay-type":"","overlay-color":"","overlay-opacity":"","overlay-gradient":""}},"area-autor":{"item-0":{"nombre-del-autor":"Fernando Luque Regueiro","cargo-autor":"Letrado de la Comunidad de Madrid","foto-autor":"3832"}},"footnotes":""},"categories":[7],"tags":[59,99,142],"autor-post":[184],"class_list":["post-3831","post","type-post","status-publish","format-standard","has-post-thumbnail","hentry","category-gobernanza","tag-contratos","tag-funcion-publica","tag-procedimiento-administrativo","autor-post-fernando-luque-regueiro"],"yoast_head":"<!-- This site is optimized with the Yoast SEO plugin v27.0 - https:\/\/yoast.com\/product\/yoast-seo-wordpress\/ -->\n<title>La externalizaci\u00f3n de procedimientos administrativos a trav\u00e9s de encargos a medios propios - Fundaci\u00f3n Democracia y Gobierno Local<\/title>\n<meta name=\"robots\" content=\"index, follow, max-snippet:-1, max-image-preview:large, max-video-preview:-1\" \/>\n<link rel=\"canonical\" href=\"https:\/\/www.gobiernolocal.org\/acento-local\/la-externalizacion-de-procedimientos-administrativos-a-traves-de-encargos-a-medios-propios\/\" \/>\n<meta property=\"og:locale\" content=\"es_ES\" \/>\n<meta property=\"og:type\" content=\"article\" \/>\n<meta property=\"og:title\" content=\"La externalizaci\u00f3n de procedimientos administrativos a trav\u00e9s de encargos a medios propios - Fundaci\u00f3n Democracia y Gobierno Local\" \/>\n<meta property=\"og:description\" content=\"El Tribunal Supremo suaviza, en sus \u00faltimos pronunciamientos, los l\u00edmites en la externalizaci\u00f3n de los procedimientos administrativos a trav\u00e9s de encargos a medios propios.\" \/>\n<meta property=\"og:url\" content=\"https:\/\/www.gobiernolocal.org\/acento-local\/la-externalizacion-de-procedimientos-administrativos-a-traves-de-encargos-a-medios-propios\/\" \/>\n<meta property=\"og:site_name\" content=\"Fundaci\u00f3n Democracia y Gobierno Local\" \/>\n<meta property=\"article:published_time\" content=\"2024-10-16T05:30:00+00:00\" \/>\n<meta property=\"article:modified_time\" content=\"2024-12-18T13:18:50+00:00\" \/>\n<meta property=\"og:image\" content=\"https:\/\/www.gobiernolocal.org\/acento-local\/wp-content\/uploads\/2024\/10\/241016_800_01.jpg\" \/>\n\t<meta property=\"og:image:width\" content=\"800\" \/>\n\t<meta property=\"og:image:height\" content=\"534\" \/>\n\t<meta property=\"og:image:type\" content=\"image\/jpeg\" \/>\n<meta name=\"author\" content=\"Fundaci\u00f3n Gobierno Local\" \/>\n<meta name=\"twitter:card\" content=\"summary_large_image\" \/>\n<meta name=\"twitter:label1\" content=\"Escrito por\" \/>\n\t<meta name=\"twitter:data1\" content=\"Fundaci\u00f3n Gobierno Local\" \/>\n\t<meta name=\"twitter:label2\" content=\"Tiempo de lectura\" \/>\n\t<meta name=\"twitter:data2\" content=\"6 minutos\" \/>\n<script type=\"application\/ld+json\" class=\"yoast-schema-graph\">{\"@context\":\"https:\/\/schema.org\",\"@graph\":[{\"@type\":\"Article\",\"@id\":\"https:\/\/www.gobiernolocal.org\/acento-local\/la-externalizacion-de-procedimientos-administrativos-a-traves-de-encargos-a-medios-propios\/#article\",\"isPartOf\":{\"@id\":\"https:\/\/www.gobiernolocal.org\/acento-local\/la-externalizacion-de-procedimientos-administrativos-a-traves-de-encargos-a-medios-propios\/\"},\"author\":{\"name\":\"Fundaci\u00f3n Gobierno Local\",\"@id\":\"https:\/\/www.gobiernolocal.org\/acento-local\/#\/schema\/person\/022a0a6b36f62f7070403c5a3426d58c\"},\"headline\":\"La externalizaci\u00f3n de procedimientos administrativos a trav\u00e9s de encargos a medios propios\",\"datePublished\":\"2024-10-16T05:30:00+00:00\",\"dateModified\":\"2024-12-18T13:18:50+00:00\",\"mainEntityOfPage\":{\"@id\":\"https:\/\/www.gobiernolocal.org\/acento-local\/la-externalizacion-de-procedimientos-administrativos-a-traves-de-encargos-a-medios-propios\/\"},\"wordCount\":1389,\"commentCount\":0,\"publisher\":{\"@id\":\"https:\/\/www.gobiernolocal.org\/acento-local\/#organization\"},\"image\":{\"@id\":\"https:\/\/www.gobiernolocal.org\/acento-local\/la-externalizacion-de-procedimientos-administrativos-a-traves-de-encargos-a-medios-propios\/#primaryimage\"},\"thumbnailUrl\":\"https:\/\/www.gobiernolocal.org\/acento-local\/wp-content\/uploads\/2024\/10\/241016_800_01.jpg\",\"keywords\":[\"Contratos\",\"Funci\u00f3n p\u00fablica\",\"Procedimiento administrativo\"],\"articleSection\":[\"Gobernanza\"],\"inLanguage\":\"es\",\"potentialAction\":[{\"@type\":\"CommentAction\",\"name\":\"Comment\",\"target\":[\"https:\/\/www.gobiernolocal.org\/acento-local\/la-externalizacion-de-procedimientos-administrativos-a-traves-de-encargos-a-medios-propios\/#respond\"]}]},{\"@type\":\"WebPage\",\"@id\":\"https:\/\/www.gobiernolocal.org\/acento-local\/la-externalizacion-de-procedimientos-administrativos-a-traves-de-encargos-a-medios-propios\/\",\"url\":\"https:\/\/www.gobiernolocal.org\/acento-local\/la-externalizacion-de-procedimientos-administrativos-a-traves-de-encargos-a-medios-propios\/\",\"name\":\"La externalizaci\u00f3n de procedimientos administrativos a trav\u00e9s de encargos a medios propios - Fundaci\u00f3n Democracia y Gobierno Local\",\"isPartOf\":{\"@id\":\"https:\/\/www.gobiernolocal.org\/acento-local\/#website\"},\"primaryImageOfPage\":{\"@id\":\"https:\/\/www.gobiernolocal.org\/acento-local\/la-externalizacion-de-procedimientos-administrativos-a-traves-de-encargos-a-medios-propios\/#primaryimage\"},\"image\":{\"@id\":\"https:\/\/www.gobiernolocal.org\/acento-local\/la-externalizacion-de-procedimientos-administrativos-a-traves-de-encargos-a-medios-propios\/#primaryimage\"},\"thumbnailUrl\":\"https:\/\/www.gobiernolocal.org\/acento-local\/wp-content\/uploads\/2024\/10\/241016_800_01.jpg\",\"datePublished\":\"2024-10-16T05:30:00+00:00\",\"dateModified\":\"2024-12-18T13:18:50+00:00\",\"breadcrumb\":{\"@id\":\"https:\/\/www.gobiernolocal.org\/acento-local\/la-externalizacion-de-procedimientos-administrativos-a-traves-de-encargos-a-medios-propios\/#breadcrumb\"},\"inLanguage\":\"es\",\"potentialAction\":[{\"@type\":\"ReadAction\",\"target\":[\"https:\/\/www.gobiernolocal.org\/acento-local\/la-externalizacion-de-procedimientos-administrativos-a-traves-de-encargos-a-medios-propios\/\"]}]},{\"@type\":\"ImageObject\",\"inLanguage\":\"es\",\"@id\":\"https:\/\/www.gobiernolocal.org\/acento-local\/la-externalizacion-de-procedimientos-administrativos-a-traves-de-encargos-a-medios-propios\/#primaryimage\",\"url\":\"https:\/\/www.gobiernolocal.org\/acento-local\/wp-content\/uploads\/2024\/10\/241016_800_01.jpg\",\"contentUrl\":\"https:\/\/www.gobiernolocal.org\/acento-local\/wp-content\/uploads\/2024\/10\/241016_800_01.jpg\",\"width\":800,\"height\":534},{\"@type\":\"BreadcrumbList\",\"@id\":\"https:\/\/www.gobiernolocal.org\/acento-local\/la-externalizacion-de-procedimientos-administrativos-a-traves-de-encargos-a-medios-propios\/#breadcrumb\",\"itemListElement\":[{\"@type\":\"ListItem\",\"position\":1,\"name\":\"Portada\",\"item\":\"https:\/\/www.gobiernolocal.org\/acento-local\/\"},{\"@type\":\"ListItem\",\"position\":2,\"name\":\"La externalizaci\u00f3n de procedimientos administrativos a trav\u00e9s de encargos a medios propios\"}]},{\"@type\":\"WebSite\",\"@id\":\"https:\/\/www.gobiernolocal.org\/acento-local\/#website\",\"url\":\"https:\/\/www.gobiernolocal.org\/acento-local\/\",\"name\":\"Fundaci\u00f3n Democracia y Gobierno Local\",\"description\":\"Otro sitio realizado con WordPress\",\"publisher\":{\"@id\":\"https:\/\/www.gobiernolocal.org\/acento-local\/#organization\"},\"potentialAction\":[{\"@type\":\"SearchAction\",\"target\":{\"@type\":\"EntryPoint\",\"urlTemplate\":\"https:\/\/www.gobiernolocal.org\/acento-local\/?s={search_term_string}\"},\"query-input\":{\"@type\":\"PropertyValueSpecification\",\"valueRequired\":true,\"valueName\":\"search_term_string\"}}],\"inLanguage\":\"es\"},{\"@type\":\"Organization\",\"@id\":\"https:\/\/www.gobiernolocal.org\/acento-local\/#organization\",\"name\":\"Fundaci\u00f3n Democracia y Gobierno Local\",\"url\":\"https:\/\/www.gobiernolocal.org\/acento-local\/\",\"logo\":{\"@type\":\"ImageObject\",\"inLanguage\":\"es\",\"@id\":\"https:\/\/www.gobiernolocal.org\/acento-local\/#\/schema\/logo\/image\/\",\"url\":\"https:\/\/www.gobiernolocal.org\/acento-local\/wp-content\/uploads\/2024\/09\/logo-acentoo-local.png\",\"contentUrl\":\"https:\/\/www.gobiernolocal.org\/acento-local\/wp-content\/uploads\/2024\/09\/logo-acentoo-local.png\",\"width\":1005,\"height\":197,\"caption\":\"Fundaci\u00f3n Democracia y Gobierno Local\"},\"image\":{\"@id\":\"https:\/\/www.gobiernolocal.org\/acento-local\/#\/schema\/logo\/image\/\"}},{\"@type\":\"Person\",\"@id\":\"https:\/\/www.gobiernolocal.org\/acento-local\/#\/schema\/person\/022a0a6b36f62f7070403c5a3426d58c\",\"name\":\"Fundaci\u00f3n Gobierno Local\",\"image\":{\"@type\":\"ImageObject\",\"inLanguage\":\"es\",\"@id\":\"https:\/\/www.gobiernolocal.org\/acento-local\/#\/schema\/person\/image\/\",\"url\":\"https:\/\/secure.gravatar.com\/avatar\/0fa5dea6ae65ded9475a6c7160b1cbc7af5bb19e5a8057c4249aa3664c5fbb21?s=96&d=mm&r=g\",\"contentUrl\":\"https:\/\/secure.gravatar.com\/avatar\/0fa5dea6ae65ded9475a6c7160b1cbc7af5bb19e5a8057c4249aa3664c5fbb21?s=96&d=mm&r=g\",\"caption\":\"Fundaci\u00f3n Gobierno Local\"},\"sameAs\":[\"https:\/\/www.gobiernolocal.org\/acento-local\"],\"url\":\"https:\/\/www.gobiernolocal.org\/acento-local\/author\/fundacion-gobierno-local\/\"}]}<\/script>\n<!-- \/ Yoast SEO plugin. -->","yoast_head_json":{"title":"La externalizaci\u00f3n de procedimientos administrativos a trav\u00e9s de encargos a medios propios - Fundaci\u00f3n Democracia y Gobierno Local","robots":{"index":"index","follow":"follow","max-snippet":"max-snippet:-1","max-image-preview":"max-image-preview:large","max-video-preview":"max-video-preview:-1"},"canonical":"https:\/\/www.gobiernolocal.org\/acento-local\/la-externalizacion-de-procedimientos-administrativos-a-traves-de-encargos-a-medios-propios\/","og_locale":"es_ES","og_type":"article","og_title":"La externalizaci\u00f3n de procedimientos administrativos a trav\u00e9s de encargos a medios propios - Fundaci\u00f3n Democracia y Gobierno Local","og_description":"El Tribunal Supremo suaviza, en sus \u00faltimos pronunciamientos, los l\u00edmites en la externalizaci\u00f3n de los procedimientos administrativos a trav\u00e9s de encargos a medios propios.","og_url":"https:\/\/www.gobiernolocal.org\/acento-local\/la-externalizacion-de-procedimientos-administrativos-a-traves-de-encargos-a-medios-propios\/","og_site_name":"Fundaci\u00f3n Democracia y Gobierno Local","article_published_time":"2024-10-16T05:30:00+00:00","article_modified_time":"2024-12-18T13:18:50+00:00","og_image":[{"width":800,"height":534,"url":"https:\/\/www.gobiernolocal.org\/acento-local\/wp-content\/uploads\/2024\/10\/241016_800_01.jpg","type":"image\/jpeg"}],"author":"Fundaci\u00f3n Gobierno Local","twitter_card":"summary_large_image","twitter_misc":{"Escrito por":"Fundaci\u00f3n Gobierno Local","Tiempo de lectura":"6 minutos"},"schema":{"@context":"https:\/\/schema.org","@graph":[{"@type":"Article","@id":"https:\/\/www.gobiernolocal.org\/acento-local\/la-externalizacion-de-procedimientos-administrativos-a-traves-de-encargos-a-medios-propios\/#article","isPartOf":{"@id":"https:\/\/www.gobiernolocal.org\/acento-local\/la-externalizacion-de-procedimientos-administrativos-a-traves-de-encargos-a-medios-propios\/"},"author":{"name":"Fundaci\u00f3n Gobierno Local","@id":"https:\/\/www.gobiernolocal.org\/acento-local\/#\/schema\/person\/022a0a6b36f62f7070403c5a3426d58c"},"headline":"La externalizaci\u00f3n de procedimientos administrativos a trav\u00e9s de encargos a medios propios","datePublished":"2024-10-16T05:30:00+00:00","dateModified":"2024-12-18T13:18:50+00:00","mainEntityOfPage":{"@id":"https:\/\/www.gobiernolocal.org\/acento-local\/la-externalizacion-de-procedimientos-administrativos-a-traves-de-encargos-a-medios-propios\/"},"wordCount":1389,"commentCount":0,"publisher":{"@id":"https:\/\/www.gobiernolocal.org\/acento-local\/#organization"},"image":{"@id":"https:\/\/www.gobiernolocal.org\/acento-local\/la-externalizacion-de-procedimientos-administrativos-a-traves-de-encargos-a-medios-propios\/#primaryimage"},"thumbnailUrl":"https:\/\/www.gobiernolocal.org\/acento-local\/wp-content\/uploads\/2024\/10\/241016_800_01.jpg","keywords":["Contratos","Funci\u00f3n p\u00fablica","Procedimiento administrativo"],"articleSection":["Gobernanza"],"inLanguage":"es","potentialAction":[{"@type":"CommentAction","name":"Comment","target":["https:\/\/www.gobiernolocal.org\/acento-local\/la-externalizacion-de-procedimientos-administrativos-a-traves-de-encargos-a-medios-propios\/#respond"]}]},{"@type":"WebPage","@id":"https:\/\/www.gobiernolocal.org\/acento-local\/la-externalizacion-de-procedimientos-administrativos-a-traves-de-encargos-a-medios-propios\/","url":"https:\/\/www.gobiernolocal.org\/acento-local\/la-externalizacion-de-procedimientos-administrativos-a-traves-de-encargos-a-medios-propios\/","name":"La externalizaci\u00f3n de procedimientos administrativos a trav\u00e9s de encargos a medios propios - Fundaci\u00f3n Democracia y Gobierno Local","isPartOf":{"@id":"https:\/\/www.gobiernolocal.org\/acento-local\/#website"},"primaryImageOfPage":{"@id":"https:\/\/www.gobiernolocal.org\/acento-local\/la-externalizacion-de-procedimientos-administrativos-a-traves-de-encargos-a-medios-propios\/#primaryimage"},"image":{"@id":"https:\/\/www.gobiernolocal.org\/acento-local\/la-externalizacion-de-procedimientos-administrativos-a-traves-de-encargos-a-medios-propios\/#primaryimage"},"thumbnailUrl":"https:\/\/www.gobiernolocal.org\/acento-local\/wp-content\/uploads\/2024\/10\/241016_800_01.jpg","datePublished":"2024-10-16T05:30:00+00:00","dateModified":"2024-12-18T13:18:50+00:00","breadcrumb":{"@id":"https:\/\/www.gobiernolocal.org\/acento-local\/la-externalizacion-de-procedimientos-administrativos-a-traves-de-encargos-a-medios-propios\/#breadcrumb"},"inLanguage":"es","potentialAction":[{"@type":"ReadAction","target":["https:\/\/www.gobiernolocal.org\/acento-local\/la-externalizacion-de-procedimientos-administrativos-a-traves-de-encargos-a-medios-propios\/"]}]},{"@type":"ImageObject","inLanguage":"es","@id":"https:\/\/www.gobiernolocal.org\/acento-local\/la-externalizacion-de-procedimientos-administrativos-a-traves-de-encargos-a-medios-propios\/#primaryimage","url":"https:\/\/www.gobiernolocal.org\/acento-local\/wp-content\/uploads\/2024\/10\/241016_800_01.jpg","contentUrl":"https:\/\/www.gobiernolocal.org\/acento-local\/wp-content\/uploads\/2024\/10\/241016_800_01.jpg","width":800,"height":534},{"@type":"BreadcrumbList","@id":"https:\/\/www.gobiernolocal.org\/acento-local\/la-externalizacion-de-procedimientos-administrativos-a-traves-de-encargos-a-medios-propios\/#breadcrumb","itemListElement":[{"@type":"ListItem","position":1,"name":"Portada","item":"https:\/\/www.gobiernolocal.org\/acento-local\/"},{"@type":"ListItem","position":2,"name":"La externalizaci\u00f3n de procedimientos administrativos a trav\u00e9s de encargos a medios propios"}]},{"@type":"WebSite","@id":"https:\/\/www.gobiernolocal.org\/acento-local\/#website","url":"https:\/\/www.gobiernolocal.org\/acento-local\/","name":"Fundaci\u00f3n Democracia y Gobierno Local","description":"Otro sitio realizado con WordPress","publisher":{"@id":"https:\/\/www.gobiernolocal.org\/acento-local\/#organization"},"potentialAction":[{"@type":"SearchAction","target":{"@type":"EntryPoint","urlTemplate":"https:\/\/www.gobiernolocal.org\/acento-local\/?s={search_term_string}"},"query-input":{"@type":"PropertyValueSpecification","valueRequired":true,"valueName":"search_term_string"}}],"inLanguage":"es"},{"@type":"Organization","@id":"https:\/\/www.gobiernolocal.org\/acento-local\/#organization","name":"Fundaci\u00f3n Democracia y Gobierno Local","url":"https:\/\/www.gobiernolocal.org\/acento-local\/","logo":{"@type":"ImageObject","inLanguage":"es","@id":"https:\/\/www.gobiernolocal.org\/acento-local\/#\/schema\/logo\/image\/","url":"https:\/\/www.gobiernolocal.org\/acento-local\/wp-content\/uploads\/2024\/09\/logo-acentoo-local.png","contentUrl":"https:\/\/www.gobiernolocal.org\/acento-local\/wp-content\/uploads\/2024\/09\/logo-acentoo-local.png","width":1005,"height":197,"caption":"Fundaci\u00f3n Democracia y Gobierno Local"},"image":{"@id":"https:\/\/www.gobiernolocal.org\/acento-local\/#\/schema\/logo\/image\/"}},{"@type":"Person","@id":"https:\/\/www.gobiernolocal.org\/acento-local\/#\/schema\/person\/022a0a6b36f62f7070403c5a3426d58c","name":"Fundaci\u00f3n Gobierno Local","image":{"@type":"ImageObject","inLanguage":"es","@id":"https:\/\/www.gobiernolocal.org\/acento-local\/#\/schema\/person\/image\/","url":"https:\/\/secure.gravatar.com\/avatar\/0fa5dea6ae65ded9475a6c7160b1cbc7af5bb19e5a8057c4249aa3664c5fbb21?s=96&d=mm&r=g","contentUrl":"https:\/\/secure.gravatar.com\/avatar\/0fa5dea6ae65ded9475a6c7160b1cbc7af5bb19e5a8057c4249aa3664c5fbb21?s=96&d=mm&r=g","caption":"Fundaci\u00f3n Gobierno Local"},"sameAs":["https:\/\/www.gobiernolocal.org\/acento-local"],"url":"https:\/\/www.gobiernolocal.org\/acento-local\/author\/fundacion-gobierno-local\/"}]}},"_links":{"self":[{"href":"https:\/\/www.gobiernolocal.org\/acento-local\/wp-json\/wp\/v2\/posts\/3831","targetHints":{"allow":["GET"]}}],"collection":[{"href":"https:\/\/www.gobiernolocal.org\/acento-local\/wp-json\/wp\/v2\/posts"}],"about":[{"href":"https:\/\/www.gobiernolocal.org\/acento-local\/wp-json\/wp\/v2\/types\/post"}],"author":[{"embeddable":true,"href":"https:\/\/www.gobiernolocal.org\/acento-local\/wp-json\/wp\/v2\/users\/2"}],"replies":[{"embeddable":true,"href":"https:\/\/www.gobiernolocal.org\/acento-local\/wp-json\/wp\/v2\/comments?post=3831"}],"version-history":[{"count":0,"href":"https:\/\/www.gobiernolocal.org\/acento-local\/wp-json\/wp\/v2\/posts\/3831\/revisions"}],"wp:featuredmedia":[{"embeddable":true,"href":"https:\/\/www.gobiernolocal.org\/acento-local\/wp-json\/wp\/v2\/media\/3834"}],"wp:attachment":[{"href":"https:\/\/www.gobiernolocal.org\/acento-local\/wp-json\/wp\/v2\/media?parent=3831"}],"wp:term":[{"taxonomy":"category","embeddable":true,"href":"https:\/\/www.gobiernolocal.org\/acento-local\/wp-json\/wp\/v2\/categories?post=3831"},{"taxonomy":"post_tag","embeddable":true,"href":"https:\/\/www.gobiernolocal.org\/acento-local\/wp-json\/wp\/v2\/tags?post=3831"},{"taxonomy":"autor-post","embeddable":true,"href":"https:\/\/www.gobiernolocal.org\/acento-local\/wp-json\/wp\/v2\/autor-post?post=3831"}],"curies":[{"name":"wp","href":"https:\/\/api.w.org\/{rel}","templated":true}]}}