{"id":3803,"date":"2024-10-04T07:30:00","date_gmt":"2024-10-04T05:30:00","guid":{"rendered":"https:\/\/www.gobiernolocal.org\/acento-local\/?p=3803"},"modified":"2025-01-24T07:42:08","modified_gmt":"2025-01-24T06:42:08","slug":"los-posts-mas-leidos-de-julio-a-septiembre-de-2024","status":"publish","type":"post","link":"https:\/\/www.gobiernolocal.org\/acento-local\/los-posts-mas-leidos-de-julio-a-septiembre-de-2024\/","title":{"rendered":"Los posts m\u00e1s le\u00eddos de julio a septiembre de 2024"},"content":{"rendered":"\n<p>Seguidamente, os ofrecemos los <em>posts <\/em>m\u00e1s le\u00eddos durante el tercer trimestre de 2024. El primero, que repite la posici\u00f3n que alcanz\u00f3 en el trimestre pasado, trata un tema de inter\u00e9s constante referido a la composici\u00f3n del pleno; en particular, sobre los grupos mixtos o concejales no adscritos y la relevancia de la naturaleza de la candidatura. El segundo, que sube una posici\u00f3n respecto al trimestre pasado, se refiere al nuevo r\u00e9gimen jur\u00eddico del empadronamiento del menor de edad por un solo progenitor. Y el tercero trata otro aspecto del empadronamiento, en concreto, el de las personas sin hogar o en infraviviendas, de acuerdo con la reforma del Reglamento de Poblaci\u00f3n y Demarcaci\u00f3n Territorial aprobada el pasado mes de febrero.<\/p>\n\n\n\n<p style=\"margin-left:var(--wp--preset--spacing--70)\">&#8211; <a href=\"https:\/\/www.gobiernolocal.org\/acento-local\/grupo-mixto-o-concejales-no-adscritos-relevancia-de-la-naturaleza-de-la-candidatura\/\"><strong>\u00bfGrupo Mixto o concejales no adscritos? Relevancia de la naturaleza de la candidatura<\/strong><\/a><\/p>\n\n\n\n<p style=\"margin-left:var(--wp--preset--spacing--70)\">&#8211; <a href=\"https:\/\/www.gobiernolocal.org\/acento-local\/el-nuevo-regimen-juridico-del-empadronamiento-del-menor-de-edad-por-un-solo-progenitor\/\"><strong>El nuevo r\u00e9gimen jur\u00eddico del empadronamiento del menor de edad por un solo progenitor<\/strong><\/a><\/p>\n\n\n\n<p style=\"margin-left:var(--wp--preset--spacing--70)\">&#8211; <strong><a href=\"https:\/\/www.gobiernolocal.org\/acento-local\/el-empadronamiento-de-personas-sin-hogar-o-en-infraviviendas-novedades-de-la-reforma-del-reglamento-de-poblacion-y-demarcacion-territorial-de-febrero-de-2024\/\">El empadronamiento de personas sin hogar o en infraviviendas. Novedades de la reforma del Reglamento de Poblaci\u00f3n y Demarcaci\u00f3n Territorial de febrero de 2024<\/a><\/strong><\/p>\n\n\n\n<p>Autor\/a:&nbsp;<strong>Fundaci\u00f3n Democracia y Gobierno Local<\/strong><\/p>\n\n\n\n<p><\/p>\n","protected":false},"excerpt":{"rendered":"<p>En este <i>post<\/i> de la pizarra destacamos los tres m\u00e1s le\u00eddos del trimestre pasado.<\/p>\n","protected":false},"author":2,"featured_media":3804,"comment_status":"open","ping_status":"open","sticky":false,"template":"","format":"standard","meta":{"site-sidebar-layout":"default","site-content-layout":"","ast-site-content-layout":"default","site-content-style":"default","site-sidebar-style":"default","ast-global-header-display":"","ast-banner-title-visibility":"","ast-main-header-display":"","ast-hfb-above-header-display":"","ast-hfb-below-header-display":"","ast-hfb-mobile-header-display":"","site-post-title":"","ast-breadcrumbs-content":"","ast-featured-img":"","footer-sml-layout":"","ast-disable-related-posts":"","theme-transparent-header-meta":"","adv-header-id-meta":"","stick-header-meta":"","header-above-stick-meta":"","header-main-stick-meta":"","header-below-stick-meta":"","astra-migrate-meta-layouts":"set","ast-page-background-enabled":"default","ast-page-background-meta":{"desktop":{"background-color":"var(--ast-global-color-4)","background-image":"","background-repeat":"repeat","background-position":"center center","background-size":"auto","background-attachment":"scroll","background-type":"","background-media":"","overlay-type":"","overlay-color":"","overlay-opacity":"","overlay-gradient":""},"tablet":{"background-color":"","background-image":"","background-repeat":"repeat","background-position":"center center","background-size":"auto","background-attachment":"scroll","background-type":"","background-media":"","overlay-type":"","overlay-color":"","overlay-opacity":"","overlay-gradient":""},"mobile":{"background-color":"","background-image":"","background-repeat":"repeat","background-position":"center center","background-size":"auto","background-attachment":"scroll","background-type":"","background-media":"","overlay-type":"","overlay-color":"","overlay-opacity":"","overlay-gradient":""}},"ast-content-background-meta":{"desktop":{"background-color":"var(--ast-global-color-5)","background-image":"","background-repeat":"repeat","background-position":"center center","background-size":"auto","background-attachment":"scroll","background-type":"","background-media":"","overlay-type":"","overlay-color":"","overlay-opacity":"","overlay-gradient":""},"tablet":{"background-color":"var(--ast-global-color-5)","background-image":"","background-repeat":"repeat","background-position":"center center","background-size":"auto","background-attachment":"scroll","background-type":"","background-media":"","overlay-type":"","overlay-color":"","overlay-opacity":"","overlay-gradient":""},"mobile":{"background-color":"var(--ast-global-color-5)","background-image":"","background-repeat":"repeat","background-position":"center center","background-size":"auto","background-attachment":"scroll","background-type":"","background-media":"","overlay-type":"","overlay-color":"","overlay-opacity":"","overlay-gradient":""}},"area-autor":{"item-0":{"nombre-del-autor":"Fundaci\u00f3n Democracia y Gobierno Local","cargo-autor":"","foto-autor":"2883"}},"footnotes":""},"categories":[186],"tags":[],"autor-post":[127],"class_list":["post-3803","post","type-post","status-publish","format-standard","has-post-thumbnail","hentry","category-la-pizarra-de-acento-local","autor-post-fundacion-democracia-y-gobierno-local"],"yoast_head":"<!-- This site is optimized with the Yoast SEO plugin v27.0 - https:\/\/yoast.com\/product\/yoast-seo-wordpress\/ -->\n<title>Los posts m\u00e1s le\u00eddos de julio a septiembre de 2024 - Fundaci\u00f3n Democracia y Gobierno Local<\/title>\n<meta name=\"robots\" content=\"index, follow, max-snippet:-1, max-image-preview:large, max-video-preview:-1\" \/>\n<link rel=\"canonical\" href=\"https:\/\/www.gobiernolocal.org\/acento-local\/los-posts-mas-leidos-de-julio-a-septiembre-de-2024\/\" \/>\n<meta property=\"og:locale\" content=\"es_ES\" \/>\n<meta property=\"og:type\" content=\"article\" \/>\n<meta property=\"og:title\" content=\"Los posts m\u00e1s le\u00eddos de julio a septiembre de 2024 - Fundaci\u00f3n Democracia y Gobierno Local\" \/>\n<meta property=\"og:description\" content=\"En este post de la pizarra destacamos los tres m\u00e1s le\u00eddos del trimestre pasado.\" \/>\n<meta property=\"og:url\" content=\"https:\/\/www.gobiernolocal.org\/acento-local\/los-posts-mas-leidos-de-julio-a-septiembre-de-2024\/\" \/>\n<meta property=\"og:site_name\" content=\"Fundaci\u00f3n Democracia y Gobierno Local\" \/>\n<meta property=\"article:published_time\" content=\"2024-10-04T05:30:00+00:00\" \/>\n<meta property=\"article:modified_time\" content=\"2025-01-24T06:42:08+00:00\" \/>\n<meta property=\"og:image\" content=\"https:\/\/www.gobiernolocal.org\/acento-local\/wp-content\/uploads\/2024\/10\/2024_3o_1_2_3.jpg\" \/>\n\t<meta property=\"og:image:width\" content=\"800\" \/>\n\t<meta property=\"og:image:height\" content=\"600\" \/>\n\t<meta property=\"og:image:type\" content=\"image\/jpeg\" \/>\n<meta name=\"author\" content=\"Fundaci\u00f3n Gobierno Local\" \/>\n<meta name=\"twitter:card\" content=\"summary_large_image\" \/>\n<meta name=\"twitter:label1\" content=\"Escrito por\" \/>\n\t<meta name=\"twitter:data1\" content=\"Fundaci\u00f3n Gobierno Local\" \/>\n\t<meta name=\"twitter:label2\" content=\"Tiempo de lectura\" \/>\n\t<meta name=\"twitter:data2\" content=\"2 minutos\" \/>\n<script type=\"application\/ld+json\" class=\"yoast-schema-graph\">{\"@context\":\"https:\/\/schema.org\",\"@graph\":[{\"@type\":\"Article\",\"@id\":\"https:\/\/www.gobiernolocal.org\/acento-local\/los-posts-mas-leidos-de-julio-a-septiembre-de-2024\/#article\",\"isPartOf\":{\"@id\":\"https:\/\/www.gobiernolocal.org\/acento-local\/los-posts-mas-leidos-de-julio-a-septiembre-de-2024\/\"},\"author\":{\"name\":\"Fundaci\u00f3n Gobierno Local\",\"@id\":\"https:\/\/www.gobiernolocal.org\/acento-local\/#\/schema\/person\/022a0a6b36f62f7070403c5a3426d58c\"},\"headline\":\"Los posts m\u00e1s le\u00eddos de julio a septiembre de 2024\",\"datePublished\":\"2024-10-04T05:30:00+00:00\",\"dateModified\":\"2025-01-24T06:42:08+00:00\",\"mainEntityOfPage\":{\"@id\":\"https:\/\/www.gobiernolocal.org\/acento-local\/los-posts-mas-leidos-de-julio-a-septiembre-de-2024\/\"},\"wordCount\":205,\"commentCount\":0,\"publisher\":{\"@id\":\"https:\/\/www.gobiernolocal.org\/acento-local\/#organization\"},\"image\":{\"@id\":\"https:\/\/www.gobiernolocal.org\/acento-local\/los-posts-mas-leidos-de-julio-a-septiembre-de-2024\/#primaryimage\"},\"thumbnailUrl\":\"https:\/\/www.gobiernolocal.org\/acento-local\/wp-content\/uploads\/2024\/10\/2024_3o_1_2_3.jpg\",\"articleSection\":[\"La Pizarra de Acento Local\"],\"inLanguage\":\"es\",\"potentialAction\":[{\"@type\":\"CommentAction\",\"name\":\"Comment\",\"target\":[\"https:\/\/www.gobiernolocal.org\/acento-local\/los-posts-mas-leidos-de-julio-a-septiembre-de-2024\/#respond\"]}]},{\"@type\":\"WebPage\",\"@id\":\"https:\/\/www.gobiernolocal.org\/acento-local\/los-posts-mas-leidos-de-julio-a-septiembre-de-2024\/\",\"url\":\"https:\/\/www.gobiernolocal.org\/acento-local\/los-posts-mas-leidos-de-julio-a-septiembre-de-2024\/\",\"name\":\"Los posts m\u00e1s le\u00eddos de julio a septiembre de 2024 - Fundaci\u00f3n Democracia y Gobierno Local\",\"isPartOf\":{\"@id\":\"https:\/\/www.gobiernolocal.org\/acento-local\/#website\"},\"primaryImageOfPage\":{\"@id\":\"https:\/\/www.gobiernolocal.org\/acento-local\/los-posts-mas-leidos-de-julio-a-septiembre-de-2024\/#primaryimage\"},\"image\":{\"@id\":\"https:\/\/www.gobiernolocal.org\/acento-local\/los-posts-mas-leidos-de-julio-a-septiembre-de-2024\/#primaryimage\"},\"thumbnailUrl\":\"https:\/\/www.gobiernolocal.org\/acento-local\/wp-content\/uploads\/2024\/10\/2024_3o_1_2_3.jpg\",\"datePublished\":\"2024-10-04T05:30:00+00:00\",\"dateModified\":\"2025-01-24T06:42:08+00:00\",\"breadcrumb\":{\"@id\":\"https:\/\/www.gobiernolocal.org\/acento-local\/los-posts-mas-leidos-de-julio-a-septiembre-de-2024\/#breadcrumb\"},\"inLanguage\":\"es\",\"potentialAction\":[{\"@type\":\"ReadAction\",\"target\":[\"https:\/\/www.gobiernolocal.org\/acento-local\/los-posts-mas-leidos-de-julio-a-septiembre-de-2024\/\"]}]},{\"@type\":\"ImageObject\",\"inLanguage\":\"es\",\"@id\":\"https:\/\/www.gobiernolocal.org\/acento-local\/los-posts-mas-leidos-de-julio-a-septiembre-de-2024\/#primaryimage\",\"url\":\"https:\/\/www.gobiernolocal.org\/acento-local\/wp-content\/uploads\/2024\/10\/2024_3o_1_2_3.jpg\",\"contentUrl\":\"https:\/\/www.gobiernolocal.org\/acento-local\/wp-content\/uploads\/2024\/10\/2024_3o_1_2_3.jpg\",\"width\":800,\"height\":600},{\"@type\":\"BreadcrumbList\",\"@id\":\"https:\/\/www.gobiernolocal.org\/acento-local\/los-posts-mas-leidos-de-julio-a-septiembre-de-2024\/#breadcrumb\",\"itemListElement\":[{\"@type\":\"ListItem\",\"position\":1,\"name\":\"Portada\",\"item\":\"https:\/\/www.gobiernolocal.org\/acento-local\/\"},{\"@type\":\"ListItem\",\"position\":2,\"name\":\"Los posts m\u00e1s le\u00eddos de julio a septiembre de 2024\"}]},{\"@type\":\"WebSite\",\"@id\":\"https:\/\/www.gobiernolocal.org\/acento-local\/#website\",\"url\":\"https:\/\/www.gobiernolocal.org\/acento-local\/\",\"name\":\"Fundaci\u00f3n Democracia y Gobierno Local\",\"description\":\"Otro sitio realizado con WordPress\",\"publisher\":{\"@id\":\"https:\/\/www.gobiernolocal.org\/acento-local\/#organization\"},\"potentialAction\":[{\"@type\":\"SearchAction\",\"target\":{\"@type\":\"EntryPoint\",\"urlTemplate\":\"https:\/\/www.gobiernolocal.org\/acento-local\/?s={search_term_string}\"},\"query-input\":{\"@type\":\"PropertyValueSpecification\",\"valueRequired\":true,\"valueName\":\"search_term_string\"}}],\"inLanguage\":\"es\"},{\"@type\":\"Organization\",\"@id\":\"https:\/\/www.gobiernolocal.org\/acento-local\/#organization\",\"name\":\"Fundaci\u00f3n Democracia y Gobierno Local\",\"url\":\"https:\/\/www.gobiernolocal.org\/acento-local\/\",\"logo\":{\"@type\":\"ImageObject\",\"inLanguage\":\"es\",\"@id\":\"https:\/\/www.gobiernolocal.org\/acento-local\/#\/schema\/logo\/image\/\",\"url\":\"https:\/\/www.gobiernolocal.org\/acento-local\/wp-content\/uploads\/2024\/09\/logo-acentoo-local.png\",\"contentUrl\":\"https:\/\/www.gobiernolocal.org\/acento-local\/wp-content\/uploads\/2024\/09\/logo-acentoo-local.png\",\"width\":1005,\"height\":197,\"caption\":\"Fundaci\u00f3n Democracia y Gobierno Local\"},\"image\":{\"@id\":\"https:\/\/www.gobiernolocal.org\/acento-local\/#\/schema\/logo\/image\/\"}},{\"@type\":\"Person\",\"@id\":\"https:\/\/www.gobiernolocal.org\/acento-local\/#\/schema\/person\/022a0a6b36f62f7070403c5a3426d58c\",\"name\":\"Fundaci\u00f3n Gobierno Local\",\"image\":{\"@type\":\"ImageObject\",\"inLanguage\":\"es\",\"@id\":\"https:\/\/www.gobiernolocal.org\/acento-local\/#\/schema\/person\/image\/\",\"url\":\"https:\/\/secure.gravatar.com\/avatar\/0fa5dea6ae65ded9475a6c7160b1cbc7af5bb19e5a8057c4249aa3664c5fbb21?s=96&d=mm&r=g\",\"contentUrl\":\"https:\/\/secure.gravatar.com\/avatar\/0fa5dea6ae65ded9475a6c7160b1cbc7af5bb19e5a8057c4249aa3664c5fbb21?s=96&d=mm&r=g\",\"caption\":\"Fundaci\u00f3n Gobierno Local\"},\"sameAs\":[\"https:\/\/www.gobiernolocal.org\/acento-local\"],\"url\":\"https:\/\/www.gobiernolocal.org\/acento-local\/author\/fundacion-gobierno-local\/\"}]}<\/script>\n<!-- \/ Yoast SEO plugin. -->","yoast_head_json":{"title":"Los posts m\u00e1s le\u00eddos de julio a septiembre de 2024 - Fundaci\u00f3n Democracia y Gobierno Local","robots":{"index":"index","follow":"follow","max-snippet":"max-snippet:-1","max-image-preview":"max-image-preview:large","max-video-preview":"max-video-preview:-1"},"canonical":"https:\/\/www.gobiernolocal.org\/acento-local\/los-posts-mas-leidos-de-julio-a-septiembre-de-2024\/","og_locale":"es_ES","og_type":"article","og_title":"Los posts m\u00e1s le\u00eddos de julio a septiembre de 2024 - Fundaci\u00f3n Democracia y Gobierno Local","og_description":"En este post de la pizarra destacamos los tres m\u00e1s le\u00eddos del trimestre pasado.","og_url":"https:\/\/www.gobiernolocal.org\/acento-local\/los-posts-mas-leidos-de-julio-a-septiembre-de-2024\/","og_site_name":"Fundaci\u00f3n Democracia y Gobierno Local","article_published_time":"2024-10-04T05:30:00+00:00","article_modified_time":"2025-01-24T06:42:08+00:00","og_image":[{"width":800,"height":600,"url":"https:\/\/www.gobiernolocal.org\/acento-local\/wp-content\/uploads\/2024\/10\/2024_3o_1_2_3.jpg","type":"image\/jpeg"}],"author":"Fundaci\u00f3n Gobierno Local","twitter_card":"summary_large_image","twitter_misc":{"Escrito por":"Fundaci\u00f3n Gobierno Local","Tiempo de lectura":"2 minutos"},"schema":{"@context":"https:\/\/schema.org","@graph":[{"@type":"Article","@id":"https:\/\/www.gobiernolocal.org\/acento-local\/los-posts-mas-leidos-de-julio-a-septiembre-de-2024\/#article","isPartOf":{"@id":"https:\/\/www.gobiernolocal.org\/acento-local\/los-posts-mas-leidos-de-julio-a-septiembre-de-2024\/"},"author":{"name":"Fundaci\u00f3n Gobierno Local","@id":"https:\/\/www.gobiernolocal.org\/acento-local\/#\/schema\/person\/022a0a6b36f62f7070403c5a3426d58c"},"headline":"Los posts m\u00e1s le\u00eddos de julio a septiembre de 2024","datePublished":"2024-10-04T05:30:00+00:00","dateModified":"2025-01-24T06:42:08+00:00","mainEntityOfPage":{"@id":"https:\/\/www.gobiernolocal.org\/acento-local\/los-posts-mas-leidos-de-julio-a-septiembre-de-2024\/"},"wordCount":205,"commentCount":0,"publisher":{"@id":"https:\/\/www.gobiernolocal.org\/acento-local\/#organization"},"image":{"@id":"https:\/\/www.gobiernolocal.org\/acento-local\/los-posts-mas-leidos-de-julio-a-septiembre-de-2024\/#primaryimage"},"thumbnailUrl":"https:\/\/www.gobiernolocal.org\/acento-local\/wp-content\/uploads\/2024\/10\/2024_3o_1_2_3.jpg","articleSection":["La Pizarra de Acento Local"],"inLanguage":"es","potentialAction":[{"@type":"CommentAction","name":"Comment","target":["https:\/\/www.gobiernolocal.org\/acento-local\/los-posts-mas-leidos-de-julio-a-septiembre-de-2024\/#respond"]}]},{"@type":"WebPage","@id":"https:\/\/www.gobiernolocal.org\/acento-local\/los-posts-mas-leidos-de-julio-a-septiembre-de-2024\/","url":"https:\/\/www.gobiernolocal.org\/acento-local\/los-posts-mas-leidos-de-julio-a-septiembre-de-2024\/","name":"Los posts m\u00e1s le\u00eddos de julio a septiembre de 2024 - Fundaci\u00f3n Democracia y Gobierno Local","isPartOf":{"@id":"https:\/\/www.gobiernolocal.org\/acento-local\/#website"},"primaryImageOfPage":{"@id":"https:\/\/www.gobiernolocal.org\/acento-local\/los-posts-mas-leidos-de-julio-a-septiembre-de-2024\/#primaryimage"},"image":{"@id":"https:\/\/www.gobiernolocal.org\/acento-local\/los-posts-mas-leidos-de-julio-a-septiembre-de-2024\/#primaryimage"},"thumbnailUrl":"https:\/\/www.gobiernolocal.org\/acento-local\/wp-content\/uploads\/2024\/10\/2024_3o_1_2_3.jpg","datePublished":"2024-10-04T05:30:00+00:00","dateModified":"2025-01-24T06:42:08+00:00","breadcrumb":{"@id":"https:\/\/www.gobiernolocal.org\/acento-local\/los-posts-mas-leidos-de-julio-a-septiembre-de-2024\/#breadcrumb"},"inLanguage":"es","potentialAction":[{"@type":"ReadAction","target":["https:\/\/www.gobiernolocal.org\/acento-local\/los-posts-mas-leidos-de-julio-a-septiembre-de-2024\/"]}]},{"@type":"ImageObject","inLanguage":"es","@id":"https:\/\/www.gobiernolocal.org\/acento-local\/los-posts-mas-leidos-de-julio-a-septiembre-de-2024\/#primaryimage","url":"https:\/\/www.gobiernolocal.org\/acento-local\/wp-content\/uploads\/2024\/10\/2024_3o_1_2_3.jpg","contentUrl":"https:\/\/www.gobiernolocal.org\/acento-local\/wp-content\/uploads\/2024\/10\/2024_3o_1_2_3.jpg","width":800,"height":600},{"@type":"BreadcrumbList","@id":"https:\/\/www.gobiernolocal.org\/acento-local\/los-posts-mas-leidos-de-julio-a-septiembre-de-2024\/#breadcrumb","itemListElement":[{"@type":"ListItem","position":1,"name":"Portada","item":"https:\/\/www.gobiernolocal.org\/acento-local\/"},{"@type":"ListItem","position":2,"name":"Los posts m\u00e1s le\u00eddos de julio a septiembre de 2024"}]},{"@type":"WebSite","@id":"https:\/\/www.gobiernolocal.org\/acento-local\/#website","url":"https:\/\/www.gobiernolocal.org\/acento-local\/","name":"Fundaci\u00f3n Democracia y Gobierno Local","description":"Otro sitio realizado con WordPress","publisher":{"@id":"https:\/\/www.gobiernolocal.org\/acento-local\/#organization"},"potentialAction":[{"@type":"SearchAction","target":{"@type":"EntryPoint","urlTemplate":"https:\/\/www.gobiernolocal.org\/acento-local\/?s={search_term_string}"},"query-input":{"@type":"PropertyValueSpecification","valueRequired":true,"valueName":"search_term_string"}}],"inLanguage":"es"},{"@type":"Organization","@id":"https:\/\/www.gobiernolocal.org\/acento-local\/#organization","name":"Fundaci\u00f3n Democracia y Gobierno Local","url":"https:\/\/www.gobiernolocal.org\/acento-local\/","logo":{"@type":"ImageObject","inLanguage":"es","@id":"https:\/\/www.gobiernolocal.org\/acento-local\/#\/schema\/logo\/image\/","url":"https:\/\/www.gobiernolocal.org\/acento-local\/wp-content\/uploads\/2024\/09\/logo-acentoo-local.png","contentUrl":"https:\/\/www.gobiernolocal.org\/acento-local\/wp-content\/uploads\/2024\/09\/logo-acentoo-local.png","width":1005,"height":197,"caption":"Fundaci\u00f3n Democracia y Gobierno Local"},"image":{"@id":"https:\/\/www.gobiernolocal.org\/acento-local\/#\/schema\/logo\/image\/"}},{"@type":"Person","@id":"https:\/\/www.gobiernolocal.org\/acento-local\/#\/schema\/person\/022a0a6b36f62f7070403c5a3426d58c","name":"Fundaci\u00f3n Gobierno Local","image":{"@type":"ImageObject","inLanguage":"es","@id":"https:\/\/www.gobiernolocal.org\/acento-local\/#\/schema\/person\/image\/","url":"https:\/\/secure.gravatar.com\/avatar\/0fa5dea6ae65ded9475a6c7160b1cbc7af5bb19e5a8057c4249aa3664c5fbb21?s=96&d=mm&r=g","contentUrl":"https:\/\/secure.gravatar.com\/avatar\/0fa5dea6ae65ded9475a6c7160b1cbc7af5bb19e5a8057c4249aa3664c5fbb21?s=96&d=mm&r=g","caption":"Fundaci\u00f3n Gobierno Local"},"sameAs":["https:\/\/www.gobiernolocal.org\/acento-local"],"url":"https:\/\/www.gobiernolocal.org\/acento-local\/author\/fundacion-gobierno-local\/"}]}},"_links":{"self":[{"href":"https:\/\/www.gobiernolocal.org\/acento-local\/wp-json\/wp\/v2\/posts\/3803","targetHints":{"allow":["GET"]}}],"collection":[{"href":"https:\/\/www.gobiernolocal.org\/acento-local\/wp-json\/wp\/v2\/posts"}],"about":[{"href":"https:\/\/www.gobiernolocal.org\/acento-local\/wp-json\/wp\/v2\/types\/post"}],"author":[{"embeddable":true,"href":"https:\/\/www.gobiernolocal.org\/acento-local\/wp-json\/wp\/v2\/users\/2"}],"replies":[{"embeddable":true,"href":"https:\/\/www.gobiernolocal.org\/acento-local\/wp-json\/wp\/v2\/comments?post=3803"}],"version-history":[{"count":0,"href":"https:\/\/www.gobiernolocal.org\/acento-local\/wp-json\/wp\/v2\/posts\/3803\/revisions"}],"wp:featuredmedia":[{"embeddable":true,"href":"https:\/\/www.gobiernolocal.org\/acento-local\/wp-json\/wp\/v2\/media\/3804"}],"wp:attachment":[{"href":"https:\/\/www.gobiernolocal.org\/acento-local\/wp-json\/wp\/v2\/media?parent=3803"}],"wp:term":[{"taxonomy":"category","embeddable":true,"href":"https:\/\/www.gobiernolocal.org\/acento-local\/wp-json\/wp\/v2\/categories?post=3803"},{"taxonomy":"post_tag","embeddable":true,"href":"https:\/\/www.gobiernolocal.org\/acento-local\/wp-json\/wp\/v2\/tags?post=3803"},{"taxonomy":"autor-post","embeddable":true,"href":"https:\/\/www.gobiernolocal.org\/acento-local\/wp-json\/wp\/v2\/autor-post?post=3803"}],"curies":[{"name":"wp","href":"https:\/\/api.w.org\/{rel}","templated":true}]}}