{"id":3000,"date":"2024-02-21T07:30:00","date_gmt":"2024-02-21T06:30:00","guid":{"rendered":"https:\/\/www.gobiernolocal.org\/acento-local\/?p=3000"},"modified":"2024-02-19T09:21:34","modified_gmt":"2024-02-19T08:21:34","slug":"objeto-y-regimen-de-funcionamiento-de-las-viviendas-de-uso-turistico","status":"publish","type":"post","link":"https:\/\/www.gobiernolocal.org\/acento-local\/objeto-y-regimen-de-funcionamiento-de-las-viviendas-de-uso-turistico\/","title":{"rendered":"Objeto y r\u00e9gimen de funcionamiento de las viviendas de uso tur\u00edstico"},"content":{"rendered":"\n<p>La modalidad de alojamiento que hoy se encauza jur\u00eddicamente a trav\u00e9s de la figura de las viviendas de uso tur\u00edstico (VUT) ha de ponerse en relaci\u00f3n con dos distintos modelos econ\u00f3micos que convergieron en su origen e influyeron, desde distintos puntos de vista, en su definici\u00f3n y regulaci\u00f3n actual. Las disposiciones auton\u00f3micas dictadas desde la competencia en promoci\u00f3n y ordenaci\u00f3n tur\u00edstica han debido adaptarse, as\u00ed, a las nuevas formas de prestaci\u00f3n de servicios de alojamiento derivadas de la econom\u00eda colaborativa y, adem\u00e1s, incorporar al ordenamiento sectorial el contenido y las prescripciones de la normativa liberalizadora de las actividades y los servicios econ\u00f3micos. &nbsp;<\/p>\n\n\n\n<p>Las leyes y los decretos tur\u00edsticos han delineado y establecido unas caracter\u00edsticas o notas definitorias comunes a la mayor\u00eda de las regulaciones sobre VUT. Algunas de estas notas, sin embargo, generan a\u00fan hoy muchas dudas. As\u00ed sucede con la de la&nbsp;habitualidad de las cesiones, que se construye, en muchos casos, en base a presunciones ligadas a uno, dos e incluso tres criterios, cuyo cumplimiento puede exigirse, a su vez, de forma alternativa o acumulativa. El contenido que algunas disposiciones le dan acaba convirtiendo a cualquier operador en un prestador habitual y, por lo tanto, profesional y sujeto a la regulaci\u00f3n tur\u00edstica. Algo parecido sucede con la nota de la promoci\u00f3n o comercializaci\u00f3n de viviendas a trav\u00e9s de plataformas digitales como criterio para presumir no solo la mencionada habitualidad, sino la propia finalidad tur\u00edstica de la actividad, y, en definitiva, someter a intervenci\u00f3n administrativa todas las cesiones de vivienda. &nbsp;<\/p>\n\n\n\n<p>El an\u00e1lisis del concepto de VUT y sus notas definitorias plantea dudas y algunas preguntas que no se pueden ignorar. Una de ellas es si son las VUT, en realidad, una figura v\u00e1lida para regular el alojamiento colaborativo.&nbsp;<\/p>\n\n\n\n<p>En este sentido es necesario apuntar que el principal obst\u00e1culo del marco regulador reside en la falta de par\u00e1metros claros que permitan distinguir entre el ejercicio profesional de la actividad tur\u00edstica por parte de empresas u operadores tur\u00edsticos y el ejercicio ocasional. Esto es necesario para determinar a qu\u00e9 requisitos de acceso al mercado deben ser sometidos los oferentes espor\u00e1dicos, a trav\u00e9s de la regulaci\u00f3n administrativa, en caso de ser aplicable. No puede concluirse que, con excepciones, las notas que definen el concepto de VUT establezcan umbrales adecuados y efectivos para distinguir las categor\u00edas de proveedores que pueden operar en el alojamiento colaborativo. Por lo tanto, es dif\u00edcil considerar que solo a trav\u00e9s de las VUT se pueda regular completamente este fen\u00f3meno. Las dudas que algunas disposiciones generan sobre el r\u00e9gimen aplicable afectan, adem\u00e1s, al principio de seguridad jur\u00eddica garantizado constitucionalmente. &nbsp;<\/p>\n\n\n\n<p>En lo relativo al r\u00e9gimen de funcionamiento de la actividad, recordemos que el acceso para ejercer las VUT y la mayor\u00eda de las actividades y la prestaci\u00f3n de servicios tur\u00edsticos implica la presentaci\u00f3n de una declaraci\u00f3n responsable (DR) o comunicaci\u00f3n. Si bien estas figuras, por definici\u00f3n, no llevan aparejada la incoaci\u00f3n de un procedimiento en sentido estricto, s\u00ed&nbsp;son identificables en sus reg\u00edmenes tres \u201cmomentos procedimentales\u201d: el anterior a la presentaci\u00f3n de la declaraci\u00f3n, el momento de la presentaci\u00f3n y el momento posterior.&nbsp;&nbsp;<\/p>\n\n\n\n<p>En el momento anterior a la presentaci\u00f3n de la DR es imprescindible que el interesado se relacione con la Administraci\u00f3n municipal para la necesaria obtenci\u00f3n de t\u00edtulos habilitantes o informes, en cuanto la actividad debe desarrollarse con sujeci\u00f3n a la normativa sectorial que le es de aplicaci\u00f3n. Estos t\u00edtulos o informes orbitan en torno a tres \u00e1reas principales: construcci\u00f3n, medioambiente y urbanismo. &nbsp;<\/p>\n\n\n\n<p>De la normativa analizada se desprende la existencia de dos grandes l\u00edmites a la actividad de las VUT: los derivados del derecho p\u00fablico, en especial de la potestad urban\u00edstica y de planificaci\u00f3n de la Administraci\u00f3n municipal, y los derivados del derecho privado o de la normativa del r\u00e9gimen de propiedad horizontal, en cuanto las viviendas que se ubican en inmuebles sometidos al r\u00e9gimen de propiedad horizontal deben incluir \u2014en la DR de inicio de actividad\u2014 una declaraci\u00f3n acerca de que los estatutos o acuerdos adoptados por la comunidad de propietarios no proh\u00edben ni establecen restricciones del uso del inmueble al destino de VUT. &nbsp;&nbsp;&nbsp;<\/p>\n\n\n\n<p>La eficacia de la declaraci\u00f3n de inicio de actividad presentada ante el \u00f3rgano auton\u00f3mico competente depende, entonces, de la adecuaci\u00f3n de la actividad a este previo esquema habilitante p\u00fablico y privado. Pasados unos a\u00f1os desde el dictado de los decretos reguladores de las VUT \u2014y pulidos aspectos tales como requisitos de equipamiento, duraci\u00f3n de las estancias, etc.\u2014, el terreno resbaladizo se ubica aqu\u00ed. Lo pone de manifiesto, por ejemplo, el hecho de que el centro de gravedad de las impugnaciones (de la CNMC y de distintas asociaciones relacionadas con el alojamiento colaborativo) se haya desplazado de la normativa tur\u00edstica a la urban\u00edstica.<\/p>\n\n\n\n<blockquote class=\"wp-block-quote is-layout-flow wp-block-quote-is-layout-flow\">\n<p><strong>La eficacia de la declaraci\u00f3n de inicio de actividad presentada ante el \u00f3rgano auton\u00f3mico competente depende de la adecuaci\u00f3n de la actividad a este previo esquema habilitante p\u00fablico y privado.<\/strong><\/p>\n<\/blockquote>\n\n\n\n<p>Pero no es el \u00fanico terreno resbaladizo. Hay otro que comienza a despuntar. Los decretos auton\u00f3micos \u2014a excepci\u00f3n del catal\u00e1n\u2014 prev\u00e9n que la DR que faculta el inicio de la actividad de VUT se presente ante el \u00f3rgano tur\u00edstico competente. Y aqu\u00ed surge una cuesti\u00f3n pr\u00e1ctica importante: \u00bfHa dejado de ser obligatoria la DR o comunicaci\u00f3n de inicio de actividad econ\u00f3mica ante los ayuntamientos?; \u00bflas DR auton\u00f3micas han reemplazado a las municipales? Una muestra de las dudas que genera esta supuesta sustituci\u00f3n es que comienza a surgir cierta controversia que ya ha llegado a los \u00f3rganos judiciales.&nbsp;<\/p>\n\n\n\n<p>En caso de que la normativa sobre ejercicio de actividades econ\u00f3micas prescriba una DR o comunicaci\u00f3n de inicio de actividad municipal, y la tur\u00edstica una DR, tambi\u00e9n de inicio, ante la autoridad auton\u00f3mica competente, nos encontrar\u00edamos ante un claro caso de doble imposici\u00f3n de cargas con una misma finalidad, lo cual est\u00e1 prohibido no solo por los principios de necesidad y proporcionalidad, sino tambi\u00e9n por el art\u00edculo 69.6 LPACAP. &nbsp;&nbsp;<\/p>\n\n\n\n<p>En nuestra opini\u00f3n, el papel de la Administraci\u00f3n local en el r\u00e9gimen de funcionamiento de las VUT debe ser reivindicado, pues la multitud de aspectos sobre los que se deben pronunciar los ayuntamientos lo justifica ampliamente. Resultar\u00eda razonable enclavar en la Administraci\u00f3n local la competencia para recibir la comunicaci\u00f3n previa o declaraci\u00f3n responsable que faculte para el inicio de la actividad, y no desdibujar su capacidad de conocimiento y dominio sobre las actividades que se desarrollan en su \u00e1mbito territorial.<\/p>\n\n\n\n<blockquote class=\"wp-block-quote is-layout-flow wp-block-quote-is-layout-flow\">\n<p><strong>El papel de la Administraci\u00f3n local en el r\u00e9gimen de funcionamiento de las VUT debe ser reivindicado, pues la multitud de aspectos sobre los que se deben pronunciar los ayuntamientos lo justifica ampliamente.<\/strong><\/p>\n<\/blockquote>\n\n\n\n<p>Esta opci\u00f3n se antoja m\u00e1s pr\u00e1ctica, desde un punto de vista de econom\u00eda o eficiencia procedimental. Por ello, los efectos positivos en t\u00e9rminos de simplificaci\u00f3n y eliminaci\u00f3n de cargas, costes y tr\u00e1mites adicionales tanto para la Administraci\u00f3n como para los titulares de la actividad nos llevan a valorar muy positivamente la opci\u00f3n adoptada por la Administraci\u00f3n catalana, que ha eliminado la intervenci\u00f3n de la Administraci\u00f3n tur\u00edstica de la Generalitat en el tr\u00e1mite de inicio de las actividades.&nbsp;<\/p>\n\n\n\n<p>Este\u00a0<em>post<\/em>\u00a0tiene su origen en el cap\u00edtulo que, con el t\u00edtulo: \u201cObjeto y r\u00e9gimen de funcionamiento de las viviendas de uso tur\u00edstico\u201d, se integra en el libro\u00a0<em><a href=\"https:\/\/gobiernolocal.org\/viviendas-de-uso-turistico-analisis-de-la-situacion-actual-y-propuestas-para-la-mejora-de-su-marco-regulatorio\/\" target=\"_blank\" rel=\"noreferrer noopener\">Viviendas de uso tur\u00edstico. An\u00e1lisis de la situaci\u00f3n actual y propuestas para la mejora de su marco regulatorio<\/a> <\/em>(pp. 85-138), dirigido por el profesor Alejandro Rom\u00e1n M\u00e1rquez y reci\u00e9n editado por\u00a0la Fundaci\u00f3n Democracia y Gobierno Local.\u00a0 \u00a0<\/p>\n\n\n\n<p>Una ampliaci\u00f3n de este <em>post<\/em> puede encontrarse, tambi\u00e9n, en Rodr\u00edguez Font, M. (2023), \u00abEl r\u00e9gimen auton\u00f3mico de habilitaci\u00f3n de viviendas para uso tur\u00edstico &#8211; Algunas propuestas de mejora regulatoria\u00bb, <em>Cuadernos Manuel Gim\u00e9nez Abad<\/em>, 26, 53-81. Disponible en&nbsp;<a href=\"https:\/\/doi.org\/10.47919\/FMGA.CM23.0203\" target=\"_blank\" rel=\"noreferrer noopener\">https:\/\/doi.org\/10.47919\/FMGA.CM23.0203<\/a>.<\/p>\n\n\n\n<p>Autor\/a:\u00a0<strong>Mariola Rodr\u00edguez Font<\/strong><\/p>\n","protected":false},"excerpt":{"rendered":"<p>Las regulaciones auton\u00f3micas sobre las viviendas de uso tur\u00edstico adolecen de ciertas deficiencias y disfuncionalidades. Algunas de ellas afectan al objeto mismo de la actividad, a su caracterizaci\u00f3n. Otras, a su r\u00e9gimen de funcionamiento, respecto del cual existen propuestas interesantes de mejora.<\/p>\n","protected":false},"author":2,"featured_media":3002,"comment_status":"open","ping_status":"open","sticky":false,"template":"","format":"standard","meta":{"site-sidebar-layout":"default","site-content-layout":"","ast-site-content-layout":"default","site-content-style":"default","site-sidebar-style":"default","ast-global-header-display":"","ast-banner-title-visibility":"","ast-main-header-display":"","ast-hfb-above-header-display":"","ast-hfb-below-header-display":"","ast-hfb-mobile-header-display":"","site-post-title":"","ast-breadcrumbs-content":"","ast-featured-img":"","footer-sml-layout":"","ast-disable-related-posts":"","theme-transparent-header-meta":"","adv-header-id-meta":"","stick-header-meta":"","header-above-stick-meta":"","header-main-stick-meta":"","header-below-stick-meta":"","astra-migrate-meta-layouts":"set","ast-page-background-enabled":"default","ast-page-background-meta":{"desktop":{"background-color":"var(--ast-global-color-4)","background-image":"","background-repeat":"repeat","background-position":"center center","background-size":"auto","background-attachment":"scroll","background-type":"","background-media":"","overlay-type":"","overlay-color":"","overlay-opacity":"","overlay-gradient":""},"tablet":{"background-color":"","background-image":"","background-repeat":"repeat","background-position":"center center","background-size":"auto","background-attachment":"scroll","background-type":"","background-media":"","overlay-type":"","overlay-color":"","overlay-opacity":"","overlay-gradient":""},"mobile":{"background-color":"","background-image":"","background-repeat":"repeat","background-position":"center center","background-size":"auto","background-attachment":"scroll","background-type":"","background-media":"","overlay-type":"","overlay-color":"","overlay-opacity":"","overlay-gradient":""}},"ast-content-background-meta":{"desktop":{"background-color":"var(--ast-global-color-5)","background-image":"","background-repeat":"repeat","background-position":"center center","background-size":"auto","background-attachment":"scroll","background-type":"","background-media":"","overlay-type":"","overlay-color":"","overlay-opacity":"","overlay-gradient":""},"tablet":{"background-color":"var(--ast-global-color-5)","background-image":"","background-repeat":"repeat","background-position":"center center","background-size":"auto","background-attachment":"scroll","background-type":"","background-media":"","overlay-type":"","overlay-color":"","overlay-opacity":"","overlay-gradient":""},"mobile":{"background-color":"var(--ast-global-color-5)","background-image":"","background-repeat":"repeat","background-position":"center center","background-size":"auto","background-attachment":"scroll","background-type":"","background-media":"","overlay-type":"","overlay-color":"","overlay-opacity":"","overlay-gradient":""}},"area-autor":{"item-0":{"nombre-del-autor":"Mariola Rodr\u00edguez Font","cargo-autor":"Profesora agregada Serra i H\u00fanter de Derecho Administrativo. Universidad de Barcelona","foto-autor":"3001"}},"footnotes":""},"categories":[6],"tags":[63,161,106,112],"autor-post":[183],"class_list":["post-3000","post","type-post","status-publish","format-standard","has-post-thumbnail","hentry","category-ciudadania","tag-competencias","tag-declaracion-responsable","tag-turismo","tag-vivienda","autor-post-mariola-rodriguez-font"],"yoast_head":"<!-- This site is optimized with the Yoast SEO plugin v27.0 - https:\/\/yoast.com\/product\/yoast-seo-wordpress\/ -->\n<title>Objeto y r\u00e9gimen de funcionamiento de las viviendas de uso tur\u00edstico - Fundaci\u00f3n Democracia y Gobierno Local<\/title>\n<meta name=\"robots\" content=\"index, follow, max-snippet:-1, max-image-preview:large, max-video-preview:-1\" \/>\n<link rel=\"canonical\" href=\"https:\/\/www.gobiernolocal.org\/acento-local\/objeto-y-regimen-de-funcionamiento-de-las-viviendas-de-uso-turistico\/\" \/>\n<meta property=\"og:locale\" content=\"es_ES\" \/>\n<meta property=\"og:type\" content=\"article\" \/>\n<meta property=\"og:title\" content=\"Objeto y r\u00e9gimen de funcionamiento de las viviendas de uso tur\u00edstico - Fundaci\u00f3n Democracia y Gobierno Local\" \/>\n<meta property=\"og:description\" content=\"Las regulaciones auton\u00f3micas sobre las viviendas de uso tur\u00edstico adolecen de ciertas deficiencias y disfuncionalidades. Algunas de ellas afectan al objeto mismo de la actividad, a su caracterizaci\u00f3n. Otras, a su r\u00e9gimen de funcionamiento, respecto del cual existen propuestas interesantes de mejora.\" \/>\n<meta property=\"og:url\" content=\"https:\/\/www.gobiernolocal.org\/acento-local\/objeto-y-regimen-de-funcionamiento-de-las-viviendas-de-uso-turistico\/\" \/>\n<meta property=\"og:site_name\" content=\"Fundaci\u00f3n Democracia y Gobierno Local\" \/>\n<meta property=\"article:published_time\" content=\"2024-02-21T06:30:00+00:00\" \/>\n<meta property=\"og:image\" content=\"https:\/\/www.gobiernolocal.org\/acento-local\/wp-content\/uploads\/2024\/02\/240221_800_01.jpg\" \/>\n\t<meta property=\"og:image:width\" content=\"800\" \/>\n\t<meta property=\"og:image:height\" content=\"533\" \/>\n\t<meta property=\"og:image:type\" content=\"image\/jpeg\" \/>\n<meta name=\"author\" content=\"Fundaci\u00f3n Gobierno Local\" \/>\n<meta name=\"twitter:card\" content=\"summary_large_image\" \/>\n<meta name=\"twitter:label1\" content=\"Escrito por\" \/>\n\t<meta name=\"twitter:data1\" content=\"Fundaci\u00f3n Gobierno Local\" \/>\n\t<meta name=\"twitter:label2\" content=\"Tiempo de lectura\" \/>\n\t<meta name=\"twitter:data2\" content=\"6 minutos\" \/>\n<script type=\"application\/ld+json\" class=\"yoast-schema-graph\">{\"@context\":\"https:\/\/schema.org\",\"@graph\":[{\"@type\":\"Article\",\"@id\":\"https:\/\/www.gobiernolocal.org\/acento-local\/objeto-y-regimen-de-funcionamiento-de-las-viviendas-de-uso-turistico\/#article\",\"isPartOf\":{\"@id\":\"https:\/\/www.gobiernolocal.org\/acento-local\/objeto-y-regimen-de-funcionamiento-de-las-viviendas-de-uso-turistico\/\"},\"author\":{\"name\":\"Fundaci\u00f3n Gobierno Local\",\"@id\":\"https:\/\/www.gobiernolocal.org\/acento-local\/#\/schema\/person\/022a0a6b36f62f7070403c5a3426d58c\"},\"headline\":\"Objeto y r\u00e9gimen de funcionamiento de las viviendas de uso tur\u00edstico\",\"datePublished\":\"2024-02-21T06:30:00+00:00\",\"mainEntityOfPage\":{\"@id\":\"https:\/\/www.gobiernolocal.org\/acento-local\/objeto-y-regimen-de-funcionamiento-de-las-viviendas-de-uso-turistico\/\"},\"wordCount\":1453,\"commentCount\":0,\"publisher\":{\"@id\":\"https:\/\/www.gobiernolocal.org\/acento-local\/#organization\"},\"image\":{\"@id\":\"https:\/\/www.gobiernolocal.org\/acento-local\/objeto-y-regimen-de-funcionamiento-de-las-viviendas-de-uso-turistico\/#primaryimage\"},\"thumbnailUrl\":\"https:\/\/www.gobiernolocal.org\/acento-local\/wp-content\/uploads\/2024\/02\/240221_800_01.jpg\",\"keywords\":[\"Competencias\",\"Declaraci\u00f3n responsable\",\"Turismo\",\"Vivienda\"],\"articleSection\":[\"Ciudadan\u00eda\"],\"inLanguage\":\"es\",\"potentialAction\":[{\"@type\":\"CommentAction\",\"name\":\"Comment\",\"target\":[\"https:\/\/www.gobiernolocal.org\/acento-local\/objeto-y-regimen-de-funcionamiento-de-las-viviendas-de-uso-turistico\/#respond\"]}]},{\"@type\":\"WebPage\",\"@id\":\"https:\/\/www.gobiernolocal.org\/acento-local\/objeto-y-regimen-de-funcionamiento-de-las-viviendas-de-uso-turistico\/\",\"url\":\"https:\/\/www.gobiernolocal.org\/acento-local\/objeto-y-regimen-de-funcionamiento-de-las-viviendas-de-uso-turistico\/\",\"name\":\"Objeto y r\u00e9gimen de funcionamiento de las viviendas de uso tur\u00edstico - Fundaci\u00f3n Democracia y Gobierno Local\",\"isPartOf\":{\"@id\":\"https:\/\/www.gobiernolocal.org\/acento-local\/#website\"},\"primaryImageOfPage\":{\"@id\":\"https:\/\/www.gobiernolocal.org\/acento-local\/objeto-y-regimen-de-funcionamiento-de-las-viviendas-de-uso-turistico\/#primaryimage\"},\"image\":{\"@id\":\"https:\/\/www.gobiernolocal.org\/acento-local\/objeto-y-regimen-de-funcionamiento-de-las-viviendas-de-uso-turistico\/#primaryimage\"},\"thumbnailUrl\":\"https:\/\/www.gobiernolocal.org\/acento-local\/wp-content\/uploads\/2024\/02\/240221_800_01.jpg\",\"datePublished\":\"2024-02-21T06:30:00+00:00\",\"breadcrumb\":{\"@id\":\"https:\/\/www.gobiernolocal.org\/acento-local\/objeto-y-regimen-de-funcionamiento-de-las-viviendas-de-uso-turistico\/#breadcrumb\"},\"inLanguage\":\"es\",\"potentialAction\":[{\"@type\":\"ReadAction\",\"target\":[\"https:\/\/www.gobiernolocal.org\/acento-local\/objeto-y-regimen-de-funcionamiento-de-las-viviendas-de-uso-turistico\/\"]}]},{\"@type\":\"ImageObject\",\"inLanguage\":\"es\",\"@id\":\"https:\/\/www.gobiernolocal.org\/acento-local\/objeto-y-regimen-de-funcionamiento-de-las-viviendas-de-uso-turistico\/#primaryimage\",\"url\":\"https:\/\/www.gobiernolocal.org\/acento-local\/wp-content\/uploads\/2024\/02\/240221_800_01.jpg\",\"contentUrl\":\"https:\/\/www.gobiernolocal.org\/acento-local\/wp-content\/uploads\/2024\/02\/240221_800_01.jpg\",\"width\":800,\"height\":533},{\"@type\":\"BreadcrumbList\",\"@id\":\"https:\/\/www.gobiernolocal.org\/acento-local\/objeto-y-regimen-de-funcionamiento-de-las-viviendas-de-uso-turistico\/#breadcrumb\",\"itemListElement\":[{\"@type\":\"ListItem\",\"position\":1,\"name\":\"Portada\",\"item\":\"https:\/\/www.gobiernolocal.org\/acento-local\/\"},{\"@type\":\"ListItem\",\"position\":2,\"name\":\"Objeto y r\u00e9gimen de funcionamiento de las viviendas de uso tur\u00edstico\"}]},{\"@type\":\"WebSite\",\"@id\":\"https:\/\/www.gobiernolocal.org\/acento-local\/#website\",\"url\":\"https:\/\/www.gobiernolocal.org\/acento-local\/\",\"name\":\"Fundaci\u00f3n Democracia y Gobierno Local\",\"description\":\"Otro sitio realizado con WordPress\",\"publisher\":{\"@id\":\"https:\/\/www.gobiernolocal.org\/acento-local\/#organization\"},\"potentialAction\":[{\"@type\":\"SearchAction\",\"target\":{\"@type\":\"EntryPoint\",\"urlTemplate\":\"https:\/\/www.gobiernolocal.org\/acento-local\/?s={search_term_string}\"},\"query-input\":{\"@type\":\"PropertyValueSpecification\",\"valueRequired\":true,\"valueName\":\"search_term_string\"}}],\"inLanguage\":\"es\"},{\"@type\":\"Organization\",\"@id\":\"https:\/\/www.gobiernolocal.org\/acento-local\/#organization\",\"name\":\"Fundaci\u00f3n Democracia y Gobierno Local\",\"url\":\"https:\/\/www.gobiernolocal.org\/acento-local\/\",\"logo\":{\"@type\":\"ImageObject\",\"inLanguage\":\"es\",\"@id\":\"https:\/\/www.gobiernolocal.org\/acento-local\/#\/schema\/logo\/image\/\",\"url\":\"https:\/\/www.gobiernolocal.org\/acento-local\/wp-content\/uploads\/2024\/09\/logo-acentoo-local.png\",\"contentUrl\":\"https:\/\/www.gobiernolocal.org\/acento-local\/wp-content\/uploads\/2024\/09\/logo-acentoo-local.png\",\"width\":1005,\"height\":197,\"caption\":\"Fundaci\u00f3n Democracia y Gobierno Local\"},\"image\":{\"@id\":\"https:\/\/www.gobiernolocal.org\/acento-local\/#\/schema\/logo\/image\/\"}},{\"@type\":\"Person\",\"@id\":\"https:\/\/www.gobiernolocal.org\/acento-local\/#\/schema\/person\/022a0a6b36f62f7070403c5a3426d58c\",\"name\":\"Fundaci\u00f3n Gobierno Local\",\"image\":{\"@type\":\"ImageObject\",\"inLanguage\":\"es\",\"@id\":\"https:\/\/www.gobiernolocal.org\/acento-local\/#\/schema\/person\/image\/\",\"url\":\"https:\/\/secure.gravatar.com\/avatar\/0fa5dea6ae65ded9475a6c7160b1cbc7af5bb19e5a8057c4249aa3664c5fbb21?s=96&d=mm&r=g\",\"contentUrl\":\"https:\/\/secure.gravatar.com\/avatar\/0fa5dea6ae65ded9475a6c7160b1cbc7af5bb19e5a8057c4249aa3664c5fbb21?s=96&d=mm&r=g\",\"caption\":\"Fundaci\u00f3n Gobierno Local\"},\"sameAs\":[\"https:\/\/www.gobiernolocal.org\/acento-local\"],\"url\":\"https:\/\/www.gobiernolocal.org\/acento-local\/author\/fundacion-gobierno-local\/\"}]}<\/script>\n<!-- \/ Yoast SEO plugin. -->","yoast_head_json":{"title":"Objeto y r\u00e9gimen de funcionamiento de las viviendas de uso tur\u00edstico - Fundaci\u00f3n Democracia y Gobierno Local","robots":{"index":"index","follow":"follow","max-snippet":"max-snippet:-1","max-image-preview":"max-image-preview:large","max-video-preview":"max-video-preview:-1"},"canonical":"https:\/\/www.gobiernolocal.org\/acento-local\/objeto-y-regimen-de-funcionamiento-de-las-viviendas-de-uso-turistico\/","og_locale":"es_ES","og_type":"article","og_title":"Objeto y r\u00e9gimen de funcionamiento de las viviendas de uso tur\u00edstico - Fundaci\u00f3n Democracia y Gobierno Local","og_description":"Las regulaciones auton\u00f3micas sobre las viviendas de uso tur\u00edstico adolecen de ciertas deficiencias y disfuncionalidades. Algunas de ellas afectan al objeto mismo de la actividad, a su caracterizaci\u00f3n. Otras, a su r\u00e9gimen de funcionamiento, respecto del cual existen propuestas interesantes de mejora.","og_url":"https:\/\/www.gobiernolocal.org\/acento-local\/objeto-y-regimen-de-funcionamiento-de-las-viviendas-de-uso-turistico\/","og_site_name":"Fundaci\u00f3n Democracia y Gobierno Local","article_published_time":"2024-02-21T06:30:00+00:00","og_image":[{"width":800,"height":533,"url":"https:\/\/www.gobiernolocal.org\/acento-local\/wp-content\/uploads\/2024\/02\/240221_800_01.jpg","type":"image\/jpeg"}],"author":"Fundaci\u00f3n Gobierno Local","twitter_card":"summary_large_image","twitter_misc":{"Escrito por":"Fundaci\u00f3n Gobierno Local","Tiempo de lectura":"6 minutos"},"schema":{"@context":"https:\/\/schema.org","@graph":[{"@type":"Article","@id":"https:\/\/www.gobiernolocal.org\/acento-local\/objeto-y-regimen-de-funcionamiento-de-las-viviendas-de-uso-turistico\/#article","isPartOf":{"@id":"https:\/\/www.gobiernolocal.org\/acento-local\/objeto-y-regimen-de-funcionamiento-de-las-viviendas-de-uso-turistico\/"},"author":{"name":"Fundaci\u00f3n Gobierno Local","@id":"https:\/\/www.gobiernolocal.org\/acento-local\/#\/schema\/person\/022a0a6b36f62f7070403c5a3426d58c"},"headline":"Objeto y r\u00e9gimen de funcionamiento de las viviendas de uso tur\u00edstico","datePublished":"2024-02-21T06:30:00+00:00","mainEntityOfPage":{"@id":"https:\/\/www.gobiernolocal.org\/acento-local\/objeto-y-regimen-de-funcionamiento-de-las-viviendas-de-uso-turistico\/"},"wordCount":1453,"commentCount":0,"publisher":{"@id":"https:\/\/www.gobiernolocal.org\/acento-local\/#organization"},"image":{"@id":"https:\/\/www.gobiernolocal.org\/acento-local\/objeto-y-regimen-de-funcionamiento-de-las-viviendas-de-uso-turistico\/#primaryimage"},"thumbnailUrl":"https:\/\/www.gobiernolocal.org\/acento-local\/wp-content\/uploads\/2024\/02\/240221_800_01.jpg","keywords":["Competencias","Declaraci\u00f3n responsable","Turismo","Vivienda"],"articleSection":["Ciudadan\u00eda"],"inLanguage":"es","potentialAction":[{"@type":"CommentAction","name":"Comment","target":["https:\/\/www.gobiernolocal.org\/acento-local\/objeto-y-regimen-de-funcionamiento-de-las-viviendas-de-uso-turistico\/#respond"]}]},{"@type":"WebPage","@id":"https:\/\/www.gobiernolocal.org\/acento-local\/objeto-y-regimen-de-funcionamiento-de-las-viviendas-de-uso-turistico\/","url":"https:\/\/www.gobiernolocal.org\/acento-local\/objeto-y-regimen-de-funcionamiento-de-las-viviendas-de-uso-turistico\/","name":"Objeto y r\u00e9gimen de funcionamiento de las viviendas de uso tur\u00edstico - Fundaci\u00f3n Democracia y Gobierno Local","isPartOf":{"@id":"https:\/\/www.gobiernolocal.org\/acento-local\/#website"},"primaryImageOfPage":{"@id":"https:\/\/www.gobiernolocal.org\/acento-local\/objeto-y-regimen-de-funcionamiento-de-las-viviendas-de-uso-turistico\/#primaryimage"},"image":{"@id":"https:\/\/www.gobiernolocal.org\/acento-local\/objeto-y-regimen-de-funcionamiento-de-las-viviendas-de-uso-turistico\/#primaryimage"},"thumbnailUrl":"https:\/\/www.gobiernolocal.org\/acento-local\/wp-content\/uploads\/2024\/02\/240221_800_01.jpg","datePublished":"2024-02-21T06:30:00+00:00","breadcrumb":{"@id":"https:\/\/www.gobiernolocal.org\/acento-local\/objeto-y-regimen-de-funcionamiento-de-las-viviendas-de-uso-turistico\/#breadcrumb"},"inLanguage":"es","potentialAction":[{"@type":"ReadAction","target":["https:\/\/www.gobiernolocal.org\/acento-local\/objeto-y-regimen-de-funcionamiento-de-las-viviendas-de-uso-turistico\/"]}]},{"@type":"ImageObject","inLanguage":"es","@id":"https:\/\/www.gobiernolocal.org\/acento-local\/objeto-y-regimen-de-funcionamiento-de-las-viviendas-de-uso-turistico\/#primaryimage","url":"https:\/\/www.gobiernolocal.org\/acento-local\/wp-content\/uploads\/2024\/02\/240221_800_01.jpg","contentUrl":"https:\/\/www.gobiernolocal.org\/acento-local\/wp-content\/uploads\/2024\/02\/240221_800_01.jpg","width":800,"height":533},{"@type":"BreadcrumbList","@id":"https:\/\/www.gobiernolocal.org\/acento-local\/objeto-y-regimen-de-funcionamiento-de-las-viviendas-de-uso-turistico\/#breadcrumb","itemListElement":[{"@type":"ListItem","position":1,"name":"Portada","item":"https:\/\/www.gobiernolocal.org\/acento-local\/"},{"@type":"ListItem","position":2,"name":"Objeto y r\u00e9gimen de funcionamiento de las viviendas de uso tur\u00edstico"}]},{"@type":"WebSite","@id":"https:\/\/www.gobiernolocal.org\/acento-local\/#website","url":"https:\/\/www.gobiernolocal.org\/acento-local\/","name":"Fundaci\u00f3n Democracia y Gobierno Local","description":"Otro sitio realizado con WordPress","publisher":{"@id":"https:\/\/www.gobiernolocal.org\/acento-local\/#organization"},"potentialAction":[{"@type":"SearchAction","target":{"@type":"EntryPoint","urlTemplate":"https:\/\/www.gobiernolocal.org\/acento-local\/?s={search_term_string}"},"query-input":{"@type":"PropertyValueSpecification","valueRequired":true,"valueName":"search_term_string"}}],"inLanguage":"es"},{"@type":"Organization","@id":"https:\/\/www.gobiernolocal.org\/acento-local\/#organization","name":"Fundaci\u00f3n Democracia y Gobierno Local","url":"https:\/\/www.gobiernolocal.org\/acento-local\/","logo":{"@type":"ImageObject","inLanguage":"es","@id":"https:\/\/www.gobiernolocal.org\/acento-local\/#\/schema\/logo\/image\/","url":"https:\/\/www.gobiernolocal.org\/acento-local\/wp-content\/uploads\/2024\/09\/logo-acentoo-local.png","contentUrl":"https:\/\/www.gobiernolocal.org\/acento-local\/wp-content\/uploads\/2024\/09\/logo-acentoo-local.png","width":1005,"height":197,"caption":"Fundaci\u00f3n Democracia y Gobierno Local"},"image":{"@id":"https:\/\/www.gobiernolocal.org\/acento-local\/#\/schema\/logo\/image\/"}},{"@type":"Person","@id":"https:\/\/www.gobiernolocal.org\/acento-local\/#\/schema\/person\/022a0a6b36f62f7070403c5a3426d58c","name":"Fundaci\u00f3n Gobierno Local","image":{"@type":"ImageObject","inLanguage":"es","@id":"https:\/\/www.gobiernolocal.org\/acento-local\/#\/schema\/person\/image\/","url":"https:\/\/secure.gravatar.com\/avatar\/0fa5dea6ae65ded9475a6c7160b1cbc7af5bb19e5a8057c4249aa3664c5fbb21?s=96&d=mm&r=g","contentUrl":"https:\/\/secure.gravatar.com\/avatar\/0fa5dea6ae65ded9475a6c7160b1cbc7af5bb19e5a8057c4249aa3664c5fbb21?s=96&d=mm&r=g","caption":"Fundaci\u00f3n Gobierno Local"},"sameAs":["https:\/\/www.gobiernolocal.org\/acento-local"],"url":"https:\/\/www.gobiernolocal.org\/acento-local\/author\/fundacion-gobierno-local\/"}]}},"_links":{"self":[{"href":"https:\/\/www.gobiernolocal.org\/acento-local\/wp-json\/wp\/v2\/posts\/3000","targetHints":{"allow":["GET"]}}],"collection":[{"href":"https:\/\/www.gobiernolocal.org\/acento-local\/wp-json\/wp\/v2\/posts"}],"about":[{"href":"https:\/\/www.gobiernolocal.org\/acento-local\/wp-json\/wp\/v2\/types\/post"}],"author":[{"embeddable":true,"href":"https:\/\/www.gobiernolocal.org\/acento-local\/wp-json\/wp\/v2\/users\/2"}],"replies":[{"embeddable":true,"href":"https:\/\/www.gobiernolocal.org\/acento-local\/wp-json\/wp\/v2\/comments?post=3000"}],"version-history":[{"count":0,"href":"https:\/\/www.gobiernolocal.org\/acento-local\/wp-json\/wp\/v2\/posts\/3000\/revisions"}],"wp:featuredmedia":[{"embeddable":true,"href":"https:\/\/www.gobiernolocal.org\/acento-local\/wp-json\/wp\/v2\/media\/3002"}],"wp:attachment":[{"href":"https:\/\/www.gobiernolocal.org\/acento-local\/wp-json\/wp\/v2\/media?parent=3000"}],"wp:term":[{"taxonomy":"category","embeddable":true,"href":"https:\/\/www.gobiernolocal.org\/acento-local\/wp-json\/wp\/v2\/categories?post=3000"},{"taxonomy":"post_tag","embeddable":true,"href":"https:\/\/www.gobiernolocal.org\/acento-local\/wp-json\/wp\/v2\/tags?post=3000"},{"taxonomy":"autor-post","embeddable":true,"href":"https:\/\/www.gobiernolocal.org\/acento-local\/wp-json\/wp\/v2\/autor-post?post=3000"}],"curies":[{"name":"wp","href":"https:\/\/api.w.org\/{rel}","templated":true}]}}