{"id":2881,"date":"2024-01-09T08:00:00","date_gmt":"2024-01-09T07:00:00","guid":{"rendered":"https:\/\/www.gobiernolocal.org\/acento-local\/?p=2881"},"modified":"2024-04-26T07:40:33","modified_gmt":"2024-04-26T05:40:33","slug":"obtenemos-un-2-o-galardon-en-los-premios-blogs-de-oro-2023","status":"publish","type":"post","link":"https:\/\/www.gobiernolocal.org\/acento-local\/obtenemos-un-2-o-galardon-en-los-premios-blogs-de-oro-2023\/","title":{"rendered":"Galardonados en los Premios Blogs de Oro 2023"},"content":{"rendered":"\n<p>En concreto, hemos obtenido el <strong>2.\u00ba Premio (Naranja) en la categor\u00eda Art\u00edculos de Excelencia<\/strong>, por el post <strong><a href=\"https:\/\/www.gobiernolocal.org\/acento-local\/la-inaplazable-apuesta-por-la-diversificacion-del-regimen-de-los-pequenos-municipios\/\">\u00abLa inaplazable apuesta por la diversificaci\u00f3n del r\u00e9gimen de los peque\u00f1os municipios\u00bb<\/a><\/strong>, de <strong>Marcos Almeida Cerreda<\/strong>.<\/p>\n\n\n\n<p>Ha sido galardonado \u201cpor aplicar con rigor acad\u00e9mico el foco jur\u00eddico en \u00e1mbitos tradicionalmente olvidados y proponer medidas jur\u00eddicas realistas, exponiendo con claridad cautivadora el contexto del problema y el deber de reaccionar\u201d, como se puede leer en la web <strong><a href=\"https:\/\/delajusticia.com\/2024\/01\/06\/proclamados-los-galardonados-de-los-premios-blogs-de-oro-2023-5a-edicion\/\">https:\/\/delajusticia.com\/<\/a><\/strong>, desde donde se puede acceder al resto de premiados.<\/p>\n\n\n\n<p>La entrega de premios y menciones tendr\u00e1 lugar el lunes 22 de enero a las 11:00 h en el Paraninfo de la Universidad de Salamanca.<\/p>\n\n\n\n<p>Autor\/a:\u00a0<strong>Fundaci\u00f3n Democracia y Gobierno Local<\/strong><\/p>\n","protected":false},"excerpt":{"rendered":"<p>En concreto, hemos obtenido el 2.\u00ba Premio (Naranja) en la categor\u00eda Art\u00edculos de Excelencia, por el post \u00abLa inaplazable apuesta por la diversificaci\u00f3n del r\u00e9gimen de los peque\u00f1os municipios\u00bb, de Marcos Almeida Cerreda. Ha sido galardonado \u201cpor aplicar con rigor acad\u00e9mico el foco jur\u00eddico en \u00e1mbitos tradicionalmente olvidados y proponer medidas jur\u00eddicas realistas, exponiendo con [&hellip;]<\/p>\n","protected":false},"author":2,"featured_media":2882,"comment_status":"open","ping_status":"open","sticky":false,"template":"","format":"standard","meta":{"site-sidebar-layout":"default","site-content-layout":"","ast-site-content-layout":"default","site-content-style":"default","site-sidebar-style":"default","ast-global-header-display":"","ast-banner-title-visibility":"","ast-main-header-display":"","ast-hfb-above-header-display":"","ast-hfb-below-header-display":"","ast-hfb-mobile-header-display":"","site-post-title":"","ast-breadcrumbs-content":"","ast-featured-img":"","footer-sml-layout":"","ast-disable-related-posts":"","theme-transparent-header-meta":"","adv-header-id-meta":"","stick-header-meta":"","header-above-stick-meta":"","header-main-stick-meta":"","header-below-stick-meta":"","astra-migrate-meta-layouts":"set","ast-page-background-enabled":"default","ast-page-background-meta":{"desktop":{"background-color":"var(--ast-global-color-4)","background-image":"","background-repeat":"repeat","background-position":"center center","background-size":"auto","background-attachment":"scroll","background-type":"","background-media":"","overlay-type":"","overlay-color":"","overlay-opacity":"","overlay-gradient":""},"tablet":{"background-color":"","background-image":"","background-repeat":"repeat","background-position":"center center","background-size":"auto","background-attachment":"scroll","background-type":"","background-media":"","overlay-type":"","overlay-color":"","overlay-opacity":"","overlay-gradient":""},"mobile":{"background-color":"","background-image":"","background-repeat":"repeat","background-position":"center center","background-size":"auto","background-attachment":"scroll","background-type":"","background-media":"","overlay-type":"","overlay-color":"","overlay-opacity":"","overlay-gradient":""}},"ast-content-background-meta":{"desktop":{"background-color":"var(--ast-global-color-5)","background-image":"","background-repeat":"repeat","background-position":"center center","background-size":"auto","background-attachment":"scroll","background-type":"","background-media":"","overlay-type":"","overlay-color":"","overlay-opacity":"","overlay-gradient":""},"tablet":{"background-color":"var(--ast-global-color-5)","background-image":"","background-repeat":"repeat","background-position":"center center","background-size":"auto","background-attachment":"scroll","background-type":"","background-media":"","overlay-type":"","overlay-color":"","overlay-opacity":"","overlay-gradient":""},"mobile":{"background-color":"var(--ast-global-color-5)","background-image":"","background-repeat":"repeat","background-position":"center center","background-size":"auto","background-attachment":"scroll","background-type":"","background-media":"","overlay-type":"","overlay-color":"","overlay-opacity":"","overlay-gradient":""}},"area-autor":{"item-0":{"nombre-del-autor":"Fundaci\u00f3n Democracia y Gobierno Local","cargo-autor":"","foto-autor":"2883"}},"footnotes":""},"categories":[186],"tags":[],"autor-post":[127],"class_list":["post-2881","post","type-post","status-publish","format-standard","has-post-thumbnail","hentry","category-la-pizarra-de-acento-local","autor-post-fundacion-democracia-y-gobierno-local"],"yoast_head":"<!-- This site is optimized with the Yoast SEO plugin v27.0 - https:\/\/yoast.com\/product\/yoast-seo-wordpress\/ -->\n<title>Galardonados en los Premios Blogs de Oro 2023 - Fundaci\u00f3n Democracia y Gobierno Local<\/title>\n<meta name=\"robots\" content=\"index, follow, max-snippet:-1, max-image-preview:large, max-video-preview:-1\" \/>\n<link rel=\"canonical\" href=\"https:\/\/www.gobiernolocal.org\/acento-local\/obtenemos-un-2-o-galardon-en-los-premios-blogs-de-oro-2023\/\" \/>\n<meta property=\"og:locale\" content=\"es_ES\" \/>\n<meta property=\"og:type\" content=\"article\" \/>\n<meta property=\"og:title\" content=\"Galardonados en los Premios Blogs de Oro 2023 - Fundaci\u00f3n Democracia y Gobierno Local\" \/>\n<meta property=\"og:description\" content=\"En concreto, hemos obtenido el 2.\u00ba Premio (Naranja) en la categor\u00eda Art\u00edculos de Excelencia, por el post \u00abLa inaplazable apuesta por la diversificaci\u00f3n del r\u00e9gimen de los peque\u00f1os municipios\u00bb, de Marcos Almeida Cerreda. Ha sido galardonado \u201cpor aplicar con rigor acad\u00e9mico el foco jur\u00eddico en \u00e1mbitos tradicionalmente olvidados y proponer medidas jur\u00eddicas realistas, exponiendo con [&hellip;]\" \/>\n<meta property=\"og:url\" content=\"https:\/\/www.gobiernolocal.org\/acento-local\/obtenemos-un-2-o-galardon-en-los-premios-blogs-de-oro-2023\/\" \/>\n<meta property=\"og:site_name\" content=\"Fundaci\u00f3n Democracia y Gobierno Local\" \/>\n<meta property=\"article:published_time\" content=\"2024-01-09T07:00:00+00:00\" \/>\n<meta property=\"article:modified_time\" content=\"2024-04-26T05:40:33+00:00\" \/>\n<meta property=\"og:image\" content=\"https:\/\/www.gobiernolocal.org\/acento-local\/wp-content\/uploads\/2024\/01\/240109_800_01.jpg\" \/>\n\t<meta property=\"og:image:width\" content=\"800\" \/>\n\t<meta property=\"og:image:height\" content=\"533\" \/>\n\t<meta property=\"og:image:type\" content=\"image\/jpeg\" \/>\n<meta name=\"author\" content=\"Fundaci\u00f3n Gobierno Local\" \/>\n<meta name=\"twitter:card\" content=\"summary_large_image\" \/>\n<meta name=\"twitter:label1\" content=\"Escrito por\" \/>\n\t<meta name=\"twitter:data1\" content=\"Fundaci\u00f3n Gobierno Local\" \/>\n\t<meta name=\"twitter:label2\" content=\"Tiempo de lectura\" \/>\n\t<meta name=\"twitter:data2\" content=\"1 minuto\" \/>\n<script type=\"application\/ld+json\" class=\"yoast-schema-graph\">{\"@context\":\"https:\/\/schema.org\",\"@graph\":[{\"@type\":\"Article\",\"@id\":\"https:\/\/www.gobiernolocal.org\/acento-local\/obtenemos-un-2-o-galardon-en-los-premios-blogs-de-oro-2023\/#article\",\"isPartOf\":{\"@id\":\"https:\/\/www.gobiernolocal.org\/acento-local\/obtenemos-un-2-o-galardon-en-los-premios-blogs-de-oro-2023\/\"},\"author\":{\"name\":\"Fundaci\u00f3n Gobierno Local\",\"@id\":\"https:\/\/www.gobiernolocal.org\/acento-local\/#\/schema\/person\/022a0a6b36f62f7070403c5a3426d58c\"},\"headline\":\"Galardonados en los Premios Blogs de Oro 2023\",\"datePublished\":\"2024-01-09T07:00:00+00:00\",\"dateModified\":\"2024-04-26T05:40:33+00:00\",\"mainEntityOfPage\":{\"@id\":\"https:\/\/www.gobiernolocal.org\/acento-local\/obtenemos-un-2-o-galardon-en-los-premios-blogs-de-oro-2023\/\"},\"wordCount\":130,\"commentCount\":0,\"publisher\":{\"@id\":\"https:\/\/www.gobiernolocal.org\/acento-local\/#organization\"},\"image\":{\"@id\":\"https:\/\/www.gobiernolocal.org\/acento-local\/obtenemos-un-2-o-galardon-en-los-premios-blogs-de-oro-2023\/#primaryimage\"},\"thumbnailUrl\":\"https:\/\/www.gobiernolocal.org\/acento-local\/wp-content\/uploads\/2024\/01\/240109_800_01.jpg\",\"articleSection\":[\"La Pizarra de Acento Local\"],\"inLanguage\":\"es\",\"potentialAction\":[{\"@type\":\"CommentAction\",\"name\":\"Comment\",\"target\":[\"https:\/\/www.gobiernolocal.org\/acento-local\/obtenemos-un-2-o-galardon-en-los-premios-blogs-de-oro-2023\/#respond\"]}]},{\"@type\":\"WebPage\",\"@id\":\"https:\/\/www.gobiernolocal.org\/acento-local\/obtenemos-un-2-o-galardon-en-los-premios-blogs-de-oro-2023\/\",\"url\":\"https:\/\/www.gobiernolocal.org\/acento-local\/obtenemos-un-2-o-galardon-en-los-premios-blogs-de-oro-2023\/\",\"name\":\"Galardonados en los Premios Blogs de Oro 2023 - Fundaci\u00f3n Democracia y Gobierno Local\",\"isPartOf\":{\"@id\":\"https:\/\/www.gobiernolocal.org\/acento-local\/#website\"},\"primaryImageOfPage\":{\"@id\":\"https:\/\/www.gobiernolocal.org\/acento-local\/obtenemos-un-2-o-galardon-en-los-premios-blogs-de-oro-2023\/#primaryimage\"},\"image\":{\"@id\":\"https:\/\/www.gobiernolocal.org\/acento-local\/obtenemos-un-2-o-galardon-en-los-premios-blogs-de-oro-2023\/#primaryimage\"},\"thumbnailUrl\":\"https:\/\/www.gobiernolocal.org\/acento-local\/wp-content\/uploads\/2024\/01\/240109_800_01.jpg\",\"datePublished\":\"2024-01-09T07:00:00+00:00\",\"dateModified\":\"2024-04-26T05:40:33+00:00\",\"breadcrumb\":{\"@id\":\"https:\/\/www.gobiernolocal.org\/acento-local\/obtenemos-un-2-o-galardon-en-los-premios-blogs-de-oro-2023\/#breadcrumb\"},\"inLanguage\":\"es\",\"potentialAction\":[{\"@type\":\"ReadAction\",\"target\":[\"https:\/\/www.gobiernolocal.org\/acento-local\/obtenemos-un-2-o-galardon-en-los-premios-blogs-de-oro-2023\/\"]}]},{\"@type\":\"ImageObject\",\"inLanguage\":\"es\",\"@id\":\"https:\/\/www.gobiernolocal.org\/acento-local\/obtenemos-un-2-o-galardon-en-los-premios-blogs-de-oro-2023\/#primaryimage\",\"url\":\"https:\/\/www.gobiernolocal.org\/acento-local\/wp-content\/uploads\/2024\/01\/240109_800_01.jpg\",\"contentUrl\":\"https:\/\/www.gobiernolocal.org\/acento-local\/wp-content\/uploads\/2024\/01\/240109_800_01.jpg\",\"width\":800,\"height\":533},{\"@type\":\"BreadcrumbList\",\"@id\":\"https:\/\/www.gobiernolocal.org\/acento-local\/obtenemos-un-2-o-galardon-en-los-premios-blogs-de-oro-2023\/#breadcrumb\",\"itemListElement\":[{\"@type\":\"ListItem\",\"position\":1,\"name\":\"Portada\",\"item\":\"https:\/\/www.gobiernolocal.org\/acento-local\/\"},{\"@type\":\"ListItem\",\"position\":2,\"name\":\"Galardonados en los Premios Blogs de Oro 2023\"}]},{\"@type\":\"WebSite\",\"@id\":\"https:\/\/www.gobiernolocal.org\/acento-local\/#website\",\"url\":\"https:\/\/www.gobiernolocal.org\/acento-local\/\",\"name\":\"Fundaci\u00f3n Democracia y Gobierno Local\",\"description\":\"Otro sitio realizado con WordPress\",\"publisher\":{\"@id\":\"https:\/\/www.gobiernolocal.org\/acento-local\/#organization\"},\"potentialAction\":[{\"@type\":\"SearchAction\",\"target\":{\"@type\":\"EntryPoint\",\"urlTemplate\":\"https:\/\/www.gobiernolocal.org\/acento-local\/?s={search_term_string}\"},\"query-input\":{\"@type\":\"PropertyValueSpecification\",\"valueRequired\":true,\"valueName\":\"search_term_string\"}}],\"inLanguage\":\"es\"},{\"@type\":\"Organization\",\"@id\":\"https:\/\/www.gobiernolocal.org\/acento-local\/#organization\",\"name\":\"Fundaci\u00f3n Democracia y Gobierno Local\",\"url\":\"https:\/\/www.gobiernolocal.org\/acento-local\/\",\"logo\":{\"@type\":\"ImageObject\",\"inLanguage\":\"es\",\"@id\":\"https:\/\/www.gobiernolocal.org\/acento-local\/#\/schema\/logo\/image\/\",\"url\":\"https:\/\/www.gobiernolocal.org\/acento-local\/wp-content\/uploads\/2024\/09\/logo-acentoo-local.png\",\"contentUrl\":\"https:\/\/www.gobiernolocal.org\/acento-local\/wp-content\/uploads\/2024\/09\/logo-acentoo-local.png\",\"width\":1005,\"height\":197,\"caption\":\"Fundaci\u00f3n Democracia y Gobierno Local\"},\"image\":{\"@id\":\"https:\/\/www.gobiernolocal.org\/acento-local\/#\/schema\/logo\/image\/\"}},{\"@type\":\"Person\",\"@id\":\"https:\/\/www.gobiernolocal.org\/acento-local\/#\/schema\/person\/022a0a6b36f62f7070403c5a3426d58c\",\"name\":\"Fundaci\u00f3n Gobierno Local\",\"image\":{\"@type\":\"ImageObject\",\"inLanguage\":\"es\",\"@id\":\"https:\/\/www.gobiernolocal.org\/acento-local\/#\/schema\/person\/image\/\",\"url\":\"https:\/\/secure.gravatar.com\/avatar\/0fa5dea6ae65ded9475a6c7160b1cbc7af5bb19e5a8057c4249aa3664c5fbb21?s=96&d=mm&r=g\",\"contentUrl\":\"https:\/\/secure.gravatar.com\/avatar\/0fa5dea6ae65ded9475a6c7160b1cbc7af5bb19e5a8057c4249aa3664c5fbb21?s=96&d=mm&r=g\",\"caption\":\"Fundaci\u00f3n Gobierno Local\"},\"sameAs\":[\"https:\/\/www.gobiernolocal.org\/acento-local\"],\"url\":\"https:\/\/www.gobiernolocal.org\/acento-local\/author\/fundacion-gobierno-local\/\"}]}<\/script>\n<!-- \/ Yoast SEO plugin. -->","yoast_head_json":{"title":"Galardonados en los Premios Blogs de Oro 2023 - Fundaci\u00f3n Democracia y Gobierno Local","robots":{"index":"index","follow":"follow","max-snippet":"max-snippet:-1","max-image-preview":"max-image-preview:large","max-video-preview":"max-video-preview:-1"},"canonical":"https:\/\/www.gobiernolocal.org\/acento-local\/obtenemos-un-2-o-galardon-en-los-premios-blogs-de-oro-2023\/","og_locale":"es_ES","og_type":"article","og_title":"Galardonados en los Premios Blogs de Oro 2023 - Fundaci\u00f3n Democracia y Gobierno Local","og_description":"En concreto, hemos obtenido el 2.\u00ba Premio (Naranja) en la categor\u00eda Art\u00edculos de Excelencia, por el post \u00abLa inaplazable apuesta por la diversificaci\u00f3n del r\u00e9gimen de los peque\u00f1os municipios\u00bb, de Marcos Almeida Cerreda. Ha sido galardonado \u201cpor aplicar con rigor acad\u00e9mico el foco jur\u00eddico en \u00e1mbitos tradicionalmente olvidados y proponer medidas jur\u00eddicas realistas, exponiendo con [&hellip;]","og_url":"https:\/\/www.gobiernolocal.org\/acento-local\/obtenemos-un-2-o-galardon-en-los-premios-blogs-de-oro-2023\/","og_site_name":"Fundaci\u00f3n Democracia y Gobierno Local","article_published_time":"2024-01-09T07:00:00+00:00","article_modified_time":"2024-04-26T05:40:33+00:00","og_image":[{"width":800,"height":533,"url":"https:\/\/www.gobiernolocal.org\/acento-local\/wp-content\/uploads\/2024\/01\/240109_800_01.jpg","type":"image\/jpeg"}],"author":"Fundaci\u00f3n Gobierno Local","twitter_card":"summary_large_image","twitter_misc":{"Escrito por":"Fundaci\u00f3n Gobierno Local","Tiempo de lectura":"1 minuto"},"schema":{"@context":"https:\/\/schema.org","@graph":[{"@type":"Article","@id":"https:\/\/www.gobiernolocal.org\/acento-local\/obtenemos-un-2-o-galardon-en-los-premios-blogs-de-oro-2023\/#article","isPartOf":{"@id":"https:\/\/www.gobiernolocal.org\/acento-local\/obtenemos-un-2-o-galardon-en-los-premios-blogs-de-oro-2023\/"},"author":{"name":"Fundaci\u00f3n Gobierno Local","@id":"https:\/\/www.gobiernolocal.org\/acento-local\/#\/schema\/person\/022a0a6b36f62f7070403c5a3426d58c"},"headline":"Galardonados en los Premios Blogs de Oro 2023","datePublished":"2024-01-09T07:00:00+00:00","dateModified":"2024-04-26T05:40:33+00:00","mainEntityOfPage":{"@id":"https:\/\/www.gobiernolocal.org\/acento-local\/obtenemos-un-2-o-galardon-en-los-premios-blogs-de-oro-2023\/"},"wordCount":130,"commentCount":0,"publisher":{"@id":"https:\/\/www.gobiernolocal.org\/acento-local\/#organization"},"image":{"@id":"https:\/\/www.gobiernolocal.org\/acento-local\/obtenemos-un-2-o-galardon-en-los-premios-blogs-de-oro-2023\/#primaryimage"},"thumbnailUrl":"https:\/\/www.gobiernolocal.org\/acento-local\/wp-content\/uploads\/2024\/01\/240109_800_01.jpg","articleSection":["La Pizarra de Acento Local"],"inLanguage":"es","potentialAction":[{"@type":"CommentAction","name":"Comment","target":["https:\/\/www.gobiernolocal.org\/acento-local\/obtenemos-un-2-o-galardon-en-los-premios-blogs-de-oro-2023\/#respond"]}]},{"@type":"WebPage","@id":"https:\/\/www.gobiernolocal.org\/acento-local\/obtenemos-un-2-o-galardon-en-los-premios-blogs-de-oro-2023\/","url":"https:\/\/www.gobiernolocal.org\/acento-local\/obtenemos-un-2-o-galardon-en-los-premios-blogs-de-oro-2023\/","name":"Galardonados en los Premios Blogs de Oro 2023 - Fundaci\u00f3n Democracia y Gobierno Local","isPartOf":{"@id":"https:\/\/www.gobiernolocal.org\/acento-local\/#website"},"primaryImageOfPage":{"@id":"https:\/\/www.gobiernolocal.org\/acento-local\/obtenemos-un-2-o-galardon-en-los-premios-blogs-de-oro-2023\/#primaryimage"},"image":{"@id":"https:\/\/www.gobiernolocal.org\/acento-local\/obtenemos-un-2-o-galardon-en-los-premios-blogs-de-oro-2023\/#primaryimage"},"thumbnailUrl":"https:\/\/www.gobiernolocal.org\/acento-local\/wp-content\/uploads\/2024\/01\/240109_800_01.jpg","datePublished":"2024-01-09T07:00:00+00:00","dateModified":"2024-04-26T05:40:33+00:00","breadcrumb":{"@id":"https:\/\/www.gobiernolocal.org\/acento-local\/obtenemos-un-2-o-galardon-en-los-premios-blogs-de-oro-2023\/#breadcrumb"},"inLanguage":"es","potentialAction":[{"@type":"ReadAction","target":["https:\/\/www.gobiernolocal.org\/acento-local\/obtenemos-un-2-o-galardon-en-los-premios-blogs-de-oro-2023\/"]}]},{"@type":"ImageObject","inLanguage":"es","@id":"https:\/\/www.gobiernolocal.org\/acento-local\/obtenemos-un-2-o-galardon-en-los-premios-blogs-de-oro-2023\/#primaryimage","url":"https:\/\/www.gobiernolocal.org\/acento-local\/wp-content\/uploads\/2024\/01\/240109_800_01.jpg","contentUrl":"https:\/\/www.gobiernolocal.org\/acento-local\/wp-content\/uploads\/2024\/01\/240109_800_01.jpg","width":800,"height":533},{"@type":"BreadcrumbList","@id":"https:\/\/www.gobiernolocal.org\/acento-local\/obtenemos-un-2-o-galardon-en-los-premios-blogs-de-oro-2023\/#breadcrumb","itemListElement":[{"@type":"ListItem","position":1,"name":"Portada","item":"https:\/\/www.gobiernolocal.org\/acento-local\/"},{"@type":"ListItem","position":2,"name":"Galardonados en los Premios Blogs de Oro 2023"}]},{"@type":"WebSite","@id":"https:\/\/www.gobiernolocal.org\/acento-local\/#website","url":"https:\/\/www.gobiernolocal.org\/acento-local\/","name":"Fundaci\u00f3n Democracia y Gobierno Local","description":"Otro sitio realizado con WordPress","publisher":{"@id":"https:\/\/www.gobiernolocal.org\/acento-local\/#organization"},"potentialAction":[{"@type":"SearchAction","target":{"@type":"EntryPoint","urlTemplate":"https:\/\/www.gobiernolocal.org\/acento-local\/?s={search_term_string}"},"query-input":{"@type":"PropertyValueSpecification","valueRequired":true,"valueName":"search_term_string"}}],"inLanguage":"es"},{"@type":"Organization","@id":"https:\/\/www.gobiernolocal.org\/acento-local\/#organization","name":"Fundaci\u00f3n Democracia y Gobierno Local","url":"https:\/\/www.gobiernolocal.org\/acento-local\/","logo":{"@type":"ImageObject","inLanguage":"es","@id":"https:\/\/www.gobiernolocal.org\/acento-local\/#\/schema\/logo\/image\/","url":"https:\/\/www.gobiernolocal.org\/acento-local\/wp-content\/uploads\/2024\/09\/logo-acentoo-local.png","contentUrl":"https:\/\/www.gobiernolocal.org\/acento-local\/wp-content\/uploads\/2024\/09\/logo-acentoo-local.png","width":1005,"height":197,"caption":"Fundaci\u00f3n Democracia y Gobierno Local"},"image":{"@id":"https:\/\/www.gobiernolocal.org\/acento-local\/#\/schema\/logo\/image\/"}},{"@type":"Person","@id":"https:\/\/www.gobiernolocal.org\/acento-local\/#\/schema\/person\/022a0a6b36f62f7070403c5a3426d58c","name":"Fundaci\u00f3n Gobierno Local","image":{"@type":"ImageObject","inLanguage":"es","@id":"https:\/\/www.gobiernolocal.org\/acento-local\/#\/schema\/person\/image\/","url":"https:\/\/secure.gravatar.com\/avatar\/0fa5dea6ae65ded9475a6c7160b1cbc7af5bb19e5a8057c4249aa3664c5fbb21?s=96&d=mm&r=g","contentUrl":"https:\/\/secure.gravatar.com\/avatar\/0fa5dea6ae65ded9475a6c7160b1cbc7af5bb19e5a8057c4249aa3664c5fbb21?s=96&d=mm&r=g","caption":"Fundaci\u00f3n Gobierno Local"},"sameAs":["https:\/\/www.gobiernolocal.org\/acento-local"],"url":"https:\/\/www.gobiernolocal.org\/acento-local\/author\/fundacion-gobierno-local\/"}]}},"_links":{"self":[{"href":"https:\/\/www.gobiernolocal.org\/acento-local\/wp-json\/wp\/v2\/posts\/2881","targetHints":{"allow":["GET"]}}],"collection":[{"href":"https:\/\/www.gobiernolocal.org\/acento-local\/wp-json\/wp\/v2\/posts"}],"about":[{"href":"https:\/\/www.gobiernolocal.org\/acento-local\/wp-json\/wp\/v2\/types\/post"}],"author":[{"embeddable":true,"href":"https:\/\/www.gobiernolocal.org\/acento-local\/wp-json\/wp\/v2\/users\/2"}],"replies":[{"embeddable":true,"href":"https:\/\/www.gobiernolocal.org\/acento-local\/wp-json\/wp\/v2\/comments?post=2881"}],"version-history":[{"count":0,"href":"https:\/\/www.gobiernolocal.org\/acento-local\/wp-json\/wp\/v2\/posts\/2881\/revisions"}],"wp:featuredmedia":[{"embeddable":true,"href":"https:\/\/www.gobiernolocal.org\/acento-local\/wp-json\/wp\/v2\/media\/2882"}],"wp:attachment":[{"href":"https:\/\/www.gobiernolocal.org\/acento-local\/wp-json\/wp\/v2\/media?parent=2881"}],"wp:term":[{"taxonomy":"category","embeddable":true,"href":"https:\/\/www.gobiernolocal.org\/acento-local\/wp-json\/wp\/v2\/categories?post=2881"},{"taxonomy":"post_tag","embeddable":true,"href":"https:\/\/www.gobiernolocal.org\/acento-local\/wp-json\/wp\/v2\/tags?post=2881"},{"taxonomy":"autor-post","embeddable":true,"href":"https:\/\/www.gobiernolocal.org\/acento-local\/wp-json\/wp\/v2\/autor-post?post=2881"}],"curies":[{"name":"wp","href":"https:\/\/api.w.org\/{rel}","templated":true}]}}