{"id":2866,"date":"2023-12-29T07:30:00","date_gmt":"2023-12-29T06:30:00","guid":{"rendered":"https:\/\/www.gobiernolocal.org\/acento-local\/?p=2866"},"modified":"2023-12-20T08:43:10","modified_gmt":"2023-12-20T07:43:10","slug":"el-ejercicio-2024-traera-a-los-municipios-mas-recursos-y-la-vuelta-de-las-reglas-fiscales","status":"publish","type":"post","link":"https:\/\/www.gobiernolocal.org\/acento-local\/el-ejercicio-2024-traera-a-los-municipios-mas-recursos-y-la-vuelta-de-las-reglas-fiscales\/","title":{"rendered":"El ejercicio 2024 traer\u00e1 a los municipios m\u00e1s recursos y la vuelta de las reglas fiscales"},"content":{"rendered":"\n<p>En efecto, el Ministerio de Hacienda ha informado de que en 2024 las entidades locales obtendr\u00e1n 28 557 millones del sistema de financiaci\u00f3n, una cifra que crece un 22,6 % con respecto al montante destinado para este subsector en 2023. Este espectacular aumento, fruto del fuerte crecimiento de la recaudaci\u00f3n tributaria experimentado en 2022 y \u2014en menor medida\u2014 2023, augura una c\u00f3moda situaci\u00f3n financiera para las entidades locales en el pr\u00f3ximo ejercicio.<\/p>\n\n\n\n<blockquote class=\"wp-block-quote is-layout-flow wp-block-quote-is-layout-flow\">\n<p><strong>En 2024 las entidades locales obtendr\u00e1n 28 557 millones del sistema de financiaci\u00f3n, una cifra que<\/strong> <strong>crece un 22,6 % con respecto al montante destinado para este subsector en 2023.<\/strong><\/p>\n<\/blockquote>\n\n\n\n<p>Sin embargo, la coyuntura favorable (que no durar\u00e1 para siempre) no deber\u00eda ocultar un problema latente de gran importancia: la inequitativa distribuci\u00f3n de la participaci\u00f3n en los ingresos del Estado (PIE) entre los municipios.<\/p>\n\n\n\n<blockquote class=\"wp-block-quote is-layout-flow wp-block-quote-is-layout-flow\">\n<p><strong>La coyuntura favorable<\/strong> <strong>no deber\u00eda ocultar un problema latente de gran importancia: la<\/strong> <strong>inequitativa distribuci\u00f3n de la participaci\u00f3n en los ingresos del Estado (PIE) entre los municipios.<\/strong><\/p>\n<\/blockquote>\n\n\n\n<p>Como es sabido, dentro del sistema de financiaci\u00f3n local conviven dos modelos de reparto distintos: uno para \u201cgrandes ciudades\u201d (municipios de m\u00e1s de 75 000 habitantes y capitales de provincia o comunidad aut\u00f3noma aunque no alcancen esa poblaci\u00f3n) y otro para el resto de municipios. En el primer modelo, los grandes municipios reciben una participaci\u00f3n en los rendimientos territorializados de ciertos impuestos estatales (IRPF, IVA e impuestos especiales), que se complementa con una transferencia estatal, de forma que ning\u00fan municipio salga perdiendo respecto del momento inicial. En el caso de las ciudades peque\u00f1as, reciben \u00fanicamente una transferencia, cuyo importe global se distribuye entre ellas de acuerdo con una f\u00f3rmula en la que la poblaci\u00f3n es el elemento fundamental, completado por un elemento te\u00f3ricamente redistributivo (la inversa de la capacidad fiscal) y por una variable que trata de medir el esfuerzo relativo de cada municipio. En puridad, existe un modelo adicional que es el que se aplica a los denominados \u00abmunicipios tur\u00edsticos\u00bb (aquellos que, no cumpliendo los requisitos para acceder al sistema de cesi\u00f3n de impuestos, sin embargo, tienen una poblaci\u00f3n superior a 20 000 habitantes y un n\u00famero de viviendas de segunda residencia superior al de viviendas principales). Estos municipios se financian mediante una participaci\u00f3n en los tributos del Estado de car\u00e1cter mixto, ya que, adem\u00e1s de participar en el modelo general de variables, se incluyen elementos relacionados con la cesi\u00f3n de rendimientos de los impuestos especiales sobre hidrocarburos y sobre las labores del tabaco imputables a los mismos.<\/p>\n\n\n\n<p>La efectiva aplicaci\u00f3n de estos dos sistemas ha deparado resultados que son ciertamente insatisfactorios, en cuanto que contrarios a la equidad horizontal por mostrar diferencias abultadas injustificadas entre los municipios (CERMFL, 2017). Un ejemplo claro de esta inequitativa distribuci\u00f3n es el hecho de que, en relaci\u00f3n con las entregas a cuenta del ejercicio 2021, Barcelona recibi\u00f3 743 euros por habitante, mientras que Parla solo obtuvo 195 euros(Mart\u00ednez S\u00e1nchez, 2023).<\/p>\n\n\n\n<p>Asimismo, 2024 est\u00e1 llamado a ser el a\u00f1o en que vuelvan a aplicarse las reglas fiscales, que han estado suspendidas desde la crisis de la COVID-19.<\/p>\n\n\n\n<blockquote class=\"wp-block-quote is-layout-flow wp-block-quote-is-layout-flow\">\n<p><strong>2024 est\u00e1 llamado a ser el a\u00f1o en que<\/strong> <strong>vuelvan a aplicarse las reglas fiscales.<\/strong><\/p>\n<\/blockquote>\n\n\n\n<p>Para los municipios, junto con la obligaci\u00f3n de presentar equilibrio presupuestario, en los a\u00f1os anteriores a la pandemia han sido particularmente importantes dos reglas fiscales aparentemente menores: la regla de gasto y el destino obligatorio del super\u00e1vit presupuestario.<\/p>\n\n\n\n<p>En cuanto a la regla de gasto, se trata de una limitaci\u00f3n que es m\u00e1s relevante en situaciones, como la que se prev\u00e9 para 2024, de aumento de ingresos, toda vez que el crecimiento del gasto tendr\u00e1 que respetar la tasa de referencia de crecimiento del producto interior bruto de medio plazo de la econom\u00eda espa\u00f1ola, de acuerdo con lo previsto en el art. 12.1 LOEPSF. A este respecto, es ciertamente llamativo que a 18 de diciembre a\u00fan no se sepa cu\u00e1l va a ser la citada tasa de referencia, lo que necesariamente va a implicar que los presupuestos municipales que est\u00e1n a punto de aprobarse no la hayan podido tener en cuenta. En este sentido, se ha de poner de manifiesto que jur\u00eddicamente va a resultar muy complicado que pueda sancionarse su incumplimiento en 2024, so pena de vulnerar lo dispuesto en el art. 9.3 de la Constituci\u00f3n.<\/p>\n\n\n\n<p>La aplicaci\u00f3n de una regla de gasto a entidades con ingresos crecientes suele conducir a la generaci\u00f3n de super\u00e1vits (y, de hecho, as\u00ed ocurri\u00f3 hasta la pandemia). Aqu\u00ed cobra especial protagonismo lo dispuesto en el art. 12.5 LOEPSF y, con m\u00e1s detalle, en el art. 32 LOEPSF, donde se establece que el super\u00e1vit, entendido como la capacidad de financiaci\u00f3n calculada seg\u00fan el Sistema Europeo de Cuentas (SEC), debe destinarse a reducir el nivel de endeudamiento neto. La \u00fanica excepci\u00f3n a este destino obligatorio del super\u00e1vit es la recogida en la disposici\u00f3n adicional sexta LOEPSF, donde se permite que, atendidas determinadas obligaciones, se puedan realizar inversiones financieramente sostenibles (IFS) con cargo al super\u00e1vit. Esta excepci\u00f3n se previ\u00f3 para el 2014, pero, hasta el a\u00f1o 2020 inclusive, se fue prorrogando anualmente, sin que por el momento se haya previsto su aplicaci\u00f3n para el ejercicio 2024. En todo caso, se ha de recordar que para ser considerada una inversi\u00f3n como IFS en el \u00e1mbito local se ha de cumplir lo dispuesto en la disposici\u00f3n decimosexta de la TRLHL, en donde se establece que la inversi\u00f3n deber\u00e1 tener reflejo presupuestario en los determinados grupos de programas all\u00ed enumerados, habr\u00e1 de tener una vida \u00fatil de al menos cinco a\u00f1os y deber\u00e1 ser imputable al cap\u00edtulo 6 (excepcionalmente tambi\u00e9n al cap\u00edtulo 7).<\/p>\n\n\n\n<p>Tanto la regla de gasto como el destino obligatorio del super\u00e1vit adolecen de un mismo defecto en su configuraci\u00f3n: se aplican por igual a entidades saneadas y a las que no lo est\u00e1n, de suerte que su inflexibilidad puede resultar contraproducente. Esta cr\u00edtica a las reglas fiscales se viene realizando desde hace a\u00f1os, como por ejemplo realiz\u00f3 la \u00faltima Comisi\u00f3n de Expertos relativa a la Hacienda local (CERMFL, 2017). Han pasado m\u00e1s de seis a\u00f1os y, por desgracia, no se ha llevado a cabo ninguna reforma al respecto.<\/p>\n\n\n\n<p>En definitiva, cumple realizar (una vez m\u00e1s) un llamamiento al legislador para que aborde la revisi\u00f3n tanto de la distribuci\u00f3n de la PIE como de la configuraci\u00f3n de la regla de gasto y del destino obligatorio del super\u00e1vit. Es tiempo navide\u00f1o, por lo que no se ha de perder la esperanza en que las cosas puedan mejorar.<\/p>\n\n\n\n<blockquote class=\"wp-block-quote is-layout-flow wp-block-quote-is-layout-flow\">\n<p><strong>Cumple realizar<\/strong> <strong>un<\/strong> <strong>llamamiento al legislador para que aborde la revisi\u00f3n tanto de la distribuci\u00f3n de la PIE como de la configuraci\u00f3n de la regla de gasto y del destino obligatorio del super\u00e1vit.<\/strong><\/p>\n<\/blockquote>\n\n\n\n<p>Referencias bibliogr\u00e1ficas:<\/p>\n\n\n\n<ul class=\"wp-block-list\">\n<li>CERMFL (2017). <em>Informe de la Comisi\u00f3n de Expertos para la Revisi\u00f3n del Modelo de Financiaci\u00f3n Local<\/em>. Disponible en <a href=\"https:\/\/www.hacienda.gob.es\/CDI\/sist%20financiacion%20y%20deuda\/informacioneells\/2017\/informe_final_comisi\u00f3n_reforma_sfl.pdf\">https:\/\/www.hacienda.gob.es\/CDI\/sist%20financiacion%20y%20deuda\/informacioneells\/2017\/informe_final_comisi\u00f3n_reforma_sfl.pdf<\/a>.<\/li>\n\n\n\n<li>Mart\u00ednez S\u00e1nchez, C. (2023). La necesaria revisi\u00f3n del sistema de financiaci\u00f3n local para combatir la despoblaci\u00f3n. En C. Navarro, \u00c1. R. Ruiz Pulp\u00f3n y F. Velasco Caballero (dirs.). <em>Despoblaci\u00f3n, territorio y gobiernos locales<\/em>. Madrid: Marcial Pons.<\/li>\n<\/ul>\n\n\n\n<p>Autor\/a:&nbsp;<strong>C\u00e9sar Mart\u00ednez S\u00e1nchez<\/strong><\/p>\n","protected":false},"excerpt":{"rendered":"<p>En el Consejo de Ministros del pasado 12 de diciembre se aprob\u00f3 el Acuerdo por el que se fijan los objetivos de estabilidad y el techo de gasto no financiero para las Administraciones p\u00fablicas en el periodo 2024-2026. Este acuerdo se enmarca en una situaci\u00f3n financiera de los municipios determinada por dos elementos muy importantes: el sustancial aumento de las transferencias para el a\u00f1o 2024 y el regreso (ya veremos en qu\u00e9 t\u00e9rminos) de las reglas fiscales, que llevan suspendidas desde 2020.<\/p>\n","protected":false},"author":2,"featured_media":2868,"comment_status":"open","ping_status":"open","sticky":false,"template":"","format":"standard","meta":{"site-sidebar-layout":"default","site-content-layout":"","ast-site-content-layout":"default","site-content-style":"default","site-sidebar-style":"default","ast-global-header-display":"","ast-banner-title-visibility":"","ast-main-header-display":"","ast-hfb-above-header-display":"","ast-hfb-below-header-display":"","ast-hfb-mobile-header-display":"","site-post-title":"","ast-breadcrumbs-content":"","ast-featured-img":"","footer-sml-layout":"","ast-disable-related-posts":"","theme-transparent-header-meta":"","adv-header-id-meta":"","stick-header-meta":"","header-above-stick-meta":"","header-main-stick-meta":"","header-below-stick-meta":"","astra-migrate-meta-layouts":"set","ast-page-background-enabled":"default","ast-page-background-meta":{"desktop":{"background-color":"var(--ast-global-color-4)","background-image":"","background-repeat":"repeat","background-position":"center center","background-size":"auto","background-attachment":"scroll","background-type":"","background-media":"","overlay-type":"","overlay-color":"","overlay-opacity":"","overlay-gradient":""},"tablet":{"background-color":"","background-image":"","background-repeat":"repeat","background-position":"center center","background-size":"auto","background-attachment":"scroll","background-type":"","background-media":"","overlay-type":"","overlay-color":"","overlay-opacity":"","overlay-gradient":""},"mobile":{"background-color":"","background-image":"","background-repeat":"repeat","background-position":"center center","background-size":"auto","background-attachment":"scroll","background-type":"","background-media":"","overlay-type":"","overlay-color":"","overlay-opacity":"","overlay-gradient":""}},"ast-content-background-meta":{"desktop":{"background-color":"var(--ast-global-color-5)","background-image":"","background-repeat":"repeat","background-position":"center center","background-size":"auto","background-attachment":"scroll","background-type":"","background-media":"","overlay-type":"","overlay-color":"","overlay-opacity":"","overlay-gradient":""},"tablet":{"background-color":"var(--ast-global-color-5)","background-image":"","background-repeat":"repeat","background-position":"center center","background-size":"auto","background-attachment":"scroll","background-type":"","background-media":"","overlay-type":"","overlay-color":"","overlay-opacity":"","overlay-gradient":""},"mobile":{"background-color":"var(--ast-global-color-5)","background-image":"","background-repeat":"repeat","background-position":"center center","background-size":"auto","background-attachment":"scroll","background-type":"","background-media":"","overlay-type":"","overlay-color":"","overlay-opacity":"","overlay-gradient":""}},"area-autor":{"item-0":{"nombre-del-autor":"C\u00e9sar Mart\u00ednez S\u00e1nchez","cargo-autor":"Profesor titular de Derecho Financiero y Tributario. Instituto de Derecho Local de la Universidad Aut\u00f3noma de Madrid","foto-autor":"2867"}},"footnotes":""},"categories":[7],"tags":[103],"autor-post":[162],"class_list":["post-2866","post","type-post","status-publish","format-standard","has-post-thumbnail","hentry","category-gobernanza","tag-financiacion","autor-post-cesar-martinez-sanchez"],"yoast_head":"<!-- This site is optimized with the Yoast SEO plugin v27.0 - https:\/\/yoast.com\/product\/yoast-seo-wordpress\/ -->\n<title>El ejercicio 2024 traer\u00e1 a los municipios m\u00e1s recursos y la vuelta de las reglas fiscales - Fundaci\u00f3n Democracia y Gobierno Local<\/title>\n<meta name=\"robots\" content=\"index, follow, max-snippet:-1, max-image-preview:large, max-video-preview:-1\" \/>\n<link rel=\"canonical\" href=\"https:\/\/www.gobiernolocal.org\/acento-local\/el-ejercicio-2024-traera-a-los-municipios-mas-recursos-y-la-vuelta-de-las-reglas-fiscales\/\" \/>\n<meta property=\"og:locale\" content=\"es_ES\" \/>\n<meta property=\"og:type\" content=\"article\" \/>\n<meta property=\"og:title\" content=\"El ejercicio 2024 traer\u00e1 a los municipios m\u00e1s recursos y la vuelta de las reglas fiscales - Fundaci\u00f3n Democracia y Gobierno Local\" \/>\n<meta property=\"og:description\" content=\"En el Consejo de Ministros del pasado 12 de diciembre se aprob\u00f3 el Acuerdo por el que se fijan los objetivos de estabilidad y el techo de gasto no financiero para las Administraciones p\u00fablicas en el periodo 2024-2026. Este acuerdo se enmarca en una situaci\u00f3n financiera de los municipios determinada por dos elementos muy importantes: el sustancial aumento de las transferencias para el a\u00f1o 2024 y el regreso (ya veremos en qu\u00e9 t\u00e9rminos) de las reglas fiscales, que llevan suspendidas desde 2020.\" \/>\n<meta property=\"og:url\" content=\"https:\/\/www.gobiernolocal.org\/acento-local\/el-ejercicio-2024-traera-a-los-municipios-mas-recursos-y-la-vuelta-de-las-reglas-fiscales\/\" \/>\n<meta property=\"og:site_name\" content=\"Fundaci\u00f3n Democracia y Gobierno Local\" \/>\n<meta property=\"article:published_time\" content=\"2023-12-29T06:30:00+00:00\" \/>\n<meta property=\"og:image\" content=\"https:\/\/www.gobiernolocal.org\/acento-local\/wp-content\/uploads\/2023\/12\/231229_800_01.jpg\" \/>\n\t<meta property=\"og:image:width\" content=\"800\" \/>\n\t<meta property=\"og:image:height\" content=\"404\" \/>\n\t<meta property=\"og:image:type\" content=\"image\/jpeg\" \/>\n<meta name=\"author\" content=\"Fundaci\u00f3n Gobierno Local\" \/>\n<meta name=\"twitter:card\" content=\"summary_large_image\" \/>\n<meta name=\"twitter:label1\" content=\"Escrito por\" \/>\n\t<meta name=\"twitter:data1\" content=\"Fundaci\u00f3n Gobierno Local\" \/>\n\t<meta name=\"twitter:label2\" content=\"Tiempo de lectura\" \/>\n\t<meta name=\"twitter:data2\" content=\"6 minutos\" \/>\n<script type=\"application\/ld+json\" class=\"yoast-schema-graph\">{\"@context\":\"https:\/\/schema.org\",\"@graph\":[{\"@type\":\"Article\",\"@id\":\"https:\/\/www.gobiernolocal.org\/acento-local\/el-ejercicio-2024-traera-a-los-municipios-mas-recursos-y-la-vuelta-de-las-reglas-fiscales\/#article\",\"isPartOf\":{\"@id\":\"https:\/\/www.gobiernolocal.org\/acento-local\/el-ejercicio-2024-traera-a-los-municipios-mas-recursos-y-la-vuelta-de-las-reglas-fiscales\/\"},\"author\":{\"name\":\"Fundaci\u00f3n Gobierno Local\",\"@id\":\"https:\/\/www.gobiernolocal.org\/acento-local\/#\/schema\/person\/022a0a6b36f62f7070403c5a3426d58c\"},\"headline\":\"El ejercicio 2024 traer\u00e1 a los municipios m\u00e1s recursos y la vuelta de las reglas fiscales\",\"datePublished\":\"2023-12-29T06:30:00+00:00\",\"mainEntityOfPage\":{\"@id\":\"https:\/\/www.gobiernolocal.org\/acento-local\/el-ejercicio-2024-traera-a-los-municipios-mas-recursos-y-la-vuelta-de-las-reglas-fiscales\/\"},\"wordCount\":1264,\"commentCount\":0,\"publisher\":{\"@id\":\"https:\/\/www.gobiernolocal.org\/acento-local\/#organization\"},\"image\":{\"@id\":\"https:\/\/www.gobiernolocal.org\/acento-local\/el-ejercicio-2024-traera-a-los-municipios-mas-recursos-y-la-vuelta-de-las-reglas-fiscales\/#primaryimage\"},\"thumbnailUrl\":\"https:\/\/www.gobiernolocal.org\/acento-local\/wp-content\/uploads\/2023\/12\/231229_800_01.jpg\",\"keywords\":[\"Financiaci\u00f3n\"],\"articleSection\":[\"Gobernanza\"],\"inLanguage\":\"es\",\"potentialAction\":[{\"@type\":\"CommentAction\",\"name\":\"Comment\",\"target\":[\"https:\/\/www.gobiernolocal.org\/acento-local\/el-ejercicio-2024-traera-a-los-municipios-mas-recursos-y-la-vuelta-de-las-reglas-fiscales\/#respond\"]}]},{\"@type\":\"WebPage\",\"@id\":\"https:\/\/www.gobiernolocal.org\/acento-local\/el-ejercicio-2024-traera-a-los-municipios-mas-recursos-y-la-vuelta-de-las-reglas-fiscales\/\",\"url\":\"https:\/\/www.gobiernolocal.org\/acento-local\/el-ejercicio-2024-traera-a-los-municipios-mas-recursos-y-la-vuelta-de-las-reglas-fiscales\/\",\"name\":\"El ejercicio 2024 traer\u00e1 a los municipios m\u00e1s recursos y la vuelta de las reglas fiscales - Fundaci\u00f3n Democracia y Gobierno Local\",\"isPartOf\":{\"@id\":\"https:\/\/www.gobiernolocal.org\/acento-local\/#website\"},\"primaryImageOfPage\":{\"@id\":\"https:\/\/www.gobiernolocal.org\/acento-local\/el-ejercicio-2024-traera-a-los-municipios-mas-recursos-y-la-vuelta-de-las-reglas-fiscales\/#primaryimage\"},\"image\":{\"@id\":\"https:\/\/www.gobiernolocal.org\/acento-local\/el-ejercicio-2024-traera-a-los-municipios-mas-recursos-y-la-vuelta-de-las-reglas-fiscales\/#primaryimage\"},\"thumbnailUrl\":\"https:\/\/www.gobiernolocal.org\/acento-local\/wp-content\/uploads\/2023\/12\/231229_800_01.jpg\",\"datePublished\":\"2023-12-29T06:30:00+00:00\",\"breadcrumb\":{\"@id\":\"https:\/\/www.gobiernolocal.org\/acento-local\/el-ejercicio-2024-traera-a-los-municipios-mas-recursos-y-la-vuelta-de-las-reglas-fiscales\/#breadcrumb\"},\"inLanguage\":\"es\",\"potentialAction\":[{\"@type\":\"ReadAction\",\"target\":[\"https:\/\/www.gobiernolocal.org\/acento-local\/el-ejercicio-2024-traera-a-los-municipios-mas-recursos-y-la-vuelta-de-las-reglas-fiscales\/\"]}]},{\"@type\":\"ImageObject\",\"inLanguage\":\"es\",\"@id\":\"https:\/\/www.gobiernolocal.org\/acento-local\/el-ejercicio-2024-traera-a-los-municipios-mas-recursos-y-la-vuelta-de-las-reglas-fiscales\/#primaryimage\",\"url\":\"https:\/\/www.gobiernolocal.org\/acento-local\/wp-content\/uploads\/2023\/12\/231229_800_01.jpg\",\"contentUrl\":\"https:\/\/www.gobiernolocal.org\/acento-local\/wp-content\/uploads\/2023\/12\/231229_800_01.jpg\",\"width\":800,\"height\":404},{\"@type\":\"BreadcrumbList\",\"@id\":\"https:\/\/www.gobiernolocal.org\/acento-local\/el-ejercicio-2024-traera-a-los-municipios-mas-recursos-y-la-vuelta-de-las-reglas-fiscales\/#breadcrumb\",\"itemListElement\":[{\"@type\":\"ListItem\",\"position\":1,\"name\":\"Portada\",\"item\":\"https:\/\/www.gobiernolocal.org\/acento-local\/\"},{\"@type\":\"ListItem\",\"position\":2,\"name\":\"El ejercicio 2024 traer\u00e1 a los municipios m\u00e1s recursos y la vuelta de las reglas fiscales\"}]},{\"@type\":\"WebSite\",\"@id\":\"https:\/\/www.gobiernolocal.org\/acento-local\/#website\",\"url\":\"https:\/\/www.gobiernolocal.org\/acento-local\/\",\"name\":\"Fundaci\u00f3n Democracia y Gobierno Local\",\"description\":\"Otro sitio realizado con WordPress\",\"publisher\":{\"@id\":\"https:\/\/www.gobiernolocal.org\/acento-local\/#organization\"},\"potentialAction\":[{\"@type\":\"SearchAction\",\"target\":{\"@type\":\"EntryPoint\",\"urlTemplate\":\"https:\/\/www.gobiernolocal.org\/acento-local\/?s={search_term_string}\"},\"query-input\":{\"@type\":\"PropertyValueSpecification\",\"valueRequired\":true,\"valueName\":\"search_term_string\"}}],\"inLanguage\":\"es\"},{\"@type\":\"Organization\",\"@id\":\"https:\/\/www.gobiernolocal.org\/acento-local\/#organization\",\"name\":\"Fundaci\u00f3n Democracia y Gobierno Local\",\"url\":\"https:\/\/www.gobiernolocal.org\/acento-local\/\",\"logo\":{\"@type\":\"ImageObject\",\"inLanguage\":\"es\",\"@id\":\"https:\/\/www.gobiernolocal.org\/acento-local\/#\/schema\/logo\/image\/\",\"url\":\"https:\/\/www.gobiernolocal.org\/acento-local\/wp-content\/uploads\/2024\/09\/logo-acentoo-local.png\",\"contentUrl\":\"https:\/\/www.gobiernolocal.org\/acento-local\/wp-content\/uploads\/2024\/09\/logo-acentoo-local.png\",\"width\":1005,\"height\":197,\"caption\":\"Fundaci\u00f3n Democracia y Gobierno Local\"},\"image\":{\"@id\":\"https:\/\/www.gobiernolocal.org\/acento-local\/#\/schema\/logo\/image\/\"}},{\"@type\":\"Person\",\"@id\":\"https:\/\/www.gobiernolocal.org\/acento-local\/#\/schema\/person\/022a0a6b36f62f7070403c5a3426d58c\",\"name\":\"Fundaci\u00f3n Gobierno Local\",\"image\":{\"@type\":\"ImageObject\",\"inLanguage\":\"es\",\"@id\":\"https:\/\/www.gobiernolocal.org\/acento-local\/#\/schema\/person\/image\/\",\"url\":\"https:\/\/secure.gravatar.com\/avatar\/0fa5dea6ae65ded9475a6c7160b1cbc7af5bb19e5a8057c4249aa3664c5fbb21?s=96&d=mm&r=g\",\"contentUrl\":\"https:\/\/secure.gravatar.com\/avatar\/0fa5dea6ae65ded9475a6c7160b1cbc7af5bb19e5a8057c4249aa3664c5fbb21?s=96&d=mm&r=g\",\"caption\":\"Fundaci\u00f3n Gobierno Local\"},\"sameAs\":[\"https:\/\/www.gobiernolocal.org\/acento-local\"],\"url\":\"https:\/\/www.gobiernolocal.org\/acento-local\/author\/fundacion-gobierno-local\/\"}]}<\/script>\n<!-- \/ Yoast SEO plugin. -->","yoast_head_json":{"title":"El ejercicio 2024 traer\u00e1 a los municipios m\u00e1s recursos y la vuelta de las reglas fiscales - Fundaci\u00f3n Democracia y Gobierno Local","robots":{"index":"index","follow":"follow","max-snippet":"max-snippet:-1","max-image-preview":"max-image-preview:large","max-video-preview":"max-video-preview:-1"},"canonical":"https:\/\/www.gobiernolocal.org\/acento-local\/el-ejercicio-2024-traera-a-los-municipios-mas-recursos-y-la-vuelta-de-las-reglas-fiscales\/","og_locale":"es_ES","og_type":"article","og_title":"El ejercicio 2024 traer\u00e1 a los municipios m\u00e1s recursos y la vuelta de las reglas fiscales - Fundaci\u00f3n Democracia y Gobierno Local","og_description":"En el Consejo de Ministros del pasado 12 de diciembre se aprob\u00f3 el Acuerdo por el que se fijan los objetivos de estabilidad y el techo de gasto no financiero para las Administraciones p\u00fablicas en el periodo 2024-2026. Este acuerdo se enmarca en una situaci\u00f3n financiera de los municipios determinada por dos elementos muy importantes: el sustancial aumento de las transferencias para el a\u00f1o 2024 y el regreso (ya veremos en qu\u00e9 t\u00e9rminos) de las reglas fiscales, que llevan suspendidas desde 2020.","og_url":"https:\/\/www.gobiernolocal.org\/acento-local\/el-ejercicio-2024-traera-a-los-municipios-mas-recursos-y-la-vuelta-de-las-reglas-fiscales\/","og_site_name":"Fundaci\u00f3n Democracia y Gobierno Local","article_published_time":"2023-12-29T06:30:00+00:00","og_image":[{"width":800,"height":404,"url":"https:\/\/www.gobiernolocal.org\/acento-local\/wp-content\/uploads\/2023\/12\/231229_800_01.jpg","type":"image\/jpeg"}],"author":"Fundaci\u00f3n Gobierno Local","twitter_card":"summary_large_image","twitter_misc":{"Escrito por":"Fundaci\u00f3n Gobierno Local","Tiempo de lectura":"6 minutos"},"schema":{"@context":"https:\/\/schema.org","@graph":[{"@type":"Article","@id":"https:\/\/www.gobiernolocal.org\/acento-local\/el-ejercicio-2024-traera-a-los-municipios-mas-recursos-y-la-vuelta-de-las-reglas-fiscales\/#article","isPartOf":{"@id":"https:\/\/www.gobiernolocal.org\/acento-local\/el-ejercicio-2024-traera-a-los-municipios-mas-recursos-y-la-vuelta-de-las-reglas-fiscales\/"},"author":{"name":"Fundaci\u00f3n Gobierno Local","@id":"https:\/\/www.gobiernolocal.org\/acento-local\/#\/schema\/person\/022a0a6b36f62f7070403c5a3426d58c"},"headline":"El ejercicio 2024 traer\u00e1 a los municipios m\u00e1s recursos y la vuelta de las reglas fiscales","datePublished":"2023-12-29T06:30:00+00:00","mainEntityOfPage":{"@id":"https:\/\/www.gobiernolocal.org\/acento-local\/el-ejercicio-2024-traera-a-los-municipios-mas-recursos-y-la-vuelta-de-las-reglas-fiscales\/"},"wordCount":1264,"commentCount":0,"publisher":{"@id":"https:\/\/www.gobiernolocal.org\/acento-local\/#organization"},"image":{"@id":"https:\/\/www.gobiernolocal.org\/acento-local\/el-ejercicio-2024-traera-a-los-municipios-mas-recursos-y-la-vuelta-de-las-reglas-fiscales\/#primaryimage"},"thumbnailUrl":"https:\/\/www.gobiernolocal.org\/acento-local\/wp-content\/uploads\/2023\/12\/231229_800_01.jpg","keywords":["Financiaci\u00f3n"],"articleSection":["Gobernanza"],"inLanguage":"es","potentialAction":[{"@type":"CommentAction","name":"Comment","target":["https:\/\/www.gobiernolocal.org\/acento-local\/el-ejercicio-2024-traera-a-los-municipios-mas-recursos-y-la-vuelta-de-las-reglas-fiscales\/#respond"]}]},{"@type":"WebPage","@id":"https:\/\/www.gobiernolocal.org\/acento-local\/el-ejercicio-2024-traera-a-los-municipios-mas-recursos-y-la-vuelta-de-las-reglas-fiscales\/","url":"https:\/\/www.gobiernolocal.org\/acento-local\/el-ejercicio-2024-traera-a-los-municipios-mas-recursos-y-la-vuelta-de-las-reglas-fiscales\/","name":"El ejercicio 2024 traer\u00e1 a los municipios m\u00e1s recursos y la vuelta de las reglas fiscales - Fundaci\u00f3n Democracia y Gobierno Local","isPartOf":{"@id":"https:\/\/www.gobiernolocal.org\/acento-local\/#website"},"primaryImageOfPage":{"@id":"https:\/\/www.gobiernolocal.org\/acento-local\/el-ejercicio-2024-traera-a-los-municipios-mas-recursos-y-la-vuelta-de-las-reglas-fiscales\/#primaryimage"},"image":{"@id":"https:\/\/www.gobiernolocal.org\/acento-local\/el-ejercicio-2024-traera-a-los-municipios-mas-recursos-y-la-vuelta-de-las-reglas-fiscales\/#primaryimage"},"thumbnailUrl":"https:\/\/www.gobiernolocal.org\/acento-local\/wp-content\/uploads\/2023\/12\/231229_800_01.jpg","datePublished":"2023-12-29T06:30:00+00:00","breadcrumb":{"@id":"https:\/\/www.gobiernolocal.org\/acento-local\/el-ejercicio-2024-traera-a-los-municipios-mas-recursos-y-la-vuelta-de-las-reglas-fiscales\/#breadcrumb"},"inLanguage":"es","potentialAction":[{"@type":"ReadAction","target":["https:\/\/www.gobiernolocal.org\/acento-local\/el-ejercicio-2024-traera-a-los-municipios-mas-recursos-y-la-vuelta-de-las-reglas-fiscales\/"]}]},{"@type":"ImageObject","inLanguage":"es","@id":"https:\/\/www.gobiernolocal.org\/acento-local\/el-ejercicio-2024-traera-a-los-municipios-mas-recursos-y-la-vuelta-de-las-reglas-fiscales\/#primaryimage","url":"https:\/\/www.gobiernolocal.org\/acento-local\/wp-content\/uploads\/2023\/12\/231229_800_01.jpg","contentUrl":"https:\/\/www.gobiernolocal.org\/acento-local\/wp-content\/uploads\/2023\/12\/231229_800_01.jpg","width":800,"height":404},{"@type":"BreadcrumbList","@id":"https:\/\/www.gobiernolocal.org\/acento-local\/el-ejercicio-2024-traera-a-los-municipios-mas-recursos-y-la-vuelta-de-las-reglas-fiscales\/#breadcrumb","itemListElement":[{"@type":"ListItem","position":1,"name":"Portada","item":"https:\/\/www.gobiernolocal.org\/acento-local\/"},{"@type":"ListItem","position":2,"name":"El ejercicio 2024 traer\u00e1 a los municipios m\u00e1s recursos y la vuelta de las reglas fiscales"}]},{"@type":"WebSite","@id":"https:\/\/www.gobiernolocal.org\/acento-local\/#website","url":"https:\/\/www.gobiernolocal.org\/acento-local\/","name":"Fundaci\u00f3n Democracia y Gobierno Local","description":"Otro sitio realizado con WordPress","publisher":{"@id":"https:\/\/www.gobiernolocal.org\/acento-local\/#organization"},"potentialAction":[{"@type":"SearchAction","target":{"@type":"EntryPoint","urlTemplate":"https:\/\/www.gobiernolocal.org\/acento-local\/?s={search_term_string}"},"query-input":{"@type":"PropertyValueSpecification","valueRequired":true,"valueName":"search_term_string"}}],"inLanguage":"es"},{"@type":"Organization","@id":"https:\/\/www.gobiernolocal.org\/acento-local\/#organization","name":"Fundaci\u00f3n Democracia y Gobierno Local","url":"https:\/\/www.gobiernolocal.org\/acento-local\/","logo":{"@type":"ImageObject","inLanguage":"es","@id":"https:\/\/www.gobiernolocal.org\/acento-local\/#\/schema\/logo\/image\/","url":"https:\/\/www.gobiernolocal.org\/acento-local\/wp-content\/uploads\/2024\/09\/logo-acentoo-local.png","contentUrl":"https:\/\/www.gobiernolocal.org\/acento-local\/wp-content\/uploads\/2024\/09\/logo-acentoo-local.png","width":1005,"height":197,"caption":"Fundaci\u00f3n Democracia y Gobierno Local"},"image":{"@id":"https:\/\/www.gobiernolocal.org\/acento-local\/#\/schema\/logo\/image\/"}},{"@type":"Person","@id":"https:\/\/www.gobiernolocal.org\/acento-local\/#\/schema\/person\/022a0a6b36f62f7070403c5a3426d58c","name":"Fundaci\u00f3n Gobierno Local","image":{"@type":"ImageObject","inLanguage":"es","@id":"https:\/\/www.gobiernolocal.org\/acento-local\/#\/schema\/person\/image\/","url":"https:\/\/secure.gravatar.com\/avatar\/0fa5dea6ae65ded9475a6c7160b1cbc7af5bb19e5a8057c4249aa3664c5fbb21?s=96&d=mm&r=g","contentUrl":"https:\/\/secure.gravatar.com\/avatar\/0fa5dea6ae65ded9475a6c7160b1cbc7af5bb19e5a8057c4249aa3664c5fbb21?s=96&d=mm&r=g","caption":"Fundaci\u00f3n Gobierno Local"},"sameAs":["https:\/\/www.gobiernolocal.org\/acento-local"],"url":"https:\/\/www.gobiernolocal.org\/acento-local\/author\/fundacion-gobierno-local\/"}]}},"_links":{"self":[{"href":"https:\/\/www.gobiernolocal.org\/acento-local\/wp-json\/wp\/v2\/posts\/2866","targetHints":{"allow":["GET"]}}],"collection":[{"href":"https:\/\/www.gobiernolocal.org\/acento-local\/wp-json\/wp\/v2\/posts"}],"about":[{"href":"https:\/\/www.gobiernolocal.org\/acento-local\/wp-json\/wp\/v2\/types\/post"}],"author":[{"embeddable":true,"href":"https:\/\/www.gobiernolocal.org\/acento-local\/wp-json\/wp\/v2\/users\/2"}],"replies":[{"embeddable":true,"href":"https:\/\/www.gobiernolocal.org\/acento-local\/wp-json\/wp\/v2\/comments?post=2866"}],"version-history":[{"count":0,"href":"https:\/\/www.gobiernolocal.org\/acento-local\/wp-json\/wp\/v2\/posts\/2866\/revisions"}],"wp:featuredmedia":[{"embeddable":true,"href":"https:\/\/www.gobiernolocal.org\/acento-local\/wp-json\/wp\/v2\/media\/2868"}],"wp:attachment":[{"href":"https:\/\/www.gobiernolocal.org\/acento-local\/wp-json\/wp\/v2\/media?parent=2866"}],"wp:term":[{"taxonomy":"category","embeddable":true,"href":"https:\/\/www.gobiernolocal.org\/acento-local\/wp-json\/wp\/v2\/categories?post=2866"},{"taxonomy":"post_tag","embeddable":true,"href":"https:\/\/www.gobiernolocal.org\/acento-local\/wp-json\/wp\/v2\/tags?post=2866"},{"taxonomy":"autor-post","embeddable":true,"href":"https:\/\/www.gobiernolocal.org\/acento-local\/wp-json\/wp\/v2\/autor-post?post=2866"}],"curies":[{"name":"wp","href":"https:\/\/api.w.org\/{rel}","templated":true}]}}