{"id":2744,"date":"2023-11-22T07:30:00","date_gmt":"2023-11-22T06:30:00","guid":{"rendered":"https:\/\/www.gobiernolocal.org\/acento-local\/?p=2744"},"modified":"2023-11-17T10:21:29","modified_gmt":"2023-11-17T09:21:29","slug":"los-limites-a-la-asignacion-de-dedicaciones-exclusivas-en-las-corporaciones-locales","status":"publish","type":"post","link":"https:\/\/www.gobiernolocal.org\/acento-local\/los-limites-a-la-asignacion-de-dedicaciones-exclusivas-en-las-corporaciones-locales\/","title":{"rendered":"Los l\u00edmites a la asignaci\u00f3n de dedicaciones exclusivas en las corporaciones locales"},"content":{"rendered":"\n<p>Como es sabido, hasta la entrada en vigor de la <a href=\"https:\/\/www.boe.es\/buscar\/act.php?id=BOE-A-2013-13756\">Ley 27\/2013, de 27 de diciembre, de racionalizaci\u00f3n y sostenibilidad de la Administraci\u00f3n local<\/a>, el pleno de cada corporaci\u00f3n fijaba, generalmente a propuesta del Presidente, la relaci\u00f3n de cargos electos de la corporaci\u00f3n que pod\u00edan desempe\u00f1arse en r\u00e9gimen de dedicaci\u00f3n \u201cexclusiva\u201d, sin m\u00e1s limitaci\u00f3n que la determinada obviamente por el n\u00famero legal de miembros de la corporaci\u00f3n.<\/p>\n\n\n\n<p>Sin embargo, con la declarada finalidad de reducir los niveles de profesionalizaci\u00f3n pol\u00edtica en el \u00e1mbito local (pre\u00e1mbulo), la Ley 27\/2013 introdujo (art. 75 ter) una limitaci\u00f3n cuantitativa a la asignaci\u00f3n de exclusividades, distinguiendo catorce tramos poblacionales y fijando para cada uno el n\u00famero m\u00e1ximo de miembros que podr\u00e1n prestar sus servicios en r\u00e9gimen de dedicaci\u00f3n exclusiva.<\/p>\n\n\n\n<p>En concreto, si comparamos con el n\u00famero legal de concejales que ordena la LOREG (art. 179), podemos formular la tabla siguiente:<\/p>\n\n\n\n<figure class=\"wp-block-table\"><table><tbody><tr><td>Habitantes de los municipios<\/td><td>N\u00fam. concejales<\/td><td>Dedicaciones exclusivas<\/td><td>Porcentaje<\/td><\/tr><tr><td>&lt; 1000<\/td><td>3 a 7<\/td><td>0<\/td><td>0<\/td><\/tr><tr><td>1001 &#8211; 2000<\/td><td>9<\/td><td>1<\/td><td>11,1<\/td><\/tr><tr><td>2001 &#8211; 3000<\/td><td>11<\/td><td>2<\/td><td>18,1<\/td><\/tr><tr><td>3001 &#8211; 5000<\/td><td>11<\/td><td>3<\/td><td>27,2<\/td><\/tr><tr><td>5001 \u2013 10 000<\/td><td>13<\/td><td>3<\/td><td>23<\/td><\/tr><tr><td>10 001 \u2013 15 000<\/td><td>17<\/td><td>5<\/td><td>29,4<\/td><\/tr><tr><td>15 001 \u2013 20 000<\/td><td>17<\/td><td>7<\/td><td>41,1<\/td><\/tr><tr><td>20 001 \u2013 35 000<\/td><td>21<\/td><td>10<\/td><td>47,6<\/td><\/tr><tr><td>35 001 \u2013 50 000<\/td><td>21<\/td><td>11<\/td><td>52,3<\/td><\/tr><tr><td>50 001 \u2013 100 000<\/td><td>25<\/td><td>15<\/td><td>60<\/td><\/tr><tr><td>100 001\u2013 300 000<\/td><td>27<\/td><td>18<\/td><td>66,6<\/td><\/tr><tr><td>300 001 \u2013 500 000<\/td><td>29<\/td><td>20<\/td><td>69<\/td><\/tr><tr><td>500 001 \u2013 700 000<\/td><td>31<\/td><td>22<\/td><td>71<\/td><\/tr><tr><td>700 001 \u2013 1 000 000<\/td><td>33<\/td><td>25<\/td><td>75,7<\/td><\/tr><tr><td>Barcelona<\/td><td>41<\/td><td>32<\/td><td>71,1<\/td><\/tr><tr><td>Madrid<\/td><td>57<\/td><td>45<\/td><td>78,9<\/td><\/tr><\/tbody><\/table><\/figure>\n\n\n\n<p>Como puede comprobarse, el legislador b\u00e1sico no sigui\u00f3 un criterio proporcional (p. ej., la mitad del n\u00famero de concejales), sino que fij\u00f3 unos l\u00edmites cuantitativos en funci\u00f3n de tramos de poblaci\u00f3n, tramos que tampoco coinciden con los fijados en la LOREG (art. 179) como n\u00famero de concejales de cada corporaci\u00f3n. En l\u00edneas generales, se asigna un porcentaje mayor de dedicaciones exclusivas respecto al n\u00famero de concejales a medida que se aumenta el n\u00famero de poblaci\u00f3n, tal vez pensando que a medida que crece la poblaci\u00f3n se requiere una mayor dedicaci\u00f3n a los asuntos p\u00fablicos.<\/p>\n\n\n\n<blockquote class=\"wp-block-quote is-layout-flow wp-block-quote-is-layout-flow\">\n<p><strong>El legislador b\u00e1sico no sigui\u00f3 un criterio proporcional, sino que fij\u00f3 unos l\u00edmites cuantitativos en funci\u00f3n de tramos de poblaci\u00f3n, tramos que tampoco coinciden con los fijados en la LOREG (art. 179) como n\u00famero de concejales de cada corporaci\u00f3n.<\/strong><\/p>\n<\/blockquote>\n\n\n\n<p>El art. 75 ter de la LRBRL fue recurrido por el Parlamento de Catalu\u00f1a, en cuyo recurso, si bien admiti\u00f3 que la legislaci\u00f3n b\u00e1sica puede regular un r\u00e9gimen de dedicaci\u00f3n, defendi\u00f3 que no debe hacerlo con el grado de detalle que emple\u00f3 la Ley 27\/2013, sin margen de actuaci\u00f3n de la Generalitat para introducir modulaciones que contemplen otros criterios o peculiaridades espec\u00edficas de los Gobiernos locales de Catalu\u00f1a. Es decir, la argumentaci\u00f3n no se basaba en la defensa de la autonom\u00eda local, sino que se centraba en la posible invasi\u00f3n de las competencias auton\u00f3micas de desarrollo legislativo.<\/p>\n\n\n\n<p>Por su parte, el Tribunal Constitucional (<a href=\"https:\/\/www.boe.es\/buscar\/doc.php?id=BOE-A-2017-6850\">STC 54\/2017, de 11 de mayo<\/a>, FJ 4), tras declarar la conexi\u00f3n del precepto con los principios constitucionales de eficiencia en los recursos p\u00fablicos y estabilidad presupuestaria, entendi\u00f3 que las horquillas poblacionales fijadas por el legislador b\u00e1sico permit\u00edan \u201cm\u00e1rgenes relevantes\u201d, dentro los que cab\u00eda el ejercicio del poder local de autoorganizaci\u00f3n y de las competencias auton\u00f3micas en materia de r\u00e9gimen local.<\/p>\n\n\n\n<p>Dejando de lado el hecho de que el margen auton\u00f3mico y local se ci\u00f1e a reducir a\u00fan m\u00e1s las ya limitadas dedicaciones permitidas por la Ley 27\/2013 (y que en los municipios de hasta 35 000 habitantes, que son legi\u00f3n, es inferior o muy inferior a la mitad del n\u00famero legal de miembros), lo cierto es que la determinaci\u00f3n de qu\u00e9 concejales ejercen el cargo en exclusividad hace mucho que perdi\u00f3 la relevancia que parece concederle la Ley 27\/2013. En concreto, desde la reforma efectuada por la Ley 11\/1999, la LRBRL permite expresamente la percepci\u00f3n de retribuciones\u00ad a los miembros de las corporaciones locales que desempe\u00f1en su cargo con dedicaci\u00f3n tanto exclusiva como parcial.<\/p>\n\n\n\n<blockquote class=\"wp-block-quote is-layout-flow wp-block-quote-is-layout-flow\">\n<p><strong>La determinaci\u00f3n de qu\u00e9 concejales ejercen el cargo en exclusividad hace mucho que perdi\u00f3 la relevancia<\/strong> <strong>que parece concederle la Ley 27\/2013.<\/strong><\/p>\n<\/blockquote>\n\n\n\n<p>En este estado de cosas, en el cual pueden percibir retribuciones los concejales con dedicaci\u00f3n tanto exclusiva como parcial, y teniendo en cuenta que ya el art\u00edculo 75 bis ha fijado los topes m\u00e1ximos por retribuci\u00f3n en exclusiva (y la parcial, por l\u00f3gica, debe ser proporcional a la dedicaci\u00f3n), en mi opini\u00f3n es un exceso del legislador b\u00e1sico limitar la competencia del pleno para determinar el n\u00famero de concejales con dedicaci\u00f3n exclusiva. Un exceso, adem\u00e1s, innecesario, debido a las limitaciones cuantitativas a las retribuciones ordenadas en la propia Ley 27\/2013, y, a la postre, inefectivo, pues no hay l\u00edmite cuantitativo al reconocimiento de dedicaciones parciales, las cuales pueden alcanzar perfectamente un 75 por ciento (Sentencia del Tribunal Superior de Justicia de Andaluc\u00eda, Sevilla, 422\/2018, de 8 de mayo), por lo que el sistema ideado por la Ley 27\/2013 tampoco es apto para alcanzar los supuestos fines de reducci\u00f3n del gasto p\u00fablico en la clase pol\u00edtica local.<\/p>\n\n\n\n<blockquote class=\"wp-block-quote is-layout-flow wp-block-quote-is-layout-flow\">\n<p><strong>En mi opini\u00f3n es un<\/strong> <strong>exceso del legislador b\u00e1sico limitar la competencia del pleno para determinar el n\u00famero de concejales con dedicaci\u00f3n exclusiva.<\/strong><\/p>\n<\/blockquote>\n\n\n\n<p>Dicho de otro modo, ciertamente corresponde a la Ley Org\u00e1nica Electoral fijar el n\u00famero de electos locales, pero, una vez fijado ese n\u00famero legal, deber\u00eda dejarse a criterio del pleno de cada corporaci\u00f3n \u2014como suced\u00eda hasta la Ley 27\/2013\u2014 la determinaci\u00f3n de las dedicaciones exclusivas y parciales, al tratarse de una genuina determinaci\u00f3n propia del \u00e1mbito de la autoorganizaci\u00f3n.<\/p>\n\n\n\n<blockquote class=\"wp-block-quote is-layout-flow wp-block-quote-is-layout-flow\">\n<p><strong>Deber\u00eda dejarse a criterio del pleno de cada corporaci\u00f3n<\/strong> <strong>la determinaci\u00f3n de las dedicaciones exclusivas y parciales, al tratarse de una<\/strong> <strong>genuina determinaci\u00f3n propia del \u00e1mbito de la autoorganizaci\u00f3n.<\/strong><\/p>\n<\/blockquote>\n\n\n\n<p>Autor\/a:&nbsp;<strong>Severiano Fern\u00e1ndez Ramos<\/strong><\/p>\n","protected":false},"excerpt":{"rendered":"<p>Si bien el Tribunal Constitucional aval\u00f3 el sistema de limitaciones cuantitativas al reconocimiento de dedicaciones exclusivas a los electos locales ordenado por la Ley 27\/2013, se trata de un modelo r\u00edgido e invasivo de la autonom\u00eda organizativa, as\u00ed como innecesario e ineficaz al objetivo de contenci\u00f3n del gasto p\u00fablico.<\/p>\n","protected":false},"author":2,"featured_media":2746,"comment_status":"open","ping_status":"open","sticky":false,"template":"","format":"standard","meta":{"site-sidebar-layout":"default","site-content-layout":"","ast-site-content-layout":"default","site-content-style":"default","site-sidebar-style":"default","ast-global-header-display":"","ast-banner-title-visibility":"","ast-main-header-display":"","ast-hfb-above-header-display":"","ast-hfb-below-header-display":"","ast-hfb-mobile-header-display":"","site-post-title":"","ast-breadcrumbs-content":"","ast-featured-img":"","footer-sml-layout":"","ast-disable-related-posts":"","theme-transparent-header-meta":"","adv-header-id-meta":"","stick-header-meta":"","header-above-stick-meta":"","header-main-stick-meta":"","header-below-stick-meta":"","astra-migrate-meta-layouts":"set","ast-page-background-enabled":"default","ast-page-background-meta":{"desktop":{"background-color":"var(--ast-global-color-4)","background-image":"","background-repeat":"repeat","background-position":"center center","background-size":"auto","background-attachment":"scroll","background-type":"","background-media":"","overlay-type":"","overlay-color":"","overlay-opacity":"","overlay-gradient":""},"tablet":{"background-color":"","background-image":"","background-repeat":"repeat","background-position":"center center","background-size":"auto","background-attachment":"scroll","background-type":"","background-media":"","overlay-type":"","overlay-color":"","overlay-opacity":"","overlay-gradient":""},"mobile":{"background-color":"","background-image":"","background-repeat":"repeat","background-position":"center center","background-size":"auto","background-attachment":"scroll","background-type":"","background-media":"","overlay-type":"","overlay-color":"","overlay-opacity":"","overlay-gradient":""}},"ast-content-background-meta":{"desktop":{"background-color":"var(--ast-global-color-5)","background-image":"","background-repeat":"repeat","background-position":"center center","background-size":"auto","background-attachment":"scroll","background-type":"","background-media":"","overlay-type":"","overlay-color":"","overlay-opacity":"","overlay-gradient":""},"tablet":{"background-color":"var(--ast-global-color-5)","background-image":"","background-repeat":"repeat","background-position":"center center","background-size":"auto","background-attachment":"scroll","background-type":"","background-media":"","overlay-type":"","overlay-color":"","overlay-opacity":"","overlay-gradient":""},"mobile":{"background-color":"var(--ast-global-color-5)","background-image":"","background-repeat":"repeat","background-position":"center center","background-size":"auto","background-attachment":"scroll","background-type":"","background-media":"","overlay-type":"","overlay-color":"","overlay-opacity":"","overlay-gradient":""}},"area-autor":{"item-0":{"nombre-del-autor":"Severiano Fern\u00e1ndez Ramos","cargo-autor":"Catedr\u00e1tico de Derecho Administrativo. Universidad de C\u00e1diz","foto-autor":"2745"}},"footnotes":""},"categories":[7],"tags":[111],"autor-post":[115],"class_list":["post-2744","post","type-post","status-publish","format-standard","has-post-thumbnail","hentry","category-gobernanza","tag-concejales","autor-post-severiano-fernandez-ramos"],"yoast_head":"<!-- This site is optimized with the Yoast SEO plugin v27.0 - https:\/\/yoast.com\/product\/yoast-seo-wordpress\/ -->\n<title>Los l\u00edmites a la asignaci\u00f3n de dedicaciones exclusivas en las corporaciones locales - Fundaci\u00f3n Democracia y Gobierno Local<\/title>\n<meta name=\"robots\" content=\"index, follow, max-snippet:-1, max-image-preview:large, max-video-preview:-1\" \/>\n<link rel=\"canonical\" href=\"https:\/\/www.gobiernolocal.org\/acento-local\/los-limites-a-la-asignacion-de-dedicaciones-exclusivas-en-las-corporaciones-locales\/\" \/>\n<meta property=\"og:locale\" content=\"es_ES\" \/>\n<meta property=\"og:type\" content=\"article\" \/>\n<meta property=\"og:title\" content=\"Los l\u00edmites a la asignaci\u00f3n de dedicaciones exclusivas en las corporaciones locales - Fundaci\u00f3n Democracia y Gobierno Local\" \/>\n<meta property=\"og:description\" content=\"Si bien el Tribunal Constitucional aval\u00f3 el sistema de limitaciones cuantitativas al reconocimiento de dedicaciones exclusivas a los electos locales ordenado por la Ley 27\/2013, se trata de un modelo r\u00edgido e invasivo de la autonom\u00eda organizativa, as\u00ed como innecesario e ineficaz al objetivo de contenci\u00f3n del gasto p\u00fablico.\" \/>\n<meta property=\"og:url\" content=\"https:\/\/www.gobiernolocal.org\/acento-local\/los-limites-a-la-asignacion-de-dedicaciones-exclusivas-en-las-corporaciones-locales\/\" \/>\n<meta property=\"og:site_name\" content=\"Fundaci\u00f3n Democracia y Gobierno Local\" \/>\n<meta property=\"article:published_time\" content=\"2023-11-22T06:30:00+00:00\" \/>\n<meta property=\"og:image\" content=\"https:\/\/www.gobiernolocal.org\/acento-local\/wp-content\/uploads\/2023\/11\/231122_800_01.jpg\" \/>\n\t<meta property=\"og:image:width\" content=\"800\" \/>\n\t<meta property=\"og:image:height\" content=\"526\" \/>\n\t<meta property=\"og:image:type\" content=\"image\/jpeg\" \/>\n<meta name=\"author\" content=\"Fundaci\u00f3n Gobierno Local\" \/>\n<meta name=\"twitter:card\" content=\"summary_large_image\" \/>\n<meta name=\"twitter:label1\" content=\"Escrito por\" \/>\n\t<meta name=\"twitter:data1\" content=\"Fundaci\u00f3n Gobierno Local\" \/>\n\t<meta name=\"twitter:label2\" content=\"Tiempo de lectura\" \/>\n\t<meta name=\"twitter:data2\" content=\"4 minutos\" \/>\n<script type=\"application\/ld+json\" class=\"yoast-schema-graph\">{\"@context\":\"https:\/\/schema.org\",\"@graph\":[{\"@type\":\"Article\",\"@id\":\"https:\/\/www.gobiernolocal.org\/acento-local\/los-limites-a-la-asignacion-de-dedicaciones-exclusivas-en-las-corporaciones-locales\/#article\",\"isPartOf\":{\"@id\":\"https:\/\/www.gobiernolocal.org\/acento-local\/los-limites-a-la-asignacion-de-dedicaciones-exclusivas-en-las-corporaciones-locales\/\"},\"author\":{\"name\":\"Fundaci\u00f3n Gobierno Local\",\"@id\":\"https:\/\/www.gobiernolocal.org\/acento-local\/#\/schema\/person\/022a0a6b36f62f7070403c5a3426d58c\"},\"headline\":\"Los l\u00edmites a la asignaci\u00f3n de dedicaciones exclusivas en las corporaciones locales\",\"datePublished\":\"2023-11-22T06:30:00+00:00\",\"mainEntityOfPage\":{\"@id\":\"https:\/\/www.gobiernolocal.org\/acento-local\/los-limites-a-la-asignacion-de-dedicaciones-exclusivas-en-las-corporaciones-locales\/\"},\"wordCount\":968,\"commentCount\":0,\"publisher\":{\"@id\":\"https:\/\/www.gobiernolocal.org\/acento-local\/#organization\"},\"image\":{\"@id\":\"https:\/\/www.gobiernolocal.org\/acento-local\/los-limites-a-la-asignacion-de-dedicaciones-exclusivas-en-las-corporaciones-locales\/#primaryimage\"},\"thumbnailUrl\":\"https:\/\/www.gobiernolocal.org\/acento-local\/wp-content\/uploads\/2023\/11\/231122_800_01.jpg\",\"keywords\":[\"Concejales\"],\"articleSection\":[\"Gobernanza\"],\"inLanguage\":\"es\",\"potentialAction\":[{\"@type\":\"CommentAction\",\"name\":\"Comment\",\"target\":[\"https:\/\/www.gobiernolocal.org\/acento-local\/los-limites-a-la-asignacion-de-dedicaciones-exclusivas-en-las-corporaciones-locales\/#respond\"]}]},{\"@type\":\"WebPage\",\"@id\":\"https:\/\/www.gobiernolocal.org\/acento-local\/los-limites-a-la-asignacion-de-dedicaciones-exclusivas-en-las-corporaciones-locales\/\",\"url\":\"https:\/\/www.gobiernolocal.org\/acento-local\/los-limites-a-la-asignacion-de-dedicaciones-exclusivas-en-las-corporaciones-locales\/\",\"name\":\"Los l\u00edmites a la asignaci\u00f3n de dedicaciones exclusivas en las corporaciones locales - Fundaci\u00f3n Democracia y Gobierno Local\",\"isPartOf\":{\"@id\":\"https:\/\/www.gobiernolocal.org\/acento-local\/#website\"},\"primaryImageOfPage\":{\"@id\":\"https:\/\/www.gobiernolocal.org\/acento-local\/los-limites-a-la-asignacion-de-dedicaciones-exclusivas-en-las-corporaciones-locales\/#primaryimage\"},\"image\":{\"@id\":\"https:\/\/www.gobiernolocal.org\/acento-local\/los-limites-a-la-asignacion-de-dedicaciones-exclusivas-en-las-corporaciones-locales\/#primaryimage\"},\"thumbnailUrl\":\"https:\/\/www.gobiernolocal.org\/acento-local\/wp-content\/uploads\/2023\/11\/231122_800_01.jpg\",\"datePublished\":\"2023-11-22T06:30:00+00:00\",\"breadcrumb\":{\"@id\":\"https:\/\/www.gobiernolocal.org\/acento-local\/los-limites-a-la-asignacion-de-dedicaciones-exclusivas-en-las-corporaciones-locales\/#breadcrumb\"},\"inLanguage\":\"es\",\"potentialAction\":[{\"@type\":\"ReadAction\",\"target\":[\"https:\/\/www.gobiernolocal.org\/acento-local\/los-limites-a-la-asignacion-de-dedicaciones-exclusivas-en-las-corporaciones-locales\/\"]}]},{\"@type\":\"ImageObject\",\"inLanguage\":\"es\",\"@id\":\"https:\/\/www.gobiernolocal.org\/acento-local\/los-limites-a-la-asignacion-de-dedicaciones-exclusivas-en-las-corporaciones-locales\/#primaryimage\",\"url\":\"https:\/\/www.gobiernolocal.org\/acento-local\/wp-content\/uploads\/2023\/11\/231122_800_01.jpg\",\"contentUrl\":\"https:\/\/www.gobiernolocal.org\/acento-local\/wp-content\/uploads\/2023\/11\/231122_800_01.jpg\",\"width\":800,\"height\":526},{\"@type\":\"BreadcrumbList\",\"@id\":\"https:\/\/www.gobiernolocal.org\/acento-local\/los-limites-a-la-asignacion-de-dedicaciones-exclusivas-en-las-corporaciones-locales\/#breadcrumb\",\"itemListElement\":[{\"@type\":\"ListItem\",\"position\":1,\"name\":\"Portada\",\"item\":\"https:\/\/www.gobiernolocal.org\/acento-local\/\"},{\"@type\":\"ListItem\",\"position\":2,\"name\":\"Los l\u00edmites a la asignaci\u00f3n de dedicaciones exclusivas en las corporaciones locales\"}]},{\"@type\":\"WebSite\",\"@id\":\"https:\/\/www.gobiernolocal.org\/acento-local\/#website\",\"url\":\"https:\/\/www.gobiernolocal.org\/acento-local\/\",\"name\":\"Fundaci\u00f3n Democracia y Gobierno Local\",\"description\":\"Otro sitio realizado con WordPress\",\"publisher\":{\"@id\":\"https:\/\/www.gobiernolocal.org\/acento-local\/#organization\"},\"potentialAction\":[{\"@type\":\"SearchAction\",\"target\":{\"@type\":\"EntryPoint\",\"urlTemplate\":\"https:\/\/www.gobiernolocal.org\/acento-local\/?s={search_term_string}\"},\"query-input\":{\"@type\":\"PropertyValueSpecification\",\"valueRequired\":true,\"valueName\":\"search_term_string\"}}],\"inLanguage\":\"es\"},{\"@type\":\"Organization\",\"@id\":\"https:\/\/www.gobiernolocal.org\/acento-local\/#organization\",\"name\":\"Fundaci\u00f3n Democracia y Gobierno Local\",\"url\":\"https:\/\/www.gobiernolocal.org\/acento-local\/\",\"logo\":{\"@type\":\"ImageObject\",\"inLanguage\":\"es\",\"@id\":\"https:\/\/www.gobiernolocal.org\/acento-local\/#\/schema\/logo\/image\/\",\"url\":\"https:\/\/www.gobiernolocal.org\/acento-local\/wp-content\/uploads\/2024\/09\/logo-acentoo-local.png\",\"contentUrl\":\"https:\/\/www.gobiernolocal.org\/acento-local\/wp-content\/uploads\/2024\/09\/logo-acentoo-local.png\",\"width\":1005,\"height\":197,\"caption\":\"Fundaci\u00f3n Democracia y Gobierno Local\"},\"image\":{\"@id\":\"https:\/\/www.gobiernolocal.org\/acento-local\/#\/schema\/logo\/image\/\"}},{\"@type\":\"Person\",\"@id\":\"https:\/\/www.gobiernolocal.org\/acento-local\/#\/schema\/person\/022a0a6b36f62f7070403c5a3426d58c\",\"name\":\"Fundaci\u00f3n Gobierno Local\",\"image\":{\"@type\":\"ImageObject\",\"inLanguage\":\"es\",\"@id\":\"https:\/\/www.gobiernolocal.org\/acento-local\/#\/schema\/person\/image\/\",\"url\":\"https:\/\/secure.gravatar.com\/avatar\/0fa5dea6ae65ded9475a6c7160b1cbc7af5bb19e5a8057c4249aa3664c5fbb21?s=96&d=mm&r=g\",\"contentUrl\":\"https:\/\/secure.gravatar.com\/avatar\/0fa5dea6ae65ded9475a6c7160b1cbc7af5bb19e5a8057c4249aa3664c5fbb21?s=96&d=mm&r=g\",\"caption\":\"Fundaci\u00f3n Gobierno Local\"},\"sameAs\":[\"https:\/\/www.gobiernolocal.org\/acento-local\"],\"url\":\"https:\/\/www.gobiernolocal.org\/acento-local\/author\/fundacion-gobierno-local\/\"}]}<\/script>\n<!-- \/ Yoast SEO plugin. -->","yoast_head_json":{"title":"Los l\u00edmites a la asignaci\u00f3n de dedicaciones exclusivas en las corporaciones locales - Fundaci\u00f3n Democracia y Gobierno Local","robots":{"index":"index","follow":"follow","max-snippet":"max-snippet:-1","max-image-preview":"max-image-preview:large","max-video-preview":"max-video-preview:-1"},"canonical":"https:\/\/www.gobiernolocal.org\/acento-local\/los-limites-a-la-asignacion-de-dedicaciones-exclusivas-en-las-corporaciones-locales\/","og_locale":"es_ES","og_type":"article","og_title":"Los l\u00edmites a la asignaci\u00f3n de dedicaciones exclusivas en las corporaciones locales - Fundaci\u00f3n Democracia y Gobierno Local","og_description":"Si bien el Tribunal Constitucional aval\u00f3 el sistema de limitaciones cuantitativas al reconocimiento de dedicaciones exclusivas a los electos locales ordenado por la Ley 27\/2013, se trata de un modelo r\u00edgido e invasivo de la autonom\u00eda organizativa, as\u00ed como innecesario e ineficaz al objetivo de contenci\u00f3n del gasto p\u00fablico.","og_url":"https:\/\/www.gobiernolocal.org\/acento-local\/los-limites-a-la-asignacion-de-dedicaciones-exclusivas-en-las-corporaciones-locales\/","og_site_name":"Fundaci\u00f3n Democracia y Gobierno Local","article_published_time":"2023-11-22T06:30:00+00:00","og_image":[{"width":800,"height":526,"url":"https:\/\/www.gobiernolocal.org\/acento-local\/wp-content\/uploads\/2023\/11\/231122_800_01.jpg","type":"image\/jpeg"}],"author":"Fundaci\u00f3n Gobierno Local","twitter_card":"summary_large_image","twitter_misc":{"Escrito por":"Fundaci\u00f3n Gobierno Local","Tiempo de lectura":"4 minutos"},"schema":{"@context":"https:\/\/schema.org","@graph":[{"@type":"Article","@id":"https:\/\/www.gobiernolocal.org\/acento-local\/los-limites-a-la-asignacion-de-dedicaciones-exclusivas-en-las-corporaciones-locales\/#article","isPartOf":{"@id":"https:\/\/www.gobiernolocal.org\/acento-local\/los-limites-a-la-asignacion-de-dedicaciones-exclusivas-en-las-corporaciones-locales\/"},"author":{"name":"Fundaci\u00f3n Gobierno Local","@id":"https:\/\/www.gobiernolocal.org\/acento-local\/#\/schema\/person\/022a0a6b36f62f7070403c5a3426d58c"},"headline":"Los l\u00edmites a la asignaci\u00f3n de dedicaciones exclusivas en las corporaciones locales","datePublished":"2023-11-22T06:30:00+00:00","mainEntityOfPage":{"@id":"https:\/\/www.gobiernolocal.org\/acento-local\/los-limites-a-la-asignacion-de-dedicaciones-exclusivas-en-las-corporaciones-locales\/"},"wordCount":968,"commentCount":0,"publisher":{"@id":"https:\/\/www.gobiernolocal.org\/acento-local\/#organization"},"image":{"@id":"https:\/\/www.gobiernolocal.org\/acento-local\/los-limites-a-la-asignacion-de-dedicaciones-exclusivas-en-las-corporaciones-locales\/#primaryimage"},"thumbnailUrl":"https:\/\/www.gobiernolocal.org\/acento-local\/wp-content\/uploads\/2023\/11\/231122_800_01.jpg","keywords":["Concejales"],"articleSection":["Gobernanza"],"inLanguage":"es","potentialAction":[{"@type":"CommentAction","name":"Comment","target":["https:\/\/www.gobiernolocal.org\/acento-local\/los-limites-a-la-asignacion-de-dedicaciones-exclusivas-en-las-corporaciones-locales\/#respond"]}]},{"@type":"WebPage","@id":"https:\/\/www.gobiernolocal.org\/acento-local\/los-limites-a-la-asignacion-de-dedicaciones-exclusivas-en-las-corporaciones-locales\/","url":"https:\/\/www.gobiernolocal.org\/acento-local\/los-limites-a-la-asignacion-de-dedicaciones-exclusivas-en-las-corporaciones-locales\/","name":"Los l\u00edmites a la asignaci\u00f3n de dedicaciones exclusivas en las corporaciones locales - Fundaci\u00f3n Democracia y Gobierno Local","isPartOf":{"@id":"https:\/\/www.gobiernolocal.org\/acento-local\/#website"},"primaryImageOfPage":{"@id":"https:\/\/www.gobiernolocal.org\/acento-local\/los-limites-a-la-asignacion-de-dedicaciones-exclusivas-en-las-corporaciones-locales\/#primaryimage"},"image":{"@id":"https:\/\/www.gobiernolocal.org\/acento-local\/los-limites-a-la-asignacion-de-dedicaciones-exclusivas-en-las-corporaciones-locales\/#primaryimage"},"thumbnailUrl":"https:\/\/www.gobiernolocal.org\/acento-local\/wp-content\/uploads\/2023\/11\/231122_800_01.jpg","datePublished":"2023-11-22T06:30:00+00:00","breadcrumb":{"@id":"https:\/\/www.gobiernolocal.org\/acento-local\/los-limites-a-la-asignacion-de-dedicaciones-exclusivas-en-las-corporaciones-locales\/#breadcrumb"},"inLanguage":"es","potentialAction":[{"@type":"ReadAction","target":["https:\/\/www.gobiernolocal.org\/acento-local\/los-limites-a-la-asignacion-de-dedicaciones-exclusivas-en-las-corporaciones-locales\/"]}]},{"@type":"ImageObject","inLanguage":"es","@id":"https:\/\/www.gobiernolocal.org\/acento-local\/los-limites-a-la-asignacion-de-dedicaciones-exclusivas-en-las-corporaciones-locales\/#primaryimage","url":"https:\/\/www.gobiernolocal.org\/acento-local\/wp-content\/uploads\/2023\/11\/231122_800_01.jpg","contentUrl":"https:\/\/www.gobiernolocal.org\/acento-local\/wp-content\/uploads\/2023\/11\/231122_800_01.jpg","width":800,"height":526},{"@type":"BreadcrumbList","@id":"https:\/\/www.gobiernolocal.org\/acento-local\/los-limites-a-la-asignacion-de-dedicaciones-exclusivas-en-las-corporaciones-locales\/#breadcrumb","itemListElement":[{"@type":"ListItem","position":1,"name":"Portada","item":"https:\/\/www.gobiernolocal.org\/acento-local\/"},{"@type":"ListItem","position":2,"name":"Los l\u00edmites a la asignaci\u00f3n de dedicaciones exclusivas en las corporaciones locales"}]},{"@type":"WebSite","@id":"https:\/\/www.gobiernolocal.org\/acento-local\/#website","url":"https:\/\/www.gobiernolocal.org\/acento-local\/","name":"Fundaci\u00f3n Democracia y Gobierno Local","description":"Otro sitio realizado con WordPress","publisher":{"@id":"https:\/\/www.gobiernolocal.org\/acento-local\/#organization"},"potentialAction":[{"@type":"SearchAction","target":{"@type":"EntryPoint","urlTemplate":"https:\/\/www.gobiernolocal.org\/acento-local\/?s={search_term_string}"},"query-input":{"@type":"PropertyValueSpecification","valueRequired":true,"valueName":"search_term_string"}}],"inLanguage":"es"},{"@type":"Organization","@id":"https:\/\/www.gobiernolocal.org\/acento-local\/#organization","name":"Fundaci\u00f3n Democracia y Gobierno Local","url":"https:\/\/www.gobiernolocal.org\/acento-local\/","logo":{"@type":"ImageObject","inLanguage":"es","@id":"https:\/\/www.gobiernolocal.org\/acento-local\/#\/schema\/logo\/image\/","url":"https:\/\/www.gobiernolocal.org\/acento-local\/wp-content\/uploads\/2024\/09\/logo-acentoo-local.png","contentUrl":"https:\/\/www.gobiernolocal.org\/acento-local\/wp-content\/uploads\/2024\/09\/logo-acentoo-local.png","width":1005,"height":197,"caption":"Fundaci\u00f3n Democracia y Gobierno Local"},"image":{"@id":"https:\/\/www.gobiernolocal.org\/acento-local\/#\/schema\/logo\/image\/"}},{"@type":"Person","@id":"https:\/\/www.gobiernolocal.org\/acento-local\/#\/schema\/person\/022a0a6b36f62f7070403c5a3426d58c","name":"Fundaci\u00f3n Gobierno Local","image":{"@type":"ImageObject","inLanguage":"es","@id":"https:\/\/www.gobiernolocal.org\/acento-local\/#\/schema\/person\/image\/","url":"https:\/\/secure.gravatar.com\/avatar\/0fa5dea6ae65ded9475a6c7160b1cbc7af5bb19e5a8057c4249aa3664c5fbb21?s=96&d=mm&r=g","contentUrl":"https:\/\/secure.gravatar.com\/avatar\/0fa5dea6ae65ded9475a6c7160b1cbc7af5bb19e5a8057c4249aa3664c5fbb21?s=96&d=mm&r=g","caption":"Fundaci\u00f3n Gobierno Local"},"sameAs":["https:\/\/www.gobiernolocal.org\/acento-local"],"url":"https:\/\/www.gobiernolocal.org\/acento-local\/author\/fundacion-gobierno-local\/"}]}},"_links":{"self":[{"href":"https:\/\/www.gobiernolocal.org\/acento-local\/wp-json\/wp\/v2\/posts\/2744","targetHints":{"allow":["GET"]}}],"collection":[{"href":"https:\/\/www.gobiernolocal.org\/acento-local\/wp-json\/wp\/v2\/posts"}],"about":[{"href":"https:\/\/www.gobiernolocal.org\/acento-local\/wp-json\/wp\/v2\/types\/post"}],"author":[{"embeddable":true,"href":"https:\/\/www.gobiernolocal.org\/acento-local\/wp-json\/wp\/v2\/users\/2"}],"replies":[{"embeddable":true,"href":"https:\/\/www.gobiernolocal.org\/acento-local\/wp-json\/wp\/v2\/comments?post=2744"}],"version-history":[{"count":0,"href":"https:\/\/www.gobiernolocal.org\/acento-local\/wp-json\/wp\/v2\/posts\/2744\/revisions"}],"wp:featuredmedia":[{"embeddable":true,"href":"https:\/\/www.gobiernolocal.org\/acento-local\/wp-json\/wp\/v2\/media\/2746"}],"wp:attachment":[{"href":"https:\/\/www.gobiernolocal.org\/acento-local\/wp-json\/wp\/v2\/media?parent=2744"}],"wp:term":[{"taxonomy":"category","embeddable":true,"href":"https:\/\/www.gobiernolocal.org\/acento-local\/wp-json\/wp\/v2\/categories?post=2744"},{"taxonomy":"post_tag","embeddable":true,"href":"https:\/\/www.gobiernolocal.org\/acento-local\/wp-json\/wp\/v2\/tags?post=2744"},{"taxonomy":"autor-post","embeddable":true,"href":"https:\/\/www.gobiernolocal.org\/acento-local\/wp-json\/wp\/v2\/autor-post?post=2744"}],"curies":[{"name":"wp","href":"https:\/\/api.w.org\/{rel}","templated":true}]}}