{"id":2712,"date":"2023-11-08T07:30:00","date_gmt":"2023-11-08T06:30:00","guid":{"rendered":"https:\/\/www.gobiernolocal.org\/acento-local\/?p=2712"},"modified":"2023-11-06T08:14:53","modified_gmt":"2023-11-06T07:14:53","slug":"el-regimen-de-las-declaraciones-responsables-y-de-las-comunicaciones-dudas-y-respuestas-del-tribunal-supremo","status":"publish","type":"post","link":"https:\/\/www.gobiernolocal.org\/acento-local\/el-regimen-de-las-declaraciones-responsables-y-de-las-comunicaciones-dudas-y-respuestas-del-tribunal-supremo\/","title":{"rendered":"El r\u00e9gimen de las declaraciones responsables y de las comunicaciones: dudas y respuestas del Tribunal Supremo"},"content":{"rendered":"\n<p>En la Sentencia del Tribunal Supremo 293\/2023, de 8 de marzo (recurso de casaci\u00f3n 8658\/2021, ECLI:ES:TS:2023:884), se suscita una cuesti\u00f3n casacional de inter\u00e9s en relaci\u00f3n con la actuaci\u00f3n comunicada (declaraci\u00f3n responsable o comunicaci\u00f3n previa). En concreto, la sentencia se centra en determinar el plazo en el que la Administraci\u00f3n competente puede ejercitar las potestades de comprobaci\u00f3n, control e inspecci\u00f3n de las actividades que se hayan iniciado por los particulares de acuerdo con el r\u00e9gimen de la declaraci\u00f3n responsable o comunicaci\u00f3n previa. M\u00e1s concretamente, el centro del debate se suscita en la interpretaci\u00f3n que deba darse al art\u00edculo 71 bis de la ya derogada Ley 30\/1992, ahora reproducido casi literalmente en el actual art\u00edculo 69 de la Ley 39\/2015, del Procedimiento Administrativo Com\u00fan de las Administraciones P\u00fablicas (LPAC, en adelante).<\/p>\n\n\n\n<p>El Tribunal parte de afirmar (criterio que no comparto) que tanto la declaraci\u00f3n responsable como la comunicaci\u00f3n comportan el inicio del procedimiento (\u201cen realidad inicio y terminaci\u00f3n del mismo\u201d, a\u00f1ade la sentencia) en el \u00e1mbito de una potestad administrativa tradicionalmente reservada a los actos de autorizaci\u00f3n previos (licencias y autorizaciones). M\u00e1s acertadamente, en la Sentencia del Tribunal Supremo 1165\/2022, de 20 de septiembre, dictada en el recurso de casaci\u00f3n 7031\/2021 (ECLI:ES:TS:2022:3360), se hab\u00eda concluido que en estos supuestos \u00abno existe ya, propiamente, un procedimiento sometido al r\u00e9gimen de autorizaci\u00f3n (esto es, un procedimiento que deba iniciarse con una solicitud del interesado y deba finalizar con una resoluci\u00f3n favorable de la Administraci\u00f3n)\u201d.<\/p>\n\n\n\n<p>Efectivamente, en realidad, como es bien sabido, no estamos ante un aut\u00e9ntico procedimiento administrativo: mediante la actuaci\u00f3n comunicada el particular (promotor de una obra o actividad) simplemente informa a la Administraci\u00f3n de su proyecto. Tras esta comunicaci\u00f3n, no hay una aut\u00e9ntica solicitud de una autorizaci\u00f3n administrativa para el ejercicio de lo comunicado, por lo que no se da inicio a ning\u00fan procedimiento autorizatorio y no se requiere una resoluci\u00f3n administrativa que ponga fin al procedimiento decidiendo sobre el fondo del asunto (declarando la compatibilidad o incompatibilidad de lo proyectado con el r\u00e9gimen jur\u00eddico aplicable a la finca), seg\u00fan lo dispuesto en el art\u00edculo 21.1, p\u00e1rrafo tercero, LPAC.<\/p>\n\n\n\n<p>El Tribunal, en su Sentencia 293\/2023, antes citada, contin\u00faa afirmando que \u201cestos t\u00edpicos actos [\u2026] son de los particulares y [\u2026], en puridad de principios, no requieren que la Administraci\u00f3n dicte acto administrativo alguno de manera expresa, sin perjuicio de las potestades de control, <em>ex post facto<\/em> [\u2026] (revisiones de oficio)\u201d, como ya se afirm\u00f3 por la Sentencia del Tribunal Supremo 1312\/2022, de 17 de octubre, dictada en el recurso 3837\/2020 (ECLI:ES:TS:2022:3742). Efectivamente, no existe acto concreto de la Administraci\u00f3n, ni presunto ni, por supuesto, expreso, sino solo un acto de los particulares interesados en el ejercicio del derecho o de la actividad. En tales supuestos, el derecho a ese ejercicio surge directamente de la norma que lo regula, la cual prescinde del acto autorizatorio previo.<\/p>\n\n\n\n<blockquote class=\"wp-block-quote is-layout-flow wp-block-quote-is-layout-flow\">\n<p><strong>\u201cEstos t\u00edpicos actos [\u2026] son de los particulares y [\u2026], en puridad de principios, no requieren que la Administraci\u00f3n dicte acto administrativo alguno de manera expresa, sin perjuicio de las potestades de control, <em>ex post facto<\/em>\u201d.<\/strong><\/p>\n<\/blockquote>\n\n\n\n<p>Pues bien, sentada la configuraci\u00f3n general de la actuaci\u00f3n comunicada, el debate se centra en determinar si la potestad de control que corresponde a la Administraci\u00f3n es indefinida o si, por el contrario, est\u00e1 sometida a plazo. Y en esa tesitura lo que se razona por parte del tribunal de instancia y por los interesados es que, ante el silencio del legislador sobre dicho plazo, debe asimilarse al acto presunto y dicho plazo, conforme al actual art\u00edculo 21.2.\u00ba LPAC, debe ser de tres meses. Y para aplicar la analog\u00eda se justifica en que se ver\u00eda afectado de otra forma el principio de seguridad jur\u00eddica, llegando a la conclusi\u00f3n de que en el caso de autos lo procedente habr\u00eda sido acudir a la revisi\u00f3n de oficio.<\/p>\n\n\n\n<p>El Tribunal Supremo no comparte esta interpretaci\u00f3n. En primer lugar, porque, desde el punto de vista estrictamente jur\u00eddico-administrativo, es evidente que, si no existe acto alguno de la Administraci\u00f3n, ni tan siquiera un pretendido acto presunto, es indudable que no puede hablarse de una firmeza que requiriese acudir al procedimiento de revisi\u00f3n de oficio. Ese esquema no puede aplicarse al r\u00e9gimen de la declaraci\u00f3n responsable porque no hay acto.<\/p>\n\n\n\n<p>En segundo lugar, porque es indudable que las potestades de control e inspecci\u00f3n han de poder ejercitarse durante todo el tiempo que dure el ejercicio de la actividad, de donde cabr\u00eda concluir que, si en esa exigua regulaci\u00f3n de estos actos de comunicaci\u00f3n anticipada se hace referencia conjunta tambi\u00e9n a las potestades de comprobaci\u00f3n, no hay raz\u00f3n alguna para que, en una mera interpretaci\u00f3n literal del art\u00edculo 69 LPAC, haya de someterse la misma a un plazo que nunca impone el legislador.<\/p>\n\n\n\n<p>Estos argumentos ser\u00edan suficientes para fijar la posici\u00f3n del Tribunal. Pero, adicionalmente, argumenta que \u201ccon estos instrumentos lo que se pretende es, a la vez que se facilita la libre prestaci\u00f3n de servicios, [\u2026] se establezca una gesti\u00f3n compartida entre la Administraci\u00f3n y los ciudadanos, dando intervenci\u00f3n a estos en la gesti\u00f3n de los servicios (el ejemplo m\u00e1s significativo es la gesti\u00f3n de los tributos en que es el propio ciudadano y obligado al pago el que ha de realizar las correspondientes liquidaciones)\u201d. De esta configuraci\u00f3n deriva el Tribunal que \u201ces exigible al ciudadano la buena fe que en dichas declaraciones anticipadas de que cumplen las condiciones que la normativa impone para el ejercicio de los derechos o actividades, declaraci\u00f3n que es la que esa normativa impone para hacer efectivo ese ejercicio\u201d. Y, de esta obligaci\u00f3n que corresponde al particular, considera el Tribunal que deriva que la Administraci\u00f3n est\u00e9 habilitada para que, en cualquier momento, pueda comprobar la veracidad de tales manifestaciones, y se generar\u00e1n los efectos que fuesen procedentes en cuanto a la certeza o no de lo declarado.<\/p>\n\n\n\n<blockquote class=\"wp-block-quote is-layout-flow wp-block-quote-is-layout-flow\">\n<p><strong>\u201cCon estos instrumentos lo que se pretende es, a la vez que se facilita la libre prestaci\u00f3n de servicios, [\u2026]<\/strong> <strong>se establezca una gesti\u00f3n compartida entre la Administraci\u00f3n y los ciudadanos dando intervenci\u00f3n a estos en la gesti\u00f3n de los servicios\u201d.<\/strong><\/p>\n<\/blockquote>\n\n\n\n<p>A partir de todos estos argumentos, el Tribunal termina concluyendo contundentemente que \u201clas potestades de comprobaci\u00f3n en una declaraci\u00f3n responsable o comunicaci\u00f3n previa [\u2026] no est\u00e1 sujeta a plazo alguno y puede realizarse durante todo el tiempo de ejercicio del derecho o de la actividad a que se refieren dichos actos del ciudadano\u201d.<\/p>\n\n\n\n<blockquote class=\"wp-block-quote is-layout-flow wp-block-quote-is-layout-flow\">\n<p><strong>\u201cLas potestades de comprobaci\u00f3n en una declaraci\u00f3n responsable o comunicaci\u00f3n previa [\u2026] no est\u00e1 sujeta a plazo alguno y puede realizarse durante todo el tiempo de ejercicio del derecho o de la actividad a que se refieren dichos actos del ciudadano\u201d.<\/strong><\/p>\n<\/blockquote>\n\n\n\n<p>En resumen, la ausencia de una regulaci\u00f3n general acabada sobre la actuaci\u00f3n comunicada en la LPAC, junto con la existencia de una regulaci\u00f3n sectorial y dispersa sobre estas figuras, hace que no exista una aplicaci\u00f3n homog\u00e9nea de estos instrumentos de intervenci\u00f3n que, escasa o insuficientemente definidos, se imponen sobre un sistema administrativo, como el nuestro, tradicionalmente montado sobre la intervenci\u00f3n formal previa, lo que provoca, cuando menos, inseguridad jur\u00eddica y desajustes en su aplicaci\u00f3n. Especialmente, conforme a lo expuesto aqu\u00ed, se pone en evidencia que, al aprobarse la LPAC y su regulaci\u00f3n sobre la actuaci\u00f3n comunicada, se perdi\u00f3 la oportunidad de regular el r\u00e9gimen de intervenci\u00f3n administrativa <em>ex post<\/em>; esto es, el r\u00e9gimen de control e inspecci\u00f3n (y en su caso, revocaci\u00f3n o sanci\u00f3n) que habr\u00e1 de seguir a la presentaci\u00f3n de una declaraci\u00f3n responsable o comunicaci\u00f3n ante la Administraci\u00f3n competente. Y, en este contexto normativo, los tribunales tienen que salir al rescate, y se ven en la necesidad de dictar una jurisprudencia que aclare los perfiles de las declaraciones responsables y las comunicaciones previas y el alcance temporal del control que sobre estas actuaciones pueden desarrollar las Administraciones competentes.<\/p>\n\n\n\n<p>Autor\/a: <strong>M\u00f3nica Dom\u00ednguez Mart\u00edn<\/strong><\/p>\n","protected":false},"excerpt":{"rendered":"<p>El r\u00e9gimen jur\u00eddico de las declaraciones responsables y de las comunicaciones previas suscita algunas dudas: una de ellas, en relaci\u00f3n con el momento temporal en el que la Administraci\u00f3n competente puede ejercer sus potestades de comprobaci\u00f3n y control sobre el objeto declarado o comunicado; y otra, si la declaraci\u00f3n y la comunicaci\u00f3n inician un procedimiento que requiera de una resoluci\u00f3n. En este post comentamos la respuesta del Tribunal Supremo a ambas cuestiones.<\/p>\n","protected":false},"author":2,"featured_media":2714,"comment_status":"open","ping_status":"open","sticky":false,"template":"","format":"standard","meta":{"site-sidebar-layout":"default","site-content-layout":"","ast-site-content-layout":"default","site-content-style":"default","site-sidebar-style":"default","ast-global-header-display":"","ast-banner-title-visibility":"","ast-main-header-display":"","ast-hfb-above-header-display":"","ast-hfb-below-header-display":"","ast-hfb-mobile-header-display":"","site-post-title":"","ast-breadcrumbs-content":"","ast-featured-img":"","footer-sml-layout":"","ast-disable-related-posts":"","theme-transparent-header-meta":"","adv-header-id-meta":"","stick-header-meta":"","header-above-stick-meta":"","header-main-stick-meta":"","header-below-stick-meta":"","astra-migrate-meta-layouts":"set","ast-page-background-enabled":"default","ast-page-background-meta":{"desktop":{"background-color":"var(--ast-global-color-4)","background-image":"","background-repeat":"repeat","background-position":"center center","background-size":"auto","background-attachment":"scroll","background-type":"","background-media":"","overlay-type":"","overlay-color":"","overlay-opacity":"","overlay-gradient":""},"tablet":{"background-color":"","background-image":"","background-repeat":"repeat","background-position":"center center","background-size":"auto","background-attachment":"scroll","background-type":"","background-media":"","overlay-type":"","overlay-color":"","overlay-opacity":"","overlay-gradient":""},"mobile":{"background-color":"","background-image":"","background-repeat":"repeat","background-position":"center center","background-size":"auto","background-attachment":"scroll","background-type":"","background-media":"","overlay-type":"","overlay-color":"","overlay-opacity":"","overlay-gradient":""}},"ast-content-background-meta":{"desktop":{"background-color":"var(--ast-global-color-5)","background-image":"","background-repeat":"repeat","background-position":"center center","background-size":"auto","background-attachment":"scroll","background-type":"","background-media":"","overlay-type":"","overlay-color":"","overlay-opacity":"","overlay-gradient":""},"tablet":{"background-color":"var(--ast-global-color-5)","background-image":"","background-repeat":"repeat","background-position":"center center","background-size":"auto","background-attachment":"scroll","background-type":"","background-media":"","overlay-type":"","overlay-color":"","overlay-opacity":"","overlay-gradient":""},"mobile":{"background-color":"var(--ast-global-color-5)","background-image":"","background-repeat":"repeat","background-position":"center center","background-size":"auto","background-attachment":"scroll","background-type":"","background-media":"","overlay-type":"","overlay-color":"","overlay-opacity":"","overlay-gradient":""}},"area-autor":{"item-0":{"nombre-del-autor":"M\u00f3nica Dom\u00ednguez Mart\u00edn","cargo-autor":"Profesora titular de Derecho Administrativo. Universidad Aut\u00f3noma de Madrid","foto-autor":"2713"}},"footnotes":""},"categories":[6],"tags":[63,161,142],"autor-post":[72],"class_list":["post-2712","post","type-post","status-publish","format-standard","has-post-thumbnail","hentry","category-ciudadania","tag-competencias","tag-declaracion-responsable","tag-procedimiento-administrativo","autor-post-monica-dominguez-martin"],"yoast_head":"<!-- This site is optimized with the Yoast SEO plugin v27.0 - https:\/\/yoast.com\/product\/yoast-seo-wordpress\/ -->\n<title>El r\u00e9gimen de las declaraciones responsables y de las comunicaciones: dudas y respuestas del Tribunal Supremo - Fundaci\u00f3n Democracia y Gobierno Local<\/title>\n<meta name=\"robots\" content=\"index, follow, max-snippet:-1, max-image-preview:large, max-video-preview:-1\" \/>\n<link rel=\"canonical\" href=\"https:\/\/www.gobiernolocal.org\/acento-local\/el-regimen-de-las-declaraciones-responsables-y-de-las-comunicaciones-dudas-y-respuestas-del-tribunal-supremo\/\" \/>\n<meta property=\"og:locale\" content=\"es_ES\" \/>\n<meta property=\"og:type\" content=\"article\" \/>\n<meta property=\"og:title\" content=\"El r\u00e9gimen de las declaraciones responsables y de las comunicaciones: dudas y respuestas del Tribunal Supremo - Fundaci\u00f3n Democracia y Gobierno Local\" \/>\n<meta property=\"og:description\" content=\"El r\u00e9gimen jur\u00eddico de las declaraciones responsables y de las comunicaciones previas suscita algunas dudas: una de ellas, en relaci\u00f3n con el momento temporal en el que la Administraci\u00f3n competente puede ejercer sus potestades de comprobaci\u00f3n y control sobre el objeto declarado o comunicado; y otra, si la declaraci\u00f3n y la comunicaci\u00f3n inician un procedimiento que requiera de una resoluci\u00f3n. En este post comentamos la respuesta del Tribunal Supremo a ambas cuestiones.\" \/>\n<meta property=\"og:url\" content=\"https:\/\/www.gobiernolocal.org\/acento-local\/el-regimen-de-las-declaraciones-responsables-y-de-las-comunicaciones-dudas-y-respuestas-del-tribunal-supremo\/\" \/>\n<meta property=\"og:site_name\" content=\"Fundaci\u00f3n Democracia y Gobierno Local\" \/>\n<meta property=\"article:published_time\" content=\"2023-11-08T06:30:00+00:00\" \/>\n<meta property=\"og:image\" content=\"https:\/\/www.gobiernolocal.org\/acento-local\/wp-content\/uploads\/2023\/11\/231108_800_01.jpg\" \/>\n\t<meta property=\"og:image:width\" content=\"800\" \/>\n\t<meta property=\"og:image:height\" content=\"532\" \/>\n\t<meta property=\"og:image:type\" content=\"image\/jpeg\" \/>\n<meta name=\"author\" content=\"Fundaci\u00f3n Gobierno Local\" \/>\n<meta name=\"twitter:card\" content=\"summary_large_image\" \/>\n<meta name=\"twitter:label1\" content=\"Escrito por\" \/>\n\t<meta name=\"twitter:data1\" content=\"Fundaci\u00f3n Gobierno Local\" \/>\n\t<meta name=\"twitter:label2\" content=\"Tiempo de lectura\" \/>\n\t<meta name=\"twitter:data2\" content=\"6 minutos\" \/>\n<script type=\"application\/ld+json\" class=\"yoast-schema-graph\">{\"@context\":\"https:\/\/schema.org\",\"@graph\":[{\"@type\":\"Article\",\"@id\":\"https:\/\/www.gobiernolocal.org\/acento-local\/el-regimen-de-las-declaraciones-responsables-y-de-las-comunicaciones-dudas-y-respuestas-del-tribunal-supremo\/#article\",\"isPartOf\":{\"@id\":\"https:\/\/www.gobiernolocal.org\/acento-local\/el-regimen-de-las-declaraciones-responsables-y-de-las-comunicaciones-dudas-y-respuestas-del-tribunal-supremo\/\"},\"author\":{\"name\":\"Fundaci\u00f3n Gobierno Local\",\"@id\":\"https:\/\/www.gobiernolocal.org\/acento-local\/#\/schema\/person\/022a0a6b36f62f7070403c5a3426d58c\"},\"headline\":\"El r\u00e9gimen de las declaraciones responsables y de las comunicaciones: dudas y respuestas del Tribunal Supremo\",\"datePublished\":\"2023-11-08T06:30:00+00:00\",\"mainEntityOfPage\":{\"@id\":\"https:\/\/www.gobiernolocal.org\/acento-local\/el-regimen-de-las-declaraciones-responsables-y-de-las-comunicaciones-dudas-y-respuestas-del-tribunal-supremo\/\"},\"wordCount\":1416,\"commentCount\":0,\"publisher\":{\"@id\":\"https:\/\/www.gobiernolocal.org\/acento-local\/#organization\"},\"image\":{\"@id\":\"https:\/\/www.gobiernolocal.org\/acento-local\/el-regimen-de-las-declaraciones-responsables-y-de-las-comunicaciones-dudas-y-respuestas-del-tribunal-supremo\/#primaryimage\"},\"thumbnailUrl\":\"https:\/\/www.gobiernolocal.org\/acento-local\/wp-content\/uploads\/2023\/11\/231108_800_01.jpg\",\"keywords\":[\"Competencias\",\"Declaraci\u00f3n responsable\",\"Procedimiento administrativo\"],\"articleSection\":[\"Ciudadan\u00eda\"],\"inLanguage\":\"es\",\"potentialAction\":[{\"@type\":\"CommentAction\",\"name\":\"Comment\",\"target\":[\"https:\/\/www.gobiernolocal.org\/acento-local\/el-regimen-de-las-declaraciones-responsables-y-de-las-comunicaciones-dudas-y-respuestas-del-tribunal-supremo\/#respond\"]}]},{\"@type\":\"WebPage\",\"@id\":\"https:\/\/www.gobiernolocal.org\/acento-local\/el-regimen-de-las-declaraciones-responsables-y-de-las-comunicaciones-dudas-y-respuestas-del-tribunal-supremo\/\",\"url\":\"https:\/\/www.gobiernolocal.org\/acento-local\/el-regimen-de-las-declaraciones-responsables-y-de-las-comunicaciones-dudas-y-respuestas-del-tribunal-supremo\/\",\"name\":\"El r\u00e9gimen de las declaraciones responsables y de las comunicaciones: dudas y respuestas del Tribunal Supremo - Fundaci\u00f3n Democracia y Gobierno Local\",\"isPartOf\":{\"@id\":\"https:\/\/www.gobiernolocal.org\/acento-local\/#website\"},\"primaryImageOfPage\":{\"@id\":\"https:\/\/www.gobiernolocal.org\/acento-local\/el-regimen-de-las-declaraciones-responsables-y-de-las-comunicaciones-dudas-y-respuestas-del-tribunal-supremo\/#primaryimage\"},\"image\":{\"@id\":\"https:\/\/www.gobiernolocal.org\/acento-local\/el-regimen-de-las-declaraciones-responsables-y-de-las-comunicaciones-dudas-y-respuestas-del-tribunal-supremo\/#primaryimage\"},\"thumbnailUrl\":\"https:\/\/www.gobiernolocal.org\/acento-local\/wp-content\/uploads\/2023\/11\/231108_800_01.jpg\",\"datePublished\":\"2023-11-08T06:30:00+00:00\",\"breadcrumb\":{\"@id\":\"https:\/\/www.gobiernolocal.org\/acento-local\/el-regimen-de-las-declaraciones-responsables-y-de-las-comunicaciones-dudas-y-respuestas-del-tribunal-supremo\/#breadcrumb\"},\"inLanguage\":\"es\",\"potentialAction\":[{\"@type\":\"ReadAction\",\"target\":[\"https:\/\/www.gobiernolocal.org\/acento-local\/el-regimen-de-las-declaraciones-responsables-y-de-las-comunicaciones-dudas-y-respuestas-del-tribunal-supremo\/\"]}]},{\"@type\":\"ImageObject\",\"inLanguage\":\"es\",\"@id\":\"https:\/\/www.gobiernolocal.org\/acento-local\/el-regimen-de-las-declaraciones-responsables-y-de-las-comunicaciones-dudas-y-respuestas-del-tribunal-supremo\/#primaryimage\",\"url\":\"https:\/\/www.gobiernolocal.org\/acento-local\/wp-content\/uploads\/2023\/11\/231108_800_01.jpg\",\"contentUrl\":\"https:\/\/www.gobiernolocal.org\/acento-local\/wp-content\/uploads\/2023\/11\/231108_800_01.jpg\",\"width\":800,\"height\":532},{\"@type\":\"BreadcrumbList\",\"@id\":\"https:\/\/www.gobiernolocal.org\/acento-local\/el-regimen-de-las-declaraciones-responsables-y-de-las-comunicaciones-dudas-y-respuestas-del-tribunal-supremo\/#breadcrumb\",\"itemListElement\":[{\"@type\":\"ListItem\",\"position\":1,\"name\":\"Portada\",\"item\":\"https:\/\/www.gobiernolocal.org\/acento-local\/\"},{\"@type\":\"ListItem\",\"position\":2,\"name\":\"El r\u00e9gimen de las declaraciones responsables y de las comunicaciones: dudas y respuestas del Tribunal Supremo\"}]},{\"@type\":\"WebSite\",\"@id\":\"https:\/\/www.gobiernolocal.org\/acento-local\/#website\",\"url\":\"https:\/\/www.gobiernolocal.org\/acento-local\/\",\"name\":\"Fundaci\u00f3n Democracia y Gobierno Local\",\"description\":\"Otro sitio realizado con WordPress\",\"publisher\":{\"@id\":\"https:\/\/www.gobiernolocal.org\/acento-local\/#organization\"},\"potentialAction\":[{\"@type\":\"SearchAction\",\"target\":{\"@type\":\"EntryPoint\",\"urlTemplate\":\"https:\/\/www.gobiernolocal.org\/acento-local\/?s={search_term_string}\"},\"query-input\":{\"@type\":\"PropertyValueSpecification\",\"valueRequired\":true,\"valueName\":\"search_term_string\"}}],\"inLanguage\":\"es\"},{\"@type\":\"Organization\",\"@id\":\"https:\/\/www.gobiernolocal.org\/acento-local\/#organization\",\"name\":\"Fundaci\u00f3n Democracia y Gobierno Local\",\"url\":\"https:\/\/www.gobiernolocal.org\/acento-local\/\",\"logo\":{\"@type\":\"ImageObject\",\"inLanguage\":\"es\",\"@id\":\"https:\/\/www.gobiernolocal.org\/acento-local\/#\/schema\/logo\/image\/\",\"url\":\"https:\/\/www.gobiernolocal.org\/acento-local\/wp-content\/uploads\/2024\/09\/logo-acentoo-local.png\",\"contentUrl\":\"https:\/\/www.gobiernolocal.org\/acento-local\/wp-content\/uploads\/2024\/09\/logo-acentoo-local.png\",\"width\":1005,\"height\":197,\"caption\":\"Fundaci\u00f3n Democracia y Gobierno Local\"},\"image\":{\"@id\":\"https:\/\/www.gobiernolocal.org\/acento-local\/#\/schema\/logo\/image\/\"}},{\"@type\":\"Person\",\"@id\":\"https:\/\/www.gobiernolocal.org\/acento-local\/#\/schema\/person\/022a0a6b36f62f7070403c5a3426d58c\",\"name\":\"Fundaci\u00f3n Gobierno Local\",\"image\":{\"@type\":\"ImageObject\",\"inLanguage\":\"es\",\"@id\":\"https:\/\/www.gobiernolocal.org\/acento-local\/#\/schema\/person\/image\/\",\"url\":\"https:\/\/secure.gravatar.com\/avatar\/0fa5dea6ae65ded9475a6c7160b1cbc7af5bb19e5a8057c4249aa3664c5fbb21?s=96&d=mm&r=g\",\"contentUrl\":\"https:\/\/secure.gravatar.com\/avatar\/0fa5dea6ae65ded9475a6c7160b1cbc7af5bb19e5a8057c4249aa3664c5fbb21?s=96&d=mm&r=g\",\"caption\":\"Fundaci\u00f3n Gobierno Local\"},\"sameAs\":[\"https:\/\/www.gobiernolocal.org\/acento-local\"],\"url\":\"https:\/\/www.gobiernolocal.org\/acento-local\/author\/fundacion-gobierno-local\/\"}]}<\/script>\n<!-- \/ Yoast SEO plugin. -->","yoast_head_json":{"title":"El r\u00e9gimen de las declaraciones responsables y de las comunicaciones: dudas y respuestas del Tribunal Supremo - Fundaci\u00f3n Democracia y Gobierno Local","robots":{"index":"index","follow":"follow","max-snippet":"max-snippet:-1","max-image-preview":"max-image-preview:large","max-video-preview":"max-video-preview:-1"},"canonical":"https:\/\/www.gobiernolocal.org\/acento-local\/el-regimen-de-las-declaraciones-responsables-y-de-las-comunicaciones-dudas-y-respuestas-del-tribunal-supremo\/","og_locale":"es_ES","og_type":"article","og_title":"El r\u00e9gimen de las declaraciones responsables y de las comunicaciones: dudas y respuestas del Tribunal Supremo - Fundaci\u00f3n Democracia y Gobierno Local","og_description":"El r\u00e9gimen jur\u00eddico de las declaraciones responsables y de las comunicaciones previas suscita algunas dudas: una de ellas, en relaci\u00f3n con el momento temporal en el que la Administraci\u00f3n competente puede ejercer sus potestades de comprobaci\u00f3n y control sobre el objeto declarado o comunicado; y otra, si la declaraci\u00f3n y la comunicaci\u00f3n inician un procedimiento que requiera de una resoluci\u00f3n. En este post comentamos la respuesta del Tribunal Supremo a ambas cuestiones.","og_url":"https:\/\/www.gobiernolocal.org\/acento-local\/el-regimen-de-las-declaraciones-responsables-y-de-las-comunicaciones-dudas-y-respuestas-del-tribunal-supremo\/","og_site_name":"Fundaci\u00f3n Democracia y Gobierno Local","article_published_time":"2023-11-08T06:30:00+00:00","og_image":[{"width":800,"height":532,"url":"https:\/\/www.gobiernolocal.org\/acento-local\/wp-content\/uploads\/2023\/11\/231108_800_01.jpg","type":"image\/jpeg"}],"author":"Fundaci\u00f3n Gobierno Local","twitter_card":"summary_large_image","twitter_misc":{"Escrito por":"Fundaci\u00f3n Gobierno Local","Tiempo de lectura":"6 minutos"},"schema":{"@context":"https:\/\/schema.org","@graph":[{"@type":"Article","@id":"https:\/\/www.gobiernolocal.org\/acento-local\/el-regimen-de-las-declaraciones-responsables-y-de-las-comunicaciones-dudas-y-respuestas-del-tribunal-supremo\/#article","isPartOf":{"@id":"https:\/\/www.gobiernolocal.org\/acento-local\/el-regimen-de-las-declaraciones-responsables-y-de-las-comunicaciones-dudas-y-respuestas-del-tribunal-supremo\/"},"author":{"name":"Fundaci\u00f3n Gobierno Local","@id":"https:\/\/www.gobiernolocal.org\/acento-local\/#\/schema\/person\/022a0a6b36f62f7070403c5a3426d58c"},"headline":"El r\u00e9gimen de las declaraciones responsables y de las comunicaciones: dudas y respuestas del Tribunal Supremo","datePublished":"2023-11-08T06:30:00+00:00","mainEntityOfPage":{"@id":"https:\/\/www.gobiernolocal.org\/acento-local\/el-regimen-de-las-declaraciones-responsables-y-de-las-comunicaciones-dudas-y-respuestas-del-tribunal-supremo\/"},"wordCount":1416,"commentCount":0,"publisher":{"@id":"https:\/\/www.gobiernolocal.org\/acento-local\/#organization"},"image":{"@id":"https:\/\/www.gobiernolocal.org\/acento-local\/el-regimen-de-las-declaraciones-responsables-y-de-las-comunicaciones-dudas-y-respuestas-del-tribunal-supremo\/#primaryimage"},"thumbnailUrl":"https:\/\/www.gobiernolocal.org\/acento-local\/wp-content\/uploads\/2023\/11\/231108_800_01.jpg","keywords":["Competencias","Declaraci\u00f3n responsable","Procedimiento administrativo"],"articleSection":["Ciudadan\u00eda"],"inLanguage":"es","potentialAction":[{"@type":"CommentAction","name":"Comment","target":["https:\/\/www.gobiernolocal.org\/acento-local\/el-regimen-de-las-declaraciones-responsables-y-de-las-comunicaciones-dudas-y-respuestas-del-tribunal-supremo\/#respond"]}]},{"@type":"WebPage","@id":"https:\/\/www.gobiernolocal.org\/acento-local\/el-regimen-de-las-declaraciones-responsables-y-de-las-comunicaciones-dudas-y-respuestas-del-tribunal-supremo\/","url":"https:\/\/www.gobiernolocal.org\/acento-local\/el-regimen-de-las-declaraciones-responsables-y-de-las-comunicaciones-dudas-y-respuestas-del-tribunal-supremo\/","name":"El r\u00e9gimen de las declaraciones responsables y de las comunicaciones: dudas y respuestas del Tribunal Supremo - Fundaci\u00f3n Democracia y Gobierno Local","isPartOf":{"@id":"https:\/\/www.gobiernolocal.org\/acento-local\/#website"},"primaryImageOfPage":{"@id":"https:\/\/www.gobiernolocal.org\/acento-local\/el-regimen-de-las-declaraciones-responsables-y-de-las-comunicaciones-dudas-y-respuestas-del-tribunal-supremo\/#primaryimage"},"image":{"@id":"https:\/\/www.gobiernolocal.org\/acento-local\/el-regimen-de-las-declaraciones-responsables-y-de-las-comunicaciones-dudas-y-respuestas-del-tribunal-supremo\/#primaryimage"},"thumbnailUrl":"https:\/\/www.gobiernolocal.org\/acento-local\/wp-content\/uploads\/2023\/11\/231108_800_01.jpg","datePublished":"2023-11-08T06:30:00+00:00","breadcrumb":{"@id":"https:\/\/www.gobiernolocal.org\/acento-local\/el-regimen-de-las-declaraciones-responsables-y-de-las-comunicaciones-dudas-y-respuestas-del-tribunal-supremo\/#breadcrumb"},"inLanguage":"es","potentialAction":[{"@type":"ReadAction","target":["https:\/\/www.gobiernolocal.org\/acento-local\/el-regimen-de-las-declaraciones-responsables-y-de-las-comunicaciones-dudas-y-respuestas-del-tribunal-supremo\/"]}]},{"@type":"ImageObject","inLanguage":"es","@id":"https:\/\/www.gobiernolocal.org\/acento-local\/el-regimen-de-las-declaraciones-responsables-y-de-las-comunicaciones-dudas-y-respuestas-del-tribunal-supremo\/#primaryimage","url":"https:\/\/www.gobiernolocal.org\/acento-local\/wp-content\/uploads\/2023\/11\/231108_800_01.jpg","contentUrl":"https:\/\/www.gobiernolocal.org\/acento-local\/wp-content\/uploads\/2023\/11\/231108_800_01.jpg","width":800,"height":532},{"@type":"BreadcrumbList","@id":"https:\/\/www.gobiernolocal.org\/acento-local\/el-regimen-de-las-declaraciones-responsables-y-de-las-comunicaciones-dudas-y-respuestas-del-tribunal-supremo\/#breadcrumb","itemListElement":[{"@type":"ListItem","position":1,"name":"Portada","item":"https:\/\/www.gobiernolocal.org\/acento-local\/"},{"@type":"ListItem","position":2,"name":"El r\u00e9gimen de las declaraciones responsables y de las comunicaciones: dudas y respuestas del Tribunal Supremo"}]},{"@type":"WebSite","@id":"https:\/\/www.gobiernolocal.org\/acento-local\/#website","url":"https:\/\/www.gobiernolocal.org\/acento-local\/","name":"Fundaci\u00f3n Democracia y Gobierno Local","description":"Otro sitio realizado con WordPress","publisher":{"@id":"https:\/\/www.gobiernolocal.org\/acento-local\/#organization"},"potentialAction":[{"@type":"SearchAction","target":{"@type":"EntryPoint","urlTemplate":"https:\/\/www.gobiernolocal.org\/acento-local\/?s={search_term_string}"},"query-input":{"@type":"PropertyValueSpecification","valueRequired":true,"valueName":"search_term_string"}}],"inLanguage":"es"},{"@type":"Organization","@id":"https:\/\/www.gobiernolocal.org\/acento-local\/#organization","name":"Fundaci\u00f3n Democracia y Gobierno Local","url":"https:\/\/www.gobiernolocal.org\/acento-local\/","logo":{"@type":"ImageObject","inLanguage":"es","@id":"https:\/\/www.gobiernolocal.org\/acento-local\/#\/schema\/logo\/image\/","url":"https:\/\/www.gobiernolocal.org\/acento-local\/wp-content\/uploads\/2024\/09\/logo-acentoo-local.png","contentUrl":"https:\/\/www.gobiernolocal.org\/acento-local\/wp-content\/uploads\/2024\/09\/logo-acentoo-local.png","width":1005,"height":197,"caption":"Fundaci\u00f3n Democracia y Gobierno Local"},"image":{"@id":"https:\/\/www.gobiernolocal.org\/acento-local\/#\/schema\/logo\/image\/"}},{"@type":"Person","@id":"https:\/\/www.gobiernolocal.org\/acento-local\/#\/schema\/person\/022a0a6b36f62f7070403c5a3426d58c","name":"Fundaci\u00f3n Gobierno Local","image":{"@type":"ImageObject","inLanguage":"es","@id":"https:\/\/www.gobiernolocal.org\/acento-local\/#\/schema\/person\/image\/","url":"https:\/\/secure.gravatar.com\/avatar\/0fa5dea6ae65ded9475a6c7160b1cbc7af5bb19e5a8057c4249aa3664c5fbb21?s=96&d=mm&r=g","contentUrl":"https:\/\/secure.gravatar.com\/avatar\/0fa5dea6ae65ded9475a6c7160b1cbc7af5bb19e5a8057c4249aa3664c5fbb21?s=96&d=mm&r=g","caption":"Fundaci\u00f3n Gobierno Local"},"sameAs":["https:\/\/www.gobiernolocal.org\/acento-local"],"url":"https:\/\/www.gobiernolocal.org\/acento-local\/author\/fundacion-gobierno-local\/"}]}},"_links":{"self":[{"href":"https:\/\/www.gobiernolocal.org\/acento-local\/wp-json\/wp\/v2\/posts\/2712","targetHints":{"allow":["GET"]}}],"collection":[{"href":"https:\/\/www.gobiernolocal.org\/acento-local\/wp-json\/wp\/v2\/posts"}],"about":[{"href":"https:\/\/www.gobiernolocal.org\/acento-local\/wp-json\/wp\/v2\/types\/post"}],"author":[{"embeddable":true,"href":"https:\/\/www.gobiernolocal.org\/acento-local\/wp-json\/wp\/v2\/users\/2"}],"replies":[{"embeddable":true,"href":"https:\/\/www.gobiernolocal.org\/acento-local\/wp-json\/wp\/v2\/comments?post=2712"}],"version-history":[{"count":0,"href":"https:\/\/www.gobiernolocal.org\/acento-local\/wp-json\/wp\/v2\/posts\/2712\/revisions"}],"wp:featuredmedia":[{"embeddable":true,"href":"https:\/\/www.gobiernolocal.org\/acento-local\/wp-json\/wp\/v2\/media\/2714"}],"wp:attachment":[{"href":"https:\/\/www.gobiernolocal.org\/acento-local\/wp-json\/wp\/v2\/media?parent=2712"}],"wp:term":[{"taxonomy":"category","embeddable":true,"href":"https:\/\/www.gobiernolocal.org\/acento-local\/wp-json\/wp\/v2\/categories?post=2712"},{"taxonomy":"post_tag","embeddable":true,"href":"https:\/\/www.gobiernolocal.org\/acento-local\/wp-json\/wp\/v2\/tags?post=2712"},{"taxonomy":"autor-post","embeddable":true,"href":"https:\/\/www.gobiernolocal.org\/acento-local\/wp-json\/wp\/v2\/autor-post?post=2712"}],"curies":[{"name":"wp","href":"https:\/\/api.w.org\/{rel}","templated":true}]}}