{"id":2389,"date":"2023-06-28T07:30:00","date_gmt":"2023-06-28T05:30:00","guid":{"rendered":"https:\/\/www.gobiernolocal.org\/acento-local\/?p=2389"},"modified":"2023-10-10T10:01:16","modified_gmt":"2023-10-10T08:01:16","slug":"el-nuevo-regimen-juridico-del-empadronamiento-del-menor-de-edad-por-un-solo-progenitor","status":"publish","type":"post","link":"https:\/\/www.gobiernolocal.org\/acento-local\/el-nuevo-regimen-juridico-del-empadronamiento-del-menor-de-edad-por-un-solo-progenitor\/","title":{"rendered":"El nuevo r\u00e9gimen jur\u00eddico del empadronamiento del menor de edad por un solo progenitor"},"content":{"rendered":"\n<p><strong>1.- El marco regulatorio del PMH<\/strong><strong><\/strong><\/p>\n\n\n\n<p>La regulaci\u00f3n del PMH se contiene en el art. 16 de la <a href=\"https:\/\/www.boe.es\/buscar\/act.php?id=BOE-A-1985-5392\">Ley 7\/1985, Reguladora de las Bases del R\u00e9gimen Local<\/a>, siendo definido como \u201cel registro administrativo donde constan los vecinos de un municipio. Sus datos constituyen prueba de la residencia en el municipio y del domicilio habitual en el mismo. Las certificaciones que de dichos datos se expidan tendr\u00e1n car\u00e1cter de documento p\u00fablico y fehaciente para todos los efectos administrativos\u201d. En su apartado 2, se enumeran los datos obligatorios que debe contener la inscripci\u00f3n padronal.<\/p>\n\n\n\n<p>Esta regulaci\u00f3n es desarrollada por el <a href=\"https:\/\/www.boe.es\/buscar\/act.php?id=BOE-A-1986-21944\">Real Decreto 1690\/1986, por el que se aprueba el Reglamento de Poblaci\u00f3n y Demarcaci\u00f3n Territorial de las Entidades Locales (RPDTEL)<\/a>, si bien la aplicaci\u00f3n de esta normativa requiere de la elaboraci\u00f3n de unas normas t\u00e9cnicas detalladas dirigidas a los ayuntamientos sobre la gesti\u00f3n y revisi\u00f3n del PMH.<\/p>\n\n\n\n<p>Por su parte, el legislador auton\u00f3mico de r\u00e9gimen local se ha limitado a reproducir, salvo con peque\u00f1os matices, la regulaci\u00f3n estatal sobre el PMH.<\/p>\n\n\n\n<p><strong>2.- Modificaci\u00f3n del empadronamiento del menor de edad por uno solo de los progenitores<\/strong><strong><\/strong><\/p>\n\n\n\n<p>El pasado 8 de febrero se public\u00f3 en el BOE la <a href=\"https:\/\/www.boe.es\/diario_boe\/txt.php?id=BOE-A-2023-3291\">Resoluci\u00f3n de 3\/2\/2023, de la Presidencia del Instituto Nacional de Estad\u00edstica y de la Direcci\u00f3n General de<br>Cooperaci\u00f3n Auton\u00f3mica y Local, por la que se dictan instrucciones t\u00e9cnicas a los ayuntamientos sobre gesti\u00f3n del PMH<\/a>.<\/p>\n\n\n\n<p>Antes de esta modificaci\u00f3n, el r\u00e9gimen jur\u00eddico para inscribir o modificar el empadronamiento de un menor de edad ven\u00eda establecido en la <a href=\"https:\/\/www.boe.es\/buscar\/act.php?id=BOE-A-2020-4784&amp;tn=1&amp;p=20200502\">Resoluci\u00f3n de 29\/4\/2020<\/a>. Conviene matizar que cuando nos referimos al menor de edad es la persona menor de 16 a\u00f1os, puesto que, a partir de esta edad, ya existe plena libertad para empadronarse sin necesidad de obtener el consentimiento de los progenitores, porque se presume su emancipaci\u00f3n.<\/p>\n\n\n\n<p>Pues bien, el pilar b\u00e1sico sobre el que descansaba el anterior r\u00e9gimen jur\u00eddico del empadronamiento del menor de edad era la guarda y custodia, en concordancia con lo previsto en el art. 54.2 RPDTEL (\u201cLos menores de edad no emancipados [\u2026] tendr\u00e1n la misma vecindad que los padres que tengan su guarda o custodia\u201d).<\/p>\n\n\n\n<p>No obstante, la aprobaci\u00f3n de la <a href=\"https:\/\/www.boe.es\/buscar\/act.php?id=BOE-A-2021-9347\">Ley Org\u00e1nica 8\/2021, de 4 de junio, de protecci\u00f3n integral a la infancia y la adolescencia frente a la violencia<\/a>, modific\u00f3 el art. 154 del C\u00f3digo Civil con la finalidad, seg\u00fan su pre\u00e1mbulo, de establecer que la decisi\u00f3n de fijar el lugar de residencia de los menores de edad forma parte del contenido de la patria potestad que, por regla general, corresponde a ambos progenitores. Ello implica que, salvo suspensi\u00f3n de la potestad o atribuci\u00f3n exclusiva de dicha facultad a uno de los progenitores, se requiere el consentimiento de ambos o, en su defecto, autorizaci\u00f3n judicial para el traslado del menor de edad, con independencia de la medida que se haya adoptado en relaci\u00f3n con su guarda o custodia.<\/p>\n\n\n\n<p>As\u00ed pues, la entrada en vigor de esta disposici\u00f3n legal supone un cambio de criterio con respecto a las anteriores instrucciones t\u00e9cnicas de gesti\u00f3n del PMH, con lo que se pasa a modificar el apartado 2.2.1 de la Resoluci\u00f3n de 2020, relativo a la \u201cRepresentaci\u00f3n legal de menores\u201d, en el sentido de que el consentimiento del otro progenitor, o la autorizaci\u00f3n judicial en su defecto, se requiere en todos los supuestos de empadronamiento por un solo progenitor (salvo que el otro haya sido privado de la patria potestad), y tanto en los casos en los que exista resoluci\u00f3n judicial que se pronuncie sobre la guarda y custodia como cuando no exista.<\/p>\n\n\n\n<blockquote class=\"wp-block-quote is-layout-flow wp-block-quote-is-layout-flow\">\n<p><strong>La acreditaci\u00f3n de tener la guarda y custodia del menor era suficiente para que un solo progenitor lo pudiera empadronar, pero la modificaci\u00f3n del art. 154 del C\u00f3digo Civil exige el consentimiento del otro progenitor<\/strong> <strong>por ostentar la patria potestad.<\/strong><\/p>\n<\/blockquote>\n\n\n\n<p>En definitiva, la guarda y custodia del menor deja de ser el elemento capital para poder empadronar, pasando a ser la tenencia de la patria potestad el requisito que exige, como regla general, obtener el consentimiento de los dos progenitores para inscribir y modificar su empadronamiento.<\/p>\n\n\n\n<p>Tanto es as\u00ed que, incluso, se exige al progenitor custodio por resoluci\u00f3n judicial obtener el consentimiento del otro progenitor no custodio, o, en caso de no ser posible, aportar, junto con esta resoluci\u00f3n judicial, un documento declarando responsablemente que le ha sido imposible obtener aquel consentimiento del otro progenitor, para que le sea autorizado el empadronamiento o el cambio de domicilio (Anexo II de la Resoluci\u00f3n); a diferencia de lo previsto en la Resoluci\u00f3n de 2020, que permit\u00eda al progenitor custodio por resoluci\u00f3n judicial inscribir o modificar los datos padronales del menor sin necesitar el consentimiento del otro progenitor, bastando con que presentara una declaraci\u00f3n responsable de que aquella resoluci\u00f3n judicial estaba en vigor.<\/p>\n\n\n\n<p>No quisiera terminar sin mencionar la otra cuesti\u00f3n conflictiva que surge entre los progenitores en relaci\u00f3n con los datos padronales del menor, como es su acceso, si bien hay que apuntar que su regulaci\u00f3n no ha sido modificada por la Resoluci\u00f3n comentada en este <em>post<\/em>. En primer lugar, afirmar que los datos identificativos del PMH son datos personales, pero no de categor\u00eda especial. Pero a lo que \u00edbamos: el progenitor no custodio que acredite que ostenta la patria potestad del menor, mediante la aportaci\u00f3n de la pertinente resoluci\u00f3n judicial, podr\u00e1 acceder a los datos padronales del menor, previa audiencia al progenitor custodio, salvo que el progenitor solicitante del acceso carezca \u201cdel derecho de visita a sus hijos menores o s\u00f3lo poder hacerlo bajo supervisi\u00f3n de terceros y en determinados lugares\u201d.<\/p>\n\n\n\n<blockquote class=\"wp-block-quote is-layout-flow wp-block-quote-is-layout-flow\">\n<p><strong>El acceso de los progenitores a los datos identificativos padronales del menor es la regla general.<\/strong><\/p>\n<\/blockquote>\n\n\n\n<p>Esto es as\u00ed porque los progenitores que ostentan la patria potestad pueden ejercer, en nombre y representaci\u00f3n de sus hijos, los derechos previstos en el art. 15 del <a href=\"https:\/\/eur-lex.europa.eu\/legal-content\/ES\/TXT\/?uri=celex%3A32016R0679\">RGPD de la Uni\u00f3n Europea 2016\/679<\/a>, entre ellos, el de acceso. En id\u00e9ntico sentido, el art. 12.6 de la <a href=\"https:\/\/www.boe.es\/buscar\/act.php?id=BOE-A-2018-16673\">Ley Org\u00e1nica 3\/2018, de Protecci\u00f3n de Datos Personales y garant\u00eda de los derechos digitales<\/a>, si bien fija el umbral de los menores en 14 a\u00f1os.<\/p>\n\n\n\n<p>Por esta raz\u00f3n, cuando se deba realizar el juicio de ponderaci\u00f3n del art 15.3 de la <a href=\"https:\/\/www.boe.es\/buscar\/act.php?id=BOE-A-2013-12887\">Ley 19\/2013, de transparencia, acceso a la informaci\u00f3n p\u00fablica y buen gobierno<\/a>, entre el inter\u00e9s alegado por el progenitor no custodio para el acceso a la informaci\u00f3n padronal del menor y el derecho que pueda alegar el progenitor custodio, se impondr\u00e1 el primero, salvo que concurran circunstancias acreditadas que puedan perjudicar los derechos del menor.<\/p>\n\n\n\n<p>Autor\/a: <strong>Sergi Monteserin Heredia<\/strong><\/p>\n","protected":false},"excerpt":{"rendered":"<p>Los datos del padr\u00f3n municipal de habitantes (PMH) constituyen prueba del domicilio habitual, con lo que el ejercicio de muchos de los derechos de la ciudadan\u00eda requiere la acreditaci\u00f3n de la inscripci\u00f3n padronal. Por este motivo, en procesos de separaci\u00f3n entre los progenitores, el empadronamiento de los hijos menores de edad puede convertirse en un campo de batalla que dificulte la gesti\u00f3n del PMH.<\/p>\n","protected":false},"author":2,"featured_media":2391,"comment_status":"open","ping_status":"open","sticky":false,"template":"","format":"standard","meta":{"site-sidebar-layout":"default","site-content-layout":"","ast-site-content-layout":"default","site-content-style":"default","site-sidebar-style":"default","ast-global-header-display":"","ast-banner-title-visibility":"","ast-main-header-display":"","ast-hfb-above-header-display":"","ast-hfb-below-header-display":"","ast-hfb-mobile-header-display":"","site-post-title":"","ast-breadcrumbs-content":"","ast-featured-img":"","footer-sml-layout":"","ast-disable-related-posts":"","theme-transparent-header-meta":"","adv-header-id-meta":"","stick-header-meta":"","header-above-stick-meta":"","header-main-stick-meta":"","header-below-stick-meta":"","astra-migrate-meta-layouts":"set","ast-page-background-enabled":"default","ast-page-background-meta":{"desktop":{"background-color":"var(--ast-global-color-4)","background-image":"","background-repeat":"repeat","background-position":"center center","background-size":"auto","background-attachment":"scroll","background-type":"","background-media":"","overlay-type":"","overlay-color":"","overlay-opacity":"","overlay-gradient":""},"tablet":{"background-color":"","background-image":"","background-repeat":"repeat","background-position":"center center","background-size":"auto","background-attachment":"scroll","background-type":"","background-media":"","overlay-type":"","overlay-color":"","overlay-opacity":"","overlay-gradient":""},"mobile":{"background-color":"","background-image":"","background-repeat":"repeat","background-position":"center center","background-size":"auto","background-attachment":"scroll","background-type":"","background-media":"","overlay-type":"","overlay-color":"","overlay-opacity":"","overlay-gradient":""}},"ast-content-background-meta":{"desktop":{"background-color":"var(--ast-global-color-5)","background-image":"","background-repeat":"repeat","background-position":"center center","background-size":"auto","background-attachment":"scroll","background-type":"","background-media":"","overlay-type":"","overlay-color":"","overlay-opacity":"","overlay-gradient":""},"tablet":{"background-color":"var(--ast-global-color-5)","background-image":"","background-repeat":"repeat","background-position":"center center","background-size":"auto","background-attachment":"scroll","background-type":"","background-media":"","overlay-type":"","overlay-color":"","overlay-opacity":"","overlay-gradient":""},"mobile":{"background-color":"var(--ast-global-color-5)","background-image":"","background-repeat":"repeat","background-position":"center center","background-size":"auto","background-attachment":"scroll","background-type":"","background-media":"","overlay-type":"","overlay-color":"","overlay-opacity":"","overlay-gradient":""}},"area-autor":{"item-0":{"nombre-del-autor":"Sergi Monteserin Heredia","cargo-autor":"Letrado adjunto a la Secretar\u00eda General. Delegado de Protecci\u00f3n de Datos. Ayuntamiento de Gav\u00e1","foto-autor":"2390"}},"footnotes":""},"categories":[6],"tags":[53,144],"autor-post":[143],"class_list":["post-2389","post","type-post","status-publish","format-standard","has-post-thumbnail","hentry","category-ciudadania","tag-acceso-a-la-informacion-publica","tag-padron-habitantes","autor-post-sergi-monteserin-heredia"],"yoast_head":"<!-- This site is optimized with the Yoast SEO plugin v27.0 - https:\/\/yoast.com\/product\/yoast-seo-wordpress\/ -->\n<title>El nuevo r\u00e9gimen jur\u00eddico del empadronamiento del menor de edad por un solo progenitor - Fundaci\u00f3n Democracia y Gobierno Local<\/title>\n<meta name=\"robots\" content=\"index, follow, max-snippet:-1, max-image-preview:large, max-video-preview:-1\" \/>\n<link rel=\"canonical\" href=\"https:\/\/www.gobiernolocal.org\/acento-local\/el-nuevo-regimen-juridico-del-empadronamiento-del-menor-de-edad-por-un-solo-progenitor\/\" \/>\n<meta property=\"og:locale\" content=\"es_ES\" \/>\n<meta property=\"og:type\" content=\"article\" \/>\n<meta property=\"og:title\" content=\"El nuevo r\u00e9gimen jur\u00eddico del empadronamiento del menor de edad por un solo progenitor - Fundaci\u00f3n Democracia y Gobierno Local\" \/>\n<meta property=\"og:description\" content=\"Los datos del padr\u00f3n municipal de habitantes (PMH) constituyen prueba del domicilio habitual, con lo que el ejercicio de muchos de los derechos de la ciudadan\u00eda requiere la acreditaci\u00f3n de la inscripci\u00f3n padronal. Por este motivo, en procesos de separaci\u00f3n entre los progenitores, el empadronamiento de los hijos menores de edad puede convertirse en un campo de batalla que dificulte la gesti\u00f3n del PMH.\" \/>\n<meta property=\"og:url\" content=\"https:\/\/www.gobiernolocal.org\/acento-local\/el-nuevo-regimen-juridico-del-empadronamiento-del-menor-de-edad-por-un-solo-progenitor\/\" \/>\n<meta property=\"og:site_name\" content=\"Fundaci\u00f3n Democracia y Gobierno Local\" \/>\n<meta property=\"article:published_time\" content=\"2023-06-28T05:30:00+00:00\" \/>\n<meta property=\"article:modified_time\" content=\"2023-10-10T08:01:16+00:00\" \/>\n<meta property=\"og:image\" content=\"https:\/\/www.gobiernolocal.org\/acento-local\/wp-content\/uploads\/2023\/06\/230628_800_01.jpg\" \/>\n\t<meta property=\"og:image:width\" content=\"800\" \/>\n\t<meta property=\"og:image:height\" content=\"477\" \/>\n\t<meta property=\"og:image:type\" content=\"image\/jpeg\" \/>\n<meta name=\"author\" content=\"Fundaci\u00f3n Gobierno Local\" \/>\n<meta name=\"twitter:card\" content=\"summary_large_image\" \/>\n<meta name=\"twitter:title\" content=\"Fundaci\u00f3n Democracia y Gobierno Local\" \/>\n<meta name=\"twitter:description\" content=\"El nuevo r\u00e9gimen jur\u00eddico del empadronamiento del menor de edad por un solo progenitor\" \/>\n<meta name=\"twitter:label1\" content=\"Escrito por\" \/>\n\t<meta name=\"twitter:data1\" content=\"Fundaci\u00f3n Gobierno Local\" \/>\n\t<meta name=\"twitter:label2\" content=\"Tiempo de lectura\" \/>\n\t<meta name=\"twitter:data2\" content=\"5 minutos\" \/>\n<script type=\"application\/ld+json\" class=\"yoast-schema-graph\">{\"@context\":\"https:\/\/schema.org\",\"@graph\":[{\"@type\":\"Article\",\"@id\":\"https:\/\/www.gobiernolocal.org\/acento-local\/el-nuevo-regimen-juridico-del-empadronamiento-del-menor-de-edad-por-un-solo-progenitor\/#article\",\"isPartOf\":{\"@id\":\"https:\/\/www.gobiernolocal.org\/acento-local\/el-nuevo-regimen-juridico-del-empadronamiento-del-menor-de-edad-por-un-solo-progenitor\/\"},\"author\":{\"name\":\"Fundaci\u00f3n Gobierno Local\",\"@id\":\"https:\/\/www.gobiernolocal.org\/acento-local\/#\/schema\/person\/022a0a6b36f62f7070403c5a3426d58c\"},\"headline\":\"El nuevo r\u00e9gimen jur\u00eddico del empadronamiento del menor de edad por un solo progenitor\",\"datePublished\":\"2023-06-28T05:30:00+00:00\",\"dateModified\":\"2023-10-10T08:01:16+00:00\",\"mainEntityOfPage\":{\"@id\":\"https:\/\/www.gobiernolocal.org\/acento-local\/el-nuevo-regimen-juridico-del-empadronamiento-del-menor-de-edad-por-un-solo-progenitor\/\"},\"wordCount\":1161,\"commentCount\":0,\"publisher\":{\"@id\":\"https:\/\/www.gobiernolocal.org\/acento-local\/#organization\"},\"image\":{\"@id\":\"https:\/\/www.gobiernolocal.org\/acento-local\/el-nuevo-regimen-juridico-del-empadronamiento-del-menor-de-edad-por-un-solo-progenitor\/#primaryimage\"},\"thumbnailUrl\":\"https:\/\/www.gobiernolocal.org\/acento-local\/wp-content\/uploads\/2023\/06\/230628_800_01.jpg\",\"keywords\":[\"Acceso a la informaci\u00f3n p\u00fablica\",\"Padr\u00f3n habitantes\"],\"articleSection\":[\"Ciudadan\u00eda\"],\"inLanguage\":\"es\",\"potentialAction\":[{\"@type\":\"CommentAction\",\"name\":\"Comment\",\"target\":[\"https:\/\/www.gobiernolocal.org\/acento-local\/el-nuevo-regimen-juridico-del-empadronamiento-del-menor-de-edad-por-un-solo-progenitor\/#respond\"]}]},{\"@type\":\"WebPage\",\"@id\":\"https:\/\/www.gobiernolocal.org\/acento-local\/el-nuevo-regimen-juridico-del-empadronamiento-del-menor-de-edad-por-un-solo-progenitor\/\",\"url\":\"https:\/\/www.gobiernolocal.org\/acento-local\/el-nuevo-regimen-juridico-del-empadronamiento-del-menor-de-edad-por-un-solo-progenitor\/\",\"name\":\"El nuevo r\u00e9gimen jur\u00eddico del empadronamiento del menor de edad por un solo progenitor - Fundaci\u00f3n Democracia y Gobierno Local\",\"isPartOf\":{\"@id\":\"https:\/\/www.gobiernolocal.org\/acento-local\/#website\"},\"primaryImageOfPage\":{\"@id\":\"https:\/\/www.gobiernolocal.org\/acento-local\/el-nuevo-regimen-juridico-del-empadronamiento-del-menor-de-edad-por-un-solo-progenitor\/#primaryimage\"},\"image\":{\"@id\":\"https:\/\/www.gobiernolocal.org\/acento-local\/el-nuevo-regimen-juridico-del-empadronamiento-del-menor-de-edad-por-un-solo-progenitor\/#primaryimage\"},\"thumbnailUrl\":\"https:\/\/www.gobiernolocal.org\/acento-local\/wp-content\/uploads\/2023\/06\/230628_800_01.jpg\",\"datePublished\":\"2023-06-28T05:30:00+00:00\",\"dateModified\":\"2023-10-10T08:01:16+00:00\",\"breadcrumb\":{\"@id\":\"https:\/\/www.gobiernolocal.org\/acento-local\/el-nuevo-regimen-juridico-del-empadronamiento-del-menor-de-edad-por-un-solo-progenitor\/#breadcrumb\"},\"inLanguage\":\"es\",\"potentialAction\":[{\"@type\":\"ReadAction\",\"target\":[\"https:\/\/www.gobiernolocal.org\/acento-local\/el-nuevo-regimen-juridico-del-empadronamiento-del-menor-de-edad-por-un-solo-progenitor\/\"]}]},{\"@type\":\"ImageObject\",\"inLanguage\":\"es\",\"@id\":\"https:\/\/www.gobiernolocal.org\/acento-local\/el-nuevo-regimen-juridico-del-empadronamiento-del-menor-de-edad-por-un-solo-progenitor\/#primaryimage\",\"url\":\"https:\/\/www.gobiernolocal.org\/acento-local\/wp-content\/uploads\/2023\/06\/230628_800_01.jpg\",\"contentUrl\":\"https:\/\/www.gobiernolocal.org\/acento-local\/wp-content\/uploads\/2023\/06\/230628_800_01.jpg\",\"width\":800,\"height\":477},{\"@type\":\"BreadcrumbList\",\"@id\":\"https:\/\/www.gobiernolocal.org\/acento-local\/el-nuevo-regimen-juridico-del-empadronamiento-del-menor-de-edad-por-un-solo-progenitor\/#breadcrumb\",\"itemListElement\":[{\"@type\":\"ListItem\",\"position\":1,\"name\":\"Portada\",\"item\":\"https:\/\/www.gobiernolocal.org\/acento-local\/\"},{\"@type\":\"ListItem\",\"position\":2,\"name\":\"El nuevo r\u00e9gimen jur\u00eddico del empadronamiento del menor de edad por un solo progenitor\"}]},{\"@type\":\"WebSite\",\"@id\":\"https:\/\/www.gobiernolocal.org\/acento-local\/#website\",\"url\":\"https:\/\/www.gobiernolocal.org\/acento-local\/\",\"name\":\"Fundaci\u00f3n Democracia y Gobierno Local\",\"description\":\"Otro sitio realizado con WordPress\",\"publisher\":{\"@id\":\"https:\/\/www.gobiernolocal.org\/acento-local\/#organization\"},\"potentialAction\":[{\"@type\":\"SearchAction\",\"target\":{\"@type\":\"EntryPoint\",\"urlTemplate\":\"https:\/\/www.gobiernolocal.org\/acento-local\/?s={search_term_string}\"},\"query-input\":{\"@type\":\"PropertyValueSpecification\",\"valueRequired\":true,\"valueName\":\"search_term_string\"}}],\"inLanguage\":\"es\"},{\"@type\":\"Organization\",\"@id\":\"https:\/\/www.gobiernolocal.org\/acento-local\/#organization\",\"name\":\"Fundaci\u00f3n Democracia y Gobierno Local\",\"url\":\"https:\/\/www.gobiernolocal.org\/acento-local\/\",\"logo\":{\"@type\":\"ImageObject\",\"inLanguage\":\"es\",\"@id\":\"https:\/\/www.gobiernolocal.org\/acento-local\/#\/schema\/logo\/image\/\",\"url\":\"https:\/\/www.gobiernolocal.org\/acento-local\/wp-content\/uploads\/2024\/09\/logo-acentoo-local.png\",\"contentUrl\":\"https:\/\/www.gobiernolocal.org\/acento-local\/wp-content\/uploads\/2024\/09\/logo-acentoo-local.png\",\"width\":1005,\"height\":197,\"caption\":\"Fundaci\u00f3n Democracia y Gobierno Local\"},\"image\":{\"@id\":\"https:\/\/www.gobiernolocal.org\/acento-local\/#\/schema\/logo\/image\/\"}},{\"@type\":\"Person\",\"@id\":\"https:\/\/www.gobiernolocal.org\/acento-local\/#\/schema\/person\/022a0a6b36f62f7070403c5a3426d58c\",\"name\":\"Fundaci\u00f3n Gobierno Local\",\"image\":{\"@type\":\"ImageObject\",\"inLanguage\":\"es\",\"@id\":\"https:\/\/www.gobiernolocal.org\/acento-local\/#\/schema\/person\/image\/\",\"url\":\"https:\/\/secure.gravatar.com\/avatar\/0fa5dea6ae65ded9475a6c7160b1cbc7af5bb19e5a8057c4249aa3664c5fbb21?s=96&d=mm&r=g\",\"contentUrl\":\"https:\/\/secure.gravatar.com\/avatar\/0fa5dea6ae65ded9475a6c7160b1cbc7af5bb19e5a8057c4249aa3664c5fbb21?s=96&d=mm&r=g\",\"caption\":\"Fundaci\u00f3n Gobierno Local\"},\"sameAs\":[\"https:\/\/www.gobiernolocal.org\/acento-local\"],\"url\":\"https:\/\/www.gobiernolocal.org\/acento-local\/author\/fundacion-gobierno-local\/\"}]}<\/script>\n<!-- \/ Yoast SEO plugin. -->","yoast_head_json":{"title":"El nuevo r\u00e9gimen jur\u00eddico del empadronamiento del menor de edad por un solo progenitor - Fundaci\u00f3n Democracia y Gobierno Local","robots":{"index":"index","follow":"follow","max-snippet":"max-snippet:-1","max-image-preview":"max-image-preview:large","max-video-preview":"max-video-preview:-1"},"canonical":"https:\/\/www.gobiernolocal.org\/acento-local\/el-nuevo-regimen-juridico-del-empadronamiento-del-menor-de-edad-por-un-solo-progenitor\/","og_locale":"es_ES","og_type":"article","og_title":"El nuevo r\u00e9gimen jur\u00eddico del empadronamiento del menor de edad por un solo progenitor - Fundaci\u00f3n Democracia y Gobierno Local","og_description":"Los datos del padr\u00f3n municipal de habitantes (PMH) constituyen prueba del domicilio habitual, con lo que el ejercicio de muchos de los derechos de la ciudadan\u00eda requiere la acreditaci\u00f3n de la inscripci\u00f3n padronal. Por este motivo, en procesos de separaci\u00f3n entre los progenitores, el empadronamiento de los hijos menores de edad puede convertirse en un campo de batalla que dificulte la gesti\u00f3n del PMH.","og_url":"https:\/\/www.gobiernolocal.org\/acento-local\/el-nuevo-regimen-juridico-del-empadronamiento-del-menor-de-edad-por-un-solo-progenitor\/","og_site_name":"Fundaci\u00f3n Democracia y Gobierno Local","article_published_time":"2023-06-28T05:30:00+00:00","article_modified_time":"2023-10-10T08:01:16+00:00","og_image":[{"width":800,"height":477,"url":"https:\/\/www.gobiernolocal.org\/acento-local\/wp-content\/uploads\/2023\/06\/230628_800_01.jpg","type":"image\/jpeg"}],"author":"Fundaci\u00f3n Gobierno Local","twitter_card":"summary_large_image","twitter_title":"Fundaci\u00f3n Democracia y Gobierno Local","twitter_description":"El nuevo r\u00e9gimen jur\u00eddico del empadronamiento del menor de edad por un solo progenitor","twitter_misc":{"Escrito por":"Fundaci\u00f3n Gobierno Local","Tiempo de lectura":"5 minutos"},"schema":{"@context":"https:\/\/schema.org","@graph":[{"@type":"Article","@id":"https:\/\/www.gobiernolocal.org\/acento-local\/el-nuevo-regimen-juridico-del-empadronamiento-del-menor-de-edad-por-un-solo-progenitor\/#article","isPartOf":{"@id":"https:\/\/www.gobiernolocal.org\/acento-local\/el-nuevo-regimen-juridico-del-empadronamiento-del-menor-de-edad-por-un-solo-progenitor\/"},"author":{"name":"Fundaci\u00f3n Gobierno Local","@id":"https:\/\/www.gobiernolocal.org\/acento-local\/#\/schema\/person\/022a0a6b36f62f7070403c5a3426d58c"},"headline":"El nuevo r\u00e9gimen jur\u00eddico del empadronamiento del menor de edad por un solo progenitor","datePublished":"2023-06-28T05:30:00+00:00","dateModified":"2023-10-10T08:01:16+00:00","mainEntityOfPage":{"@id":"https:\/\/www.gobiernolocal.org\/acento-local\/el-nuevo-regimen-juridico-del-empadronamiento-del-menor-de-edad-por-un-solo-progenitor\/"},"wordCount":1161,"commentCount":0,"publisher":{"@id":"https:\/\/www.gobiernolocal.org\/acento-local\/#organization"},"image":{"@id":"https:\/\/www.gobiernolocal.org\/acento-local\/el-nuevo-regimen-juridico-del-empadronamiento-del-menor-de-edad-por-un-solo-progenitor\/#primaryimage"},"thumbnailUrl":"https:\/\/www.gobiernolocal.org\/acento-local\/wp-content\/uploads\/2023\/06\/230628_800_01.jpg","keywords":["Acceso a la informaci\u00f3n p\u00fablica","Padr\u00f3n habitantes"],"articleSection":["Ciudadan\u00eda"],"inLanguage":"es","potentialAction":[{"@type":"CommentAction","name":"Comment","target":["https:\/\/www.gobiernolocal.org\/acento-local\/el-nuevo-regimen-juridico-del-empadronamiento-del-menor-de-edad-por-un-solo-progenitor\/#respond"]}]},{"@type":"WebPage","@id":"https:\/\/www.gobiernolocal.org\/acento-local\/el-nuevo-regimen-juridico-del-empadronamiento-del-menor-de-edad-por-un-solo-progenitor\/","url":"https:\/\/www.gobiernolocal.org\/acento-local\/el-nuevo-regimen-juridico-del-empadronamiento-del-menor-de-edad-por-un-solo-progenitor\/","name":"El nuevo r\u00e9gimen jur\u00eddico del empadronamiento del menor de edad por un solo progenitor - Fundaci\u00f3n Democracia y Gobierno Local","isPartOf":{"@id":"https:\/\/www.gobiernolocal.org\/acento-local\/#website"},"primaryImageOfPage":{"@id":"https:\/\/www.gobiernolocal.org\/acento-local\/el-nuevo-regimen-juridico-del-empadronamiento-del-menor-de-edad-por-un-solo-progenitor\/#primaryimage"},"image":{"@id":"https:\/\/www.gobiernolocal.org\/acento-local\/el-nuevo-regimen-juridico-del-empadronamiento-del-menor-de-edad-por-un-solo-progenitor\/#primaryimage"},"thumbnailUrl":"https:\/\/www.gobiernolocal.org\/acento-local\/wp-content\/uploads\/2023\/06\/230628_800_01.jpg","datePublished":"2023-06-28T05:30:00+00:00","dateModified":"2023-10-10T08:01:16+00:00","breadcrumb":{"@id":"https:\/\/www.gobiernolocal.org\/acento-local\/el-nuevo-regimen-juridico-del-empadronamiento-del-menor-de-edad-por-un-solo-progenitor\/#breadcrumb"},"inLanguage":"es","potentialAction":[{"@type":"ReadAction","target":["https:\/\/www.gobiernolocal.org\/acento-local\/el-nuevo-regimen-juridico-del-empadronamiento-del-menor-de-edad-por-un-solo-progenitor\/"]}]},{"@type":"ImageObject","inLanguage":"es","@id":"https:\/\/www.gobiernolocal.org\/acento-local\/el-nuevo-regimen-juridico-del-empadronamiento-del-menor-de-edad-por-un-solo-progenitor\/#primaryimage","url":"https:\/\/www.gobiernolocal.org\/acento-local\/wp-content\/uploads\/2023\/06\/230628_800_01.jpg","contentUrl":"https:\/\/www.gobiernolocal.org\/acento-local\/wp-content\/uploads\/2023\/06\/230628_800_01.jpg","width":800,"height":477},{"@type":"BreadcrumbList","@id":"https:\/\/www.gobiernolocal.org\/acento-local\/el-nuevo-regimen-juridico-del-empadronamiento-del-menor-de-edad-por-un-solo-progenitor\/#breadcrumb","itemListElement":[{"@type":"ListItem","position":1,"name":"Portada","item":"https:\/\/www.gobiernolocal.org\/acento-local\/"},{"@type":"ListItem","position":2,"name":"El nuevo r\u00e9gimen jur\u00eddico del empadronamiento del menor de edad por un solo progenitor"}]},{"@type":"WebSite","@id":"https:\/\/www.gobiernolocal.org\/acento-local\/#website","url":"https:\/\/www.gobiernolocal.org\/acento-local\/","name":"Fundaci\u00f3n Democracia y Gobierno Local","description":"Otro sitio realizado con WordPress","publisher":{"@id":"https:\/\/www.gobiernolocal.org\/acento-local\/#organization"},"potentialAction":[{"@type":"SearchAction","target":{"@type":"EntryPoint","urlTemplate":"https:\/\/www.gobiernolocal.org\/acento-local\/?s={search_term_string}"},"query-input":{"@type":"PropertyValueSpecification","valueRequired":true,"valueName":"search_term_string"}}],"inLanguage":"es"},{"@type":"Organization","@id":"https:\/\/www.gobiernolocal.org\/acento-local\/#organization","name":"Fundaci\u00f3n Democracia y Gobierno Local","url":"https:\/\/www.gobiernolocal.org\/acento-local\/","logo":{"@type":"ImageObject","inLanguage":"es","@id":"https:\/\/www.gobiernolocal.org\/acento-local\/#\/schema\/logo\/image\/","url":"https:\/\/www.gobiernolocal.org\/acento-local\/wp-content\/uploads\/2024\/09\/logo-acentoo-local.png","contentUrl":"https:\/\/www.gobiernolocal.org\/acento-local\/wp-content\/uploads\/2024\/09\/logo-acentoo-local.png","width":1005,"height":197,"caption":"Fundaci\u00f3n Democracia y Gobierno Local"},"image":{"@id":"https:\/\/www.gobiernolocal.org\/acento-local\/#\/schema\/logo\/image\/"}},{"@type":"Person","@id":"https:\/\/www.gobiernolocal.org\/acento-local\/#\/schema\/person\/022a0a6b36f62f7070403c5a3426d58c","name":"Fundaci\u00f3n Gobierno Local","image":{"@type":"ImageObject","inLanguage":"es","@id":"https:\/\/www.gobiernolocal.org\/acento-local\/#\/schema\/person\/image\/","url":"https:\/\/secure.gravatar.com\/avatar\/0fa5dea6ae65ded9475a6c7160b1cbc7af5bb19e5a8057c4249aa3664c5fbb21?s=96&d=mm&r=g","contentUrl":"https:\/\/secure.gravatar.com\/avatar\/0fa5dea6ae65ded9475a6c7160b1cbc7af5bb19e5a8057c4249aa3664c5fbb21?s=96&d=mm&r=g","caption":"Fundaci\u00f3n Gobierno Local"},"sameAs":["https:\/\/www.gobiernolocal.org\/acento-local"],"url":"https:\/\/www.gobiernolocal.org\/acento-local\/author\/fundacion-gobierno-local\/"}]}},"_links":{"self":[{"href":"https:\/\/www.gobiernolocal.org\/acento-local\/wp-json\/wp\/v2\/posts\/2389","targetHints":{"allow":["GET"]}}],"collection":[{"href":"https:\/\/www.gobiernolocal.org\/acento-local\/wp-json\/wp\/v2\/posts"}],"about":[{"href":"https:\/\/www.gobiernolocal.org\/acento-local\/wp-json\/wp\/v2\/types\/post"}],"author":[{"embeddable":true,"href":"https:\/\/www.gobiernolocal.org\/acento-local\/wp-json\/wp\/v2\/users\/2"}],"replies":[{"embeddable":true,"href":"https:\/\/www.gobiernolocal.org\/acento-local\/wp-json\/wp\/v2\/comments?post=2389"}],"version-history":[{"count":0,"href":"https:\/\/www.gobiernolocal.org\/acento-local\/wp-json\/wp\/v2\/posts\/2389\/revisions"}],"wp:featuredmedia":[{"embeddable":true,"href":"https:\/\/www.gobiernolocal.org\/acento-local\/wp-json\/wp\/v2\/media\/2391"}],"wp:attachment":[{"href":"https:\/\/www.gobiernolocal.org\/acento-local\/wp-json\/wp\/v2\/media?parent=2389"}],"wp:term":[{"taxonomy":"category","embeddable":true,"href":"https:\/\/www.gobiernolocal.org\/acento-local\/wp-json\/wp\/v2\/categories?post=2389"},{"taxonomy":"post_tag","embeddable":true,"href":"https:\/\/www.gobiernolocal.org\/acento-local\/wp-json\/wp\/v2\/tags?post=2389"},{"taxonomy":"autor-post","embeddable":true,"href":"https:\/\/www.gobiernolocal.org\/acento-local\/wp-json\/wp\/v2\/autor-post?post=2389"}],"curies":[{"name":"wp","href":"https:\/\/api.w.org\/{rel}","templated":true}]}}