{"id":2287,"date":"2023-05-10T07:30:00","date_gmt":"2023-05-10T05:30:00","guid":{"rendered":"https:\/\/www.gobiernolocal.org\/acento-local\/?p=2287"},"modified":"2023-10-10T09:46:06","modified_gmt":"2023-10-10T07:46:06","slug":"la-agenda-2030-en-el-ambito-local-los-ods-y-la-fijacion-de-poblacion","status":"publish","type":"post","link":"https:\/\/www.gobiernolocal.org\/acento-local\/la-agenda-2030-en-el-ambito-local-los-ods-y-la-fijacion-de-poblacion\/","title":{"rendered":"La Agenda 2030 en el \u00e1mbito local: los ODS y la fijaci\u00f3n de poblaci\u00f3n"},"content":{"rendered":"\n<p><em>Para aquellas personas a las que les suena pero que a\u00fan no saben con seguridad: \u00bfqu\u00e9 es la Agenda 2030? <\/em> Debemos se\u00f1alar que ya por el a\u00f1o 2015m\u00e1s de 150 jefes de Estado y de Gobierno se reunieron en la hist\u00f3rica cumbre de desarrollo sostenible en la que aprobaron la Agenda 2030. Esta Agenda contiene 17 objetivos de aplicaci\u00f3n universal que desde el 1 de enero de 2016 rigen los esfuerzos de los pa\u00edses para lograr un mundo sostenible en el a\u00f1o 2030.<\/p>\n\n\n\n<p>Estos objetivos, llamados de desarrollo sostenible (ODS), son herederos de los Objetivos del Milenio y buscan ampliar los \u00e9xitos alcanzados con ellos, as\u00ed como lograr aquellas metas que no fueron conseguidas.<\/p>\n\n\n\n<p>Presentan la singularidad de instar a todos los pa\u00edses para lograr un mundo sostenible en el a\u00f1o 2030. La Agenda 2030 gira en torno a cinco ejes centrales: <em>Planeta, Personas, Prosperidad, Paz y Alianzas,<\/em> las llamadas cinco P.<\/p>\n\n\n\n<blockquote class=\"wp-block-quote is-layout-flow wp-block-quote-is-layout-flow\">\n<p><strong>La Agenda 2030 gira en torno a cinco ejes centrales: <em>Planeta, Personas, Prosperidad, Paz y Alianzas,<\/em> las llamadas cinco P.<\/strong><\/p>\n<\/blockquote>\n\n\n\n<p>La Agenda, pese a estar contenida en una resoluci\u00f3n <em>soft law<\/em>, convoca a todos para su implementaci\u00f3n. El reto m\u00e1s importante al que se enfrenta la Agenda 2030 es el de incorporar a los ciudadanos para su implementaci\u00f3n. Y si hay un actor capacitado para pilotar esa incorporaci\u00f3n de los ciudadanos, este es el municipio.<\/p>\n\n\n\n<blockquote class=\"wp-block-quote is-layout-flow wp-block-quote-is-layout-flow\">\n<p style=\"padding-top:0;padding-right:0;padding-bottom:0;padding-left:0\"><strong>El reto m\u00e1s importante al que se enfrenta la Agenda 2030 es el de incorporar a los ciudadanos para su implementaci\u00f3n. Y si hay un actor capacitado para pilotar esa incorporaci\u00f3n de los ciudadanos, este es el municipio.<\/strong><\/p>\n<\/blockquote>\n\n\n\n<figure class=\"wp-block-image size-large\"><img fetchpriority=\"high\" decoding=\"async\" width=\"1024\" height=\"507\" src=\"https:\/\/www.gobiernolocal.org\/acento-local\/wp-content\/uploads\/2023\/05\/17ODS-1024x507.jpg\" alt=\"\" class=\"wp-image-2288\" srcset=\"https:\/\/www.gobiernolocal.org\/acento-local\/wp-content\/uploads\/2023\/05\/17ODS-1024x507.jpg 1024w, https:\/\/www.gobiernolocal.org\/acento-local\/wp-content\/uploads\/2023\/05\/17ODS-300x149.jpg 300w, https:\/\/www.gobiernolocal.org\/acento-local\/wp-content\/uploads\/2023\/05\/17ODS-768x380.jpg 768w, https:\/\/www.gobiernolocal.org\/acento-local\/wp-content\/uploads\/2023\/05\/17ODS.jpg 1072w\" sizes=\"(max-width: 1024px) 100vw, 1024px\" \/><figcaption class=\"wp-element-caption\"><em><strong>Imagen: Infograf\u00eda de los 17 ODS<\/strong><\/em><\/figcaption><\/figure>\n\n\n\n<p style=\"padding-top:var(--wp--preset--spacing--50)\">El cambio que se pretende abordar no se puede hacer de forma individual ni unilateral, requiere un esfuerzo multiactor y multinivel, donde los ayuntamientos, diputaciones, cabildos y consejos insulares desempe\u00f1an una importante labor. En esta tarea es fundamental mantener la corresponsabilidad entre todas las Administraciones, y trabajar juntas con un reparto equitativo de recursos, pues no es infrecuente que las entidades locales est\u00e9n desempe\u00f1ando responsabilidades que muchas veces quedan fuera de sus competencias, pero que se asumen en justificaci\u00f3n de esa mayor cercan\u00eda al ciudadano.<\/p>\n\n\n\n<blockquote class=\"wp-block-quote is-layout-flow wp-block-quote-is-layout-flow\">\n<p><strong>El cambio que se pretende abordar no se puede hacer de forma individual ni unilateral, requiere un esfuerzo multiactor y multinivel, donde los ayuntamientos, diputaciones, cabildos y consejos insulares desempe\u00f1an una importante labor.<\/strong> <strong>Es fundamental mantener la corresponsabilidad entre todas las Administraciones.<\/strong><\/p>\n<\/blockquote>\n\n\n\n<p>Si bien los ODS se plantean como universales, estos se han de contextualizar en cada uno de los territorios. Su implementaci\u00f3n es, por tanto, local, de \u201cabajo a arriba\u201d.<\/p>\n\n\n\n<blockquote class=\"wp-block-quote is-layout-flow wp-block-quote-is-layout-flow\">\n<p><strong>Su implementaci\u00f3n es, por tanto, local, de \u201cabajo a arriba\u201d.<\/strong><\/p>\n<\/blockquote>\n\n\n\n<p>Es importante la localizaci\u00f3n de dichos ODS, pues tienen metas vinculadas con las responsabilidades de los Gobiernos locales. Es un proceso de empoderamiento a todos los actores locales.<\/p>\n\n\n\n<p>Para poder pasar de la planificaci\u00f3n a la realidad es necesario hacer una labor de localizaci\u00f3n de personas comprometidas. Para ello debemos identificar cu\u00e1les est\u00e1n presentes en el desarrollo, cu\u00e1les en el proceso, o que pudieran tener influencia sobre el mismo. As\u00ed, se deben identificar los principales actores existentes en el territorio y analizar sus caracter\u00edsticas respecto a su misi\u00f3n y actividades, disposici\u00f3n para participar, colaborar y contribuir al proceso de confecci\u00f3n colectiva de la adaptaci\u00f3n de la Agenda 2030.<strong><\/strong><\/p>\n\n\n\n<p>Aparte de la identificaci\u00f3n de los ODS y los actores implicados, podemos se\u00f1alar que la utilizaci\u00f3n del presupuesto local como herramienta trasversal de la entidad local de cara a la planificaci\u00f3n y alineaci\u00f3n con los ODS es un factor clave. As\u00ed, por ejemplo, la Diputaci\u00f3n de Palenciaobtuvo elGalard\u00f3n CNIS 2020 por su proyecto pionero de transformaci\u00f3n presupuestaria asentada en los ODS. Para conocer m\u00e1s acerca del proceso visita:<\/p>\n\n\n\n<p><a href=\"https:\/\/www.diputaciondepalencia.es\/noticia\/20191122\/presupuestos-2020-personas-municipios-desarrollo-socioeconomico\">https:\/\/www.diputaciondepalencia.es\/noticia\/20191122\/presupuestos-2020-personas-municipios-desarrollo-socioeconomico<\/a>.<\/p>\n\n\n\n<p>El despoblamiento es un riesgo que tiene que ver con muchos de los ODS en el sentido de que, antes que operar positivamente en su favor, produce una regresi\u00f3n no deseada: all\u00ed donde el despoblamiento es una tendencia, un incremento de la pobreza y de los \u00edndices de desarrollo son visibles, se verifica mayor desigualdad de acceso a servicios de salud y educativos de calidad, no se visibiliza correctamente el papel de la mujer, decrecen las oportunidades de empleo o, m\u00e1s all\u00e1, de empleo inclusivo, cuesta mantener las infraestructuras necesarias para la resiliencia, disminuye el di\u00e1logo rural-urbano, se desvalorizan las funciones, recursos y trabajos propios del medio rural, no se cuida de manera coherente el medio ambiente, generando riesgos de incendios o contra los ecosistemas, se pierde biodiversidad y se incrementan los efectos del cambio clim\u00e1tico.<\/p>\n\n\n\n<blockquote class=\"wp-block-quote is-layout-flow wp-block-quote-is-layout-flow\">\n<p><strong>El despoblamiento es un riesgo que tiene que ver con muchos de los ODS en el sentido de que, antes que operar positivamente en su favor, produce una regresi\u00f3n no deseada<\/strong><\/p>\n<\/blockquote>\n\n\n\n<p>Espa\u00f1a no progresar\u00e1 en la consecuci\u00f3n de los ODS si no se planta cara al abandono de su medio rural, si no se propone una pol\u00edtica seria de coherencia entre el medio rural y su entorno natural o no se reclama la responsabilidad de cada ciudad con su medio rural.<\/p>\n\n\n\n<blockquote class=\"wp-block-quote is-layout-flow wp-block-quote-is-layout-flow\">\n<p><strong>Espa\u00f1a no progresar\u00e1 en la consecuci\u00f3n de los ODS<\/strong> <strong>si no se planta cara al abandono de su medio rural.<\/strong><\/p>\n<\/blockquote>\n\n\n\n<p>Otra herramienta a tener en cuenta es la Agenda Urbana Espa\u00f1ola (AUE), que conforma la hoja de ruta que marca la estrategia y las acciones de desarrollo urbano a llevar a cabo a nivel estatal hasta 2030. Pol\u00edtica palanca en el Plan de Acci\u00f3n para la Implementaci\u00f3n de la Agenda 2030 en Espa\u00f1a.<\/p>\n\n\n\n<p>La AUE es un documento estrat\u00e9gico, sin car\u00e1cter normativo, que busca la consecuci\u00f3n de la sostenibilidad en las pol\u00edticas de desarrollo urbano. Para ello, ofrece un Dec\u00e1logo de Objetivos Estrat\u00e9gicos. Constituye en s\u00ed misma un m\u00e9todo de trabajo y un excelente punto de partida para todos los actores que intervienen en las ciudades y que persiguen un desarrollo equitativo, justo y sostenible desde sus distintos campos de actuaci\u00f3n.<\/p>\n\n\n\n<p>El contexto actual motiva y facilita el empuje para la elaboraci\u00f3n de un Plan de Acci\u00f3n para alcanzar lo que hemos llamado en la Diputaci\u00f3n de Palencia la \u201cAgenda Rural de Palencia\u201d (ARP). Una agenda rural como medio dentro del reto demogr\u00e1fico.<\/p>\n\n\n\n<p>La Diputaci\u00f3n de Palencia ha estado trabajando desde el \u00faltimo trimestre de 2021 en la elaboraci\u00f3n de un plan de acci\u00f3n provincial que a\u00fane todos los objetivos estrat\u00e9gicos propuestos por la AUE y los vincule con los principales retos de un territorio rural en riesgo demogr\u00e1fico, y las competencias propias de la Administraci\u00f3n provincial, logrando una visi\u00f3n diferente. Esta mejora de la metodolog\u00eda de la AUE se considera una INNOVACI\u00d3N en s\u00ed misma.<\/p>\n\n\n\n<p>En definitiva, la ONU representa uno de los mayores escenarios de la globalizaci\u00f3n. Plantea un cambio de arriba hacia abajo, fijando unos grandes objetivos en su Agenda 2030. Debemos recoger el testigo promoviendo una transformaci\u00f3n de abajo hacia arriba (<em>bottom-up<\/em>).<\/p>\n\n\n\n<p>Si alineamos nuestro presupuesto, y por tanto nuestras pol\u00edticas y acciones, con la agenda marcada por Naciones Unidas, tendremos un resultado evidente en la calidad de vida de nuestros vecinos y en la sostenibilidad de nuestros territorios.<\/p>\n\n\n\n<p>Autor\/a: <strong>Virginia Losa Mu\u00f1iz<\/strong><\/p>\n","protected":false},"excerpt":{"rendered":"<p>La necesidad de implantar la Agenda 2030 y los ODS en el \u00e1mbito local se presenta como una oportunidad para la ciudadan\u00eda y luchar contra el reto demogr\u00e1fico, si la alineamos con la metodolog\u00eda de la Agenda Urbana Espa\u00f1ola y la integramos en la gesti\u00f3n presupuestaria. Las diputaciones provinciales pueden trasladar sus planes de acci\u00f3n convertidos en agendas rurales al territorio local, buscando un resultado evidente en la calidad de vida de nuestros vecinos y en la sostenibilidad de nuestros territorios.<\/p>\n","protected":false},"author":2,"featured_media":2292,"comment_status":"open","ping_status":"open","sticky":false,"template":"","format":"standard","meta":{"site-sidebar-layout":"default","site-content-layout":"","ast-site-content-layout":"default","site-content-style":"default","site-sidebar-style":"default","ast-global-header-display":"","ast-banner-title-visibility":"","ast-main-header-display":"","ast-hfb-above-header-display":"","ast-hfb-below-header-display":"","ast-hfb-mobile-header-display":"","site-post-title":"","ast-breadcrumbs-content":"","ast-featured-img":"","footer-sml-layout":"","ast-disable-related-posts":"","theme-transparent-header-meta":"","adv-header-id-meta":"","stick-header-meta":"","header-above-stick-meta":"","header-main-stick-meta":"","header-below-stick-meta":"","astra-migrate-meta-layouts":"set","ast-page-background-enabled":"default","ast-page-background-meta":{"desktop":{"background-color":"var(--ast-global-color-4)","background-image":"","background-repeat":"repeat","background-position":"center center","background-size":"auto","background-attachment":"scroll","background-type":"","background-media":"","overlay-type":"","overlay-color":"","overlay-opacity":"","overlay-gradient":""},"tablet":{"background-color":"","background-image":"","background-repeat":"repeat","background-position":"center center","background-size":"auto","background-attachment":"scroll","background-type":"","background-media":"","overlay-type":"","overlay-color":"","overlay-opacity":"","overlay-gradient":""},"mobile":{"background-color":"","background-image":"","background-repeat":"repeat","background-position":"center center","background-size":"auto","background-attachment":"scroll","background-type":"","background-media":"","overlay-type":"","overlay-color":"","overlay-opacity":"","overlay-gradient":""}},"ast-content-background-meta":{"desktop":{"background-color":"var(--ast-global-color-5)","background-image":"","background-repeat":"repeat","background-position":"center center","background-size":"auto","background-attachment":"scroll","background-type":"","background-media":"","overlay-type":"","overlay-color":"","overlay-opacity":"","overlay-gradient":""},"tablet":{"background-color":"var(--ast-global-color-5)","background-image":"","background-repeat":"repeat","background-position":"center center","background-size":"auto","background-attachment":"scroll","background-type":"","background-media":"","overlay-type":"","overlay-color":"","overlay-opacity":"","overlay-gradient":""},"mobile":{"background-color":"var(--ast-global-color-5)","background-image":"","background-repeat":"repeat","background-position":"center center","background-size":"auto","background-attachment":"scroll","background-type":"","background-media":"","overlay-type":"","overlay-color":"","overlay-opacity":"","overlay-gradient":""}},"area-autor":{"item-0":{"nombre-del-autor":"Virginia Losa Mu\u00f1iz","cargo-autor":"Vicesecretaria de la Diputaci\u00f3n de Palencia","foto-autor":"2291"}},"footnotes":""},"categories":[21],"tags":[74,47,62],"autor-post":[135],"class_list":["post-2287","post","type-post","status-publish","format-standard","has-post-thumbnail","hentry","category-innovacion-y-sostenibilidad","tag-cambio-climatico","tag-despoblacion","tag-diputaciones","autor-post-virginia-losa-muniz"],"yoast_head":"<!-- This site is optimized with the Yoast SEO plugin v27.0 - https:\/\/yoast.com\/product\/yoast-seo-wordpress\/ -->\n<title>La Agenda 2030 en el \u00e1mbito local: los ODS y la fijaci\u00f3n de poblaci\u00f3n - Fundaci\u00f3n Democracia y Gobierno Local<\/title>\n<meta name=\"robots\" content=\"index, follow, max-snippet:-1, max-image-preview:large, max-video-preview:-1\" \/>\n<link rel=\"canonical\" href=\"https:\/\/www.gobiernolocal.org\/acento-local\/la-agenda-2030-en-el-ambito-local-los-ods-y-la-fijacion-de-poblacion\/\" \/>\n<meta property=\"og:locale\" content=\"es_ES\" \/>\n<meta property=\"og:type\" content=\"article\" \/>\n<meta property=\"og:title\" content=\"La Agenda 2030 en el \u00e1mbito local: los ODS y la fijaci\u00f3n de poblaci\u00f3n - Fundaci\u00f3n Democracia y Gobierno Local\" \/>\n<meta property=\"og:description\" content=\"La necesidad de implantar la Agenda 2030 y los ODS en el \u00e1mbito local se presenta como una oportunidad para la ciudadan\u00eda y luchar contra el reto demogr\u00e1fico, si la alineamos con la metodolog\u00eda de la Agenda Urbana Espa\u00f1ola y la integramos en la gesti\u00f3n presupuestaria. Las diputaciones provinciales pueden trasladar sus planes de acci\u00f3n convertidos en agendas rurales al territorio local, buscando un resultado evidente en la calidad de vida de nuestros vecinos y en la sostenibilidad de nuestros territorios.\" \/>\n<meta property=\"og:url\" content=\"https:\/\/www.gobiernolocal.org\/acento-local\/la-agenda-2030-en-el-ambito-local-los-ods-y-la-fijacion-de-poblacion\/\" \/>\n<meta property=\"og:site_name\" content=\"Fundaci\u00f3n Democracia y Gobierno Local\" \/>\n<meta property=\"article:published_time\" content=\"2023-05-10T05:30:00+00:00\" \/>\n<meta property=\"article:modified_time\" content=\"2023-10-10T07:46:06+00:00\" \/>\n<meta property=\"og:image\" content=\"https:\/\/www.gobiernolocal.org\/acento-local\/wp-content\/uploads\/2023\/05\/230512_800_01.jpg\" \/>\n\t<meta property=\"og:image:width\" content=\"800\" \/>\n\t<meta property=\"og:image:height\" content=\"450\" \/>\n\t<meta property=\"og:image:type\" content=\"image\/jpeg\" \/>\n<meta name=\"author\" content=\"Fundaci\u00f3n Gobierno Local\" \/>\n<meta name=\"twitter:card\" content=\"summary_large_image\" \/>\n<meta name=\"twitter:label1\" content=\"Escrito por\" \/>\n\t<meta name=\"twitter:data1\" content=\"Fundaci\u00f3n Gobierno Local\" \/>\n\t<meta name=\"twitter:label2\" content=\"Tiempo de lectura\" \/>\n\t<meta name=\"twitter:data2\" content=\"5 minutos\" \/>\n<script type=\"application\/ld+json\" class=\"yoast-schema-graph\">{\"@context\":\"https:\/\/schema.org\",\"@graph\":[{\"@type\":\"Article\",\"@id\":\"https:\/\/www.gobiernolocal.org\/acento-local\/la-agenda-2030-en-el-ambito-local-los-ods-y-la-fijacion-de-poblacion\/#article\",\"isPartOf\":{\"@id\":\"https:\/\/www.gobiernolocal.org\/acento-local\/la-agenda-2030-en-el-ambito-local-los-ods-y-la-fijacion-de-poblacion\/\"},\"author\":{\"name\":\"Fundaci\u00f3n Gobierno Local\",\"@id\":\"https:\/\/www.gobiernolocal.org\/acento-local\/#\/schema\/person\/022a0a6b36f62f7070403c5a3426d58c\"},\"headline\":\"La Agenda 2030 en el \u00e1mbito local: los ODS y la fijaci\u00f3n de poblaci\u00f3n\",\"datePublished\":\"2023-05-10T05:30:00+00:00\",\"dateModified\":\"2023-10-10T07:46:06+00:00\",\"mainEntityOfPage\":{\"@id\":\"https:\/\/www.gobiernolocal.org\/acento-local\/la-agenda-2030-en-el-ambito-local-los-ods-y-la-fijacion-de-poblacion\/\"},\"wordCount\":1259,\"commentCount\":0,\"publisher\":{\"@id\":\"https:\/\/www.gobiernolocal.org\/acento-local\/#organization\"},\"image\":{\"@id\":\"https:\/\/www.gobiernolocal.org\/acento-local\/la-agenda-2030-en-el-ambito-local-los-ods-y-la-fijacion-de-poblacion\/#primaryimage\"},\"thumbnailUrl\":\"https:\/\/www.gobiernolocal.org\/acento-local\/wp-content\/uploads\/2023\/05\/230512_800_01.jpg\",\"keywords\":[\"Cambio clim\u00e1tico\",\"Despoblaci\u00f3n\",\"Diputaciones\"],\"articleSection\":[\"Innovaci\u00f3n y Sostenibilidad\"],\"inLanguage\":\"es\",\"potentialAction\":[{\"@type\":\"CommentAction\",\"name\":\"Comment\",\"target\":[\"https:\/\/www.gobiernolocal.org\/acento-local\/la-agenda-2030-en-el-ambito-local-los-ods-y-la-fijacion-de-poblacion\/#respond\"]}]},{\"@type\":\"WebPage\",\"@id\":\"https:\/\/www.gobiernolocal.org\/acento-local\/la-agenda-2030-en-el-ambito-local-los-ods-y-la-fijacion-de-poblacion\/\",\"url\":\"https:\/\/www.gobiernolocal.org\/acento-local\/la-agenda-2030-en-el-ambito-local-los-ods-y-la-fijacion-de-poblacion\/\",\"name\":\"La Agenda 2030 en el \u00e1mbito local: los ODS y la fijaci\u00f3n de poblaci\u00f3n - Fundaci\u00f3n Democracia y Gobierno Local\",\"isPartOf\":{\"@id\":\"https:\/\/www.gobiernolocal.org\/acento-local\/#website\"},\"primaryImageOfPage\":{\"@id\":\"https:\/\/www.gobiernolocal.org\/acento-local\/la-agenda-2030-en-el-ambito-local-los-ods-y-la-fijacion-de-poblacion\/#primaryimage\"},\"image\":{\"@id\":\"https:\/\/www.gobiernolocal.org\/acento-local\/la-agenda-2030-en-el-ambito-local-los-ods-y-la-fijacion-de-poblacion\/#primaryimage\"},\"thumbnailUrl\":\"https:\/\/www.gobiernolocal.org\/acento-local\/wp-content\/uploads\/2023\/05\/230512_800_01.jpg\",\"datePublished\":\"2023-05-10T05:30:00+00:00\",\"dateModified\":\"2023-10-10T07:46:06+00:00\",\"breadcrumb\":{\"@id\":\"https:\/\/www.gobiernolocal.org\/acento-local\/la-agenda-2030-en-el-ambito-local-los-ods-y-la-fijacion-de-poblacion\/#breadcrumb\"},\"inLanguage\":\"es\",\"potentialAction\":[{\"@type\":\"ReadAction\",\"target\":[\"https:\/\/www.gobiernolocal.org\/acento-local\/la-agenda-2030-en-el-ambito-local-los-ods-y-la-fijacion-de-poblacion\/\"]}]},{\"@type\":\"ImageObject\",\"inLanguage\":\"es\",\"@id\":\"https:\/\/www.gobiernolocal.org\/acento-local\/la-agenda-2030-en-el-ambito-local-los-ods-y-la-fijacion-de-poblacion\/#primaryimage\",\"url\":\"https:\/\/www.gobiernolocal.org\/acento-local\/wp-content\/uploads\/2023\/05\/230512_800_01.jpg\",\"contentUrl\":\"https:\/\/www.gobiernolocal.org\/acento-local\/wp-content\/uploads\/2023\/05\/230512_800_01.jpg\",\"width\":800,\"height\":450},{\"@type\":\"BreadcrumbList\",\"@id\":\"https:\/\/www.gobiernolocal.org\/acento-local\/la-agenda-2030-en-el-ambito-local-los-ods-y-la-fijacion-de-poblacion\/#breadcrumb\",\"itemListElement\":[{\"@type\":\"ListItem\",\"position\":1,\"name\":\"Portada\",\"item\":\"https:\/\/www.gobiernolocal.org\/acento-local\/\"},{\"@type\":\"ListItem\",\"position\":2,\"name\":\"La Agenda 2030 en el \u00e1mbito local: los ODS y la fijaci\u00f3n de poblaci\u00f3n\"}]},{\"@type\":\"WebSite\",\"@id\":\"https:\/\/www.gobiernolocal.org\/acento-local\/#website\",\"url\":\"https:\/\/www.gobiernolocal.org\/acento-local\/\",\"name\":\"Fundaci\u00f3n Democracia y Gobierno Local\",\"description\":\"Otro sitio realizado con WordPress\",\"publisher\":{\"@id\":\"https:\/\/www.gobiernolocal.org\/acento-local\/#organization\"},\"potentialAction\":[{\"@type\":\"SearchAction\",\"target\":{\"@type\":\"EntryPoint\",\"urlTemplate\":\"https:\/\/www.gobiernolocal.org\/acento-local\/?s={search_term_string}\"},\"query-input\":{\"@type\":\"PropertyValueSpecification\",\"valueRequired\":true,\"valueName\":\"search_term_string\"}}],\"inLanguage\":\"es\"},{\"@type\":\"Organization\",\"@id\":\"https:\/\/www.gobiernolocal.org\/acento-local\/#organization\",\"name\":\"Fundaci\u00f3n Democracia y Gobierno Local\",\"url\":\"https:\/\/www.gobiernolocal.org\/acento-local\/\",\"logo\":{\"@type\":\"ImageObject\",\"inLanguage\":\"es\",\"@id\":\"https:\/\/www.gobiernolocal.org\/acento-local\/#\/schema\/logo\/image\/\",\"url\":\"https:\/\/www.gobiernolocal.org\/acento-local\/wp-content\/uploads\/2024\/09\/logo-acentoo-local.png\",\"contentUrl\":\"https:\/\/www.gobiernolocal.org\/acento-local\/wp-content\/uploads\/2024\/09\/logo-acentoo-local.png\",\"width\":1005,\"height\":197,\"caption\":\"Fundaci\u00f3n Democracia y Gobierno Local\"},\"image\":{\"@id\":\"https:\/\/www.gobiernolocal.org\/acento-local\/#\/schema\/logo\/image\/\"}},{\"@type\":\"Person\",\"@id\":\"https:\/\/www.gobiernolocal.org\/acento-local\/#\/schema\/person\/022a0a6b36f62f7070403c5a3426d58c\",\"name\":\"Fundaci\u00f3n Gobierno Local\",\"image\":{\"@type\":\"ImageObject\",\"inLanguage\":\"es\",\"@id\":\"https:\/\/www.gobiernolocal.org\/acento-local\/#\/schema\/person\/image\/\",\"url\":\"https:\/\/secure.gravatar.com\/avatar\/0fa5dea6ae65ded9475a6c7160b1cbc7af5bb19e5a8057c4249aa3664c5fbb21?s=96&d=mm&r=g\",\"contentUrl\":\"https:\/\/secure.gravatar.com\/avatar\/0fa5dea6ae65ded9475a6c7160b1cbc7af5bb19e5a8057c4249aa3664c5fbb21?s=96&d=mm&r=g\",\"caption\":\"Fundaci\u00f3n Gobierno Local\"},\"sameAs\":[\"https:\/\/www.gobiernolocal.org\/acento-local\"],\"url\":\"https:\/\/www.gobiernolocal.org\/acento-local\/author\/fundacion-gobierno-local\/\"}]}<\/script>\n<!-- \/ Yoast SEO plugin. -->","yoast_head_json":{"title":"La Agenda 2030 en el \u00e1mbito local: los ODS y la fijaci\u00f3n de poblaci\u00f3n - Fundaci\u00f3n Democracia y Gobierno Local","robots":{"index":"index","follow":"follow","max-snippet":"max-snippet:-1","max-image-preview":"max-image-preview:large","max-video-preview":"max-video-preview:-1"},"canonical":"https:\/\/www.gobiernolocal.org\/acento-local\/la-agenda-2030-en-el-ambito-local-los-ods-y-la-fijacion-de-poblacion\/","og_locale":"es_ES","og_type":"article","og_title":"La Agenda 2030 en el \u00e1mbito local: los ODS y la fijaci\u00f3n de poblaci\u00f3n - Fundaci\u00f3n Democracia y Gobierno Local","og_description":"La necesidad de implantar la Agenda 2030 y los ODS en el \u00e1mbito local se presenta como una oportunidad para la ciudadan\u00eda y luchar contra el reto demogr\u00e1fico, si la alineamos con la metodolog\u00eda de la Agenda Urbana Espa\u00f1ola y la integramos en la gesti\u00f3n presupuestaria. Las diputaciones provinciales pueden trasladar sus planes de acci\u00f3n convertidos en agendas rurales al territorio local, buscando un resultado evidente en la calidad de vida de nuestros vecinos y en la sostenibilidad de nuestros territorios.","og_url":"https:\/\/www.gobiernolocal.org\/acento-local\/la-agenda-2030-en-el-ambito-local-los-ods-y-la-fijacion-de-poblacion\/","og_site_name":"Fundaci\u00f3n Democracia y Gobierno Local","article_published_time":"2023-05-10T05:30:00+00:00","article_modified_time":"2023-10-10T07:46:06+00:00","og_image":[{"width":800,"height":450,"url":"https:\/\/www.gobiernolocal.org\/acento-local\/wp-content\/uploads\/2023\/05\/230512_800_01.jpg","type":"image\/jpeg"}],"author":"Fundaci\u00f3n Gobierno Local","twitter_card":"summary_large_image","twitter_misc":{"Escrito por":"Fundaci\u00f3n Gobierno Local","Tiempo de lectura":"5 minutos"},"schema":{"@context":"https:\/\/schema.org","@graph":[{"@type":"Article","@id":"https:\/\/www.gobiernolocal.org\/acento-local\/la-agenda-2030-en-el-ambito-local-los-ods-y-la-fijacion-de-poblacion\/#article","isPartOf":{"@id":"https:\/\/www.gobiernolocal.org\/acento-local\/la-agenda-2030-en-el-ambito-local-los-ods-y-la-fijacion-de-poblacion\/"},"author":{"name":"Fundaci\u00f3n Gobierno Local","@id":"https:\/\/www.gobiernolocal.org\/acento-local\/#\/schema\/person\/022a0a6b36f62f7070403c5a3426d58c"},"headline":"La Agenda 2030 en el \u00e1mbito local: los ODS y la fijaci\u00f3n de poblaci\u00f3n","datePublished":"2023-05-10T05:30:00+00:00","dateModified":"2023-10-10T07:46:06+00:00","mainEntityOfPage":{"@id":"https:\/\/www.gobiernolocal.org\/acento-local\/la-agenda-2030-en-el-ambito-local-los-ods-y-la-fijacion-de-poblacion\/"},"wordCount":1259,"commentCount":0,"publisher":{"@id":"https:\/\/www.gobiernolocal.org\/acento-local\/#organization"},"image":{"@id":"https:\/\/www.gobiernolocal.org\/acento-local\/la-agenda-2030-en-el-ambito-local-los-ods-y-la-fijacion-de-poblacion\/#primaryimage"},"thumbnailUrl":"https:\/\/www.gobiernolocal.org\/acento-local\/wp-content\/uploads\/2023\/05\/230512_800_01.jpg","keywords":["Cambio clim\u00e1tico","Despoblaci\u00f3n","Diputaciones"],"articleSection":["Innovaci\u00f3n y Sostenibilidad"],"inLanguage":"es","potentialAction":[{"@type":"CommentAction","name":"Comment","target":["https:\/\/www.gobiernolocal.org\/acento-local\/la-agenda-2030-en-el-ambito-local-los-ods-y-la-fijacion-de-poblacion\/#respond"]}]},{"@type":"WebPage","@id":"https:\/\/www.gobiernolocal.org\/acento-local\/la-agenda-2030-en-el-ambito-local-los-ods-y-la-fijacion-de-poblacion\/","url":"https:\/\/www.gobiernolocal.org\/acento-local\/la-agenda-2030-en-el-ambito-local-los-ods-y-la-fijacion-de-poblacion\/","name":"La Agenda 2030 en el \u00e1mbito local: los ODS y la fijaci\u00f3n de poblaci\u00f3n - Fundaci\u00f3n Democracia y Gobierno Local","isPartOf":{"@id":"https:\/\/www.gobiernolocal.org\/acento-local\/#website"},"primaryImageOfPage":{"@id":"https:\/\/www.gobiernolocal.org\/acento-local\/la-agenda-2030-en-el-ambito-local-los-ods-y-la-fijacion-de-poblacion\/#primaryimage"},"image":{"@id":"https:\/\/www.gobiernolocal.org\/acento-local\/la-agenda-2030-en-el-ambito-local-los-ods-y-la-fijacion-de-poblacion\/#primaryimage"},"thumbnailUrl":"https:\/\/www.gobiernolocal.org\/acento-local\/wp-content\/uploads\/2023\/05\/230512_800_01.jpg","datePublished":"2023-05-10T05:30:00+00:00","dateModified":"2023-10-10T07:46:06+00:00","breadcrumb":{"@id":"https:\/\/www.gobiernolocal.org\/acento-local\/la-agenda-2030-en-el-ambito-local-los-ods-y-la-fijacion-de-poblacion\/#breadcrumb"},"inLanguage":"es","potentialAction":[{"@type":"ReadAction","target":["https:\/\/www.gobiernolocal.org\/acento-local\/la-agenda-2030-en-el-ambito-local-los-ods-y-la-fijacion-de-poblacion\/"]}]},{"@type":"ImageObject","inLanguage":"es","@id":"https:\/\/www.gobiernolocal.org\/acento-local\/la-agenda-2030-en-el-ambito-local-los-ods-y-la-fijacion-de-poblacion\/#primaryimage","url":"https:\/\/www.gobiernolocal.org\/acento-local\/wp-content\/uploads\/2023\/05\/230512_800_01.jpg","contentUrl":"https:\/\/www.gobiernolocal.org\/acento-local\/wp-content\/uploads\/2023\/05\/230512_800_01.jpg","width":800,"height":450},{"@type":"BreadcrumbList","@id":"https:\/\/www.gobiernolocal.org\/acento-local\/la-agenda-2030-en-el-ambito-local-los-ods-y-la-fijacion-de-poblacion\/#breadcrumb","itemListElement":[{"@type":"ListItem","position":1,"name":"Portada","item":"https:\/\/www.gobiernolocal.org\/acento-local\/"},{"@type":"ListItem","position":2,"name":"La Agenda 2030 en el \u00e1mbito local: los ODS y la fijaci\u00f3n de poblaci\u00f3n"}]},{"@type":"WebSite","@id":"https:\/\/www.gobiernolocal.org\/acento-local\/#website","url":"https:\/\/www.gobiernolocal.org\/acento-local\/","name":"Fundaci\u00f3n Democracia y Gobierno Local","description":"Otro sitio realizado con WordPress","publisher":{"@id":"https:\/\/www.gobiernolocal.org\/acento-local\/#organization"},"potentialAction":[{"@type":"SearchAction","target":{"@type":"EntryPoint","urlTemplate":"https:\/\/www.gobiernolocal.org\/acento-local\/?s={search_term_string}"},"query-input":{"@type":"PropertyValueSpecification","valueRequired":true,"valueName":"search_term_string"}}],"inLanguage":"es"},{"@type":"Organization","@id":"https:\/\/www.gobiernolocal.org\/acento-local\/#organization","name":"Fundaci\u00f3n Democracia y Gobierno Local","url":"https:\/\/www.gobiernolocal.org\/acento-local\/","logo":{"@type":"ImageObject","inLanguage":"es","@id":"https:\/\/www.gobiernolocal.org\/acento-local\/#\/schema\/logo\/image\/","url":"https:\/\/www.gobiernolocal.org\/acento-local\/wp-content\/uploads\/2024\/09\/logo-acentoo-local.png","contentUrl":"https:\/\/www.gobiernolocal.org\/acento-local\/wp-content\/uploads\/2024\/09\/logo-acentoo-local.png","width":1005,"height":197,"caption":"Fundaci\u00f3n Democracia y Gobierno Local"},"image":{"@id":"https:\/\/www.gobiernolocal.org\/acento-local\/#\/schema\/logo\/image\/"}},{"@type":"Person","@id":"https:\/\/www.gobiernolocal.org\/acento-local\/#\/schema\/person\/022a0a6b36f62f7070403c5a3426d58c","name":"Fundaci\u00f3n Gobierno Local","image":{"@type":"ImageObject","inLanguage":"es","@id":"https:\/\/www.gobiernolocal.org\/acento-local\/#\/schema\/person\/image\/","url":"https:\/\/secure.gravatar.com\/avatar\/0fa5dea6ae65ded9475a6c7160b1cbc7af5bb19e5a8057c4249aa3664c5fbb21?s=96&d=mm&r=g","contentUrl":"https:\/\/secure.gravatar.com\/avatar\/0fa5dea6ae65ded9475a6c7160b1cbc7af5bb19e5a8057c4249aa3664c5fbb21?s=96&d=mm&r=g","caption":"Fundaci\u00f3n Gobierno Local"},"sameAs":["https:\/\/www.gobiernolocal.org\/acento-local"],"url":"https:\/\/www.gobiernolocal.org\/acento-local\/author\/fundacion-gobierno-local\/"}]}},"_links":{"self":[{"href":"https:\/\/www.gobiernolocal.org\/acento-local\/wp-json\/wp\/v2\/posts\/2287","targetHints":{"allow":["GET"]}}],"collection":[{"href":"https:\/\/www.gobiernolocal.org\/acento-local\/wp-json\/wp\/v2\/posts"}],"about":[{"href":"https:\/\/www.gobiernolocal.org\/acento-local\/wp-json\/wp\/v2\/types\/post"}],"author":[{"embeddable":true,"href":"https:\/\/www.gobiernolocal.org\/acento-local\/wp-json\/wp\/v2\/users\/2"}],"replies":[{"embeddable":true,"href":"https:\/\/www.gobiernolocal.org\/acento-local\/wp-json\/wp\/v2\/comments?post=2287"}],"version-history":[{"count":0,"href":"https:\/\/www.gobiernolocal.org\/acento-local\/wp-json\/wp\/v2\/posts\/2287\/revisions"}],"wp:featuredmedia":[{"embeddable":true,"href":"https:\/\/www.gobiernolocal.org\/acento-local\/wp-json\/wp\/v2\/media\/2292"}],"wp:attachment":[{"href":"https:\/\/www.gobiernolocal.org\/acento-local\/wp-json\/wp\/v2\/media?parent=2287"}],"wp:term":[{"taxonomy":"category","embeddable":true,"href":"https:\/\/www.gobiernolocal.org\/acento-local\/wp-json\/wp\/v2\/categories?post=2287"},{"taxonomy":"post_tag","embeddable":true,"href":"https:\/\/www.gobiernolocal.org\/acento-local\/wp-json\/wp\/v2\/tags?post=2287"},{"taxonomy":"autor-post","embeddable":true,"href":"https:\/\/www.gobiernolocal.org\/acento-local\/wp-json\/wp\/v2\/autor-post?post=2287"}],"curies":[{"name":"wp","href":"https:\/\/api.w.org\/{rel}","templated":true}]}}