{"id":2060,"date":"2023-01-04T07:30:00","date_gmt":"2023-01-04T06:30:00","guid":{"rendered":"https:\/\/www.gobiernolocal.org\/acento-local\/?p=2060"},"modified":"2023-10-10T09:08:21","modified_gmt":"2023-10-10T07:08:21","slug":"medidas-de-prevencion-y-sancion-del-abuso-de-la-temporalidad-en-el-ambito-local","status":"publish","type":"post","link":"https:\/\/www.gobiernolocal.org\/acento-local\/medidas-de-prevencion-y-sancion-del-abuso-de-la-temporalidad-en-el-ambito-local\/","title":{"rendered":"Medidas de prevenci\u00f3n y sanci\u00f3n del abuso de la temporalidad en el \u00e1mbito local"},"content":{"rendered":"\n<p>La Ley 20\/2021, de 28 de diciembre, de medidas urgentes para la reducci\u00f3n de la temporalidad en el empleo p\u00fablico, aborda el problema del abuso de las relaciones laborales temporales en el \u00e1mbito de las Administraciones p\u00fablicas y de sus correspondientes sectores p\u00fablicos institucionales. La ley mira hacia el pasado y hacia el futuro.<\/p>\n\n\n\n<blockquote class=\"wp-block-quote is-layout-flow wp-block-quote-is-layout-flow\">\n<p><strong>La Ley 20\/2021, de 28 de diciembre,<\/strong> <strong>de medidas urgentes para la reducci\u00f3n de la temporalidad en el empleo p\u00fablico,<\/strong> <strong>aborda el problema del abuso de las relaciones laborales temporales en el \u00e1mbito de las Administraciones p\u00fablicas.<\/strong><\/p>\n<\/blockquote>\n\n\n\n<p>La mirada hacia el pasado se concreta en el art. 2 de la Ley 20\/2021 y en su pol\u00e9mica disposici\u00f3n adicional sexta, que culminan las pol\u00edticas de <a href=\"http:\/\/www.revistasmarcialpons.es\/anuarioderechomunicipal\/article\/view\/los-procesos-de-estabilizacion-en-la-administracion-local\">estabilizaci\u00f3n<\/a> de plazas estructurales que se vienen desarrollando en los \u00faltimos a\u00f1os en las Administraciones p\u00fablicas, especialmente desde el a\u00f1o 2017. Con estas medidas se tratar\u00eda de solucionar el problema ya creado del abuso de la temporalidad en el nombramiento de funcionarios interinos y en la contrataci\u00f3n de personal laboral temporal en la Administraci\u00f3n. El objetivo a conseguir es que la tasa de temporalidad no supere el porcentaje del 8 % de la plantilla de personal en cada \u00e1mbito.<\/p>\n\n\n\n<blockquote class=\"wp-block-quote is-layout-flow wp-block-quote-is-layout-flow\">\n<p><strong>Con estas medidas se tratar\u00eda de solucionar el problema ya creado del abuso de la temporalidad en el nombramiento de funcionarios interinos y en la contrataci\u00f3n de personal laboral temporal<\/strong> <strong>en la Administraci\u00f3n.<\/strong><\/p>\n<\/blockquote>\n\n\n\n<p>La mirada hacia el futuro se compendia b\u00e1sicamente en el art\u00edculo uno y en las medidas que se establecen en las distintas disposiciones adicionales de la Ley. Con ellas se transpone a nuestro ordenamiento jur\u00eddico funcionarial la cl\u00e1usula 5.\u00aa de la <em>Directiva 1999\/70\/CE del Consejo, de 28 de junio de 1999<\/em>,<em> relativa al Acuerdo Marco de la CES, la UNICE y el CEEP sobre el trabajo de duraci\u00f3n determinada<\/em>.<strong> <\/strong>Se introduce un listado verdaderamente amplio de medidas que pretenden disuadir a la Administraci\u00f3n de que cometa abusos en la utilizaci\u00f3n de las distintas figuras de empleo temporal, estableciendo, llegado el caso, medidas para su sanci\u00f3n.<\/p>\n\n\n\n<blockquote class=\"wp-block-quote is-layout-flow wp-block-quote-is-layout-flow\">\n<p><strong>Se introduce un listado verdaderamente amplio de medidas que pretenden disuadir a la Administraci\u00f3n de que cometa abusos en la utilizaci\u00f3n de las distintas figuras de empleo temporal.<\/strong><\/p>\n<\/blockquote>\n\n\n\n<p>En este trabajo abordo el an\u00e1lisis de las m\u00faltiples medidas establecidas en la nueva disposici\u00f3n adicional decimos\u00e9ptima que el art. 1 de la Ley 20\/2021 introduce en el <a href=\"https:\/\/www.boe.es\/buscar\/act.php?id=BOE-A-2015-11719\">Estatuto B\u00e1sico del Empleado P\u00fablico<\/a> para el control de la temporalidad en el empleo p\u00fablico.<\/p>\n\n\n\n<p>La reforma es importante porque se regulan por vez primera las consecuencias jur\u00eddicas que las irregularidades pueden tener para la Administraci\u00f3n, para los responsables de causarlas y para el propio empleado temporal. Al mismo tiempo, se dise\u00f1an las medidas que han de permitir disuadir a la Administraci\u00f3n de la comisi\u00f3n de estos abusos, previni\u00e9ndolos. Por vez primera, y con buen criterio, se regula de forma igualitaria la sanci\u00f3n para los abusos de las relaciones en el empleo p\u00fablico, ya sean laborales o funcionariales. Se produce as\u00ed un paso m\u00e1s en la consolidaci\u00f3n de un r\u00e9gimen estatutario de derecho p\u00fablico para el personal laboral de la Administraci\u00f3n, que pasa directamente de las soluciones aportadas por el Estatuto de los Trabajadores, aunque tamizadas por la jurisprudencia con la creaci\u00f3n de la figura del personal indefinido no fijo, a soluciones de derecho p\u00fablico m\u00e1s respetuosas con el marco constitucional que rige el acceso a la Administraci\u00f3n. Se abandonan de forma definitiva algunos intentos jurisprudenciales que hab\u00edan apuntado en la direcci\u00f3n contraria, hacia la traslaci\u00f3n de la soluci\u00f3n judicial del \u00e1mbito social al \u00e1mbito del derecho administrativo a trav\u00e9s de la figura que se denomin\u00f3 funcionario \u201cindefinido no fijo\u201d.<\/p>\n\n\n\n<blockquote class=\"wp-block-quote is-layout-flow wp-block-quote-is-layout-flow\">\n<p><strong>Por vez primera, y con buen criterio, se regula de forma igualitaria la sanci\u00f3n para los abusos de las relaciones en el empleo p\u00fablico, ya sean laborales o funcionariales.<\/strong><\/p>\n<\/blockquote>\n\n\n\n<p>A efectos meramente de su exposici\u00f3n, intento sistematizarlas, distinguiendo entre aquellas medidas que est\u00e1n destinadas a prevenir los abusos y aquellas otras que act\u00faan <em>a posteriori<\/em>, cuando el abuso ya se ha producido. El primer objetivo se pretende conseguir estableciendo b\u00e1sicamente un r\u00e9gimen muy detallado de la figura del funcionario interino, que perfila su car\u00e1cter temporal en la Administraci\u00f3n, cierra sus expectativas de convertirse en funcionario de carrera sin someterse a los procedimientos selectivos y tipifica los supuestos del cese. Se da una nueva regulaci\u00f3n a los art\u00edculos 10 y 11 del Estatuto B\u00e1sico del Empleado P\u00fablico para establecer una regulaci\u00f3n mucho m\u00e1s perfilada y minuciosa del funcionario interino, y se introducen algunas exigencias b\u00e1sicas respecto a la contrataci\u00f3n del personal laboral que faltaban en nuestro ordenamiento jur\u00eddico. Como medidas m\u00e1s importantes para el cumplimento del segundo objetivo de la Ley, el de la sanci\u00f3n del abuso, se utiliza la instituci\u00f3n de la nulidad absoluta o de pleno derecho para las actuaciones administrativas que supongan un incumplimiento de los per\u00edodos m\u00e1ximos de permanencia en la Administraci\u00f3n. Asimismo, se establece un novedoso sistema de compensaciones econ\u00f3micas para los empleados temporales \u201cde larga duraci\u00f3n\u201d que extingan su v\u00ednculo con la Administraci\u00f3n, y se exigen responsabilidades al sujeto causante del abuso.<\/p>\n\n\n\n<blockquote class=\"wp-block-quote is-layout-flow wp-block-quote-is-layout-flow\">\n<p><strong>Medidas que est\u00e1n destinadas a prevenir los abusos y<\/strong> <strong>otras que act\u00faan <em>a posteriori<\/em>, cuando el abuso ya se ha producido.<\/strong><\/p>\n<\/blockquote>\n\n\n\n<p>La reforma resultaba imprescindible. Hab\u00eda un gran consenso entre todas las fuerzas pol\u00edticas y todos los actores implicados en la necesidad de abordar una nueva regulaci\u00f3n que diera respuesta a las exigencias que derivan de la cl\u00e1usula 5.\u00aa del Acuerdo Marco, a la vista de la interpretaci\u00f3n jurisprudencial de que ha sido objeto. Con ello se pretende introducir una mayor dosis de seguridad jur\u00eddica en esta materia a partir de la clarificaci\u00f3n de las bases para disuadir o, en su caso, sancionar a la Administraci\u00f3n que cometa irregularidades en la utilizaci\u00f3n de las modalidades de empleo p\u00fablico temporal.<\/p>\n\n\n\n<p>A pesar de la trascendencia que tiene esta reforma y de algunas medidas pol\u00e9micas que contiene, puede decirse que ha existido un gran consenso entre todas las fuerzas pol\u00edticas y los actores implicados. As\u00ed se puso de manifiesto en la reuni\u00f3n de 11 de junio de 2020 de la Conferencia Sectorial de Administraci\u00f3n P\u00fablica, que es el \u00f3rgano pol\u00edtico de cooperaci\u00f3n en materia de administraci\u00f3n p\u00fablica de la Administraci\u00f3n General del Estado, de las Administraciones de las comunidades aut\u00f3nomas, de las ciudades de Ceuta y Melilla y de la Administraci\u00f3n local, a trav\u00e9s de la Federaci\u00f3n Espa\u00f1ola de Municipios y Provincias, as\u00ed como en su \u00f3rgano t\u00e9cnico, en la Comisi\u00f3n de Coordinaci\u00f3n del Empleo P\u00fablico. De la misma manera, en el marco del di\u00e1logo social, las propuestas se negociaron con las organizaciones sindicales presentes en la Mesa General de Negociaci\u00f3n de las Administraciones P\u00fablicas y se plasmaron en un Acuerdo entre el Gobierno de Espa\u00f1a y las organizaciones sindicales CCOO, UGT y CSIF. La participaci\u00f3n de los sindicatos es una exigencia de la propia Directiva europea.<\/p>\n\n\n\n<p>Por lo dem\u00e1s, la reforma hay que encuadrarla tambi\u00e9n dentro de los compromisos suscritos por el Estado espa\u00f1ol ante Bruselas, dentro del Plan de Recuperaci\u00f3n, Transformaci\u00f3n y Resiliencia, que obliga a realizar las reformas necesarias en el empleo p\u00fablico antes de que acabe el a\u00f1o 2021. En este sentido, las medidas adoptadas resultan perfectamente explicables si tenemos en cuenta que la Comisi\u00f3n Europea todav\u00eda mantiene abierto un <a href=\"https:\/\/ec.europa.eu\/info\/sites\/default\/files\/file_import\/information-notice-multiple-complaint-chap-2013-01917_es.pdf\">procedimiento de infracci\u00f3n<\/a> contra Espa\u00f1a (2014\/4334) relativo a la posible incompatibilidad del derecho espa\u00f1ol con la cl\u00e1usula 5.\u00aa del Acuerdo Marco, a pesar de las medidas que ya ha adoptado y est\u00e1 llevando a cabo para reducir la temporalidad.<\/p>\n\n\n\n<p><a href=\"https:\/\/www.gobiernolocal.org\/publicaciones\/2022\/QDL60\/QDL60_03_Cantero_Martinez.pdf\">https:\/\/www.gobiernolocal.org\/publicaciones\/2022\/QDL60\/QDL60_03_Cantero_Martinez.pdf<\/a><\/p>\n\n\n\n<p>Autor\/a: <strong>Josefa Cantero Mart\u00ednez<\/strong><\/p>\n","protected":false},"excerpt":{"rendered":"<p>En este trabajo se reflexiona sobre las medidas introducidas en nuestro ordenamiento jur\u00eddico para prevenir las irregularidades cometidas por la Administraci\u00f3n local en el \u00e1mbito de la contrataci\u00f3n laboral temporal y del nombramiento de funcionarios interinos. Constatada una situaci\u00f3n de abuso en la utilizaci\u00f3n de estas figuras temporales, se abordan las medidas previstas para su sanci\u00f3n por la Ley 20\/2021, de 28 de diciembre, de medidas urgentes para la reducci\u00f3n de la temporalidad en el empleo p\u00fablico.<\/p>\n","protected":false},"author":2,"featured_media":2062,"comment_status":"open","ping_status":"open","sticky":false,"template":"","format":"standard","meta":{"site-sidebar-layout":"default","site-content-layout":"","ast-site-content-layout":"default","site-content-style":"default","site-sidebar-style":"default","ast-global-header-display":"","ast-banner-title-visibility":"","ast-main-header-display":"","ast-hfb-above-header-display":"","ast-hfb-below-header-display":"","ast-hfb-mobile-header-display":"","site-post-title":"","ast-breadcrumbs-content":"","ast-featured-img":"","footer-sml-layout":"","ast-disable-related-posts":"","theme-transparent-header-meta":"","adv-header-id-meta":"","stick-header-meta":"","header-above-stick-meta":"","header-main-stick-meta":"","header-below-stick-meta":"","astra-migrate-meta-layouts":"set","ast-page-background-enabled":"default","ast-page-background-meta":{"desktop":{"background-color":"var(--ast-global-color-4)","background-image":"","background-repeat":"repeat","background-position":"center center","background-size":"auto","background-attachment":"scroll","background-type":"","background-media":"","overlay-type":"","overlay-color":"","overlay-opacity":"","overlay-gradient":""},"tablet":{"background-color":"","background-image":"","background-repeat":"repeat","background-position":"center center","background-size":"auto","background-attachment":"scroll","background-type":"","background-media":"","overlay-type":"","overlay-color":"","overlay-opacity":"","overlay-gradient":""},"mobile":{"background-color":"","background-image":"","background-repeat":"repeat","background-position":"center center","background-size":"auto","background-attachment":"scroll","background-type":"","background-media":"","overlay-type":"","overlay-color":"","overlay-opacity":"","overlay-gradient":""}},"ast-content-background-meta":{"desktop":{"background-color":"var(--ast-global-color-5)","background-image":"","background-repeat":"repeat","background-position":"center center","background-size":"auto","background-attachment":"scroll","background-type":"","background-media":"","overlay-type":"","overlay-color":"","overlay-opacity":"","overlay-gradient":""},"tablet":{"background-color":"var(--ast-global-color-5)","background-image":"","background-repeat":"repeat","background-position":"center center","background-size":"auto","background-attachment":"scroll","background-type":"","background-media":"","overlay-type":"","overlay-color":"","overlay-opacity":"","overlay-gradient":""},"mobile":{"background-color":"var(--ast-global-color-5)","background-image":"","background-repeat":"repeat","background-position":"center center","background-size":"auto","background-attachment":"scroll","background-type":"","background-media":"","overlay-type":"","overlay-color":"","overlay-opacity":"","overlay-gradient":""}},"area-autor":{"item-0":{"nombre-del-autor":"Josefa Cantero Mart\u00ednez","cargo-autor":"Catedr\u00e1tica de Derecho Administrativo. UCLM","foto-autor":"2061"}},"footnotes":""},"categories":[7],"tags":[99],"autor-post":[105],"class_list":["post-2060","post","type-post","status-publish","format-standard","has-post-thumbnail","hentry","category-gobernanza","tag-funcion-publica","autor-post-josefa-cantero-martinez"],"yoast_head":"<!-- This site is optimized with the Yoast SEO plugin v27.0 - https:\/\/yoast.com\/product\/yoast-seo-wordpress\/ -->\n<title>Medidas de prevenci\u00f3n y sanci\u00f3n del abuso de la temporalidad en el \u00e1mbito local - Fundaci\u00f3n Democracia y Gobierno Local<\/title>\n<meta name=\"robots\" content=\"index, follow, max-snippet:-1, max-image-preview:large, max-video-preview:-1\" \/>\n<link rel=\"canonical\" href=\"https:\/\/www.gobiernolocal.org\/acento-local\/medidas-de-prevencion-y-sancion-del-abuso-de-la-temporalidad-en-el-ambito-local\/\" \/>\n<meta property=\"og:locale\" content=\"es_ES\" \/>\n<meta property=\"og:type\" content=\"article\" \/>\n<meta property=\"og:title\" content=\"Medidas de prevenci\u00f3n y sanci\u00f3n del abuso de la temporalidad en el \u00e1mbito local - Fundaci\u00f3n Democracia y Gobierno Local\" \/>\n<meta property=\"og:description\" content=\"En este trabajo se reflexiona sobre las medidas introducidas en nuestro ordenamiento jur\u00eddico para prevenir las irregularidades cometidas por la Administraci\u00f3n local en el \u00e1mbito de la contrataci\u00f3n laboral temporal y del nombramiento de funcionarios interinos. Constatada una situaci\u00f3n de abuso en la utilizaci\u00f3n de estas figuras temporales, se abordan las medidas previstas para su sanci\u00f3n por la Ley 20\/2021, de 28 de diciembre, de medidas urgentes para la reducci\u00f3n de la temporalidad en el empleo p\u00fablico.\" \/>\n<meta property=\"og:url\" content=\"https:\/\/www.gobiernolocal.org\/acento-local\/medidas-de-prevencion-y-sancion-del-abuso-de-la-temporalidad-en-el-ambito-local\/\" \/>\n<meta property=\"og:site_name\" content=\"Fundaci\u00f3n Democracia y Gobierno Local\" \/>\n<meta property=\"article:published_time\" content=\"2023-01-04T06:30:00+00:00\" \/>\n<meta property=\"article:modified_time\" content=\"2023-10-10T07:08:21+00:00\" \/>\n<meta property=\"og:image\" content=\"https:\/\/www.gobiernolocal.org\/acento-local\/wp-content\/uploads\/2022\/12\/230104_800_01.jpg\" \/>\n\t<meta property=\"og:image:width\" content=\"800\" \/>\n\t<meta property=\"og:image:height\" content=\"533\" \/>\n\t<meta property=\"og:image:type\" content=\"image\/jpeg\" \/>\n<meta name=\"author\" content=\"Fundaci\u00f3n Gobierno Local\" \/>\n<meta name=\"twitter:card\" content=\"summary_large_image\" \/>\n<meta name=\"twitter:label1\" content=\"Escrito por\" \/>\n\t<meta name=\"twitter:data1\" content=\"Fundaci\u00f3n Gobierno Local\" \/>\n\t<meta name=\"twitter:label2\" content=\"Tiempo de lectura\" \/>\n\t<meta name=\"twitter:data2\" content=\"6 minutos\" \/>\n<script type=\"application\/ld+json\" class=\"yoast-schema-graph\">{\"@context\":\"https:\/\/schema.org\",\"@graph\":[{\"@type\":\"Article\",\"@id\":\"https:\/\/www.gobiernolocal.org\/acento-local\/medidas-de-prevencion-y-sancion-del-abuso-de-la-temporalidad-en-el-ambito-local\/#article\",\"isPartOf\":{\"@id\":\"https:\/\/www.gobiernolocal.org\/acento-local\/medidas-de-prevencion-y-sancion-del-abuso-de-la-temporalidad-en-el-ambito-local\/\"},\"author\":{\"name\":\"Fundaci\u00f3n Gobierno Local\",\"@id\":\"https:\/\/www.gobiernolocal.org\/acento-local\/#\/schema\/person\/022a0a6b36f62f7070403c5a3426d58c\"},\"headline\":\"Medidas de prevenci\u00f3n y sanci\u00f3n del abuso de la temporalidad en el \u00e1mbito local\",\"datePublished\":\"2023-01-04T06:30:00+00:00\",\"dateModified\":\"2023-10-10T07:08:21+00:00\",\"mainEntityOfPage\":{\"@id\":\"https:\/\/www.gobiernolocal.org\/acento-local\/medidas-de-prevencion-y-sancion-del-abuso-de-la-temporalidad-en-el-ambito-local\/\"},\"wordCount\":1385,\"commentCount\":0,\"publisher\":{\"@id\":\"https:\/\/www.gobiernolocal.org\/acento-local\/#organization\"},\"image\":{\"@id\":\"https:\/\/www.gobiernolocal.org\/acento-local\/medidas-de-prevencion-y-sancion-del-abuso-de-la-temporalidad-en-el-ambito-local\/#primaryimage\"},\"thumbnailUrl\":\"https:\/\/www.gobiernolocal.org\/acento-local\/wp-content\/uploads\/2022\/12\/230104_800_01.jpg\",\"keywords\":[\"Funci\u00f3n p\u00fablica\"],\"articleSection\":[\"Gobernanza\"],\"inLanguage\":\"es\",\"potentialAction\":[{\"@type\":\"CommentAction\",\"name\":\"Comment\",\"target\":[\"https:\/\/www.gobiernolocal.org\/acento-local\/medidas-de-prevencion-y-sancion-del-abuso-de-la-temporalidad-en-el-ambito-local\/#respond\"]}]},{\"@type\":\"WebPage\",\"@id\":\"https:\/\/www.gobiernolocal.org\/acento-local\/medidas-de-prevencion-y-sancion-del-abuso-de-la-temporalidad-en-el-ambito-local\/\",\"url\":\"https:\/\/www.gobiernolocal.org\/acento-local\/medidas-de-prevencion-y-sancion-del-abuso-de-la-temporalidad-en-el-ambito-local\/\",\"name\":\"Medidas de prevenci\u00f3n y sanci\u00f3n del abuso de la temporalidad en el \u00e1mbito local - Fundaci\u00f3n Democracia y Gobierno Local\",\"isPartOf\":{\"@id\":\"https:\/\/www.gobiernolocal.org\/acento-local\/#website\"},\"primaryImageOfPage\":{\"@id\":\"https:\/\/www.gobiernolocal.org\/acento-local\/medidas-de-prevencion-y-sancion-del-abuso-de-la-temporalidad-en-el-ambito-local\/#primaryimage\"},\"image\":{\"@id\":\"https:\/\/www.gobiernolocal.org\/acento-local\/medidas-de-prevencion-y-sancion-del-abuso-de-la-temporalidad-en-el-ambito-local\/#primaryimage\"},\"thumbnailUrl\":\"https:\/\/www.gobiernolocal.org\/acento-local\/wp-content\/uploads\/2022\/12\/230104_800_01.jpg\",\"datePublished\":\"2023-01-04T06:30:00+00:00\",\"dateModified\":\"2023-10-10T07:08:21+00:00\",\"breadcrumb\":{\"@id\":\"https:\/\/www.gobiernolocal.org\/acento-local\/medidas-de-prevencion-y-sancion-del-abuso-de-la-temporalidad-en-el-ambito-local\/#breadcrumb\"},\"inLanguage\":\"es\",\"potentialAction\":[{\"@type\":\"ReadAction\",\"target\":[\"https:\/\/www.gobiernolocal.org\/acento-local\/medidas-de-prevencion-y-sancion-del-abuso-de-la-temporalidad-en-el-ambito-local\/\"]}]},{\"@type\":\"ImageObject\",\"inLanguage\":\"es\",\"@id\":\"https:\/\/www.gobiernolocal.org\/acento-local\/medidas-de-prevencion-y-sancion-del-abuso-de-la-temporalidad-en-el-ambito-local\/#primaryimage\",\"url\":\"https:\/\/www.gobiernolocal.org\/acento-local\/wp-content\/uploads\/2022\/12\/230104_800_01.jpg\",\"contentUrl\":\"https:\/\/www.gobiernolocal.org\/acento-local\/wp-content\/uploads\/2022\/12\/230104_800_01.jpg\",\"width\":800,\"height\":533},{\"@type\":\"BreadcrumbList\",\"@id\":\"https:\/\/www.gobiernolocal.org\/acento-local\/medidas-de-prevencion-y-sancion-del-abuso-de-la-temporalidad-en-el-ambito-local\/#breadcrumb\",\"itemListElement\":[{\"@type\":\"ListItem\",\"position\":1,\"name\":\"Portada\",\"item\":\"https:\/\/www.gobiernolocal.org\/acento-local\/\"},{\"@type\":\"ListItem\",\"position\":2,\"name\":\"Medidas de prevenci\u00f3n y sanci\u00f3n del abuso de la temporalidad en el \u00e1mbito local\"}]},{\"@type\":\"WebSite\",\"@id\":\"https:\/\/www.gobiernolocal.org\/acento-local\/#website\",\"url\":\"https:\/\/www.gobiernolocal.org\/acento-local\/\",\"name\":\"Fundaci\u00f3n Democracia y Gobierno Local\",\"description\":\"Otro sitio realizado con WordPress\",\"publisher\":{\"@id\":\"https:\/\/www.gobiernolocal.org\/acento-local\/#organization\"},\"potentialAction\":[{\"@type\":\"SearchAction\",\"target\":{\"@type\":\"EntryPoint\",\"urlTemplate\":\"https:\/\/www.gobiernolocal.org\/acento-local\/?s={search_term_string}\"},\"query-input\":{\"@type\":\"PropertyValueSpecification\",\"valueRequired\":true,\"valueName\":\"search_term_string\"}}],\"inLanguage\":\"es\"},{\"@type\":\"Organization\",\"@id\":\"https:\/\/www.gobiernolocal.org\/acento-local\/#organization\",\"name\":\"Fundaci\u00f3n Democracia y Gobierno Local\",\"url\":\"https:\/\/www.gobiernolocal.org\/acento-local\/\",\"logo\":{\"@type\":\"ImageObject\",\"inLanguage\":\"es\",\"@id\":\"https:\/\/www.gobiernolocal.org\/acento-local\/#\/schema\/logo\/image\/\",\"url\":\"https:\/\/www.gobiernolocal.org\/acento-local\/wp-content\/uploads\/2024\/09\/logo-acentoo-local.png\",\"contentUrl\":\"https:\/\/www.gobiernolocal.org\/acento-local\/wp-content\/uploads\/2024\/09\/logo-acentoo-local.png\",\"width\":1005,\"height\":197,\"caption\":\"Fundaci\u00f3n Democracia y Gobierno Local\"},\"image\":{\"@id\":\"https:\/\/www.gobiernolocal.org\/acento-local\/#\/schema\/logo\/image\/\"}},{\"@type\":\"Person\",\"@id\":\"https:\/\/www.gobiernolocal.org\/acento-local\/#\/schema\/person\/022a0a6b36f62f7070403c5a3426d58c\",\"name\":\"Fundaci\u00f3n Gobierno Local\",\"image\":{\"@type\":\"ImageObject\",\"inLanguage\":\"es\",\"@id\":\"https:\/\/www.gobiernolocal.org\/acento-local\/#\/schema\/person\/image\/\",\"url\":\"https:\/\/secure.gravatar.com\/avatar\/0fa5dea6ae65ded9475a6c7160b1cbc7af5bb19e5a8057c4249aa3664c5fbb21?s=96&d=mm&r=g\",\"contentUrl\":\"https:\/\/secure.gravatar.com\/avatar\/0fa5dea6ae65ded9475a6c7160b1cbc7af5bb19e5a8057c4249aa3664c5fbb21?s=96&d=mm&r=g\",\"caption\":\"Fundaci\u00f3n Gobierno Local\"},\"sameAs\":[\"https:\/\/www.gobiernolocal.org\/acento-local\"],\"url\":\"https:\/\/www.gobiernolocal.org\/acento-local\/author\/fundacion-gobierno-local\/\"}]}<\/script>\n<!-- \/ Yoast SEO plugin. -->","yoast_head_json":{"title":"Medidas de prevenci\u00f3n y sanci\u00f3n del abuso de la temporalidad en el \u00e1mbito local - Fundaci\u00f3n Democracia y Gobierno Local","robots":{"index":"index","follow":"follow","max-snippet":"max-snippet:-1","max-image-preview":"max-image-preview:large","max-video-preview":"max-video-preview:-1"},"canonical":"https:\/\/www.gobiernolocal.org\/acento-local\/medidas-de-prevencion-y-sancion-del-abuso-de-la-temporalidad-en-el-ambito-local\/","og_locale":"es_ES","og_type":"article","og_title":"Medidas de prevenci\u00f3n y sanci\u00f3n del abuso de la temporalidad en el \u00e1mbito local - Fundaci\u00f3n Democracia y Gobierno Local","og_description":"En este trabajo se reflexiona sobre las medidas introducidas en nuestro ordenamiento jur\u00eddico para prevenir las irregularidades cometidas por la Administraci\u00f3n local en el \u00e1mbito de la contrataci\u00f3n laboral temporal y del nombramiento de funcionarios interinos. Constatada una situaci\u00f3n de abuso en la utilizaci\u00f3n de estas figuras temporales, se abordan las medidas previstas para su sanci\u00f3n por la Ley 20\/2021, de 28 de diciembre, de medidas urgentes para la reducci\u00f3n de la temporalidad en el empleo p\u00fablico.","og_url":"https:\/\/www.gobiernolocal.org\/acento-local\/medidas-de-prevencion-y-sancion-del-abuso-de-la-temporalidad-en-el-ambito-local\/","og_site_name":"Fundaci\u00f3n Democracia y Gobierno Local","article_published_time":"2023-01-04T06:30:00+00:00","article_modified_time":"2023-10-10T07:08:21+00:00","og_image":[{"width":800,"height":533,"url":"https:\/\/www.gobiernolocal.org\/acento-local\/wp-content\/uploads\/2022\/12\/230104_800_01.jpg","type":"image\/jpeg"}],"author":"Fundaci\u00f3n Gobierno Local","twitter_card":"summary_large_image","twitter_misc":{"Escrito por":"Fundaci\u00f3n Gobierno Local","Tiempo de lectura":"6 minutos"},"schema":{"@context":"https:\/\/schema.org","@graph":[{"@type":"Article","@id":"https:\/\/www.gobiernolocal.org\/acento-local\/medidas-de-prevencion-y-sancion-del-abuso-de-la-temporalidad-en-el-ambito-local\/#article","isPartOf":{"@id":"https:\/\/www.gobiernolocal.org\/acento-local\/medidas-de-prevencion-y-sancion-del-abuso-de-la-temporalidad-en-el-ambito-local\/"},"author":{"name":"Fundaci\u00f3n Gobierno Local","@id":"https:\/\/www.gobiernolocal.org\/acento-local\/#\/schema\/person\/022a0a6b36f62f7070403c5a3426d58c"},"headline":"Medidas de prevenci\u00f3n y sanci\u00f3n del abuso de la temporalidad en el \u00e1mbito local","datePublished":"2023-01-04T06:30:00+00:00","dateModified":"2023-10-10T07:08:21+00:00","mainEntityOfPage":{"@id":"https:\/\/www.gobiernolocal.org\/acento-local\/medidas-de-prevencion-y-sancion-del-abuso-de-la-temporalidad-en-el-ambito-local\/"},"wordCount":1385,"commentCount":0,"publisher":{"@id":"https:\/\/www.gobiernolocal.org\/acento-local\/#organization"},"image":{"@id":"https:\/\/www.gobiernolocal.org\/acento-local\/medidas-de-prevencion-y-sancion-del-abuso-de-la-temporalidad-en-el-ambito-local\/#primaryimage"},"thumbnailUrl":"https:\/\/www.gobiernolocal.org\/acento-local\/wp-content\/uploads\/2022\/12\/230104_800_01.jpg","keywords":["Funci\u00f3n p\u00fablica"],"articleSection":["Gobernanza"],"inLanguage":"es","potentialAction":[{"@type":"CommentAction","name":"Comment","target":["https:\/\/www.gobiernolocal.org\/acento-local\/medidas-de-prevencion-y-sancion-del-abuso-de-la-temporalidad-en-el-ambito-local\/#respond"]}]},{"@type":"WebPage","@id":"https:\/\/www.gobiernolocal.org\/acento-local\/medidas-de-prevencion-y-sancion-del-abuso-de-la-temporalidad-en-el-ambito-local\/","url":"https:\/\/www.gobiernolocal.org\/acento-local\/medidas-de-prevencion-y-sancion-del-abuso-de-la-temporalidad-en-el-ambito-local\/","name":"Medidas de prevenci\u00f3n y sanci\u00f3n del abuso de la temporalidad en el \u00e1mbito local - Fundaci\u00f3n Democracia y Gobierno Local","isPartOf":{"@id":"https:\/\/www.gobiernolocal.org\/acento-local\/#website"},"primaryImageOfPage":{"@id":"https:\/\/www.gobiernolocal.org\/acento-local\/medidas-de-prevencion-y-sancion-del-abuso-de-la-temporalidad-en-el-ambito-local\/#primaryimage"},"image":{"@id":"https:\/\/www.gobiernolocal.org\/acento-local\/medidas-de-prevencion-y-sancion-del-abuso-de-la-temporalidad-en-el-ambito-local\/#primaryimage"},"thumbnailUrl":"https:\/\/www.gobiernolocal.org\/acento-local\/wp-content\/uploads\/2022\/12\/230104_800_01.jpg","datePublished":"2023-01-04T06:30:00+00:00","dateModified":"2023-10-10T07:08:21+00:00","breadcrumb":{"@id":"https:\/\/www.gobiernolocal.org\/acento-local\/medidas-de-prevencion-y-sancion-del-abuso-de-la-temporalidad-en-el-ambito-local\/#breadcrumb"},"inLanguage":"es","potentialAction":[{"@type":"ReadAction","target":["https:\/\/www.gobiernolocal.org\/acento-local\/medidas-de-prevencion-y-sancion-del-abuso-de-la-temporalidad-en-el-ambito-local\/"]}]},{"@type":"ImageObject","inLanguage":"es","@id":"https:\/\/www.gobiernolocal.org\/acento-local\/medidas-de-prevencion-y-sancion-del-abuso-de-la-temporalidad-en-el-ambito-local\/#primaryimage","url":"https:\/\/www.gobiernolocal.org\/acento-local\/wp-content\/uploads\/2022\/12\/230104_800_01.jpg","contentUrl":"https:\/\/www.gobiernolocal.org\/acento-local\/wp-content\/uploads\/2022\/12\/230104_800_01.jpg","width":800,"height":533},{"@type":"BreadcrumbList","@id":"https:\/\/www.gobiernolocal.org\/acento-local\/medidas-de-prevencion-y-sancion-del-abuso-de-la-temporalidad-en-el-ambito-local\/#breadcrumb","itemListElement":[{"@type":"ListItem","position":1,"name":"Portada","item":"https:\/\/www.gobiernolocal.org\/acento-local\/"},{"@type":"ListItem","position":2,"name":"Medidas de prevenci\u00f3n y sanci\u00f3n del abuso de la temporalidad en el \u00e1mbito local"}]},{"@type":"WebSite","@id":"https:\/\/www.gobiernolocal.org\/acento-local\/#website","url":"https:\/\/www.gobiernolocal.org\/acento-local\/","name":"Fundaci\u00f3n Democracia y Gobierno Local","description":"Otro sitio realizado con WordPress","publisher":{"@id":"https:\/\/www.gobiernolocal.org\/acento-local\/#organization"},"potentialAction":[{"@type":"SearchAction","target":{"@type":"EntryPoint","urlTemplate":"https:\/\/www.gobiernolocal.org\/acento-local\/?s={search_term_string}"},"query-input":{"@type":"PropertyValueSpecification","valueRequired":true,"valueName":"search_term_string"}}],"inLanguage":"es"},{"@type":"Organization","@id":"https:\/\/www.gobiernolocal.org\/acento-local\/#organization","name":"Fundaci\u00f3n Democracia y Gobierno Local","url":"https:\/\/www.gobiernolocal.org\/acento-local\/","logo":{"@type":"ImageObject","inLanguage":"es","@id":"https:\/\/www.gobiernolocal.org\/acento-local\/#\/schema\/logo\/image\/","url":"https:\/\/www.gobiernolocal.org\/acento-local\/wp-content\/uploads\/2024\/09\/logo-acentoo-local.png","contentUrl":"https:\/\/www.gobiernolocal.org\/acento-local\/wp-content\/uploads\/2024\/09\/logo-acentoo-local.png","width":1005,"height":197,"caption":"Fundaci\u00f3n Democracia y Gobierno Local"},"image":{"@id":"https:\/\/www.gobiernolocal.org\/acento-local\/#\/schema\/logo\/image\/"}},{"@type":"Person","@id":"https:\/\/www.gobiernolocal.org\/acento-local\/#\/schema\/person\/022a0a6b36f62f7070403c5a3426d58c","name":"Fundaci\u00f3n Gobierno Local","image":{"@type":"ImageObject","inLanguage":"es","@id":"https:\/\/www.gobiernolocal.org\/acento-local\/#\/schema\/person\/image\/","url":"https:\/\/secure.gravatar.com\/avatar\/0fa5dea6ae65ded9475a6c7160b1cbc7af5bb19e5a8057c4249aa3664c5fbb21?s=96&d=mm&r=g","contentUrl":"https:\/\/secure.gravatar.com\/avatar\/0fa5dea6ae65ded9475a6c7160b1cbc7af5bb19e5a8057c4249aa3664c5fbb21?s=96&d=mm&r=g","caption":"Fundaci\u00f3n Gobierno Local"},"sameAs":["https:\/\/www.gobiernolocal.org\/acento-local"],"url":"https:\/\/www.gobiernolocal.org\/acento-local\/author\/fundacion-gobierno-local\/"}]}},"_links":{"self":[{"href":"https:\/\/www.gobiernolocal.org\/acento-local\/wp-json\/wp\/v2\/posts\/2060","targetHints":{"allow":["GET"]}}],"collection":[{"href":"https:\/\/www.gobiernolocal.org\/acento-local\/wp-json\/wp\/v2\/posts"}],"about":[{"href":"https:\/\/www.gobiernolocal.org\/acento-local\/wp-json\/wp\/v2\/types\/post"}],"author":[{"embeddable":true,"href":"https:\/\/www.gobiernolocal.org\/acento-local\/wp-json\/wp\/v2\/users\/2"}],"replies":[{"embeddable":true,"href":"https:\/\/www.gobiernolocal.org\/acento-local\/wp-json\/wp\/v2\/comments?post=2060"}],"version-history":[{"count":0,"href":"https:\/\/www.gobiernolocal.org\/acento-local\/wp-json\/wp\/v2\/posts\/2060\/revisions"}],"wp:featuredmedia":[{"embeddable":true,"href":"https:\/\/www.gobiernolocal.org\/acento-local\/wp-json\/wp\/v2\/media\/2062"}],"wp:attachment":[{"href":"https:\/\/www.gobiernolocal.org\/acento-local\/wp-json\/wp\/v2\/media?parent=2060"}],"wp:term":[{"taxonomy":"category","embeddable":true,"href":"https:\/\/www.gobiernolocal.org\/acento-local\/wp-json\/wp\/v2\/categories?post=2060"},{"taxonomy":"post_tag","embeddable":true,"href":"https:\/\/www.gobiernolocal.org\/acento-local\/wp-json\/wp\/v2\/tags?post=2060"},{"taxonomy":"autor-post","embeddable":true,"href":"https:\/\/www.gobiernolocal.org\/acento-local\/wp-json\/wp\/v2\/autor-post?post=2060"}],"curies":[{"name":"wp","href":"https:\/\/api.w.org\/{rel}","templated":true}]}}