{"id":2030,"date":"2022-12-07T07:30:00","date_gmt":"2022-12-07T06:30:00","guid":{"rendered":"https:\/\/www.gobiernolocal.org\/acento-local\/?p=2030"},"modified":"2023-10-10T08:55:48","modified_gmt":"2023-10-10T06:55:48","slug":"la-colaboracion-publico-privada-en-el-ejercicio-de-las-funciones-publicas-de-inspeccion-y-control-de-las-actuaciones-urbanisticas","status":"publish","type":"post","link":"https:\/\/www.gobiernolocal.org\/acento-local\/la-colaboracion-publico-privada-en-el-ejercicio-de-las-funciones-publicas-de-inspeccion-y-control-de-las-actuaciones-urbanisticas\/","title":{"rendered":"La colaboraci\u00f3n p\u00fablico-privada en el ejercicio de las funciones p\u00fablicas de inspecci\u00f3n y control de las actuaciones urban\u00edsticas"},"content":{"rendered":"\n<p>Es conocido por todos que, en nuestro ordenamiento jur\u00eddico, la intervenci\u00f3n administrativa en materia de urbanismo constituye una potestad de titularidad p\u00fablica irrenunciable, cuya competencia corresponde a los ayuntamientos.<\/p>\n\n\n\n<p>Sin duda, nuestra sociedad evoluciona y reclama cada vez m\u00e1s exigencias t\u00e9cnicas a las edificaciones, de modo que el objeto del control previo mediante licencia para \u2014por ejemplo\u2014 la construcci\u00f3n de un edificio \u2014determinaciones urban\u00edsticas elementales del estilo de posici\u00f3n en la parcela, altura m\u00e1xima, edificabilidad y n\u00famero de plantas\u2014, actualmente, se ha ampliado considerablemente, comprendiendo otras materias que, a su vez, se encuentran en proceso de evoluci\u00f3n y cambio \u2014accesibilidad, usos, eficiencia energ\u00e9tica, sostenibilidad, instalaciones y tecnolog\u00eda adaptada\u2014.<\/p>\n\n\n\n<blockquote class=\"wp-block-quote is-layout-flow wp-block-quote-is-layout-flow\">\n<p><strong>Nuestra sociedad evoluciona y reclama cada vez m\u00e1s exigencias t\u00e9cnicas a las edificaciones.<\/strong><\/p>\n<\/blockquote>\n\n\n\n<p>Ello supone que el t\u00e9cnico municipal que ha de validar una actuaci\u00f3n urban\u00edstica determinada, por muy sencilla que esta sea, ha de contar con unos conocimientos amplios de todas esas materias, cuando normalmente, como no podr\u00eda ser de otro modo, se tiende a la especializaci\u00f3n, lo que en muchas ocasiones, y sobre todo en los municipios peque\u00f1os, resulta inviable. Adicionalmente, la comprobaci\u00f3n <em>ex post<\/em> de una actuaci\u00f3n urban\u00edstica derivada del r\u00e9gimen de las comunicaciones y declaraciones responsables, ha supuesto un cambio en la mentalidad del verificador y en su capacidad de an\u00e1lisis del cumplimiento de la norma, ya que no es lo mismo verificar las actuaciones urban\u00edsticas realizadas sobre planos que hacerlo <em>in situ<\/em>, en un edificio o local ya construido.<\/p>\n\n\n\n<p>Por ello, el sistema de colaboraci\u00f3n p\u00fablico-privada implantado en Madrid para la gesti\u00f3n de las licencias, las comunicaciones y declaraciones responsables urban\u00edsticas, ha constituido un interesante proyecto de modernizaci\u00f3n de la gesti\u00f3n p\u00fablica<strong> <\/strong>de este servicio, dot\u00e1ndolo de la necesaria eficacia y eficiencia que demandan los ciudadanos y las empresas. No podemos olvidar que detr\u00e1s de cada licencia y declaraci\u00f3n responsable existe un proyecto de inversi\u00f3n, m\u00e1s grande o m\u00e1s peque\u00f1o, que tiene su correspondiente impacto positivo en el crecimiento econ\u00f3mico y la generaci\u00f3n de empleo.<\/p>\n\n\n\n<blockquote class=\"wp-block-quote is-layout-flow wp-block-quote-is-layout-flow\">\n<p><strong>El sistema de colaboraci\u00f3n p\u00fablico-privada implantado en Madrid para la gesti\u00f3n de las licencias<\/strong> <strong>ha constituido un interesante proyecto de modernizaci\u00f3n de la gesti\u00f3n p\u00fablica.<\/strong><\/p>\n<\/blockquote>\n\n\n\n<p>El desarrollo normativo de este sistema de colaboraci\u00f3n en el Ayuntamiento de Madrid, tuvo su principal apoyo en el derecho de la UE y en nuestro derecho interno relacionados con la regulaci\u00f3n de los reg\u00edmenes de intervenci\u00f3n administrativa en el \u00e1mbito de las actuaciones urban\u00edsticas. En la Comunidad de Madrid, la Ley 8\/2009, de 21 de diciembre, de Medidas Liberalizadoras y de Apoyo a la Empresa Madrile\u00f1a, en concreto su disposici\u00f3n adicional segunda, y la Orden 639\/2014, de 10 de abril, de la Consejer\u00eda de Medio Ambiente y Ordenaci\u00f3n del Territorio, regulan las entidades colaboradoras urban\u00edsticas en el ejercicio de las funciones administrativas de verificaci\u00f3n y control en el \u00e1mbito urban\u00edstico.<\/p>\n\n\n\n<p>En el art\u00edculo 2.3 de esa Orden se establece que cada ayuntamiento desarrollar\u00e1 mediante ordenanza el procedimiento a seguir por las entidades privadas colaboradoras en el ejercicio de sus funciones p\u00fablicas de inspecci\u00f3n y control urban\u00edstico.<\/p>\n\n\n\n<p>En el caso de la ciudad de Madrid, tanto la Ordenanza de Gesti\u00f3n de Licencias de Actividades de 2009 (OGLUA) como la Ordenanza de Apertura de Actividades Econ\u00f3micas de 2014 (OAAE) han establecido el r\u00e9gimen de colaboraci\u00f3n privada a trav\u00e9s de entidades de car\u00e1cter t\u00e9cnico, que, por referencia al marco normativo estatal y auton\u00f3mico, permite que los interesados opten por presentar una declaraci\u00f3n responsable o solicitar una licencia con un certificado de conformidad emitido por las propias entidades colaboradoras, o, de forma alternativa, acudir a los servicios municipales.<\/p>\n\n\n\n<blockquote class=\"wp-block-quote is-layout-flow wp-block-quote-is-layout-flow\">\n<p><strong>El r\u00e9gimen de colaboraci\u00f3n privada a trav\u00e9s de entidades de car\u00e1cter t\u00e9cnico<\/strong> <strong>permite que los interesados opten por presentar una declaraci\u00f3n responsable o solicitar una licencia con un certificado de conformidad emitido por las propias entidades colaboradoras, o, de forma alternativa, acudir a los servicios municipales<\/strong>.<\/p>\n<\/blockquote>\n\n\n\n<p>Estas entidades se conciben como personas jur\u00eddico-privadas constituidas, espec\u00edficamente, para la colaboraci\u00f3n en el ejercicio de las funciones p\u00fablicas de verificaci\u00f3n y control de las actuaciones urban\u00edsticas, previo cumplimiento de unos rigurosos requisitos establecidos al objeto de garantizar el correcto desarrollo de sus funciones, en t\u00e9rminos de objetividad, imparcialidad, eficacia, celeridad, transparencia, rigor t\u00e9cnico y responsabilidad.<\/p>\n\n\n\n<p>Las entidades colaboradoras deben acreditarse ante la ENAC y deben mantener permanentemente vigentes los requisitos t\u00e9cnicos y jur\u00eddicos exigidos. Al Ayuntamiento corresponde, adem\u00e1s, la funci\u00f3n de control del cumplimiento de estos requisitos y del correcto funcionamiento de dichas entidades.<s><\/s><\/p>\n\n\n\n<p>Asimismo, a fin de garantizar el correcto funcionamiento de este sistema de colaboraci\u00f3n, resulta imprescindible una continua formaci\u00f3n del personal de las entidades colaboradoras.<\/p>\n\n\n\n<p>En 2021, el 65 % de 1400 licencias concedidas en el \u00e1mbito de las actividades, es decir, 910, y el 60 % de unas 7000 declaraciones responsables, es decir, 4200, en total, 5110 expedientes de actuaciones urban\u00edsticas, han sido resueltos por dichas entidades (<a href=\"https:\/\/www.madrid.es\/portales\/munimadrid\/es\/Inicio\/El-Ayuntamiento\/Actividades-economicas\/Memorias-planes-de-accion-normativa-y-protocolos-de-aplicacion\/?vgnextfmt=default&amp;vgnextchannel=ac5691a98e7d6410VgnVCM2000000c205a0aRCRD\">\u201cMemorias, planes de acci\u00f3n, normativa y protocolos de aplicaci\u00f3n\u201c del Ayuntamiento de Madrid<\/a>).<\/p>\n\n\n\n<p>En desarrollo de esta l\u00ednea de trabajo, mediante el Reglamento 7\/2022, de 26 de abril, se ha actualizado el r\u00e9gimen de las entidades colaboradoras urban\u00edsticas de verificaci\u00f3n, inspecci\u00f3n y control, que introduce, entre otras, las siguientes novedades:<\/p>\n\n\n\n<p>&#8211; Se ha <a>a<\/a>mpliado el campo de actuaci\u00f3n de las entidades colaboradoras, pudiendo realizar funciones de verificaci\u00f3n, inspecci\u00f3n y control a solicitud expresa del Ayuntamiento. De esta manera queda abierta la facultad de que sea el propio Ayuntamiento el que se dirija a las entidades colaboradoras para que le presten sus servicios de verificaci\u00f3n, inspecci\u00f3n y control.<\/p>\n\n\n\n<p>Igualmente se ha ampliado su \u00e1mbito respecto de la verificaci\u00f3n de las actuaciones de uso residencial.<\/p>\n\n\n\n<p>&#8211; Se ha a\u00f1adido la posibilidad de prestaci\u00f3n de servicios a trav\u00e9s de otras f\u00f3rmulas jur\u00eddicas, sin perjuicio de que, en todo caso, las entidades colaboradoras deber\u00e1n estar oportunamente acreditadas por la ENAC.<\/p>\n\n\n\n<p>&#8211; Se ha definido un r\u00e9gimen de incompatibilidades para las entidades colaboradoras y su personal, al considerarse este uno de los aspectos menos desarrollados del r\u00e9gimen jur\u00eddico de dichas entidades, que comprende la definici\u00f3n de las situaciones de incompatibilidad y deberes de abstenci\u00f3n, tanto en su actuaci\u00f3n como entidades jur\u00eddicas, como en lo relativo a su personal.<\/p>\n\n\n\n<p>&#8211; Se ha previsto un refuerzo de las labores inspectoras y de comprobaci\u00f3n del Ayuntamiento de Madrid sobre las entidades colaboradoras. Con el reglamento se ha introducido una referencia m\u00e1s completa y sistem\u00e1tica a estas funciones de inspecci\u00f3n y control, aludiendo a su alcance y delimitaci\u00f3n, as\u00ed como a la posibilidad de realizar actuaciones y auditor\u00edas conjuntas con la ENAC.<\/p>\n\n\n\n<p>En definitiva, se consolida un sistema de gesti\u00f3n p\u00fablica con la colaboraci\u00f3n del sector privado, en el \u00e1mbito de las actuaciones urban\u00edsticas, que permite dar respuesta en el plazo establecido a la mayor parte de las solicitudes y declaraciones responsables formuladas, facilitando la realizaci\u00f3n de proyectos de inversi\u00f3n y el impulso de la actividad econ\u00f3mica, al que se han sumado otras comunidades aut\u00f3nomas, entre otras, Galicia y Valencia.<\/p>\n\n\n\n<p>Autor\/a: <strong>Myriam Pe\u00f3n Gonz\u00e1lez<\/strong><\/p>\n","protected":false},"excerpt":{"rendered":"<p>\u201cNo existe una mejor prueba del progreso de una civilizaci\u00f3n que la del progreso de la cooperaci\u00f3n\u201d (John Stuart Mill)<\/p>\n","protected":false},"author":2,"featured_media":2032,"comment_status":"open","ping_status":"open","sticky":false,"template":"","format":"standard","meta":{"site-sidebar-layout":"default","site-content-layout":"","ast-site-content-layout":"default","site-content-style":"default","site-sidebar-style":"default","ast-global-header-display":"","ast-banner-title-visibility":"","ast-main-header-display":"","ast-hfb-above-header-display":"","ast-hfb-below-header-display":"","ast-hfb-mobile-header-display":"","site-post-title":"","ast-breadcrumbs-content":"","ast-featured-img":"","footer-sml-layout":"","ast-disable-related-posts":"","theme-transparent-header-meta":"","adv-header-id-meta":"","stick-header-meta":"","header-above-stick-meta":"","header-main-stick-meta":"","header-below-stick-meta":"","astra-migrate-meta-layouts":"set","ast-page-background-enabled":"default","ast-page-background-meta":{"desktop":{"background-color":"var(--ast-global-color-4)","background-image":"","background-repeat":"repeat","background-position":"center center","background-size":"auto","background-attachment":"scroll","background-type":"","background-media":"","overlay-type":"","overlay-color":"","overlay-opacity":"","overlay-gradient":""},"tablet":{"background-color":"","background-image":"","background-repeat":"repeat","background-position":"center center","background-size":"auto","background-attachment":"scroll","background-type":"","background-media":"","overlay-type":"","overlay-color":"","overlay-opacity":"","overlay-gradient":""},"mobile":{"background-color":"","background-image":"","background-repeat":"repeat","background-position":"center center","background-size":"auto","background-attachment":"scroll","background-type":"","background-media":"","overlay-type":"","overlay-color":"","overlay-opacity":"","overlay-gradient":""}},"ast-content-background-meta":{"desktop":{"background-color":"var(--ast-global-color-5)","background-image":"","background-repeat":"repeat","background-position":"center center","background-size":"auto","background-attachment":"scroll","background-type":"","background-media":"","overlay-type":"","overlay-color":"","overlay-opacity":"","overlay-gradient":""},"tablet":{"background-color":"var(--ast-global-color-5)","background-image":"","background-repeat":"repeat","background-position":"center center","background-size":"auto","background-attachment":"scroll","background-type":"","background-media":"","overlay-type":"","overlay-color":"","overlay-opacity":"","overlay-gradient":""},"mobile":{"background-color":"var(--ast-global-color-5)","background-image":"","background-repeat":"repeat","background-position":"center center","background-size":"auto","background-attachment":"scroll","background-type":"","background-media":"","overlay-type":"","overlay-color":"","overlay-opacity":"","overlay-gradient":""}},"area-autor":{"item-0":{"nombre-del-autor":"Myriam Pe\u00f3n Gonz\u00e1lez","cargo-autor":"Funcionaria del Cuerpo de Arquitectos Superiores y directora gerente de la Agencia de Actividades del Ayuntamiento de Madrid","foto-autor":"2031"}},"footnotes":""},"categories":[1],"tags":[98,107],"autor-post":[96],"class_list":["post-2030","post","type-post","status-publish","format-standard","has-post-thumbnail","hentry","category-servicios-publicos","tag-entidades-colaboradoras","tag-urbanismo","autor-post-myriam-peon-gonzalez"],"yoast_head":"<!-- This site is optimized with the Yoast SEO plugin v27.0 - https:\/\/yoast.com\/product\/yoast-seo-wordpress\/ -->\n<title>La colaboraci\u00f3n p\u00fablico-privada en el ejercicio de las funciones p\u00fablicas de inspecci\u00f3n y control de las actuaciones urban\u00edsticas - Fundaci\u00f3n Democracia y Gobierno Local<\/title>\n<meta name=\"robots\" content=\"index, follow, max-snippet:-1, max-image-preview:large, max-video-preview:-1\" \/>\n<link rel=\"canonical\" href=\"https:\/\/www.gobiernolocal.org\/acento-local\/la-colaboracion-publico-privada-en-el-ejercicio-de-las-funciones-publicas-de-inspeccion-y-control-de-las-actuaciones-urbanisticas\/\" \/>\n<meta property=\"og:locale\" content=\"es_ES\" \/>\n<meta property=\"og:type\" content=\"article\" \/>\n<meta property=\"og:title\" content=\"La colaboraci\u00f3n p\u00fablico-privada en el ejercicio de las funciones p\u00fablicas de inspecci\u00f3n y control de las actuaciones urban\u00edsticas - Fundaci\u00f3n Democracia y Gobierno Local\" \/>\n<meta property=\"og:description\" content=\"\u201cNo existe una mejor prueba del progreso de una civilizaci\u00f3n que la del progreso de la cooperaci\u00f3n\u201d (John Stuart Mill)\" \/>\n<meta property=\"og:url\" content=\"https:\/\/www.gobiernolocal.org\/acento-local\/la-colaboracion-publico-privada-en-el-ejercicio-de-las-funciones-publicas-de-inspeccion-y-control-de-las-actuaciones-urbanisticas\/\" \/>\n<meta property=\"og:site_name\" content=\"Fundaci\u00f3n Democracia y Gobierno Local\" \/>\n<meta property=\"article:published_time\" content=\"2022-12-07T06:30:00+00:00\" \/>\n<meta property=\"article:modified_time\" content=\"2023-10-10T06:55:48+00:00\" \/>\n<meta property=\"og:image\" content=\"https:\/\/www.gobiernolocal.org\/acento-local\/wp-content\/uploads\/2022\/11\/221207_800_01.jpg\" \/>\n\t<meta property=\"og:image:width\" content=\"800\" \/>\n\t<meta property=\"og:image:height\" content=\"533\" \/>\n\t<meta property=\"og:image:type\" content=\"image\/jpeg\" \/>\n<meta name=\"author\" content=\"Fundaci\u00f3n Gobierno Local\" \/>\n<meta name=\"twitter:card\" content=\"summary_large_image\" \/>\n<meta name=\"twitter:label1\" content=\"Escrito por\" \/>\n\t<meta name=\"twitter:data1\" content=\"Fundaci\u00f3n Gobierno Local\" \/>\n\t<meta name=\"twitter:label2\" content=\"Tiempo de lectura\" \/>\n\t<meta name=\"twitter:data2\" content=\"5 minutos\" \/>\n<script type=\"application\/ld+json\" class=\"yoast-schema-graph\">{\"@context\":\"https:\/\/schema.org\",\"@graph\":[{\"@type\":\"Article\",\"@id\":\"https:\/\/www.gobiernolocal.org\/acento-local\/la-colaboracion-publico-privada-en-el-ejercicio-de-las-funciones-publicas-de-inspeccion-y-control-de-las-actuaciones-urbanisticas\/#article\",\"isPartOf\":{\"@id\":\"https:\/\/www.gobiernolocal.org\/acento-local\/la-colaboracion-publico-privada-en-el-ejercicio-de-las-funciones-publicas-de-inspeccion-y-control-de-las-actuaciones-urbanisticas\/\"},\"author\":{\"name\":\"Fundaci\u00f3n Gobierno Local\",\"@id\":\"https:\/\/www.gobiernolocal.org\/acento-local\/#\/schema\/person\/022a0a6b36f62f7070403c5a3426d58c\"},\"headline\":\"La colaboraci\u00f3n p\u00fablico-privada en el ejercicio de las funciones p\u00fablicas de inspecci\u00f3n y control de las actuaciones urban\u00edsticas\",\"datePublished\":\"2022-12-07T06:30:00+00:00\",\"dateModified\":\"2023-10-10T06:55:48+00:00\",\"mainEntityOfPage\":{\"@id\":\"https:\/\/www.gobiernolocal.org\/acento-local\/la-colaboracion-publico-privada-en-el-ejercicio-de-las-funciones-publicas-de-inspeccion-y-control-de-las-actuaciones-urbanisticas\/\"},\"wordCount\":1283,\"commentCount\":0,\"publisher\":{\"@id\":\"https:\/\/www.gobiernolocal.org\/acento-local\/#organization\"},\"image\":{\"@id\":\"https:\/\/www.gobiernolocal.org\/acento-local\/la-colaboracion-publico-privada-en-el-ejercicio-de-las-funciones-publicas-de-inspeccion-y-control-de-las-actuaciones-urbanisticas\/#primaryimage\"},\"thumbnailUrl\":\"https:\/\/www.gobiernolocal.org\/acento-local\/wp-content\/uploads\/2022\/11\/221207_800_01.jpg\",\"keywords\":[\"Entidades colaboradoras\",\"Urbanismo\"],\"articleSection\":[\"Servicios p\u00fablicos\"],\"inLanguage\":\"es\",\"potentialAction\":[{\"@type\":\"CommentAction\",\"name\":\"Comment\",\"target\":[\"https:\/\/www.gobiernolocal.org\/acento-local\/la-colaboracion-publico-privada-en-el-ejercicio-de-las-funciones-publicas-de-inspeccion-y-control-de-las-actuaciones-urbanisticas\/#respond\"]}]},{\"@type\":\"WebPage\",\"@id\":\"https:\/\/www.gobiernolocal.org\/acento-local\/la-colaboracion-publico-privada-en-el-ejercicio-de-las-funciones-publicas-de-inspeccion-y-control-de-las-actuaciones-urbanisticas\/\",\"url\":\"https:\/\/www.gobiernolocal.org\/acento-local\/la-colaboracion-publico-privada-en-el-ejercicio-de-las-funciones-publicas-de-inspeccion-y-control-de-las-actuaciones-urbanisticas\/\",\"name\":\"La colaboraci\u00f3n p\u00fablico-privada en el ejercicio de las funciones p\u00fablicas de inspecci\u00f3n y control de las actuaciones urban\u00edsticas - Fundaci\u00f3n Democracia y Gobierno Local\",\"isPartOf\":{\"@id\":\"https:\/\/www.gobiernolocal.org\/acento-local\/#website\"},\"primaryImageOfPage\":{\"@id\":\"https:\/\/www.gobiernolocal.org\/acento-local\/la-colaboracion-publico-privada-en-el-ejercicio-de-las-funciones-publicas-de-inspeccion-y-control-de-las-actuaciones-urbanisticas\/#primaryimage\"},\"image\":{\"@id\":\"https:\/\/www.gobiernolocal.org\/acento-local\/la-colaboracion-publico-privada-en-el-ejercicio-de-las-funciones-publicas-de-inspeccion-y-control-de-las-actuaciones-urbanisticas\/#primaryimage\"},\"thumbnailUrl\":\"https:\/\/www.gobiernolocal.org\/acento-local\/wp-content\/uploads\/2022\/11\/221207_800_01.jpg\",\"datePublished\":\"2022-12-07T06:30:00+00:00\",\"dateModified\":\"2023-10-10T06:55:48+00:00\",\"breadcrumb\":{\"@id\":\"https:\/\/www.gobiernolocal.org\/acento-local\/la-colaboracion-publico-privada-en-el-ejercicio-de-las-funciones-publicas-de-inspeccion-y-control-de-las-actuaciones-urbanisticas\/#breadcrumb\"},\"inLanguage\":\"es\",\"potentialAction\":[{\"@type\":\"ReadAction\",\"target\":[\"https:\/\/www.gobiernolocal.org\/acento-local\/la-colaboracion-publico-privada-en-el-ejercicio-de-las-funciones-publicas-de-inspeccion-y-control-de-las-actuaciones-urbanisticas\/\"]}]},{\"@type\":\"ImageObject\",\"inLanguage\":\"es\",\"@id\":\"https:\/\/www.gobiernolocal.org\/acento-local\/la-colaboracion-publico-privada-en-el-ejercicio-de-las-funciones-publicas-de-inspeccion-y-control-de-las-actuaciones-urbanisticas\/#primaryimage\",\"url\":\"https:\/\/www.gobiernolocal.org\/acento-local\/wp-content\/uploads\/2022\/11\/221207_800_01.jpg\",\"contentUrl\":\"https:\/\/www.gobiernolocal.org\/acento-local\/wp-content\/uploads\/2022\/11\/221207_800_01.jpg\",\"width\":800,\"height\":533},{\"@type\":\"BreadcrumbList\",\"@id\":\"https:\/\/www.gobiernolocal.org\/acento-local\/la-colaboracion-publico-privada-en-el-ejercicio-de-las-funciones-publicas-de-inspeccion-y-control-de-las-actuaciones-urbanisticas\/#breadcrumb\",\"itemListElement\":[{\"@type\":\"ListItem\",\"position\":1,\"name\":\"Portada\",\"item\":\"https:\/\/www.gobiernolocal.org\/acento-local\/\"},{\"@type\":\"ListItem\",\"position\":2,\"name\":\"La colaboraci\u00f3n p\u00fablico-privada en el ejercicio de las funciones p\u00fablicas de inspecci\u00f3n y control de las actuaciones urban\u00edsticas\"}]},{\"@type\":\"WebSite\",\"@id\":\"https:\/\/www.gobiernolocal.org\/acento-local\/#website\",\"url\":\"https:\/\/www.gobiernolocal.org\/acento-local\/\",\"name\":\"Fundaci\u00f3n Democracia y Gobierno Local\",\"description\":\"Otro sitio realizado con WordPress\",\"publisher\":{\"@id\":\"https:\/\/www.gobiernolocal.org\/acento-local\/#organization\"},\"potentialAction\":[{\"@type\":\"SearchAction\",\"target\":{\"@type\":\"EntryPoint\",\"urlTemplate\":\"https:\/\/www.gobiernolocal.org\/acento-local\/?s={search_term_string}\"},\"query-input\":{\"@type\":\"PropertyValueSpecification\",\"valueRequired\":true,\"valueName\":\"search_term_string\"}}],\"inLanguage\":\"es\"},{\"@type\":\"Organization\",\"@id\":\"https:\/\/www.gobiernolocal.org\/acento-local\/#organization\",\"name\":\"Fundaci\u00f3n Democracia y Gobierno Local\",\"url\":\"https:\/\/www.gobiernolocal.org\/acento-local\/\",\"logo\":{\"@type\":\"ImageObject\",\"inLanguage\":\"es\",\"@id\":\"https:\/\/www.gobiernolocal.org\/acento-local\/#\/schema\/logo\/image\/\",\"url\":\"https:\/\/www.gobiernolocal.org\/acento-local\/wp-content\/uploads\/2024\/09\/logo-acentoo-local.png\",\"contentUrl\":\"https:\/\/www.gobiernolocal.org\/acento-local\/wp-content\/uploads\/2024\/09\/logo-acentoo-local.png\",\"width\":1005,\"height\":197,\"caption\":\"Fundaci\u00f3n Democracia y Gobierno Local\"},\"image\":{\"@id\":\"https:\/\/www.gobiernolocal.org\/acento-local\/#\/schema\/logo\/image\/\"}},{\"@type\":\"Person\",\"@id\":\"https:\/\/www.gobiernolocal.org\/acento-local\/#\/schema\/person\/022a0a6b36f62f7070403c5a3426d58c\",\"name\":\"Fundaci\u00f3n Gobierno Local\",\"image\":{\"@type\":\"ImageObject\",\"inLanguage\":\"es\",\"@id\":\"https:\/\/www.gobiernolocal.org\/acento-local\/#\/schema\/person\/image\/\",\"url\":\"https:\/\/secure.gravatar.com\/avatar\/0fa5dea6ae65ded9475a6c7160b1cbc7af5bb19e5a8057c4249aa3664c5fbb21?s=96&d=mm&r=g\",\"contentUrl\":\"https:\/\/secure.gravatar.com\/avatar\/0fa5dea6ae65ded9475a6c7160b1cbc7af5bb19e5a8057c4249aa3664c5fbb21?s=96&d=mm&r=g\",\"caption\":\"Fundaci\u00f3n Gobierno Local\"},\"sameAs\":[\"https:\/\/www.gobiernolocal.org\/acento-local\"],\"url\":\"https:\/\/www.gobiernolocal.org\/acento-local\/author\/fundacion-gobierno-local\/\"}]}<\/script>\n<!-- \/ Yoast SEO plugin. -->","yoast_head_json":{"title":"La colaboraci\u00f3n p\u00fablico-privada en el ejercicio de las funciones p\u00fablicas de inspecci\u00f3n y control de las actuaciones urban\u00edsticas - Fundaci\u00f3n Democracia y Gobierno Local","robots":{"index":"index","follow":"follow","max-snippet":"max-snippet:-1","max-image-preview":"max-image-preview:large","max-video-preview":"max-video-preview:-1"},"canonical":"https:\/\/www.gobiernolocal.org\/acento-local\/la-colaboracion-publico-privada-en-el-ejercicio-de-las-funciones-publicas-de-inspeccion-y-control-de-las-actuaciones-urbanisticas\/","og_locale":"es_ES","og_type":"article","og_title":"La colaboraci\u00f3n p\u00fablico-privada en el ejercicio de las funciones p\u00fablicas de inspecci\u00f3n y control de las actuaciones urban\u00edsticas - Fundaci\u00f3n Democracia y Gobierno Local","og_description":"\u201cNo existe una mejor prueba del progreso de una civilizaci\u00f3n que la del progreso de la cooperaci\u00f3n\u201d (John Stuart Mill)","og_url":"https:\/\/www.gobiernolocal.org\/acento-local\/la-colaboracion-publico-privada-en-el-ejercicio-de-las-funciones-publicas-de-inspeccion-y-control-de-las-actuaciones-urbanisticas\/","og_site_name":"Fundaci\u00f3n Democracia y Gobierno Local","article_published_time":"2022-12-07T06:30:00+00:00","article_modified_time":"2023-10-10T06:55:48+00:00","og_image":[{"width":800,"height":533,"url":"https:\/\/www.gobiernolocal.org\/acento-local\/wp-content\/uploads\/2022\/11\/221207_800_01.jpg","type":"image\/jpeg"}],"author":"Fundaci\u00f3n Gobierno Local","twitter_card":"summary_large_image","twitter_misc":{"Escrito por":"Fundaci\u00f3n Gobierno Local","Tiempo de lectura":"5 minutos"},"schema":{"@context":"https:\/\/schema.org","@graph":[{"@type":"Article","@id":"https:\/\/www.gobiernolocal.org\/acento-local\/la-colaboracion-publico-privada-en-el-ejercicio-de-las-funciones-publicas-de-inspeccion-y-control-de-las-actuaciones-urbanisticas\/#article","isPartOf":{"@id":"https:\/\/www.gobiernolocal.org\/acento-local\/la-colaboracion-publico-privada-en-el-ejercicio-de-las-funciones-publicas-de-inspeccion-y-control-de-las-actuaciones-urbanisticas\/"},"author":{"name":"Fundaci\u00f3n Gobierno Local","@id":"https:\/\/www.gobiernolocal.org\/acento-local\/#\/schema\/person\/022a0a6b36f62f7070403c5a3426d58c"},"headline":"La colaboraci\u00f3n p\u00fablico-privada en el ejercicio de las funciones p\u00fablicas de inspecci\u00f3n y control de las actuaciones urban\u00edsticas","datePublished":"2022-12-07T06:30:00+00:00","dateModified":"2023-10-10T06:55:48+00:00","mainEntityOfPage":{"@id":"https:\/\/www.gobiernolocal.org\/acento-local\/la-colaboracion-publico-privada-en-el-ejercicio-de-las-funciones-publicas-de-inspeccion-y-control-de-las-actuaciones-urbanisticas\/"},"wordCount":1283,"commentCount":0,"publisher":{"@id":"https:\/\/www.gobiernolocal.org\/acento-local\/#organization"},"image":{"@id":"https:\/\/www.gobiernolocal.org\/acento-local\/la-colaboracion-publico-privada-en-el-ejercicio-de-las-funciones-publicas-de-inspeccion-y-control-de-las-actuaciones-urbanisticas\/#primaryimage"},"thumbnailUrl":"https:\/\/www.gobiernolocal.org\/acento-local\/wp-content\/uploads\/2022\/11\/221207_800_01.jpg","keywords":["Entidades colaboradoras","Urbanismo"],"articleSection":["Servicios p\u00fablicos"],"inLanguage":"es","potentialAction":[{"@type":"CommentAction","name":"Comment","target":["https:\/\/www.gobiernolocal.org\/acento-local\/la-colaboracion-publico-privada-en-el-ejercicio-de-las-funciones-publicas-de-inspeccion-y-control-de-las-actuaciones-urbanisticas\/#respond"]}]},{"@type":"WebPage","@id":"https:\/\/www.gobiernolocal.org\/acento-local\/la-colaboracion-publico-privada-en-el-ejercicio-de-las-funciones-publicas-de-inspeccion-y-control-de-las-actuaciones-urbanisticas\/","url":"https:\/\/www.gobiernolocal.org\/acento-local\/la-colaboracion-publico-privada-en-el-ejercicio-de-las-funciones-publicas-de-inspeccion-y-control-de-las-actuaciones-urbanisticas\/","name":"La colaboraci\u00f3n p\u00fablico-privada en el ejercicio de las funciones p\u00fablicas de inspecci\u00f3n y control de las actuaciones urban\u00edsticas - Fundaci\u00f3n Democracia y Gobierno Local","isPartOf":{"@id":"https:\/\/www.gobiernolocal.org\/acento-local\/#website"},"primaryImageOfPage":{"@id":"https:\/\/www.gobiernolocal.org\/acento-local\/la-colaboracion-publico-privada-en-el-ejercicio-de-las-funciones-publicas-de-inspeccion-y-control-de-las-actuaciones-urbanisticas\/#primaryimage"},"image":{"@id":"https:\/\/www.gobiernolocal.org\/acento-local\/la-colaboracion-publico-privada-en-el-ejercicio-de-las-funciones-publicas-de-inspeccion-y-control-de-las-actuaciones-urbanisticas\/#primaryimage"},"thumbnailUrl":"https:\/\/www.gobiernolocal.org\/acento-local\/wp-content\/uploads\/2022\/11\/221207_800_01.jpg","datePublished":"2022-12-07T06:30:00+00:00","dateModified":"2023-10-10T06:55:48+00:00","breadcrumb":{"@id":"https:\/\/www.gobiernolocal.org\/acento-local\/la-colaboracion-publico-privada-en-el-ejercicio-de-las-funciones-publicas-de-inspeccion-y-control-de-las-actuaciones-urbanisticas\/#breadcrumb"},"inLanguage":"es","potentialAction":[{"@type":"ReadAction","target":["https:\/\/www.gobiernolocal.org\/acento-local\/la-colaboracion-publico-privada-en-el-ejercicio-de-las-funciones-publicas-de-inspeccion-y-control-de-las-actuaciones-urbanisticas\/"]}]},{"@type":"ImageObject","inLanguage":"es","@id":"https:\/\/www.gobiernolocal.org\/acento-local\/la-colaboracion-publico-privada-en-el-ejercicio-de-las-funciones-publicas-de-inspeccion-y-control-de-las-actuaciones-urbanisticas\/#primaryimage","url":"https:\/\/www.gobiernolocal.org\/acento-local\/wp-content\/uploads\/2022\/11\/221207_800_01.jpg","contentUrl":"https:\/\/www.gobiernolocal.org\/acento-local\/wp-content\/uploads\/2022\/11\/221207_800_01.jpg","width":800,"height":533},{"@type":"BreadcrumbList","@id":"https:\/\/www.gobiernolocal.org\/acento-local\/la-colaboracion-publico-privada-en-el-ejercicio-de-las-funciones-publicas-de-inspeccion-y-control-de-las-actuaciones-urbanisticas\/#breadcrumb","itemListElement":[{"@type":"ListItem","position":1,"name":"Portada","item":"https:\/\/www.gobiernolocal.org\/acento-local\/"},{"@type":"ListItem","position":2,"name":"La colaboraci\u00f3n p\u00fablico-privada en el ejercicio de las funciones p\u00fablicas de inspecci\u00f3n y control de las actuaciones urban\u00edsticas"}]},{"@type":"WebSite","@id":"https:\/\/www.gobiernolocal.org\/acento-local\/#website","url":"https:\/\/www.gobiernolocal.org\/acento-local\/","name":"Fundaci\u00f3n Democracia y Gobierno Local","description":"Otro sitio realizado con WordPress","publisher":{"@id":"https:\/\/www.gobiernolocal.org\/acento-local\/#organization"},"potentialAction":[{"@type":"SearchAction","target":{"@type":"EntryPoint","urlTemplate":"https:\/\/www.gobiernolocal.org\/acento-local\/?s={search_term_string}"},"query-input":{"@type":"PropertyValueSpecification","valueRequired":true,"valueName":"search_term_string"}}],"inLanguage":"es"},{"@type":"Organization","@id":"https:\/\/www.gobiernolocal.org\/acento-local\/#organization","name":"Fundaci\u00f3n Democracia y Gobierno Local","url":"https:\/\/www.gobiernolocal.org\/acento-local\/","logo":{"@type":"ImageObject","inLanguage":"es","@id":"https:\/\/www.gobiernolocal.org\/acento-local\/#\/schema\/logo\/image\/","url":"https:\/\/www.gobiernolocal.org\/acento-local\/wp-content\/uploads\/2024\/09\/logo-acentoo-local.png","contentUrl":"https:\/\/www.gobiernolocal.org\/acento-local\/wp-content\/uploads\/2024\/09\/logo-acentoo-local.png","width":1005,"height":197,"caption":"Fundaci\u00f3n Democracia y Gobierno Local"},"image":{"@id":"https:\/\/www.gobiernolocal.org\/acento-local\/#\/schema\/logo\/image\/"}},{"@type":"Person","@id":"https:\/\/www.gobiernolocal.org\/acento-local\/#\/schema\/person\/022a0a6b36f62f7070403c5a3426d58c","name":"Fundaci\u00f3n Gobierno Local","image":{"@type":"ImageObject","inLanguage":"es","@id":"https:\/\/www.gobiernolocal.org\/acento-local\/#\/schema\/person\/image\/","url":"https:\/\/secure.gravatar.com\/avatar\/0fa5dea6ae65ded9475a6c7160b1cbc7af5bb19e5a8057c4249aa3664c5fbb21?s=96&d=mm&r=g","contentUrl":"https:\/\/secure.gravatar.com\/avatar\/0fa5dea6ae65ded9475a6c7160b1cbc7af5bb19e5a8057c4249aa3664c5fbb21?s=96&d=mm&r=g","caption":"Fundaci\u00f3n Gobierno Local"},"sameAs":["https:\/\/www.gobiernolocal.org\/acento-local"],"url":"https:\/\/www.gobiernolocal.org\/acento-local\/author\/fundacion-gobierno-local\/"}]}},"_links":{"self":[{"href":"https:\/\/www.gobiernolocal.org\/acento-local\/wp-json\/wp\/v2\/posts\/2030","targetHints":{"allow":["GET"]}}],"collection":[{"href":"https:\/\/www.gobiernolocal.org\/acento-local\/wp-json\/wp\/v2\/posts"}],"about":[{"href":"https:\/\/www.gobiernolocal.org\/acento-local\/wp-json\/wp\/v2\/types\/post"}],"author":[{"embeddable":true,"href":"https:\/\/www.gobiernolocal.org\/acento-local\/wp-json\/wp\/v2\/users\/2"}],"replies":[{"embeddable":true,"href":"https:\/\/www.gobiernolocal.org\/acento-local\/wp-json\/wp\/v2\/comments?post=2030"}],"version-history":[{"count":0,"href":"https:\/\/www.gobiernolocal.org\/acento-local\/wp-json\/wp\/v2\/posts\/2030\/revisions"}],"wp:featuredmedia":[{"embeddable":true,"href":"https:\/\/www.gobiernolocal.org\/acento-local\/wp-json\/wp\/v2\/media\/2032"}],"wp:attachment":[{"href":"https:\/\/www.gobiernolocal.org\/acento-local\/wp-json\/wp\/v2\/media?parent=2030"}],"wp:term":[{"taxonomy":"category","embeddable":true,"href":"https:\/\/www.gobiernolocal.org\/acento-local\/wp-json\/wp\/v2\/categories?post=2030"},{"taxonomy":"post_tag","embeddable":true,"href":"https:\/\/www.gobiernolocal.org\/acento-local\/wp-json\/wp\/v2\/tags?post=2030"},{"taxonomy":"autor-post","embeddable":true,"href":"https:\/\/www.gobiernolocal.org\/acento-local\/wp-json\/wp\/v2\/autor-post?post=2030"}],"curies":[{"name":"wp","href":"https:\/\/api.w.org\/{rel}","templated":true}]}}