{"id":1973,"date":"2022-11-18T07:30:00","date_gmt":"2022-11-18T06:30:00","guid":{"rendered":"https:\/\/www.gobiernolocal.org\/acento-local\/?p=1973"},"modified":"2023-10-10T08:50:19","modified_gmt":"2023-10-10T06:50:19","slug":"el-instrumento-de-la-conciliacion-prejudicial-previsto-en-la-ley-3-2019-de-22-de-enero-de-garantia-de-la-autonomia-municipal-de-extremadura","status":"publish","type":"post","link":"https:\/\/www.gobiernolocal.org\/acento-local\/el-instrumento-de-la-conciliacion-prejudicial-previsto-en-la-ley-3-2019-de-22-de-enero-de-garantia-de-la-autonomia-municipal-de-extremadura\/","title":{"rendered":"El instrumento de la conciliaci\u00f3n prejudicial previsto en la Ley 3\/2019, de 22 de enero, de garant\u00eda de la autonom\u00eda municipal de Extremadura"},"content":{"rendered":"\n<p>En los \u00faltimos a\u00f1os, ha irrumpido con fuerza la necesidad de introducir mecanismos de conciliaci\u00f3n en el \u00e1mbito administrativo, como una forma de resoluci\u00f3n de conflictos entre los ciudadanos y las Administraciones p\u00fablicas. As\u00ed, diferentes comunidades aut\u00f3nomas (Canarias, Comunidad Valenciana y Catalu\u00f1a, entre otras) han aprobado protocolos de actuaci\u00f3n y han desarrollado planes piloto para fomentar la introducci\u00f3n, en el \u00e1mbito del derecho administrativo, de mecanismos que permitan incorporar nuevas formas de solucionar los conflictos jur\u00eddicos entre Administraci\u00f3n y ciudadan\u00eda y, asimismo, posibilitar la creaci\u00f3n de una v\u00eda complementaria a la justicia administrativa.<\/p>\n\n\n\n<p>Cierto es que, en la actualidad, no se ha avanzado en absoluto en la regulaci\u00f3n de estos sistemas de resoluci\u00f3n de conflictos, ni a nivel estatal ni a nivel europeo, pero creo que estamos ante una oportunidad de normativizar esta nueva manera de relacionarse entre Administraci\u00f3n y ciudadan\u00eda, que est\u00e1 llamada a suponer una transformaci\u00f3n del funcionamiento de las Administraciones p\u00fablicas, similar a la que supuso la entrada en vigor, a mediados de la segunda d\u00e9cada del presente siglo, de las leyes de transparencia y buen gobierno.<\/p>\n\n\n\n<p>Ante la ausencia de normativa que regule estos procedimientos alternativos, cualquier iniciativa legal tendente a la puesta en marcha de sistemas innovadores y atrevidos de solucionar las controversias, sin necesidad de acudir a los recursos administrativos ni a la jurisdicci\u00f3n contenciosa, debe ser aplaudida, porque seguro que ser\u00e1 el embri\u00f3n de este nuevo concepto de resoluci\u00f3n de discrepancias entre ciudadanos y Administraci\u00f3n y, por qu\u00e9 no, tambi\u00e9n entre Administraciones.<\/p>\n\n\n\n<p>En este contexto, la Ley 3\/2019, de 22 de enero, de garant\u00eda de la autonom\u00eda municipal de Extremadura, como se explica en la exposici\u00f3n de motivos, crea un mecanismo nuevo en el marco comparado local: la instrumentaci\u00f3n facultativa de un tr\u00e1mite de conciliaci\u00f3n previo a la interposici\u00f3n de recursos judiciales cuando est\u00e9n en juego competencias locales.<\/p>\n\n\n\n<blockquote class=\"wp-block-quote is-layout-flow wp-block-quote-is-layout-flow\">\n<p><strong>La Ley 3\/2019 de Extremadura, crea un mecanismo nuevo: la instrumentaci\u00f3n facultativa de un tr\u00e1mite de conciliaci\u00f3n previo a la interposici\u00f3n de recursos judiciales cuando est\u00e9n en juego competencias locales.<\/strong><\/p>\n<\/blockquote>\n\n\n\n<p>Efectivamente, el art\u00edculo 41 de la mencionada ley regula un procedimiento de conciliaci\u00f3n prejudicial creado con la finalidad de resolver, de forma acordada, los conflictos que en materia competencial puedan surgir entre la Junta de Extremadura y las entidades locales, o entre estas \u00faltimas entre s\u00ed.<\/p>\n\n\n\n<blockquote class=\"wp-block-quote is-layout-flow wp-block-quote-is-layout-flow\">\n<p><strong>Procedimiento de conciliaci\u00f3n prejudicial creado con la finalidad de resolver, de forma acordada, los conflictos que en materia competencial puedan surgir entre la Junta de Extremadura y las entidades locales, o entre estas \u00faltimas entre s\u00ed.<\/strong><\/p>\n<\/blockquote>\n\n\n\n<p>Estamos ante un procedimiento pensado, en su \u00e1mbito subjetivo, \u00fanicamente para resolver discrepancias que se susciten entre las entidades locales o bien entre las entidades locales y la Junta de Extremadura. Y en el \u00e1mbito objetivo, solamente para resolver conflictos competenciales entre las distintas Administraciones. Es decir, no cualquier desencuentro, controversia o litigio podr\u00e1 ser objeto de este procedimiento de conciliaci\u00f3n prejudicial, sino que est\u00e1 reservado, exclusivamente, a conflictos en materia competencial. Solo podr\u00e1n ser objeto de conciliaci\u00f3n las disposiciones, actos, actuaciones e inactividad de la Junta de Extremadura y de los entes locales u organismos dependientes o vinculados a esas Administraciones p\u00fablicas, siempre que se plantee una cuesti\u00f3n de naturaleza competencial que cuestione su validez.<\/p>\n\n\n\n<blockquote class=\"wp-block-quote is-layout-flow wp-block-quote-is-layout-flow\">\n<p><strong>Solo podr\u00e1n ser objeto de conciliaci\u00f3n las disposiciones, actos, actuaciones e inactividad de la Junta de Extremadura y de los entes locales u organismos dependientes o vinculados a esas Administraciones p\u00fablicas, siempre que se plantee una cuesti\u00f3n de naturaleza competencial que cuestione su validez.<\/strong><\/p>\n<\/blockquote>\n\n\n\n<p>Se trata de un tr\u00e1mite de car\u00e1cter voluntario y previo a la interposici\u00f3n de la acci\u00f3n jurisdiccional y est\u00e1 presidido por los principios de antiformalismo e igualdad de las partes en las actuaciones. El procedimiento administrativo se encuentra regulado, sucintamente, en los apartados 4 a 6 del mencionado art\u00edculo 41.<\/p>\n\n\n\n<p>Sin duda, nos encontramos ante una previsi\u00f3n pionera en el ordenamiento jur\u00eddico estatal y que introduce, por vez primera, un mecanismo alternativo de soluci\u00f3n de conflictos entre Administraciones. Asimismo, podemos considerar la introducci\u00f3n de este procedimiento innovador como un paso valiente pero t\u00edmido, teniendo en cuenta su \u00e1mbito objetivo, solo aplicable a conflictos competenciales y no a dilucidar cualquier controversia originada por cualquier actuaci\u00f3n administrativa.<\/p>\n\n\n\n<blockquote class=\"wp-block-quote is-layout-flow wp-block-quote-is-layout-flow\">\n<p><strong>Nos encontramos ante una previsi\u00f3n pionera en el ordenamiento jur\u00eddico estatal y que introduce, por vez primera, un mecanismo alternativo de soluci\u00f3n de conflictos entre Administraciones.<\/strong><\/p>\n<\/blockquote>\n\n\n\n<p>Ciertamente, la ampliaci\u00f3n del \u00e1mbito objetivo, la regulaci\u00f3n minuciosa de un procedimiento y la eliminaci\u00f3n del criterio de la voluntariedad, requerir\u00edan de una modificaci\u00f3n legal de la <a href=\"https:\/\/www.boe.es\/buscar\/act.php?id=BOE-A-1985-5392\">Ley de Bases de R\u00e9gimen Local<\/a> y de la <a href=\"https:\/\/www.boe.es\/buscar\/act.php?id=BOE-A-1998-16718\">Ley Reguladora de la Jurisdicci\u00f3n Contencioso-Administrativa<\/a>. Pero, sin duda, la ley extreme\u00f1a es un primer paso que viene a demostrar, entre otras cosas, el fracaso del requerimiento previo previsto en el art\u00edculo 44 de la Ley Reguladora de la Jurisdicci\u00f3n Contencioso-Administrativa, como mecanismo para evitar la conflictividad jurisdiccional entre Administraciones p\u00fablicas, dado que, indudablemente, el requerimiento previo se ha convertido en un recurso administrativo m\u00e1s, un tr\u00e1mite formal sin eficacia pr\u00e1ctica, y la experiencia ha demostrado que no es un medio potestativo para que los conflictos entre Administraciones se puedan resolver sin litigar, no es una t\u00e9cnica efectiva para llegar a un acuerdo y no es un sistema id\u00f3neo para intentar la reconsideraci\u00f3n de las decisiones administrativas.<\/p>\n\n\n\n<p>En Catalu\u00f1a, durante los a\u00f1os 2017, 2018 y 2019, se interpusieron aproximadamente 700 recursos contencioso-administrativos entre la Administraci\u00f3n de la Generalitat (y sector p\u00fablico) y las Administraciones locales de Catalu\u00f1a.<\/p>\n\n\n\n<p>Si todas las Administraciones p\u00fablicas sirven con objetividad los intereses generales y act\u00faan de acuerdo con los principios de eficacia, jerarqu\u00eda, descentralizaci\u00f3n, desconcentraci\u00f3n y coordinaci\u00f3n, deber\u00eda favorecerse e impulsarse un espacio para hacer confluir estos intereses generales que defienden todas las Administraciones. Si en el \u00e1mbito constitucional, mediante el procedimiento previsto en el art\u00edculo 33.2 de la <a href=\"https:\/\/www.boe.es\/buscar\/act.php?id=BOE-A-1979-23709\">Ley Org\u00e1nica del Tribunal Constitucional<\/a>, dos Administraciones pueden llegar a acuerdos tan significativos como una interpretaci\u00f3n conjunta y consensuada de ciertos aspectos de la Constituci\u00f3n o de los estatutos de autonom\u00eda, y resolver determinadas discrepancias para evitar la interposici\u00f3n de recursos de inconstitucionalidad, m\u00e1s a\u00fan deber\u00eda facilitarse la adopci\u00f3n de estos acuerdos si lo que se cuestiona es un simple acto administrativo o una disposici\u00f3n de car\u00e1cter general dictada por una Administraci\u00f3n, local o auton\u00f3mica, que act\u00faa para servir con objetividad a los intereses generales.<\/p>\n\n\n\n<p>La <a href=\"https:\/\/www.boe.es\/buscar\/act.php?id=BOE-A-2019-1938\">Ley 3\/2019, de 22 de enero, de garant\u00eda de la autonom\u00eda municipal de Extremadura<\/a>, sin lugar a dudas, ha iniciado el camino. Faltar\u00e1 la culminaci\u00f3n, que deber\u00e1 concretarse a trav\u00e9s de la modificaci\u00f3n de la normativa estatal \u2014de r\u00e9gimen local y procesal\u2014 y de la previsi\u00f3n de este sistema de resoluci\u00f3n de conflictos entre Administraciones en las normativas de r\u00e9gimen local auton\u00f3micas que ver\u00e1n la luz en los pr\u00f3ximos a\u00f1os.<\/p>\n\n\n\n<p>Autor\/a: <strong>Francesc Esteve Balagu\u00e9<\/strong><\/p>\n","protected":false},"excerpt":{"rendered":"<p>Se analiza el mecanismo de conciliaci\u00f3n prejudicial regulado en el art\u00edculo 41 de la Ley 3\/2019, de 22 de enero, de garant\u00eda de la autonom\u00eda municipal de Extremadura, como instrumento innovador creado con el fin de resolver, de forma acordada, los conflictos que en materia competencial puedan surgir entre la Junta de Extremadura y las entidades locales, o entre estas \u00faltimas entre s\u00ed.<\/p>\n","protected":false},"author":2,"featured_media":1979,"comment_status":"open","ping_status":"open","sticky":false,"template":"","format":"standard","meta":{"site-sidebar-layout":"default","site-content-layout":"","ast-site-content-layout":"default","site-content-style":"default","site-sidebar-style":"default","ast-global-header-display":"","ast-banner-title-visibility":"","ast-main-header-display":"","ast-hfb-above-header-display":"","ast-hfb-below-header-display":"","ast-hfb-mobile-header-display":"","site-post-title":"","ast-breadcrumbs-content":"","ast-featured-img":"","footer-sml-layout":"","ast-disable-related-posts":"","theme-transparent-header-meta":"","adv-header-id-meta":"","stick-header-meta":"","header-above-stick-meta":"","header-main-stick-meta":"","header-below-stick-meta":"","astra-migrate-meta-layouts":"set","ast-page-background-enabled":"default","ast-page-background-meta":{"desktop":{"background-color":"var(--ast-global-color-4)","background-image":"","background-repeat":"repeat","background-position":"center center","background-size":"auto","background-attachment":"scroll","background-type":"","background-media":"","overlay-type":"","overlay-color":"","overlay-opacity":"","overlay-gradient":""},"tablet":{"background-color":"","background-image":"","background-repeat":"repeat","background-position":"center center","background-size":"auto","background-attachment":"scroll","background-type":"","background-media":"","overlay-type":"","overlay-color":"","overlay-opacity":"","overlay-gradient":""},"mobile":{"background-color":"","background-image":"","background-repeat":"repeat","background-position":"center center","background-size":"auto","background-attachment":"scroll","background-type":"","background-media":"","overlay-type":"","overlay-color":"","overlay-opacity":"","overlay-gradient":""}},"ast-content-background-meta":{"desktop":{"background-color":"var(--ast-global-color-5)","background-image":"","background-repeat":"repeat","background-position":"center center","background-size":"auto","background-attachment":"scroll","background-type":"","background-media":"","overlay-type":"","overlay-color":"","overlay-opacity":"","overlay-gradient":""},"tablet":{"background-color":"var(--ast-global-color-5)","background-image":"","background-repeat":"repeat","background-position":"center center","background-size":"auto","background-attachment":"scroll","background-type":"","background-media":"","overlay-type":"","overlay-color":"","overlay-opacity":"","overlay-gradient":""},"mobile":{"background-color":"var(--ast-global-color-5)","background-image":"","background-repeat":"repeat","background-position":"center center","background-size":"auto","background-attachment":"scroll","background-type":"","background-media":"","overlay-type":"","overlay-color":"","overlay-opacity":"","overlay-gradient":""}},"area-autor":{"item-0":{"nombre-del-autor":"Francesc Esteve Balagu\u00e9","cargo-autor":"Conseller del Consell de Garanties Estatut\u00e0ries de Catalunya","foto-autor":"1974"}},"footnotes":""},"categories":[7],"tags":[51,63],"autor-post":[92],"class_list":["post-1973","post","type-post","status-publish","format-standard","has-post-thumbnail","hentry","category-gobernanza","tag-autonomia-local","tag-competencias","autor-post-francesc-esteve-balague"],"yoast_head":"<!-- This site is optimized with the Yoast SEO plugin v27.0 - https:\/\/yoast.com\/product\/yoast-seo-wordpress\/ -->\n<title>El instrumento de la conciliaci\u00f3n prejudicial previsto en la Ley 3\/2019, de 22 de enero, de garant\u00eda de la autonom\u00eda municipal de Extremadura - Fundaci\u00f3n Democracia y Gobierno Local<\/title>\n<meta name=\"robots\" content=\"index, follow, max-snippet:-1, max-image-preview:large, max-video-preview:-1\" \/>\n<link rel=\"canonical\" href=\"https:\/\/www.gobiernolocal.org\/acento-local\/el-instrumento-de-la-conciliacion-prejudicial-previsto-en-la-ley-3-2019-de-22-de-enero-de-garantia-de-la-autonomia-municipal-de-extremadura\/\" \/>\n<meta property=\"og:locale\" content=\"es_ES\" \/>\n<meta property=\"og:type\" content=\"article\" \/>\n<meta property=\"og:title\" content=\"El instrumento de la conciliaci\u00f3n prejudicial previsto en la Ley 3\/2019, de 22 de enero, de garant\u00eda de la autonom\u00eda municipal de Extremadura - Fundaci\u00f3n Democracia y Gobierno Local\" \/>\n<meta property=\"og:description\" content=\"Se analiza el mecanismo de conciliaci\u00f3n prejudicial regulado en el art\u00edculo 41 de la Ley 3\/2019, de 22 de enero, de garant\u00eda de la autonom\u00eda municipal de Extremadura, como instrumento innovador creado con el fin de resolver, de forma acordada, los conflictos que en materia competencial puedan surgir entre la Junta de Extremadura y las entidades locales, o entre estas \u00faltimas entre s\u00ed.\" \/>\n<meta property=\"og:url\" content=\"https:\/\/www.gobiernolocal.org\/acento-local\/el-instrumento-de-la-conciliacion-prejudicial-previsto-en-la-ley-3-2019-de-22-de-enero-de-garantia-de-la-autonomia-municipal-de-extremadura\/\" \/>\n<meta property=\"og:site_name\" content=\"Fundaci\u00f3n Democracia y Gobierno Local\" \/>\n<meta property=\"article:published_time\" content=\"2022-11-18T06:30:00+00:00\" \/>\n<meta property=\"article:modified_time\" content=\"2023-10-10T06:50:19+00:00\" \/>\n<meta property=\"og:image\" content=\"https:\/\/www.gobiernolocal.org\/acento-local\/wp-content\/uploads\/2022\/11\/221118_800_03.jpg\" \/>\n\t<meta property=\"og:image:width\" content=\"800\" \/>\n\t<meta property=\"og:image:height\" content=\"533\" \/>\n\t<meta property=\"og:image:type\" content=\"image\/jpeg\" \/>\n<meta name=\"author\" content=\"Fundaci\u00f3n Gobierno Local\" \/>\n<meta name=\"twitter:card\" content=\"summary_large_image\" \/>\n<meta name=\"twitter:label1\" content=\"Escrito por\" \/>\n\t<meta name=\"twitter:data1\" content=\"Fundaci\u00f3n Gobierno Local\" \/>\n\t<meta name=\"twitter:label2\" content=\"Tiempo de lectura\" \/>\n\t<meta name=\"twitter:data2\" content=\"5 minutos\" \/>\n<script type=\"application\/ld+json\" class=\"yoast-schema-graph\">{\"@context\":\"https:\/\/schema.org\",\"@graph\":[{\"@type\":\"Article\",\"@id\":\"https:\/\/www.gobiernolocal.org\/acento-local\/el-instrumento-de-la-conciliacion-prejudicial-previsto-en-la-ley-3-2019-de-22-de-enero-de-garantia-de-la-autonomia-municipal-de-extremadura\/#article\",\"isPartOf\":{\"@id\":\"https:\/\/www.gobiernolocal.org\/acento-local\/el-instrumento-de-la-conciliacion-prejudicial-previsto-en-la-ley-3-2019-de-22-de-enero-de-garantia-de-la-autonomia-municipal-de-extremadura\/\"},\"author\":{\"name\":\"Fundaci\u00f3n Gobierno Local\",\"@id\":\"https:\/\/www.gobiernolocal.org\/acento-local\/#\/schema\/person\/022a0a6b36f62f7070403c5a3426d58c\"},\"headline\":\"El instrumento de la conciliaci\u00f3n prejudicial previsto en la Ley 3\/2019, de 22 de enero, de garant\u00eda de la autonom\u00eda municipal de Extremadura\",\"datePublished\":\"2022-11-18T06:30:00+00:00\",\"dateModified\":\"2023-10-10T06:50:19+00:00\",\"mainEntityOfPage\":{\"@id\":\"https:\/\/www.gobiernolocal.org\/acento-local\/el-instrumento-de-la-conciliacion-prejudicial-previsto-en-la-ley-3-2019-de-22-de-enero-de-garantia-de-la-autonomia-municipal-de-extremadura\/\"},\"wordCount\":1249,\"commentCount\":0,\"publisher\":{\"@id\":\"https:\/\/www.gobiernolocal.org\/acento-local\/#organization\"},\"image\":{\"@id\":\"https:\/\/www.gobiernolocal.org\/acento-local\/el-instrumento-de-la-conciliacion-prejudicial-previsto-en-la-ley-3-2019-de-22-de-enero-de-garantia-de-la-autonomia-municipal-de-extremadura\/#primaryimage\"},\"thumbnailUrl\":\"https:\/\/www.gobiernolocal.org\/acento-local\/wp-content\/uploads\/2022\/11\/221118_800_03.jpg\",\"keywords\":[\"Autonom\u00eda local\",\"Competencias\"],\"articleSection\":[\"Gobernanza\"],\"inLanguage\":\"es\",\"potentialAction\":[{\"@type\":\"CommentAction\",\"name\":\"Comment\",\"target\":[\"https:\/\/www.gobiernolocal.org\/acento-local\/el-instrumento-de-la-conciliacion-prejudicial-previsto-en-la-ley-3-2019-de-22-de-enero-de-garantia-de-la-autonomia-municipal-de-extremadura\/#respond\"]}]},{\"@type\":\"WebPage\",\"@id\":\"https:\/\/www.gobiernolocal.org\/acento-local\/el-instrumento-de-la-conciliacion-prejudicial-previsto-en-la-ley-3-2019-de-22-de-enero-de-garantia-de-la-autonomia-municipal-de-extremadura\/\",\"url\":\"https:\/\/www.gobiernolocal.org\/acento-local\/el-instrumento-de-la-conciliacion-prejudicial-previsto-en-la-ley-3-2019-de-22-de-enero-de-garantia-de-la-autonomia-municipal-de-extremadura\/\",\"name\":\"El instrumento de la conciliaci\u00f3n prejudicial previsto en la Ley 3\/2019, de 22 de enero, de garant\u00eda de la autonom\u00eda municipal de Extremadura - Fundaci\u00f3n Democracia y Gobierno Local\",\"isPartOf\":{\"@id\":\"https:\/\/www.gobiernolocal.org\/acento-local\/#website\"},\"primaryImageOfPage\":{\"@id\":\"https:\/\/www.gobiernolocal.org\/acento-local\/el-instrumento-de-la-conciliacion-prejudicial-previsto-en-la-ley-3-2019-de-22-de-enero-de-garantia-de-la-autonomia-municipal-de-extremadura\/#primaryimage\"},\"image\":{\"@id\":\"https:\/\/www.gobiernolocal.org\/acento-local\/el-instrumento-de-la-conciliacion-prejudicial-previsto-en-la-ley-3-2019-de-22-de-enero-de-garantia-de-la-autonomia-municipal-de-extremadura\/#primaryimage\"},\"thumbnailUrl\":\"https:\/\/www.gobiernolocal.org\/acento-local\/wp-content\/uploads\/2022\/11\/221118_800_03.jpg\",\"datePublished\":\"2022-11-18T06:30:00+00:00\",\"dateModified\":\"2023-10-10T06:50:19+00:00\",\"breadcrumb\":{\"@id\":\"https:\/\/www.gobiernolocal.org\/acento-local\/el-instrumento-de-la-conciliacion-prejudicial-previsto-en-la-ley-3-2019-de-22-de-enero-de-garantia-de-la-autonomia-municipal-de-extremadura\/#breadcrumb\"},\"inLanguage\":\"es\",\"potentialAction\":[{\"@type\":\"ReadAction\",\"target\":[\"https:\/\/www.gobiernolocal.org\/acento-local\/el-instrumento-de-la-conciliacion-prejudicial-previsto-en-la-ley-3-2019-de-22-de-enero-de-garantia-de-la-autonomia-municipal-de-extremadura\/\"]}]},{\"@type\":\"ImageObject\",\"inLanguage\":\"es\",\"@id\":\"https:\/\/www.gobiernolocal.org\/acento-local\/el-instrumento-de-la-conciliacion-prejudicial-previsto-en-la-ley-3-2019-de-22-de-enero-de-garantia-de-la-autonomia-municipal-de-extremadura\/#primaryimage\",\"url\":\"https:\/\/www.gobiernolocal.org\/acento-local\/wp-content\/uploads\/2022\/11\/221118_800_03.jpg\",\"contentUrl\":\"https:\/\/www.gobiernolocal.org\/acento-local\/wp-content\/uploads\/2022\/11\/221118_800_03.jpg\",\"width\":800,\"height\":533},{\"@type\":\"BreadcrumbList\",\"@id\":\"https:\/\/www.gobiernolocal.org\/acento-local\/el-instrumento-de-la-conciliacion-prejudicial-previsto-en-la-ley-3-2019-de-22-de-enero-de-garantia-de-la-autonomia-municipal-de-extremadura\/#breadcrumb\",\"itemListElement\":[{\"@type\":\"ListItem\",\"position\":1,\"name\":\"Portada\",\"item\":\"https:\/\/www.gobiernolocal.org\/acento-local\/\"},{\"@type\":\"ListItem\",\"position\":2,\"name\":\"El instrumento de la conciliaci\u00f3n prejudicial previsto en la Ley 3\/2019, de 22 de enero, de garant\u00eda de la autonom\u00eda municipal de Extremadura\"}]},{\"@type\":\"WebSite\",\"@id\":\"https:\/\/www.gobiernolocal.org\/acento-local\/#website\",\"url\":\"https:\/\/www.gobiernolocal.org\/acento-local\/\",\"name\":\"Fundaci\u00f3n Democracia y Gobierno Local\",\"description\":\"Otro sitio realizado con WordPress\",\"publisher\":{\"@id\":\"https:\/\/www.gobiernolocal.org\/acento-local\/#organization\"},\"potentialAction\":[{\"@type\":\"SearchAction\",\"target\":{\"@type\":\"EntryPoint\",\"urlTemplate\":\"https:\/\/www.gobiernolocal.org\/acento-local\/?s={search_term_string}\"},\"query-input\":{\"@type\":\"PropertyValueSpecification\",\"valueRequired\":true,\"valueName\":\"search_term_string\"}}],\"inLanguage\":\"es\"},{\"@type\":\"Organization\",\"@id\":\"https:\/\/www.gobiernolocal.org\/acento-local\/#organization\",\"name\":\"Fundaci\u00f3n Democracia y Gobierno Local\",\"url\":\"https:\/\/www.gobiernolocal.org\/acento-local\/\",\"logo\":{\"@type\":\"ImageObject\",\"inLanguage\":\"es\",\"@id\":\"https:\/\/www.gobiernolocal.org\/acento-local\/#\/schema\/logo\/image\/\",\"url\":\"https:\/\/www.gobiernolocal.org\/acento-local\/wp-content\/uploads\/2024\/09\/logo-acentoo-local.png\",\"contentUrl\":\"https:\/\/www.gobiernolocal.org\/acento-local\/wp-content\/uploads\/2024\/09\/logo-acentoo-local.png\",\"width\":1005,\"height\":197,\"caption\":\"Fundaci\u00f3n Democracia y Gobierno Local\"},\"image\":{\"@id\":\"https:\/\/www.gobiernolocal.org\/acento-local\/#\/schema\/logo\/image\/\"}},{\"@type\":\"Person\",\"@id\":\"https:\/\/www.gobiernolocal.org\/acento-local\/#\/schema\/person\/022a0a6b36f62f7070403c5a3426d58c\",\"name\":\"Fundaci\u00f3n Gobierno Local\",\"image\":{\"@type\":\"ImageObject\",\"inLanguage\":\"es\",\"@id\":\"https:\/\/www.gobiernolocal.org\/acento-local\/#\/schema\/person\/image\/\",\"url\":\"https:\/\/secure.gravatar.com\/avatar\/0fa5dea6ae65ded9475a6c7160b1cbc7af5bb19e5a8057c4249aa3664c5fbb21?s=96&d=mm&r=g\",\"contentUrl\":\"https:\/\/secure.gravatar.com\/avatar\/0fa5dea6ae65ded9475a6c7160b1cbc7af5bb19e5a8057c4249aa3664c5fbb21?s=96&d=mm&r=g\",\"caption\":\"Fundaci\u00f3n Gobierno Local\"},\"sameAs\":[\"https:\/\/www.gobiernolocal.org\/acento-local\"],\"url\":\"https:\/\/www.gobiernolocal.org\/acento-local\/author\/fundacion-gobierno-local\/\"}]}<\/script>\n<!-- \/ Yoast SEO plugin. -->","yoast_head_json":{"title":"El instrumento de la conciliaci\u00f3n prejudicial previsto en la Ley 3\/2019, de 22 de enero, de garant\u00eda de la autonom\u00eda municipal de Extremadura - Fundaci\u00f3n Democracia y Gobierno Local","robots":{"index":"index","follow":"follow","max-snippet":"max-snippet:-1","max-image-preview":"max-image-preview:large","max-video-preview":"max-video-preview:-1"},"canonical":"https:\/\/www.gobiernolocal.org\/acento-local\/el-instrumento-de-la-conciliacion-prejudicial-previsto-en-la-ley-3-2019-de-22-de-enero-de-garantia-de-la-autonomia-municipal-de-extremadura\/","og_locale":"es_ES","og_type":"article","og_title":"El instrumento de la conciliaci\u00f3n prejudicial previsto en la Ley 3\/2019, de 22 de enero, de garant\u00eda de la autonom\u00eda municipal de Extremadura - Fundaci\u00f3n Democracia y Gobierno Local","og_description":"Se analiza el mecanismo de conciliaci\u00f3n prejudicial regulado en el art\u00edculo 41 de la Ley 3\/2019, de 22 de enero, de garant\u00eda de la autonom\u00eda municipal de Extremadura, como instrumento innovador creado con el fin de resolver, de forma acordada, los conflictos que en materia competencial puedan surgir entre la Junta de Extremadura y las entidades locales, o entre estas \u00faltimas entre s\u00ed.","og_url":"https:\/\/www.gobiernolocal.org\/acento-local\/el-instrumento-de-la-conciliacion-prejudicial-previsto-en-la-ley-3-2019-de-22-de-enero-de-garantia-de-la-autonomia-municipal-de-extremadura\/","og_site_name":"Fundaci\u00f3n Democracia y Gobierno Local","article_published_time":"2022-11-18T06:30:00+00:00","article_modified_time":"2023-10-10T06:50:19+00:00","og_image":[{"width":800,"height":533,"url":"https:\/\/www.gobiernolocal.org\/acento-local\/wp-content\/uploads\/2022\/11\/221118_800_03.jpg","type":"image\/jpeg"}],"author":"Fundaci\u00f3n Gobierno Local","twitter_card":"summary_large_image","twitter_misc":{"Escrito por":"Fundaci\u00f3n Gobierno Local","Tiempo de lectura":"5 minutos"},"schema":{"@context":"https:\/\/schema.org","@graph":[{"@type":"Article","@id":"https:\/\/www.gobiernolocal.org\/acento-local\/el-instrumento-de-la-conciliacion-prejudicial-previsto-en-la-ley-3-2019-de-22-de-enero-de-garantia-de-la-autonomia-municipal-de-extremadura\/#article","isPartOf":{"@id":"https:\/\/www.gobiernolocal.org\/acento-local\/el-instrumento-de-la-conciliacion-prejudicial-previsto-en-la-ley-3-2019-de-22-de-enero-de-garantia-de-la-autonomia-municipal-de-extremadura\/"},"author":{"name":"Fundaci\u00f3n Gobierno Local","@id":"https:\/\/www.gobiernolocal.org\/acento-local\/#\/schema\/person\/022a0a6b36f62f7070403c5a3426d58c"},"headline":"El instrumento de la conciliaci\u00f3n prejudicial previsto en la Ley 3\/2019, de 22 de enero, de garant\u00eda de la autonom\u00eda municipal de Extremadura","datePublished":"2022-11-18T06:30:00+00:00","dateModified":"2023-10-10T06:50:19+00:00","mainEntityOfPage":{"@id":"https:\/\/www.gobiernolocal.org\/acento-local\/el-instrumento-de-la-conciliacion-prejudicial-previsto-en-la-ley-3-2019-de-22-de-enero-de-garantia-de-la-autonomia-municipal-de-extremadura\/"},"wordCount":1249,"commentCount":0,"publisher":{"@id":"https:\/\/www.gobiernolocal.org\/acento-local\/#organization"},"image":{"@id":"https:\/\/www.gobiernolocal.org\/acento-local\/el-instrumento-de-la-conciliacion-prejudicial-previsto-en-la-ley-3-2019-de-22-de-enero-de-garantia-de-la-autonomia-municipal-de-extremadura\/#primaryimage"},"thumbnailUrl":"https:\/\/www.gobiernolocal.org\/acento-local\/wp-content\/uploads\/2022\/11\/221118_800_03.jpg","keywords":["Autonom\u00eda local","Competencias"],"articleSection":["Gobernanza"],"inLanguage":"es","potentialAction":[{"@type":"CommentAction","name":"Comment","target":["https:\/\/www.gobiernolocal.org\/acento-local\/el-instrumento-de-la-conciliacion-prejudicial-previsto-en-la-ley-3-2019-de-22-de-enero-de-garantia-de-la-autonomia-municipal-de-extremadura\/#respond"]}]},{"@type":"WebPage","@id":"https:\/\/www.gobiernolocal.org\/acento-local\/el-instrumento-de-la-conciliacion-prejudicial-previsto-en-la-ley-3-2019-de-22-de-enero-de-garantia-de-la-autonomia-municipal-de-extremadura\/","url":"https:\/\/www.gobiernolocal.org\/acento-local\/el-instrumento-de-la-conciliacion-prejudicial-previsto-en-la-ley-3-2019-de-22-de-enero-de-garantia-de-la-autonomia-municipal-de-extremadura\/","name":"El instrumento de la conciliaci\u00f3n prejudicial previsto en la Ley 3\/2019, de 22 de enero, de garant\u00eda de la autonom\u00eda municipal de Extremadura - Fundaci\u00f3n Democracia y Gobierno Local","isPartOf":{"@id":"https:\/\/www.gobiernolocal.org\/acento-local\/#website"},"primaryImageOfPage":{"@id":"https:\/\/www.gobiernolocal.org\/acento-local\/el-instrumento-de-la-conciliacion-prejudicial-previsto-en-la-ley-3-2019-de-22-de-enero-de-garantia-de-la-autonomia-municipal-de-extremadura\/#primaryimage"},"image":{"@id":"https:\/\/www.gobiernolocal.org\/acento-local\/el-instrumento-de-la-conciliacion-prejudicial-previsto-en-la-ley-3-2019-de-22-de-enero-de-garantia-de-la-autonomia-municipal-de-extremadura\/#primaryimage"},"thumbnailUrl":"https:\/\/www.gobiernolocal.org\/acento-local\/wp-content\/uploads\/2022\/11\/221118_800_03.jpg","datePublished":"2022-11-18T06:30:00+00:00","dateModified":"2023-10-10T06:50:19+00:00","breadcrumb":{"@id":"https:\/\/www.gobiernolocal.org\/acento-local\/el-instrumento-de-la-conciliacion-prejudicial-previsto-en-la-ley-3-2019-de-22-de-enero-de-garantia-de-la-autonomia-municipal-de-extremadura\/#breadcrumb"},"inLanguage":"es","potentialAction":[{"@type":"ReadAction","target":["https:\/\/www.gobiernolocal.org\/acento-local\/el-instrumento-de-la-conciliacion-prejudicial-previsto-en-la-ley-3-2019-de-22-de-enero-de-garantia-de-la-autonomia-municipal-de-extremadura\/"]}]},{"@type":"ImageObject","inLanguage":"es","@id":"https:\/\/www.gobiernolocal.org\/acento-local\/el-instrumento-de-la-conciliacion-prejudicial-previsto-en-la-ley-3-2019-de-22-de-enero-de-garantia-de-la-autonomia-municipal-de-extremadura\/#primaryimage","url":"https:\/\/www.gobiernolocal.org\/acento-local\/wp-content\/uploads\/2022\/11\/221118_800_03.jpg","contentUrl":"https:\/\/www.gobiernolocal.org\/acento-local\/wp-content\/uploads\/2022\/11\/221118_800_03.jpg","width":800,"height":533},{"@type":"BreadcrumbList","@id":"https:\/\/www.gobiernolocal.org\/acento-local\/el-instrumento-de-la-conciliacion-prejudicial-previsto-en-la-ley-3-2019-de-22-de-enero-de-garantia-de-la-autonomia-municipal-de-extremadura\/#breadcrumb","itemListElement":[{"@type":"ListItem","position":1,"name":"Portada","item":"https:\/\/www.gobiernolocal.org\/acento-local\/"},{"@type":"ListItem","position":2,"name":"El instrumento de la conciliaci\u00f3n prejudicial previsto en la Ley 3\/2019, de 22 de enero, de garant\u00eda de la autonom\u00eda municipal de Extremadura"}]},{"@type":"WebSite","@id":"https:\/\/www.gobiernolocal.org\/acento-local\/#website","url":"https:\/\/www.gobiernolocal.org\/acento-local\/","name":"Fundaci\u00f3n Democracia y Gobierno Local","description":"Otro sitio realizado con WordPress","publisher":{"@id":"https:\/\/www.gobiernolocal.org\/acento-local\/#organization"},"potentialAction":[{"@type":"SearchAction","target":{"@type":"EntryPoint","urlTemplate":"https:\/\/www.gobiernolocal.org\/acento-local\/?s={search_term_string}"},"query-input":{"@type":"PropertyValueSpecification","valueRequired":true,"valueName":"search_term_string"}}],"inLanguage":"es"},{"@type":"Organization","@id":"https:\/\/www.gobiernolocal.org\/acento-local\/#organization","name":"Fundaci\u00f3n Democracia y Gobierno Local","url":"https:\/\/www.gobiernolocal.org\/acento-local\/","logo":{"@type":"ImageObject","inLanguage":"es","@id":"https:\/\/www.gobiernolocal.org\/acento-local\/#\/schema\/logo\/image\/","url":"https:\/\/www.gobiernolocal.org\/acento-local\/wp-content\/uploads\/2024\/09\/logo-acentoo-local.png","contentUrl":"https:\/\/www.gobiernolocal.org\/acento-local\/wp-content\/uploads\/2024\/09\/logo-acentoo-local.png","width":1005,"height":197,"caption":"Fundaci\u00f3n Democracia y Gobierno Local"},"image":{"@id":"https:\/\/www.gobiernolocal.org\/acento-local\/#\/schema\/logo\/image\/"}},{"@type":"Person","@id":"https:\/\/www.gobiernolocal.org\/acento-local\/#\/schema\/person\/022a0a6b36f62f7070403c5a3426d58c","name":"Fundaci\u00f3n Gobierno Local","image":{"@type":"ImageObject","inLanguage":"es","@id":"https:\/\/www.gobiernolocal.org\/acento-local\/#\/schema\/person\/image\/","url":"https:\/\/secure.gravatar.com\/avatar\/0fa5dea6ae65ded9475a6c7160b1cbc7af5bb19e5a8057c4249aa3664c5fbb21?s=96&d=mm&r=g","contentUrl":"https:\/\/secure.gravatar.com\/avatar\/0fa5dea6ae65ded9475a6c7160b1cbc7af5bb19e5a8057c4249aa3664c5fbb21?s=96&d=mm&r=g","caption":"Fundaci\u00f3n Gobierno Local"},"sameAs":["https:\/\/www.gobiernolocal.org\/acento-local"],"url":"https:\/\/www.gobiernolocal.org\/acento-local\/author\/fundacion-gobierno-local\/"}]}},"_links":{"self":[{"href":"https:\/\/www.gobiernolocal.org\/acento-local\/wp-json\/wp\/v2\/posts\/1973","targetHints":{"allow":["GET"]}}],"collection":[{"href":"https:\/\/www.gobiernolocal.org\/acento-local\/wp-json\/wp\/v2\/posts"}],"about":[{"href":"https:\/\/www.gobiernolocal.org\/acento-local\/wp-json\/wp\/v2\/types\/post"}],"author":[{"embeddable":true,"href":"https:\/\/www.gobiernolocal.org\/acento-local\/wp-json\/wp\/v2\/users\/2"}],"replies":[{"embeddable":true,"href":"https:\/\/www.gobiernolocal.org\/acento-local\/wp-json\/wp\/v2\/comments?post=1973"}],"version-history":[{"count":0,"href":"https:\/\/www.gobiernolocal.org\/acento-local\/wp-json\/wp\/v2\/posts\/1973\/revisions"}],"wp:featuredmedia":[{"embeddable":true,"href":"https:\/\/www.gobiernolocal.org\/acento-local\/wp-json\/wp\/v2\/media\/1979"}],"wp:attachment":[{"href":"https:\/\/www.gobiernolocal.org\/acento-local\/wp-json\/wp\/v2\/media?parent=1973"}],"wp:term":[{"taxonomy":"category","embeddable":true,"href":"https:\/\/www.gobiernolocal.org\/acento-local\/wp-json\/wp\/v2\/categories?post=1973"},{"taxonomy":"post_tag","embeddable":true,"href":"https:\/\/www.gobiernolocal.org\/acento-local\/wp-json\/wp\/v2\/tags?post=1973"},{"taxonomy":"autor-post","embeddable":true,"href":"https:\/\/www.gobiernolocal.org\/acento-local\/wp-json\/wp\/v2\/autor-post?post=1973"}],"curies":[{"name":"wp","href":"https:\/\/api.w.org\/{rel}","templated":true}]}}