{"id":1960,"date":"2022-11-09T07:30:00","date_gmt":"2022-11-09T06:30:00","guid":{"rendered":"https:\/\/www.gobiernolocal.org\/acento-local\/?p=1960"},"modified":"2023-10-10T08:46:38","modified_gmt":"2023-10-10T06:46:38","slug":"todos-los-asuntos-pendientes-de-un-pleno-suspendido-deben-ser-incluidos-en-el-siguiente","status":"publish","type":"post","link":"https:\/\/www.gobiernolocal.org\/acento-local\/todos-los-asuntos-pendientes-de-un-pleno-suspendido-deben-ser-incluidos-en-el-siguiente\/","title":{"rendered":"Todos los asuntos pendientes de un pleno suspendido deben ser incluidos en el siguiente"},"content":{"rendered":"\n<p><strong>1.<\/strong> \u201cEn democracia es importante que los temas pol\u00e9micos sean debatidos en su momento, no semanas o meses m\u00e1s tarde\u201d. Con esta claridad se expresa la <a href=\"https:\/\/www.poderjudicial.es\/search\/AN\/openDocument\/8ac292b8e7e75f83a0a8778d75e36f0d\/20220629\">Sentencia del Tribunal Supremo 756\/2022, de 15 de junio de 2022<\/a> (recurso n.\u00ba 3225\/2021), de la que ha sido ponente Luis Mar\u00eda D\u00edez-Picazo.<\/p>\n\n\n\n<p>Los hechos ocurrieron en el Ayuntamiento de Legan\u00e9s y se remontan a 2019. El 14 de noviembre, el alcalde suspendi\u00f3 la celebraci\u00f3n del Pleno debido a los des\u00f3rdenes que se produjeron. Convoc\u00f3 despu\u00e9s un pleno extraordinario para el d\u00eda 20 de noviembre, en el que se abordaron los asuntos que hab\u00edan quedado sin tratar en el pleno suspendido, pero no todos: en el orden del d\u00eda se incluyeron las propuestas del Gobierno municipal, pero no las interpelaciones y mociones presentadas por los concejales de la oposici\u00f3n. Las iniciativas de la oposici\u00f3n se demoraron a plenos ordinarios posteriores.<\/p>\n\n\n\n<p>Disconforme con la decisi\u00f3n, un concejal present\u00f3 un recurso contencioso-administrativo por el procedimiento especial de protecci\u00f3n de los derechos fundamentales, alegando que la exclusi\u00f3n de las interpelaciones y mociones en el orden del d\u00eda del pleno extraordinario \u2014en contraste con lo decidido para los asuntos de iniciativa del Gobierno municipal\u2014 supon\u00eda una vulneraci\u00f3n del principio de igualdad ante la ley y del <em>ius in officium<\/em> de los cargos electivos (art\u00edculos 14 y 23 de la Constituci\u00f3n).<\/p>\n\n\n\n<p>El Juzgado de lo Contencioso-Administrativo n.\u00ba 15 de Madrid estim\u00f3 el recurso y su sentencia fue confirmada en apelaci\u00f3n por el Tribunal Superior de Justicia de Madrid (TSJM). En la sentencia aqu\u00ed analizada, el Tribunal Supremo desestima el recurso de casaci\u00f3n interpuesto por el Ayuntamiento de Legan\u00e9s contra la sentencia del TSJM.<\/p>\n\n\n\n<p><strong>2.<\/strong> La cuesti\u00f3n planteada se encuentra regulada en el art\u00edculo 87 del Reglamento de Organizaci\u00f3n, Funcionamiento y R\u00e9gimen Jur\u00eddico de las Entidades Locales, aprobado por Real Decreto 2568\/1986, de 28 de noviembre (ROF). De acuerdo con dicho precepto, si el pleno termina \u201csin que se hubiesen debatido y resuelto todos los asuntos incluidos en el orden del d\u00eda, el presidente podr\u00e1 levantar la sesi\u00f3n. En este caso los asuntos no debatidos habr\u00e1n de incluirse en el orden del d\u00eda de la siguiente sesi\u00f3n\u201d.<\/p>\n\n\n\n<p>En lo que se refiere a la regulaci\u00f3n del pleno, el <a href=\"http:\/\/www.leganes.org\/portal\/contenedor_ficha.jsp?seccion=s_fdoc_d4_v1.jsp&amp;contenido=100240&amp;nivel=1400&amp;tipo=5&amp;codMenuPN=2&amp;codMenuSN=60&amp;codMenuTN=471&amp;codMenu=1874\">Reglamento Org\u00e1nico Municipal del Ayuntamiento de Legan\u00e9s<\/a> goza de aplicaci\u00f3n preferente respecto del ROF. Pese a que la redacci\u00f3n de su art\u00edculo 75 no coincida exactamente con la del art\u00edculo 87 del ROF, en lo que aqu\u00ed interesa el ROM de Legan\u00e9s establece la misma regla: si el pleno termina sin que se hayan abordado todos los asuntos incluidos en el orden del d\u00eda, y el alcalde opta por levantar la sesi\u00f3n, \u201clos asuntos no debatidos se incluir\u00e1n en el orden del d\u00eda de la siguiente sesi\u00f3n\u201d.<\/p>\n\n\n\n<p><strong>3.<\/strong> En defensa de la decisi\u00f3n del alcalde, el letrado municipal aduce que ambas normas valen para los plenos ordinarios, pero no para los extraordinarios, \u201cpues esto conducir\u00eda a cercenar o desvirtuar las facultades que legalmente corresponden al alcalde, entre las que se encuentra convocar y fijar el orden del d\u00eda de los plenos extraordinarios seg\u00fan su propio criterio\u201d (FJ 3.\u00ba).<\/p>\n\n\n\n<p>Frente a ello, el concejal demandante sostiene que el principio rige para todo tipo de plenos, tanto ordinarios como extraordinarios, \u201cporque el art\u00edculo 87 del ROF no distingue entre unos y otros\u201d. A lo que a\u00f1ade que \u201cacoger la interpretaci\u00f3n opuesta desembocar\u00eda en una consecuencia inaceptable, consistente en que el alcalde podr\u00eda ir demorando el debate de las iniciativas provenientes de la oposici\u00f3n municipal\u201d (FJ 4.\u00ba).<\/p>\n\n\n\n<p><strong>4.<\/strong> La posici\u00f3n del Tribunal Supremo (TS) se expone en el fundamento jur\u00eddico sexto. Su inter\u00e9s radica en que lleva a cabo una interpretaci\u00f3n finalista del art\u00edculo 87 ROF.<\/p>\n\n\n\n<p>Seg\u00fan el TS, \u201cde estas normas se desprende que es obligatorio que las sesiones plenarias se desarrollen sin soluci\u00f3n de continuidad y, si es posible, en un mismo d\u00eda. Como complemento de esta obligaci\u00f3n, se hace una previsi\u00f3n para el supuesto \u2014seguramente concebido como excepcional\u2014 de que deban dejarse puntos del orden del d\u00eda sin tratar: si ello ocurre, deben ser incluidos en \u2018la siguiente sesi\u00f3n\u2019 del pleno. La finalidad de todo ello es, sin duda alguna, evitar que la discusi\u00f3n de los asuntos pueda demorarse\u201d (FJ 6.\u00ba, p\u00e1rr. 2.\u00ba).&nbsp;<\/p>\n\n\n\n<p>El art\u00edculo 87 del ROF no distingue entre plenos ordinarios y plenos extraordinarios \u2014sigue diciendo el TS\u2014, sino que se limita a ordenar que los puntos pendientes sean incluidos en la siguiente sesi\u00f3n. \u201cEsta falta de diferenciaci\u00f3n tiene sentido, pues se trata de no posponer <em>sine die<\/em> un debate que habr\u00eda debido ya producirse\u201d. \u201cLa prioridad debe ser concluir lo que se dej\u00f3 sin hacer\u201d<strong> <\/strong>(FJ 6.\u00ba, p\u00e1rr. 3.\u00ba).<\/p>\n\n\n\n<blockquote class=\"wp-block-quote is-layout-flow wp-block-quote-is-layout-flow\">\n<p><strong>\u201cLa prioridad debe ser concluir lo que se dej\u00f3 sin hacer\u201d<\/strong>.<\/p>\n<\/blockquote>\n\n\n\n<p>El incumplimiento de esta norma reviste especial gravedad si los asuntos omitidos en la segunda convocatoria son las iniciativas de la oposici\u00f3n. \u201cEludir el cumplimiento de lo ordenado por el art\u00edculo 87 del ROF so pretexto de que el siguiente pleno es extraordinario equivale, as\u00ed, a menoscabar las facultades de los concejales. Este menoscabo se ve acentuado cuando lo que se deja de incluir son interpelaciones y mociones provenientes de la oposici\u00f3n,cuyos proponentes tienen derecho a que sean abordadas sin demora. La infracci\u00f3n reglamentaria, en este sentido, supone una quiebra del <em>ius in officium<\/em> garantizado por el art. 23 de la Constituci\u00f3n\u201d. \u201cLo relevante es que objetivamente erosion\u00f3 los instrumentos que el ordenamiento jur\u00eddico pone a disposici\u00f3n de la oposici\u00f3n municipal\u201d (FJ 6.\u00ba, p\u00e1rrs. 4.\u00ba y 6.\u00ba).<\/p>\n\n\n\n<p><strong>5.<\/strong> La conclusi\u00f3n del TS es que \u201ctodos los puntos pendientes del orden del d\u00eda de un pleno anterior deben ser recogidos en el orden del d\u00eda del siguiente pleno, incluso si este es extraordinario. La inobservancia de este deber reglamentario implica, adem\u00e1s, una quiebra del art. 23 de la Constituci\u00f3n\u201d (FJ 7.\u00ba).<\/p>\n\n\n\n<p>Autor\/a: <strong>Javier Calvo Garc\u00eda<\/strong><\/p>\n","protected":false},"excerpt":{"rendered":"<p>Si se levanta una sesi\u00f3n del pleno y quedan asuntos sin tratar, se deben incluir obligatoriamente en el siguiente pleno, incluso si es extraordinario. El menoscabo de los derechos de los concejales que se produce si en la segunda sesi\u00f3n se omiten puntos pendientes, se ve acentuado cuando se trata de iniciativas de la oposici\u00f3n.<\/p>\n","protected":false},"author":2,"featured_media":1961,"comment_status":"open","ping_status":"open","sticky":false,"template":"","format":"standard","meta":{"site-sidebar-layout":"default","site-content-layout":"","ast-site-content-layout":"default","site-content-style":"default","site-sidebar-style":"default","ast-global-header-display":"","ast-banner-title-visibility":"","ast-main-header-display":"","ast-hfb-above-header-display":"","ast-hfb-below-header-display":"","ast-hfb-mobile-header-display":"","site-post-title":"","ast-breadcrumbs-content":"","ast-featured-img":"","footer-sml-layout":"","ast-disable-related-posts":"","theme-transparent-header-meta":"","adv-header-id-meta":"","stick-header-meta":"","header-above-stick-meta":"","header-main-stick-meta":"","header-below-stick-meta":"","astra-migrate-meta-layouts":"set","ast-page-background-enabled":"default","ast-page-background-meta":{"desktop":{"background-color":"var(--ast-global-color-4)","background-image":"","background-repeat":"repeat","background-position":"center center","background-size":"auto","background-attachment":"scroll","background-type":"","background-media":"","overlay-type":"","overlay-color":"","overlay-opacity":"","overlay-gradient":""},"tablet":{"background-color":"","background-image":"","background-repeat":"repeat","background-position":"center center","background-size":"auto","background-attachment":"scroll","background-type":"","background-media":"","overlay-type":"","overlay-color":"","overlay-opacity":"","overlay-gradient":""},"mobile":{"background-color":"","background-image":"","background-repeat":"repeat","background-position":"center center","background-size":"auto","background-attachment":"scroll","background-type":"","background-media":"","overlay-type":"","overlay-color":"","overlay-opacity":"","overlay-gradient":""}},"ast-content-background-meta":{"desktop":{"background-color":"var(--ast-global-color-5)","background-image":"","background-repeat":"repeat","background-position":"center center","background-size":"auto","background-attachment":"scroll","background-type":"","background-media":"","overlay-type":"","overlay-color":"","overlay-opacity":"","overlay-gradient":""},"tablet":{"background-color":"var(--ast-global-color-5)","background-image":"","background-repeat":"repeat","background-position":"center center","background-size":"auto","background-attachment":"scroll","background-type":"","background-media":"","overlay-type":"","overlay-color":"","overlay-opacity":"","overlay-gradient":""},"mobile":{"background-color":"var(--ast-global-color-5)","background-image":"","background-repeat":"repeat","background-position":"center center","background-size":"auto","background-attachment":"scroll","background-type":"","background-media":"","overlay-type":"","overlay-color":"","overlay-opacity":"","overlay-gradient":""}},"area-autor":{"item-0":{"nombre-del-autor":"Javier Calvo Garc\u00eda","cargo-autor":"Funcionario de carrera. \u00c1rea de Gobierno de Medio Ambiente y Movilidad. Ayuntamiento de Madrid","foto-autor":"1866"}},"footnotes":""},"categories":[7],"tags":[89],"autor-post":[41],"class_list":["post-1960","post","type-post","status-publish","format-standard","has-post-thumbnail","hentry","category-gobernanza","tag-pleno","autor-post-javier-calvo-garcia"],"yoast_head":"<!-- This site is optimized with the Yoast SEO plugin v27.0 - https:\/\/yoast.com\/product\/yoast-seo-wordpress\/ -->\n<title>Todos los asuntos pendientes de un pleno suspendido deben ser incluidos en el siguiente - Fundaci\u00f3n Democracia y Gobierno Local<\/title>\n<meta name=\"robots\" content=\"index, follow, max-snippet:-1, max-image-preview:large, max-video-preview:-1\" \/>\n<link rel=\"canonical\" href=\"https:\/\/www.gobiernolocal.org\/acento-local\/todos-los-asuntos-pendientes-de-un-pleno-suspendido-deben-ser-incluidos-en-el-siguiente\/\" \/>\n<meta property=\"og:locale\" content=\"es_ES\" \/>\n<meta property=\"og:type\" content=\"article\" \/>\n<meta property=\"og:title\" content=\"Todos los asuntos pendientes de un pleno suspendido deben ser incluidos en el siguiente - Fundaci\u00f3n Democracia y Gobierno Local\" \/>\n<meta property=\"og:description\" content=\"Si se levanta una sesi\u00f3n del pleno y quedan asuntos sin tratar, se deben incluir obligatoriamente en el siguiente pleno, incluso si es extraordinario. El menoscabo de los derechos de los concejales que se produce si en la segunda sesi\u00f3n se omiten puntos pendientes, se ve acentuado cuando se trata de iniciativas de la oposici\u00f3n.\" \/>\n<meta property=\"og:url\" content=\"https:\/\/www.gobiernolocal.org\/acento-local\/todos-los-asuntos-pendientes-de-un-pleno-suspendido-deben-ser-incluidos-en-el-siguiente\/\" \/>\n<meta property=\"og:site_name\" content=\"Fundaci\u00f3n Democracia y Gobierno Local\" \/>\n<meta property=\"article:published_time\" content=\"2022-11-09T06:30:00+00:00\" \/>\n<meta property=\"article:modified_time\" content=\"2023-10-10T06:46:38+00:00\" \/>\n<meta property=\"og:image\" content=\"https:\/\/www.gobiernolocal.org\/acento-local\/wp-content\/uploads\/2022\/11\/221109_800_01.jpg\" \/>\n\t<meta property=\"og:image:width\" content=\"800\" \/>\n\t<meta property=\"og:image:height\" content=\"533\" \/>\n\t<meta property=\"og:image:type\" content=\"image\/jpeg\" \/>\n<meta name=\"author\" content=\"Fundaci\u00f3n Gobierno Local\" \/>\n<meta name=\"twitter:card\" content=\"summary_large_image\" \/>\n<meta name=\"twitter:label1\" content=\"Escrito por\" \/>\n\t<meta name=\"twitter:data1\" content=\"Fundaci\u00f3n Gobierno Local\" \/>\n\t<meta name=\"twitter:label2\" content=\"Tiempo de lectura\" \/>\n\t<meta name=\"twitter:data2\" content=\"5 minutos\" \/>\n<script type=\"application\/ld+json\" class=\"yoast-schema-graph\">{\"@context\":\"https:\/\/schema.org\",\"@graph\":[{\"@type\":\"Article\",\"@id\":\"https:\/\/www.gobiernolocal.org\/acento-local\/todos-los-asuntos-pendientes-de-un-pleno-suspendido-deben-ser-incluidos-en-el-siguiente\/#article\",\"isPartOf\":{\"@id\":\"https:\/\/www.gobiernolocal.org\/acento-local\/todos-los-asuntos-pendientes-de-un-pleno-suspendido-deben-ser-incluidos-en-el-siguiente\/\"},\"author\":{\"name\":\"Fundaci\u00f3n Gobierno Local\",\"@id\":\"https:\/\/www.gobiernolocal.org\/acento-local\/#\/schema\/person\/022a0a6b36f62f7070403c5a3426d58c\"},\"headline\":\"Todos los asuntos pendientes de un pleno suspendido deben ser incluidos en el siguiente\",\"datePublished\":\"2022-11-09T06:30:00+00:00\",\"dateModified\":\"2023-10-10T06:46:38+00:00\",\"mainEntityOfPage\":{\"@id\":\"https:\/\/www.gobiernolocal.org\/acento-local\/todos-los-asuntos-pendientes-de-un-pleno-suspendido-deben-ser-incluidos-en-el-siguiente\/\"},\"wordCount\":1037,\"commentCount\":0,\"publisher\":{\"@id\":\"https:\/\/www.gobiernolocal.org\/acento-local\/#organization\"},\"image\":{\"@id\":\"https:\/\/www.gobiernolocal.org\/acento-local\/todos-los-asuntos-pendientes-de-un-pleno-suspendido-deben-ser-incluidos-en-el-siguiente\/#primaryimage\"},\"thumbnailUrl\":\"https:\/\/www.gobiernolocal.org\/acento-local\/wp-content\/uploads\/2022\/11\/221109_800_01.jpg\",\"keywords\":[\"Pleno\"],\"articleSection\":[\"Gobernanza\"],\"inLanguage\":\"es\",\"potentialAction\":[{\"@type\":\"CommentAction\",\"name\":\"Comment\",\"target\":[\"https:\/\/www.gobiernolocal.org\/acento-local\/todos-los-asuntos-pendientes-de-un-pleno-suspendido-deben-ser-incluidos-en-el-siguiente\/#respond\"]}]},{\"@type\":\"WebPage\",\"@id\":\"https:\/\/www.gobiernolocal.org\/acento-local\/todos-los-asuntos-pendientes-de-un-pleno-suspendido-deben-ser-incluidos-en-el-siguiente\/\",\"url\":\"https:\/\/www.gobiernolocal.org\/acento-local\/todos-los-asuntos-pendientes-de-un-pleno-suspendido-deben-ser-incluidos-en-el-siguiente\/\",\"name\":\"Todos los asuntos pendientes de un pleno suspendido deben ser incluidos en el siguiente - Fundaci\u00f3n Democracia y Gobierno Local\",\"isPartOf\":{\"@id\":\"https:\/\/www.gobiernolocal.org\/acento-local\/#website\"},\"primaryImageOfPage\":{\"@id\":\"https:\/\/www.gobiernolocal.org\/acento-local\/todos-los-asuntos-pendientes-de-un-pleno-suspendido-deben-ser-incluidos-en-el-siguiente\/#primaryimage\"},\"image\":{\"@id\":\"https:\/\/www.gobiernolocal.org\/acento-local\/todos-los-asuntos-pendientes-de-un-pleno-suspendido-deben-ser-incluidos-en-el-siguiente\/#primaryimage\"},\"thumbnailUrl\":\"https:\/\/www.gobiernolocal.org\/acento-local\/wp-content\/uploads\/2022\/11\/221109_800_01.jpg\",\"datePublished\":\"2022-11-09T06:30:00+00:00\",\"dateModified\":\"2023-10-10T06:46:38+00:00\",\"breadcrumb\":{\"@id\":\"https:\/\/www.gobiernolocal.org\/acento-local\/todos-los-asuntos-pendientes-de-un-pleno-suspendido-deben-ser-incluidos-en-el-siguiente\/#breadcrumb\"},\"inLanguage\":\"es\",\"potentialAction\":[{\"@type\":\"ReadAction\",\"target\":[\"https:\/\/www.gobiernolocal.org\/acento-local\/todos-los-asuntos-pendientes-de-un-pleno-suspendido-deben-ser-incluidos-en-el-siguiente\/\"]}]},{\"@type\":\"ImageObject\",\"inLanguage\":\"es\",\"@id\":\"https:\/\/www.gobiernolocal.org\/acento-local\/todos-los-asuntos-pendientes-de-un-pleno-suspendido-deben-ser-incluidos-en-el-siguiente\/#primaryimage\",\"url\":\"https:\/\/www.gobiernolocal.org\/acento-local\/wp-content\/uploads\/2022\/11\/221109_800_01.jpg\",\"contentUrl\":\"https:\/\/www.gobiernolocal.org\/acento-local\/wp-content\/uploads\/2022\/11\/221109_800_01.jpg\",\"width\":800,\"height\":533},{\"@type\":\"BreadcrumbList\",\"@id\":\"https:\/\/www.gobiernolocal.org\/acento-local\/todos-los-asuntos-pendientes-de-un-pleno-suspendido-deben-ser-incluidos-en-el-siguiente\/#breadcrumb\",\"itemListElement\":[{\"@type\":\"ListItem\",\"position\":1,\"name\":\"Portada\",\"item\":\"https:\/\/www.gobiernolocal.org\/acento-local\/\"},{\"@type\":\"ListItem\",\"position\":2,\"name\":\"Todos los asuntos pendientes de un pleno suspendido deben ser incluidos en el siguiente\"}]},{\"@type\":\"WebSite\",\"@id\":\"https:\/\/www.gobiernolocal.org\/acento-local\/#website\",\"url\":\"https:\/\/www.gobiernolocal.org\/acento-local\/\",\"name\":\"Fundaci\u00f3n Democracia y Gobierno Local\",\"description\":\"Otro sitio realizado con WordPress\",\"publisher\":{\"@id\":\"https:\/\/www.gobiernolocal.org\/acento-local\/#organization\"},\"potentialAction\":[{\"@type\":\"SearchAction\",\"target\":{\"@type\":\"EntryPoint\",\"urlTemplate\":\"https:\/\/www.gobiernolocal.org\/acento-local\/?s={search_term_string}\"},\"query-input\":{\"@type\":\"PropertyValueSpecification\",\"valueRequired\":true,\"valueName\":\"search_term_string\"}}],\"inLanguage\":\"es\"},{\"@type\":\"Organization\",\"@id\":\"https:\/\/www.gobiernolocal.org\/acento-local\/#organization\",\"name\":\"Fundaci\u00f3n Democracia y Gobierno Local\",\"url\":\"https:\/\/www.gobiernolocal.org\/acento-local\/\",\"logo\":{\"@type\":\"ImageObject\",\"inLanguage\":\"es\",\"@id\":\"https:\/\/www.gobiernolocal.org\/acento-local\/#\/schema\/logo\/image\/\",\"url\":\"https:\/\/www.gobiernolocal.org\/acento-local\/wp-content\/uploads\/2024\/09\/logo-acentoo-local.png\",\"contentUrl\":\"https:\/\/www.gobiernolocal.org\/acento-local\/wp-content\/uploads\/2024\/09\/logo-acentoo-local.png\",\"width\":1005,\"height\":197,\"caption\":\"Fundaci\u00f3n Democracia y Gobierno Local\"},\"image\":{\"@id\":\"https:\/\/www.gobiernolocal.org\/acento-local\/#\/schema\/logo\/image\/\"}},{\"@type\":\"Person\",\"@id\":\"https:\/\/www.gobiernolocal.org\/acento-local\/#\/schema\/person\/022a0a6b36f62f7070403c5a3426d58c\",\"name\":\"Fundaci\u00f3n Gobierno Local\",\"image\":{\"@type\":\"ImageObject\",\"inLanguage\":\"es\",\"@id\":\"https:\/\/www.gobiernolocal.org\/acento-local\/#\/schema\/person\/image\/\",\"url\":\"https:\/\/secure.gravatar.com\/avatar\/0fa5dea6ae65ded9475a6c7160b1cbc7af5bb19e5a8057c4249aa3664c5fbb21?s=96&d=mm&r=g\",\"contentUrl\":\"https:\/\/secure.gravatar.com\/avatar\/0fa5dea6ae65ded9475a6c7160b1cbc7af5bb19e5a8057c4249aa3664c5fbb21?s=96&d=mm&r=g\",\"caption\":\"Fundaci\u00f3n Gobierno Local\"},\"sameAs\":[\"https:\/\/www.gobiernolocal.org\/acento-local\"],\"url\":\"https:\/\/www.gobiernolocal.org\/acento-local\/author\/fundacion-gobierno-local\/\"}]}<\/script>\n<!-- \/ Yoast SEO plugin. -->","yoast_head_json":{"title":"Todos los asuntos pendientes de un pleno suspendido deben ser incluidos en el siguiente - Fundaci\u00f3n Democracia y Gobierno Local","robots":{"index":"index","follow":"follow","max-snippet":"max-snippet:-1","max-image-preview":"max-image-preview:large","max-video-preview":"max-video-preview:-1"},"canonical":"https:\/\/www.gobiernolocal.org\/acento-local\/todos-los-asuntos-pendientes-de-un-pleno-suspendido-deben-ser-incluidos-en-el-siguiente\/","og_locale":"es_ES","og_type":"article","og_title":"Todos los asuntos pendientes de un pleno suspendido deben ser incluidos en el siguiente - Fundaci\u00f3n Democracia y Gobierno Local","og_description":"Si se levanta una sesi\u00f3n del pleno y quedan asuntos sin tratar, se deben incluir obligatoriamente en el siguiente pleno, incluso si es extraordinario. El menoscabo de los derechos de los concejales que se produce si en la segunda sesi\u00f3n se omiten puntos pendientes, se ve acentuado cuando se trata de iniciativas de la oposici\u00f3n.","og_url":"https:\/\/www.gobiernolocal.org\/acento-local\/todos-los-asuntos-pendientes-de-un-pleno-suspendido-deben-ser-incluidos-en-el-siguiente\/","og_site_name":"Fundaci\u00f3n Democracia y Gobierno Local","article_published_time":"2022-11-09T06:30:00+00:00","article_modified_time":"2023-10-10T06:46:38+00:00","og_image":[{"width":800,"height":533,"url":"https:\/\/www.gobiernolocal.org\/acento-local\/wp-content\/uploads\/2022\/11\/221109_800_01.jpg","type":"image\/jpeg"}],"author":"Fundaci\u00f3n Gobierno Local","twitter_card":"summary_large_image","twitter_misc":{"Escrito por":"Fundaci\u00f3n Gobierno Local","Tiempo de lectura":"5 minutos"},"schema":{"@context":"https:\/\/schema.org","@graph":[{"@type":"Article","@id":"https:\/\/www.gobiernolocal.org\/acento-local\/todos-los-asuntos-pendientes-de-un-pleno-suspendido-deben-ser-incluidos-en-el-siguiente\/#article","isPartOf":{"@id":"https:\/\/www.gobiernolocal.org\/acento-local\/todos-los-asuntos-pendientes-de-un-pleno-suspendido-deben-ser-incluidos-en-el-siguiente\/"},"author":{"name":"Fundaci\u00f3n Gobierno Local","@id":"https:\/\/www.gobiernolocal.org\/acento-local\/#\/schema\/person\/022a0a6b36f62f7070403c5a3426d58c"},"headline":"Todos los asuntos pendientes de un pleno suspendido deben ser incluidos en el siguiente","datePublished":"2022-11-09T06:30:00+00:00","dateModified":"2023-10-10T06:46:38+00:00","mainEntityOfPage":{"@id":"https:\/\/www.gobiernolocal.org\/acento-local\/todos-los-asuntos-pendientes-de-un-pleno-suspendido-deben-ser-incluidos-en-el-siguiente\/"},"wordCount":1037,"commentCount":0,"publisher":{"@id":"https:\/\/www.gobiernolocal.org\/acento-local\/#organization"},"image":{"@id":"https:\/\/www.gobiernolocal.org\/acento-local\/todos-los-asuntos-pendientes-de-un-pleno-suspendido-deben-ser-incluidos-en-el-siguiente\/#primaryimage"},"thumbnailUrl":"https:\/\/www.gobiernolocal.org\/acento-local\/wp-content\/uploads\/2022\/11\/221109_800_01.jpg","keywords":["Pleno"],"articleSection":["Gobernanza"],"inLanguage":"es","potentialAction":[{"@type":"CommentAction","name":"Comment","target":["https:\/\/www.gobiernolocal.org\/acento-local\/todos-los-asuntos-pendientes-de-un-pleno-suspendido-deben-ser-incluidos-en-el-siguiente\/#respond"]}]},{"@type":"WebPage","@id":"https:\/\/www.gobiernolocal.org\/acento-local\/todos-los-asuntos-pendientes-de-un-pleno-suspendido-deben-ser-incluidos-en-el-siguiente\/","url":"https:\/\/www.gobiernolocal.org\/acento-local\/todos-los-asuntos-pendientes-de-un-pleno-suspendido-deben-ser-incluidos-en-el-siguiente\/","name":"Todos los asuntos pendientes de un pleno suspendido deben ser incluidos en el siguiente - Fundaci\u00f3n Democracia y Gobierno Local","isPartOf":{"@id":"https:\/\/www.gobiernolocal.org\/acento-local\/#website"},"primaryImageOfPage":{"@id":"https:\/\/www.gobiernolocal.org\/acento-local\/todos-los-asuntos-pendientes-de-un-pleno-suspendido-deben-ser-incluidos-en-el-siguiente\/#primaryimage"},"image":{"@id":"https:\/\/www.gobiernolocal.org\/acento-local\/todos-los-asuntos-pendientes-de-un-pleno-suspendido-deben-ser-incluidos-en-el-siguiente\/#primaryimage"},"thumbnailUrl":"https:\/\/www.gobiernolocal.org\/acento-local\/wp-content\/uploads\/2022\/11\/221109_800_01.jpg","datePublished":"2022-11-09T06:30:00+00:00","dateModified":"2023-10-10T06:46:38+00:00","breadcrumb":{"@id":"https:\/\/www.gobiernolocal.org\/acento-local\/todos-los-asuntos-pendientes-de-un-pleno-suspendido-deben-ser-incluidos-en-el-siguiente\/#breadcrumb"},"inLanguage":"es","potentialAction":[{"@type":"ReadAction","target":["https:\/\/www.gobiernolocal.org\/acento-local\/todos-los-asuntos-pendientes-de-un-pleno-suspendido-deben-ser-incluidos-en-el-siguiente\/"]}]},{"@type":"ImageObject","inLanguage":"es","@id":"https:\/\/www.gobiernolocal.org\/acento-local\/todos-los-asuntos-pendientes-de-un-pleno-suspendido-deben-ser-incluidos-en-el-siguiente\/#primaryimage","url":"https:\/\/www.gobiernolocal.org\/acento-local\/wp-content\/uploads\/2022\/11\/221109_800_01.jpg","contentUrl":"https:\/\/www.gobiernolocal.org\/acento-local\/wp-content\/uploads\/2022\/11\/221109_800_01.jpg","width":800,"height":533},{"@type":"BreadcrumbList","@id":"https:\/\/www.gobiernolocal.org\/acento-local\/todos-los-asuntos-pendientes-de-un-pleno-suspendido-deben-ser-incluidos-en-el-siguiente\/#breadcrumb","itemListElement":[{"@type":"ListItem","position":1,"name":"Portada","item":"https:\/\/www.gobiernolocal.org\/acento-local\/"},{"@type":"ListItem","position":2,"name":"Todos los asuntos pendientes de un pleno suspendido deben ser incluidos en el siguiente"}]},{"@type":"WebSite","@id":"https:\/\/www.gobiernolocal.org\/acento-local\/#website","url":"https:\/\/www.gobiernolocal.org\/acento-local\/","name":"Fundaci\u00f3n Democracia y Gobierno Local","description":"Otro sitio realizado con WordPress","publisher":{"@id":"https:\/\/www.gobiernolocal.org\/acento-local\/#organization"},"potentialAction":[{"@type":"SearchAction","target":{"@type":"EntryPoint","urlTemplate":"https:\/\/www.gobiernolocal.org\/acento-local\/?s={search_term_string}"},"query-input":{"@type":"PropertyValueSpecification","valueRequired":true,"valueName":"search_term_string"}}],"inLanguage":"es"},{"@type":"Organization","@id":"https:\/\/www.gobiernolocal.org\/acento-local\/#organization","name":"Fundaci\u00f3n Democracia y Gobierno Local","url":"https:\/\/www.gobiernolocal.org\/acento-local\/","logo":{"@type":"ImageObject","inLanguage":"es","@id":"https:\/\/www.gobiernolocal.org\/acento-local\/#\/schema\/logo\/image\/","url":"https:\/\/www.gobiernolocal.org\/acento-local\/wp-content\/uploads\/2024\/09\/logo-acentoo-local.png","contentUrl":"https:\/\/www.gobiernolocal.org\/acento-local\/wp-content\/uploads\/2024\/09\/logo-acentoo-local.png","width":1005,"height":197,"caption":"Fundaci\u00f3n Democracia y Gobierno Local"},"image":{"@id":"https:\/\/www.gobiernolocal.org\/acento-local\/#\/schema\/logo\/image\/"}},{"@type":"Person","@id":"https:\/\/www.gobiernolocal.org\/acento-local\/#\/schema\/person\/022a0a6b36f62f7070403c5a3426d58c","name":"Fundaci\u00f3n Gobierno Local","image":{"@type":"ImageObject","inLanguage":"es","@id":"https:\/\/www.gobiernolocal.org\/acento-local\/#\/schema\/person\/image\/","url":"https:\/\/secure.gravatar.com\/avatar\/0fa5dea6ae65ded9475a6c7160b1cbc7af5bb19e5a8057c4249aa3664c5fbb21?s=96&d=mm&r=g","contentUrl":"https:\/\/secure.gravatar.com\/avatar\/0fa5dea6ae65ded9475a6c7160b1cbc7af5bb19e5a8057c4249aa3664c5fbb21?s=96&d=mm&r=g","caption":"Fundaci\u00f3n Gobierno Local"},"sameAs":["https:\/\/www.gobiernolocal.org\/acento-local"],"url":"https:\/\/www.gobiernolocal.org\/acento-local\/author\/fundacion-gobierno-local\/"}]}},"_links":{"self":[{"href":"https:\/\/www.gobiernolocal.org\/acento-local\/wp-json\/wp\/v2\/posts\/1960","targetHints":{"allow":["GET"]}}],"collection":[{"href":"https:\/\/www.gobiernolocal.org\/acento-local\/wp-json\/wp\/v2\/posts"}],"about":[{"href":"https:\/\/www.gobiernolocal.org\/acento-local\/wp-json\/wp\/v2\/types\/post"}],"author":[{"embeddable":true,"href":"https:\/\/www.gobiernolocal.org\/acento-local\/wp-json\/wp\/v2\/users\/2"}],"replies":[{"embeddable":true,"href":"https:\/\/www.gobiernolocal.org\/acento-local\/wp-json\/wp\/v2\/comments?post=1960"}],"version-history":[{"count":0,"href":"https:\/\/www.gobiernolocal.org\/acento-local\/wp-json\/wp\/v2\/posts\/1960\/revisions"}],"wp:featuredmedia":[{"embeddable":true,"href":"https:\/\/www.gobiernolocal.org\/acento-local\/wp-json\/wp\/v2\/media\/1961"}],"wp:attachment":[{"href":"https:\/\/www.gobiernolocal.org\/acento-local\/wp-json\/wp\/v2\/media?parent=1960"}],"wp:term":[{"taxonomy":"category","embeddable":true,"href":"https:\/\/www.gobiernolocal.org\/acento-local\/wp-json\/wp\/v2\/categories?post=1960"},{"taxonomy":"post_tag","embeddable":true,"href":"https:\/\/www.gobiernolocal.org\/acento-local\/wp-json\/wp\/v2\/tags?post=1960"},{"taxonomy":"autor-post","embeddable":true,"href":"https:\/\/www.gobiernolocal.org\/acento-local\/wp-json\/wp\/v2\/autor-post?post=1960"}],"curies":[{"name":"wp","href":"https:\/\/api.w.org\/{rel}","templated":true}]}}