{"id":1509,"date":"2022-09-19T15:00:00","date_gmt":"2022-09-19T13:00:00","guid":{"rendered":"https:\/\/www.gobiernolocal.org\/acento-local\/?p=1509"},"modified":"2023-10-10T07:36:26","modified_gmt":"2023-10-10T05:36:26","slug":"denegacion-de-un-proyecto-en-fase-de-supervision-por-tratarse-de-informacion-en-curso-de-elaboracion","status":"publish","type":"post","link":"https:\/\/www.gobiernolocal.org\/acento-local\/denegacion-de-un-proyecto-en-fase-de-supervision-por-tratarse-de-informacion-en-curso-de-elaboracion\/","title":{"rendered":"Denegaci\u00f3n del acceso a un proyecto de construcci\u00f3n en fase de supervisi\u00f3n"},"content":{"rendered":"\n<p>1. Uno de los proyectos m\u00e1s importantes del Ayuntamiento de Madrid durante el mandato actual (2019-2023) es el soterramiento de un tramo del Paseo de Extremadura. En ese proceso, el \u00c1rea de Gobierno de Medio Ambiente y Movilidad licit\u00f3 un contrato de servicios para la redacci\u00f3n del proyecto de construcci\u00f3n, denominado <em>Proyecto de ejecuci\u00f3n del Paseo Verde del Suroeste.<\/em> El contrato fue adjudicado en octubre de 2020 a la UTE ESTEYCO \u2013 SUBTERRA.<\/p>\n\n\n\n<p>En noviembre de 2021, un ciudadano solicit\u00f3 el proyecto de construcci\u00f3n elaborado por el contratista. El propio ciudadano advierte en su solicitud que el plazo inicialmente previsto de redacci\u00f3n del proyecto, que era de nueve meses (del 1\/12\/2020 al 31\/8\/2021), se ampli\u00f3 dos meses m\u00e1s. Conoc\u00eda esta circunstancia porque fue informado de ello la primera vez que lo solicit\u00f3, en septiembre de 2021. Como el plazo ampliado venci\u00f3 el 31\/10\/2021, lo vuelve a pedir en noviembre.<\/p>\n\n\n\n<p>Tampoco lo obtuvo esta vez, sin embargo. Su segunda solicitud fue inadmitida porque la Administraci\u00f3n consider\u00f3 que el proyecto, al no haber sido aprobado a\u00fan, se encontraba \u201cen curso de elaboraci\u00f3n\u201d.<\/p>\n\n\n\n<p>2.<strong> <\/strong>La resoluci\u00f3n de la solicitud, dictada por la Secretar\u00eda General T\u00e9cnica del \u00c1rea de Gobierno de Medio Ambiente y Movilidad (SGT), se basa en el informe de la Direcci\u00f3n General de Planificaci\u00f3n e Infraestructuras de Movilidad, responsable del contrato de redacci\u00f3n del proyecto. El informe se\u00f1ala que el proyecto solicitado \u201ca\u00fan no est\u00e1 aprobado\u201d, sino que \u201cactualmente se encuentra en fase de supervisi\u00f3n\u201d.<\/p>\n\n\n\n<p>De acuerdo con el informe, la Resoluci\u00f3n de 16 de diciembre de 2021 de la SGT inadmite a tr\u00e1mite la solicitud, \u201cdebido a que tiene por objeto informaci\u00f3n en curso de elaboraci\u00f3n, sobre la base de lo dispuesto por el art\u00edculo 18.1.a) de la Ley 19\/2013, de 9 de diciembre, de transparencia, acceso a la informaci\u00f3n p\u00fablica y buen gobierno\u201d<a href=\"#_ftn1\" id=\"_ftnref1\">[1]<\/a>.<\/p>\n\n\n\n<p>El fundamento tercero motiva la resoluci\u00f3n se\u00f1alando que \u201cel proyecto solicitado no est\u00e1 aprobado a\u00fan sino que se encuentra en fase de supervisi\u00f3n\u201d.<\/p>\n\n\n\n<p>3.<strong> <\/strong>Las resoluciones en materia de acceso a la informaci\u00f3n p\u00fablica pueden ser objeto de una reclamaci\u00f3n previa al recurso contencioso-administrativo. En el caso de las resoluciones del Ayuntamiento de Madrid, el \u00f3rgano que resuelve estas reclamaciones potestativas es el Consejo de Transparencia y Participaci\u00f3n de la Comunidad de Madrid (CTPCM).<\/p>\n\n\n\n<p>El interesado reclam\u00f3 ante el CTPCM por la falta de respuesta a su solicitud. Una vez recibida la resoluci\u00f3n, el ya reclamante expuso su desacuerdo con ella.<\/p>\n\n\n\n<p>A su juicio, \u201cno ha lugar a una denegaci\u00f3n de la solicitud\u201d ampar\u00e1ndose en que el documento se halla en curso de elaboraci\u00f3n. \u201cEl Ayuntamiento debe estar en posesi\u00f3n del documento solicitado\u201d (el proyecto de ejecuci\u00f3n redactado por el contratista). No estamos ante un documento en curso de elaboraci\u00f3n,<strong> <\/strong>sino que se trata de \u201cun documento ya redactado, independientemente de que con \u00e9l luego otros empleados o subcontratados hagan otras cosas. El documento que solicito, por todo ello, est\u00e1 finalizado\u201d. \u201cEs falso que se siga elaborando si por ello se entienden modificaciones por otros t\u00e9cnicos o subcontratas, pues ser\u00edan actuaciones independientes\u201d (resoluci\u00f3n del CTPCM, pp. 5-7).<\/p>\n\n\n\n<blockquote class=\"wp-block-quote is-layout-flow wp-block-quote-is-layout-flow\">\n<p><strong>Hasta su aprobaci\u00f3n, el proyecto no est\u00e1 cerrado<\/strong>.<\/p>\n<\/blockquote>\n\n\n\n<p>4. Para combatir esta argumentaci\u00f3n, la SGT explica en sus alegaciones la situaci\u00f3n administrativa del expediente del contrato de redacci\u00f3n de proyecto y el alcance de la \u201csupervisi\u00f3n\u201d citada en la resoluci\u00f3n de inadmisi\u00f3n.<\/p>\n\n\n\n<p>En s\u00edntesis, la SGT afirma que la ejecuci\u00f3n del contrato se realiza por fases y termina en la fase IV, cuyo objetivo es elaborar el proyecto de construcci\u00f3n. El Pliego de Cl\u00e1usulas Administrativas Particulares establece el r\u00e9gimen de pagos de los trabajos de la fase IV en estos t\u00e9rminos:<\/p>\n\n\n\n<p>\u201c- Una vez el Consultor haya entregado el Proyecto de Construcci\u00f3n al Director del Proyecto y el equipo de supervisi\u00f3n haya emitido informe favorable, se abonar\u00e1 el 60% del importe de la fase.<\/p>\n\n\n\n<p>&#8211; <em>Cuando se apruebe el Proyecto de Construcci\u00f3n<\/em> se abonar\u00e1 el 40% del importe de la fase\u201d.<\/p>\n\n\n\n<p>Por tanto \u2014sigue diciendo la SGT\u2014, \u201cla fase IV del contrato no finaliza con la entrega del proyecto de construcci\u00f3n por parte del contratista sino que, tras esta, es preciso que se cumpla otro tr\u00e1mite: la aprobaci\u00f3n del proyecto de construcci\u00f3n, previo informe favorable del equipo de supervisi\u00f3n\u201d. \u201cAntes de esa aprobaci\u00f3n, el proyecto de construcci\u00f3n entregado por el contratista no est\u00e1 cerrado. Solo cuando recae la aprobaci\u00f3n del proyecto puede este considerase un documento terminado. Hasta entonces se encuentra en proceso de elaboraci\u00f3n. Y en ese proceso el proyecto puede experimentar cambios: las variaciones que indique el equipo de supervisi\u00f3n y que el contratista debe introducir para obtener la aprobaci\u00f3n; aprobaci\u00f3n sin la cual \u2014cabe insistir\u2014 a\u00fan no existe un proyecto cerrado\u201d (resoluci\u00f3n del CTPCM, pp. 8-9).<\/p>\n\n\n\n<p>5.<strong> <\/strong>En su Resoluci\u00f3n de 15 de junio de 2022 (RDA032\/2022, expediente de la reclamaci\u00f3n RDACTPCM041\/2021), el Consejo de Transparencia y Participaci\u00f3n de la Comunidad de Madrid da la raz\u00f3n al Ayuntamiento, cuyas razones considera \u201ccre\u00edbles y convincentes\u201d.<\/p>\n\n\n\n<p>En consecuencia, el Consejo resuelve que \u201cprocede aplicar la causa de inadmisi\u00f3n invocada al presente caso, debiendo desestimarse la reclamaci\u00f3n presentada\u201d.<\/p>\n\n\n\n<p>Autor\/a: <strong>Javier Calvo Garc\u00eda<\/strong><\/p>\n\n\n\n<hr class=\"wp-block-separator has-alpha-channel-opacity\"\/>\n\n\n\n<p><a id=\"_ftn1\" href=\"#_ftnref1\">[1]<\/a> <strong>\u201c<\/strong>Art\u00edculo 18<strong>.<\/strong> <em>Causas de inadmisi\u00f3n.<\/em><\/p>\n\n\n\n<p>1. Se inadmitir\u00e1n a tr\u00e1mite, mediante resoluci\u00f3n motivada, las solicitudes:<\/p>\n\n\n\n<p>a) Que se refieran a informaci\u00f3n que est\u00e9 en curso de elaboraci\u00f3n o de publicaci\u00f3n general\u201d.<\/p>\n","protected":false},"excerpt":{"rendered":"<p>El Consejo de Transparencia y Participaci\u00f3n de la Comunidad de Madrid considera que un proyecto de construcci\u00f3n en fase de supervisi\u00f3n encaja en el supuesto de \u201cinformaci\u00f3n en curso de elaboraci\u00f3n\u201d.<\/p>\n","protected":false},"author":2,"featured_media":1513,"comment_status":"open","ping_status":"open","sticky":false,"template":"","format":"standard","meta":{"site-sidebar-layout":"default","site-content-layout":"","ast-site-content-layout":"default","site-content-style":"default","site-sidebar-style":"default","ast-global-header-display":"","ast-banner-title-visibility":"","ast-main-header-display":"","ast-hfb-above-header-display":"","ast-hfb-below-header-display":"","ast-hfb-mobile-header-display":"","site-post-title":"","ast-breadcrumbs-content":"","ast-featured-img":"","footer-sml-layout":"","ast-disable-related-posts":"","theme-transparent-header-meta":"","adv-header-id-meta":"","stick-header-meta":"","header-above-stick-meta":"","header-main-stick-meta":"","header-below-stick-meta":"","astra-migrate-meta-layouts":"set","ast-page-background-enabled":"default","ast-page-background-meta":{"desktop":{"background-color":"var(--ast-global-color-4)","background-image":"","background-repeat":"repeat","background-position":"center center","background-size":"auto","background-attachment":"scroll","background-type":"","background-media":"","overlay-type":"","overlay-color":"","overlay-opacity":"","overlay-gradient":""},"tablet":{"background-color":"","background-image":"","background-repeat":"repeat","background-position":"center center","background-size":"auto","background-attachment":"scroll","background-type":"","background-media":"","overlay-type":"","overlay-color":"","overlay-opacity":"","overlay-gradient":""},"mobile":{"background-color":"","background-image":"","background-repeat":"repeat","background-position":"center center","background-size":"auto","background-attachment":"scroll","background-type":"","background-media":"","overlay-type":"","overlay-color":"","overlay-opacity":"","overlay-gradient":""}},"ast-content-background-meta":{"desktop":{"background-color":"var(--ast-global-color-5)","background-image":"","background-repeat":"repeat","background-position":"center center","background-size":"auto","background-attachment":"scroll","background-type":"","background-media":"","overlay-type":"","overlay-color":"","overlay-opacity":"","overlay-gradient":""},"tablet":{"background-color":"var(--ast-global-color-5)","background-image":"","background-repeat":"repeat","background-position":"center center","background-size":"auto","background-attachment":"scroll","background-type":"","background-media":"","overlay-type":"","overlay-color":"","overlay-opacity":"","overlay-gradient":""},"mobile":{"background-color":"var(--ast-global-color-5)","background-image":"","background-repeat":"repeat","background-position":"center center","background-size":"auto","background-attachment":"scroll","background-type":"","background-media":"","overlay-type":"","overlay-color":"","overlay-opacity":"","overlay-gradient":""}},"area-autor":{"item-0":{"nombre-del-autor":"Javier Calvo Garc\u00eda","cargo-autor":"Funcionario de carrera. \u00c1rea de Gobierno de Medio Ambiente y Movilidad. Ayuntamiento de Madrid","foto-autor":"1866"}},"footnotes":""},"categories":[7],"tags":[53],"autor-post":[41],"class_list":["post-1509","post","type-post","status-publish","format-standard","has-post-thumbnail","hentry","category-gobernanza","tag-acceso-a-la-informacion-publica","autor-post-javier-calvo-garcia"],"yoast_head":"<!-- This site is optimized with the Yoast SEO plugin v27.0 - https:\/\/yoast.com\/product\/yoast-seo-wordpress\/ -->\n<title>Denegaci\u00f3n del acceso a un proyecto de construcci\u00f3n en fase de supervisi\u00f3n - Fundaci\u00f3n Democracia y Gobierno Local<\/title>\n<meta name=\"robots\" content=\"index, follow, max-snippet:-1, max-image-preview:large, max-video-preview:-1\" \/>\n<link rel=\"canonical\" href=\"https:\/\/www.gobiernolocal.org\/acento-local\/denegacion-de-un-proyecto-en-fase-de-supervision-por-tratarse-de-informacion-en-curso-de-elaboracion\/\" \/>\n<meta property=\"og:locale\" content=\"es_ES\" \/>\n<meta property=\"og:type\" content=\"article\" \/>\n<meta property=\"og:title\" content=\"Denegaci\u00f3n del acceso a un proyecto de construcci\u00f3n en fase de supervisi\u00f3n - Fundaci\u00f3n Democracia y Gobierno Local\" \/>\n<meta property=\"og:description\" content=\"El Consejo de Transparencia y Participaci\u00f3n de la Comunidad de Madrid considera que un proyecto de construcci\u00f3n en fase de supervisi\u00f3n encaja en el supuesto de \u201cinformaci\u00f3n en curso de elaboraci\u00f3n\u201d.\" \/>\n<meta property=\"og:url\" content=\"https:\/\/www.gobiernolocal.org\/acento-local\/denegacion-de-un-proyecto-en-fase-de-supervision-por-tratarse-de-informacion-en-curso-de-elaboracion\/\" \/>\n<meta property=\"og:site_name\" content=\"Fundaci\u00f3n Democracia y Gobierno Local\" \/>\n<meta property=\"article:published_time\" content=\"2022-09-19T13:00:00+00:00\" \/>\n<meta property=\"article:modified_time\" content=\"2023-10-10T05:36:26+00:00\" \/>\n<meta property=\"og:image\" content=\"https:\/\/www.gobiernolocal.org\/acento-local\/wp-content\/uploads\/2022\/09\/220919_800_01.jpg\" \/>\n\t<meta property=\"og:image:width\" content=\"800\" \/>\n\t<meta property=\"og:image:height\" content=\"532\" \/>\n\t<meta property=\"og:image:type\" content=\"image\/jpeg\" \/>\n<meta name=\"author\" content=\"Fundaci\u00f3n Gobierno Local\" \/>\n<meta name=\"twitter:card\" content=\"summary_large_image\" \/>\n<meta name=\"twitter:label1\" content=\"Escrito por\" \/>\n\t<meta name=\"twitter:data1\" content=\"Fundaci\u00f3n Gobierno Local\" \/>\n\t<meta name=\"twitter:label2\" content=\"Tiempo de lectura\" \/>\n\t<meta name=\"twitter:data2\" content=\"4 minutos\" \/>\n<script type=\"application\/ld+json\" class=\"yoast-schema-graph\">{\"@context\":\"https:\/\/schema.org\",\"@graph\":[{\"@type\":\"Article\",\"@id\":\"https:\/\/www.gobiernolocal.org\/acento-local\/denegacion-de-un-proyecto-en-fase-de-supervision-por-tratarse-de-informacion-en-curso-de-elaboracion\/#article\",\"isPartOf\":{\"@id\":\"https:\/\/www.gobiernolocal.org\/acento-local\/denegacion-de-un-proyecto-en-fase-de-supervision-por-tratarse-de-informacion-en-curso-de-elaboracion\/\"},\"author\":{\"name\":\"Fundaci\u00f3n Gobierno Local\",\"@id\":\"https:\/\/www.gobiernolocal.org\/acento-local\/#\/schema\/person\/022a0a6b36f62f7070403c5a3426d58c\"},\"headline\":\"Denegaci\u00f3n del acceso a un proyecto de construcci\u00f3n en fase de supervisi\u00f3n\",\"datePublished\":\"2022-09-19T13:00:00+00:00\",\"dateModified\":\"2023-10-10T05:36:26+00:00\",\"mainEntityOfPage\":{\"@id\":\"https:\/\/www.gobiernolocal.org\/acento-local\/denegacion-de-un-proyecto-en-fase-de-supervision-por-tratarse-de-informacion-en-curso-de-elaboracion\/\"},\"wordCount\":959,\"commentCount\":0,\"publisher\":{\"@id\":\"https:\/\/www.gobiernolocal.org\/acento-local\/#organization\"},\"image\":{\"@id\":\"https:\/\/www.gobiernolocal.org\/acento-local\/denegacion-de-un-proyecto-en-fase-de-supervision-por-tratarse-de-informacion-en-curso-de-elaboracion\/#primaryimage\"},\"thumbnailUrl\":\"https:\/\/www.gobiernolocal.org\/acento-local\/wp-content\/uploads\/2022\/09\/220919_800_01.jpg\",\"keywords\":[\"Acceso a la informaci\u00f3n p\u00fablica\"],\"articleSection\":[\"Gobernanza\"],\"inLanguage\":\"es\",\"potentialAction\":[{\"@type\":\"CommentAction\",\"name\":\"Comment\",\"target\":[\"https:\/\/www.gobiernolocal.org\/acento-local\/denegacion-de-un-proyecto-en-fase-de-supervision-por-tratarse-de-informacion-en-curso-de-elaboracion\/#respond\"]}]},{\"@type\":\"WebPage\",\"@id\":\"https:\/\/www.gobiernolocal.org\/acento-local\/denegacion-de-un-proyecto-en-fase-de-supervision-por-tratarse-de-informacion-en-curso-de-elaboracion\/\",\"url\":\"https:\/\/www.gobiernolocal.org\/acento-local\/denegacion-de-un-proyecto-en-fase-de-supervision-por-tratarse-de-informacion-en-curso-de-elaboracion\/\",\"name\":\"Denegaci\u00f3n del acceso a un proyecto de construcci\u00f3n en fase de supervisi\u00f3n - Fundaci\u00f3n Democracia y Gobierno Local\",\"isPartOf\":{\"@id\":\"https:\/\/www.gobiernolocal.org\/acento-local\/#website\"},\"primaryImageOfPage\":{\"@id\":\"https:\/\/www.gobiernolocal.org\/acento-local\/denegacion-de-un-proyecto-en-fase-de-supervision-por-tratarse-de-informacion-en-curso-de-elaboracion\/#primaryimage\"},\"image\":{\"@id\":\"https:\/\/www.gobiernolocal.org\/acento-local\/denegacion-de-un-proyecto-en-fase-de-supervision-por-tratarse-de-informacion-en-curso-de-elaboracion\/#primaryimage\"},\"thumbnailUrl\":\"https:\/\/www.gobiernolocal.org\/acento-local\/wp-content\/uploads\/2022\/09\/220919_800_01.jpg\",\"datePublished\":\"2022-09-19T13:00:00+00:00\",\"dateModified\":\"2023-10-10T05:36:26+00:00\",\"breadcrumb\":{\"@id\":\"https:\/\/www.gobiernolocal.org\/acento-local\/denegacion-de-un-proyecto-en-fase-de-supervision-por-tratarse-de-informacion-en-curso-de-elaboracion\/#breadcrumb\"},\"inLanguage\":\"es\",\"potentialAction\":[{\"@type\":\"ReadAction\",\"target\":[\"https:\/\/www.gobiernolocal.org\/acento-local\/denegacion-de-un-proyecto-en-fase-de-supervision-por-tratarse-de-informacion-en-curso-de-elaboracion\/\"]}]},{\"@type\":\"ImageObject\",\"inLanguage\":\"es\",\"@id\":\"https:\/\/www.gobiernolocal.org\/acento-local\/denegacion-de-un-proyecto-en-fase-de-supervision-por-tratarse-de-informacion-en-curso-de-elaboracion\/#primaryimage\",\"url\":\"https:\/\/www.gobiernolocal.org\/acento-local\/wp-content\/uploads\/2022\/09\/220919_800_01.jpg\",\"contentUrl\":\"https:\/\/www.gobiernolocal.org\/acento-local\/wp-content\/uploads\/2022\/09\/220919_800_01.jpg\",\"width\":800,\"height\":532},{\"@type\":\"BreadcrumbList\",\"@id\":\"https:\/\/www.gobiernolocal.org\/acento-local\/denegacion-de-un-proyecto-en-fase-de-supervision-por-tratarse-de-informacion-en-curso-de-elaboracion\/#breadcrumb\",\"itemListElement\":[{\"@type\":\"ListItem\",\"position\":1,\"name\":\"Portada\",\"item\":\"https:\/\/www.gobiernolocal.org\/acento-local\/\"},{\"@type\":\"ListItem\",\"position\":2,\"name\":\"Denegaci\u00f3n del acceso a un proyecto de construcci\u00f3n en fase de supervisi\u00f3n\"}]},{\"@type\":\"WebSite\",\"@id\":\"https:\/\/www.gobiernolocal.org\/acento-local\/#website\",\"url\":\"https:\/\/www.gobiernolocal.org\/acento-local\/\",\"name\":\"Fundaci\u00f3n Democracia y Gobierno Local\",\"description\":\"Otro sitio realizado con WordPress\",\"publisher\":{\"@id\":\"https:\/\/www.gobiernolocal.org\/acento-local\/#organization\"},\"potentialAction\":[{\"@type\":\"SearchAction\",\"target\":{\"@type\":\"EntryPoint\",\"urlTemplate\":\"https:\/\/www.gobiernolocal.org\/acento-local\/?s={search_term_string}\"},\"query-input\":{\"@type\":\"PropertyValueSpecification\",\"valueRequired\":true,\"valueName\":\"search_term_string\"}}],\"inLanguage\":\"es\"},{\"@type\":\"Organization\",\"@id\":\"https:\/\/www.gobiernolocal.org\/acento-local\/#organization\",\"name\":\"Fundaci\u00f3n Democracia y Gobierno Local\",\"url\":\"https:\/\/www.gobiernolocal.org\/acento-local\/\",\"logo\":{\"@type\":\"ImageObject\",\"inLanguage\":\"es\",\"@id\":\"https:\/\/www.gobiernolocal.org\/acento-local\/#\/schema\/logo\/image\/\",\"url\":\"https:\/\/www.gobiernolocal.org\/acento-local\/wp-content\/uploads\/2024\/09\/logo-acentoo-local.png\",\"contentUrl\":\"https:\/\/www.gobiernolocal.org\/acento-local\/wp-content\/uploads\/2024\/09\/logo-acentoo-local.png\",\"width\":1005,\"height\":197,\"caption\":\"Fundaci\u00f3n Democracia y Gobierno Local\"},\"image\":{\"@id\":\"https:\/\/www.gobiernolocal.org\/acento-local\/#\/schema\/logo\/image\/\"}},{\"@type\":\"Person\",\"@id\":\"https:\/\/www.gobiernolocal.org\/acento-local\/#\/schema\/person\/022a0a6b36f62f7070403c5a3426d58c\",\"name\":\"Fundaci\u00f3n Gobierno Local\",\"image\":{\"@type\":\"ImageObject\",\"inLanguage\":\"es\",\"@id\":\"https:\/\/www.gobiernolocal.org\/acento-local\/#\/schema\/person\/image\/\",\"url\":\"https:\/\/secure.gravatar.com\/avatar\/0fa5dea6ae65ded9475a6c7160b1cbc7af5bb19e5a8057c4249aa3664c5fbb21?s=96&d=mm&r=g\",\"contentUrl\":\"https:\/\/secure.gravatar.com\/avatar\/0fa5dea6ae65ded9475a6c7160b1cbc7af5bb19e5a8057c4249aa3664c5fbb21?s=96&d=mm&r=g\",\"caption\":\"Fundaci\u00f3n Gobierno Local\"},\"sameAs\":[\"https:\/\/www.gobiernolocal.org\/acento-local\"],\"url\":\"https:\/\/www.gobiernolocal.org\/acento-local\/author\/fundacion-gobierno-local\/\"}]}<\/script>\n<!-- \/ Yoast SEO plugin. -->","yoast_head_json":{"title":"Denegaci\u00f3n del acceso a un proyecto de construcci\u00f3n en fase de supervisi\u00f3n - Fundaci\u00f3n Democracia y Gobierno Local","robots":{"index":"index","follow":"follow","max-snippet":"max-snippet:-1","max-image-preview":"max-image-preview:large","max-video-preview":"max-video-preview:-1"},"canonical":"https:\/\/www.gobiernolocal.org\/acento-local\/denegacion-de-un-proyecto-en-fase-de-supervision-por-tratarse-de-informacion-en-curso-de-elaboracion\/","og_locale":"es_ES","og_type":"article","og_title":"Denegaci\u00f3n del acceso a un proyecto de construcci\u00f3n en fase de supervisi\u00f3n - Fundaci\u00f3n Democracia y Gobierno Local","og_description":"El Consejo de Transparencia y Participaci\u00f3n de la Comunidad de Madrid considera que un proyecto de construcci\u00f3n en fase de supervisi\u00f3n encaja en el supuesto de \u201cinformaci\u00f3n en curso de elaboraci\u00f3n\u201d.","og_url":"https:\/\/www.gobiernolocal.org\/acento-local\/denegacion-de-un-proyecto-en-fase-de-supervision-por-tratarse-de-informacion-en-curso-de-elaboracion\/","og_site_name":"Fundaci\u00f3n Democracia y Gobierno Local","article_published_time":"2022-09-19T13:00:00+00:00","article_modified_time":"2023-10-10T05:36:26+00:00","og_image":[{"width":800,"height":532,"url":"https:\/\/www.gobiernolocal.org\/acento-local\/wp-content\/uploads\/2022\/09\/220919_800_01.jpg","type":"image\/jpeg"}],"author":"Fundaci\u00f3n Gobierno Local","twitter_card":"summary_large_image","twitter_misc":{"Escrito por":"Fundaci\u00f3n Gobierno Local","Tiempo de lectura":"4 minutos"},"schema":{"@context":"https:\/\/schema.org","@graph":[{"@type":"Article","@id":"https:\/\/www.gobiernolocal.org\/acento-local\/denegacion-de-un-proyecto-en-fase-de-supervision-por-tratarse-de-informacion-en-curso-de-elaboracion\/#article","isPartOf":{"@id":"https:\/\/www.gobiernolocal.org\/acento-local\/denegacion-de-un-proyecto-en-fase-de-supervision-por-tratarse-de-informacion-en-curso-de-elaboracion\/"},"author":{"name":"Fundaci\u00f3n Gobierno Local","@id":"https:\/\/www.gobiernolocal.org\/acento-local\/#\/schema\/person\/022a0a6b36f62f7070403c5a3426d58c"},"headline":"Denegaci\u00f3n del acceso a un proyecto de construcci\u00f3n en fase de supervisi\u00f3n","datePublished":"2022-09-19T13:00:00+00:00","dateModified":"2023-10-10T05:36:26+00:00","mainEntityOfPage":{"@id":"https:\/\/www.gobiernolocal.org\/acento-local\/denegacion-de-un-proyecto-en-fase-de-supervision-por-tratarse-de-informacion-en-curso-de-elaboracion\/"},"wordCount":959,"commentCount":0,"publisher":{"@id":"https:\/\/www.gobiernolocal.org\/acento-local\/#organization"},"image":{"@id":"https:\/\/www.gobiernolocal.org\/acento-local\/denegacion-de-un-proyecto-en-fase-de-supervision-por-tratarse-de-informacion-en-curso-de-elaboracion\/#primaryimage"},"thumbnailUrl":"https:\/\/www.gobiernolocal.org\/acento-local\/wp-content\/uploads\/2022\/09\/220919_800_01.jpg","keywords":["Acceso a la informaci\u00f3n p\u00fablica"],"articleSection":["Gobernanza"],"inLanguage":"es","potentialAction":[{"@type":"CommentAction","name":"Comment","target":["https:\/\/www.gobiernolocal.org\/acento-local\/denegacion-de-un-proyecto-en-fase-de-supervision-por-tratarse-de-informacion-en-curso-de-elaboracion\/#respond"]}]},{"@type":"WebPage","@id":"https:\/\/www.gobiernolocal.org\/acento-local\/denegacion-de-un-proyecto-en-fase-de-supervision-por-tratarse-de-informacion-en-curso-de-elaboracion\/","url":"https:\/\/www.gobiernolocal.org\/acento-local\/denegacion-de-un-proyecto-en-fase-de-supervision-por-tratarse-de-informacion-en-curso-de-elaboracion\/","name":"Denegaci\u00f3n del acceso a un proyecto de construcci\u00f3n en fase de supervisi\u00f3n - Fundaci\u00f3n Democracia y Gobierno Local","isPartOf":{"@id":"https:\/\/www.gobiernolocal.org\/acento-local\/#website"},"primaryImageOfPage":{"@id":"https:\/\/www.gobiernolocal.org\/acento-local\/denegacion-de-un-proyecto-en-fase-de-supervision-por-tratarse-de-informacion-en-curso-de-elaboracion\/#primaryimage"},"image":{"@id":"https:\/\/www.gobiernolocal.org\/acento-local\/denegacion-de-un-proyecto-en-fase-de-supervision-por-tratarse-de-informacion-en-curso-de-elaboracion\/#primaryimage"},"thumbnailUrl":"https:\/\/www.gobiernolocal.org\/acento-local\/wp-content\/uploads\/2022\/09\/220919_800_01.jpg","datePublished":"2022-09-19T13:00:00+00:00","dateModified":"2023-10-10T05:36:26+00:00","breadcrumb":{"@id":"https:\/\/www.gobiernolocal.org\/acento-local\/denegacion-de-un-proyecto-en-fase-de-supervision-por-tratarse-de-informacion-en-curso-de-elaboracion\/#breadcrumb"},"inLanguage":"es","potentialAction":[{"@type":"ReadAction","target":["https:\/\/www.gobiernolocal.org\/acento-local\/denegacion-de-un-proyecto-en-fase-de-supervision-por-tratarse-de-informacion-en-curso-de-elaboracion\/"]}]},{"@type":"ImageObject","inLanguage":"es","@id":"https:\/\/www.gobiernolocal.org\/acento-local\/denegacion-de-un-proyecto-en-fase-de-supervision-por-tratarse-de-informacion-en-curso-de-elaboracion\/#primaryimage","url":"https:\/\/www.gobiernolocal.org\/acento-local\/wp-content\/uploads\/2022\/09\/220919_800_01.jpg","contentUrl":"https:\/\/www.gobiernolocal.org\/acento-local\/wp-content\/uploads\/2022\/09\/220919_800_01.jpg","width":800,"height":532},{"@type":"BreadcrumbList","@id":"https:\/\/www.gobiernolocal.org\/acento-local\/denegacion-de-un-proyecto-en-fase-de-supervision-por-tratarse-de-informacion-en-curso-de-elaboracion\/#breadcrumb","itemListElement":[{"@type":"ListItem","position":1,"name":"Portada","item":"https:\/\/www.gobiernolocal.org\/acento-local\/"},{"@type":"ListItem","position":2,"name":"Denegaci\u00f3n del acceso a un proyecto de construcci\u00f3n en fase de supervisi\u00f3n"}]},{"@type":"WebSite","@id":"https:\/\/www.gobiernolocal.org\/acento-local\/#website","url":"https:\/\/www.gobiernolocal.org\/acento-local\/","name":"Fundaci\u00f3n Democracia y Gobierno Local","description":"Otro sitio realizado con WordPress","publisher":{"@id":"https:\/\/www.gobiernolocal.org\/acento-local\/#organization"},"potentialAction":[{"@type":"SearchAction","target":{"@type":"EntryPoint","urlTemplate":"https:\/\/www.gobiernolocal.org\/acento-local\/?s={search_term_string}"},"query-input":{"@type":"PropertyValueSpecification","valueRequired":true,"valueName":"search_term_string"}}],"inLanguage":"es"},{"@type":"Organization","@id":"https:\/\/www.gobiernolocal.org\/acento-local\/#organization","name":"Fundaci\u00f3n Democracia y Gobierno Local","url":"https:\/\/www.gobiernolocal.org\/acento-local\/","logo":{"@type":"ImageObject","inLanguage":"es","@id":"https:\/\/www.gobiernolocal.org\/acento-local\/#\/schema\/logo\/image\/","url":"https:\/\/www.gobiernolocal.org\/acento-local\/wp-content\/uploads\/2024\/09\/logo-acentoo-local.png","contentUrl":"https:\/\/www.gobiernolocal.org\/acento-local\/wp-content\/uploads\/2024\/09\/logo-acentoo-local.png","width":1005,"height":197,"caption":"Fundaci\u00f3n Democracia y Gobierno Local"},"image":{"@id":"https:\/\/www.gobiernolocal.org\/acento-local\/#\/schema\/logo\/image\/"}},{"@type":"Person","@id":"https:\/\/www.gobiernolocal.org\/acento-local\/#\/schema\/person\/022a0a6b36f62f7070403c5a3426d58c","name":"Fundaci\u00f3n Gobierno Local","image":{"@type":"ImageObject","inLanguage":"es","@id":"https:\/\/www.gobiernolocal.org\/acento-local\/#\/schema\/person\/image\/","url":"https:\/\/secure.gravatar.com\/avatar\/0fa5dea6ae65ded9475a6c7160b1cbc7af5bb19e5a8057c4249aa3664c5fbb21?s=96&d=mm&r=g","contentUrl":"https:\/\/secure.gravatar.com\/avatar\/0fa5dea6ae65ded9475a6c7160b1cbc7af5bb19e5a8057c4249aa3664c5fbb21?s=96&d=mm&r=g","caption":"Fundaci\u00f3n Gobierno Local"},"sameAs":["https:\/\/www.gobiernolocal.org\/acento-local"],"url":"https:\/\/www.gobiernolocal.org\/acento-local\/author\/fundacion-gobierno-local\/"}]}},"_links":{"self":[{"href":"https:\/\/www.gobiernolocal.org\/acento-local\/wp-json\/wp\/v2\/posts\/1509","targetHints":{"allow":["GET"]}}],"collection":[{"href":"https:\/\/www.gobiernolocal.org\/acento-local\/wp-json\/wp\/v2\/posts"}],"about":[{"href":"https:\/\/www.gobiernolocal.org\/acento-local\/wp-json\/wp\/v2\/types\/post"}],"author":[{"embeddable":true,"href":"https:\/\/www.gobiernolocal.org\/acento-local\/wp-json\/wp\/v2\/users\/2"}],"replies":[{"embeddable":true,"href":"https:\/\/www.gobiernolocal.org\/acento-local\/wp-json\/wp\/v2\/comments?post=1509"}],"version-history":[{"count":0,"href":"https:\/\/www.gobiernolocal.org\/acento-local\/wp-json\/wp\/v2\/posts\/1509\/revisions"}],"wp:featuredmedia":[{"embeddable":true,"href":"https:\/\/www.gobiernolocal.org\/acento-local\/wp-json\/wp\/v2\/media\/1513"}],"wp:attachment":[{"href":"https:\/\/www.gobiernolocal.org\/acento-local\/wp-json\/wp\/v2\/media?parent=1509"}],"wp:term":[{"taxonomy":"category","embeddable":true,"href":"https:\/\/www.gobiernolocal.org\/acento-local\/wp-json\/wp\/v2\/categories?post=1509"},{"taxonomy":"post_tag","embeddable":true,"href":"https:\/\/www.gobiernolocal.org\/acento-local\/wp-json\/wp\/v2\/tags?post=1509"},{"taxonomy":"autor-post","embeddable":true,"href":"https:\/\/www.gobiernolocal.org\/acento-local\/wp-json\/wp\/v2\/autor-post?post=1509"}],"curies":[{"name":"wp","href":"https:\/\/api.w.org\/{rel}","templated":true}]}}