{"id":1497,"date":"2022-10-03T14:00:00","date_gmt":"2022-10-03T12:00:00","guid":{"rendered":"https:\/\/www.gobiernolocal.org\/acento-local\/?p=1497"},"modified":"2023-10-10T08:13:52","modified_gmt":"2023-10-10T06:13:52","slug":"la-relevancia-de-la-prestacion-de-servicios-publicos-de-calidad-en-la-lucha-contra-la-despoblacion1","status":"publish","type":"post","link":"https:\/\/www.gobiernolocal.org\/acento-local\/la-relevancia-de-la-prestacion-de-servicios-publicos-de-calidad-en-la-lucha-contra-la-despoblacion1\/","title":{"rendered":"La relevancia de la prestaci\u00f3n de servicios p\u00fablicos (de calidad) en la lucha contra la despoblaci\u00f3n [1]"},"content":{"rendered":"\n<p><\/p>\n\n\n\n<p>Si atendemos a los anuncios y declaraciones de los responsables de los distintos niveles de Gobierno, la lucha contra la despoblaci\u00f3n rural se ubica dentro de las prioridades de las pol\u00edticas p\u00fablicas y se presenta como una de las preocupaciones de la sociedad espa\u00f1ola, en general. Hay un alto consenso social y pol\u00edtico sobre la conveniencia de frenar el proceso de despoblaci\u00f3n y, en la medida de lo posible, revertirlo. No se cuestiona que la lucha contra la despoblaci\u00f3n es algo que se debe hacer por tratarse de una cuesti\u00f3n de igualdad: se parte de la presunci\u00f3n de que se tiene el derecho subjetivo a vivir donde se quiera y con buenas condiciones y acceso a servicios.<\/p>\n\n\n\n<p>Este consenso generalizado tiene un reflejo en el documento <em>Espa\u00f1a 2050. Fundamentos y propuestas para una Estrategia Nacional de Largo Plazo<\/em>, especialmente en el Desaf\u00edo 5.\u00ba (\u201cPreparar nuestro estado de bienestar para una sociedad m\u00e1s longeva\u201d) y el Desaf\u00edo 6.\u00ba (\u201cPromover un desarrollo territorial equilibrado, justo y sostenible\u201d). El despoblamiento ya no afecta solo a la Espa\u00f1a rural; tambi\u00e9n se da en muchas ciudades medias, incluidas las capitales de provincia y las cabeceras de comarca. Si estos datos se conectan con los de envejecimiento demogr\u00e1fico en esos mismos municipios, claramente se puede pronosticar un agravamiento muy acusado de la despoblaci\u00f3n de esos mismos municipios en la pr\u00f3xima d\u00e9cada.<\/p>\n\n\n\n<p>Por tanto, el discurso formal imperante es de un claro apoyo a la lucha contra la despoblaci\u00f3n, y esto se refleja en destacadas actuaciones p\u00fablicas que claramente fomentan la adopci\u00f3n de medidas de consolidaci\u00f3n de la vida en el \u00e1mbito local. Pero, m\u00e1s all\u00e1 de este \u201cmundo de im\u00e1genes y gestos\u201d (en palabras del profesor Fernando L\u00f3pez Ram\u00f3n), al tiempo, se adoptan medidas o decisiones que resultan incoherentes o se manifiestan como claramente insuficientes: se desarrollan pol\u00edticas p\u00fablicas no favorables a la consolidaci\u00f3n de la poblaci\u00f3n rural, que no fomentan los servicios en el \u00e1mbito local.&nbsp; Por el contrario, incluso se trata de decisiones o medidas que dificultan el acceso a los servicios y la participaci\u00f3n en las decisiones p\u00fablicas<sup> <\/sup>de la poblaci\u00f3n rural: la generalizaci\u00f3n del modelo de ciudad imperante, los reproches relativos a la insostenibilidad de ayudas vinculadas a la ganader\u00eda y al campo o el choque entre los objetivos o pol\u00edticas medioambientales y los intereses sectoriales del desarrollo ganadero o agr\u00edcola, el cierre de centros escolares en el \u00e1mbito rural, la supresi\u00f3n de transportes, los reproches de una inadecuada pol\u00edtica de prevenci\u00f3n de los incendios forestales (tambi\u00e9n con choque con la pol\u00edtica medioambiental), insuficientes pol\u00edticas de protecci\u00f3n del patrimonio cultural, etc. Todo ello pone en evidencia que puede existir en nuestra sociedad cambiante una tendencia al fomento de la concentraci\u00f3n de la poblaci\u00f3n en ciudades, m\u00e1s all\u00e1 de la formalidad de la adopci\u00f3n de medidas de lucha contra la despoblaci\u00f3n. Estamos ante pol\u00edticas p\u00fablicas que inciden sobre el \u00e1mbito local que resultan contradictorias o que no tienen que ver realmente con el reto demogr\u00e1fico: no todo lo rural es reto demogr\u00e1fico.<\/p>\n\n\n\n<blockquote class=\"wp-block-quote is-layout-flow wp-block-quote-is-layout-flow\">\n<p><strong>El discurso formal imperante es de un claro apoyo a la lucha contra la despoblaci\u00f3n<\/strong>.<\/p>\n<\/blockquote>\n\n\n\n<p>Los intentos de explicaci\u00f3n de la despoblaci\u00f3n sit\u00faan en el nivel local los factores responsables de este fen\u00f3meno. Estos factores est\u00e1n vinculados a procesos demogr\u00e1ficos (envejecimiento y baja tasa de natalidad), econ\u00f3micos (menor productividad y diversidad de la actividad econ\u00f3mica en las zonas menos pobladas, pocas oportunidades laborales) y de gesti\u00f3n p\u00fablica (limitaciones en la provisi\u00f3n de servicios). Existe un desequilibrio que las referidas tendencias demogr\u00e1ficas producen entre la poblaci\u00f3n activa afectada por el descenso en la tasa de natalidad y una poblaci\u00f3n dependiente cada vez m\u00e1s amplia y con mayores necesidades de servicios y prestaciones sociales.&nbsp;&nbsp;<\/p>\n\n\n\n<p>En definitiva, existe consenso en considerar que un factor determinante de las migraciones interiores est\u00e1 en la disponibilidad y calidad de los servicios p\u00fablicos: el mayor atractivo que presentan las ciudades en acceso a servicios, infraestructuras y oportunidades laborales, educativas y de ocio. Pese a los muchos avances acometidos en las \u00faltimas d\u00e9cadas, la diferencia entre el mundo rural y el urbano es todav\u00eda notable. Ello se debe a que a las Administraciones p\u00fablicas y a las empresas les resulta m\u00e1s rentable ofrecer servicios en zonas densamente pobladas, donde, por unos costes fijos similares, obtienen una mayor cobertura de necesidades. Esto hace que los servicios e infraestructuras de las zonas rurales est\u00e9n mucho menos desarrollados.<\/p>\n\n\n\n<p>El envejecimiento y la disminuci\u00f3n de poblaci\u00f3n han venido acompa\u00f1ados de un deterioro en el acceso a servicios b\u00e1sicos como la educaci\u00f3n, la atenci\u00f3n m\u00e9dica, el transporte p\u00fablico o la banca, y han hecho que muchas personas que desean permanecer en el mundo rural se encuentren con m\u00e1s dificultades para lograrlo. Entre los servicios p\u00fablicos relevantes para la calidad de vida se cuentan servicios esenciales de competencia propiamente local o participados por los municipios, o donde su intervenci\u00f3n es determinante, aunque tambi\u00e9n muchos de competencia supralocal. Adem\u00e1s, el vaciamiento de la Espa\u00f1a rural tambi\u00e9n ha acelerado el deterioro medioambiental: el dif\u00edcil acceso a la tierra ha limitado la incorporaci\u00f3n de las generaciones m\u00e1s j\u00f3venes a la actividad agraria, y el abandono de muchas pr\u00e1cticas agr\u00edcolas y silv\u00edcolas ha aumentado la vulnerabilidad ante los incendios, la erosi\u00f3n del suelo o la p\u00e9rdida de biodiversidad, al tiempo que ha puesto en riesgo el desarrollo de algunas actividades primarias esenciales para el conjunto del pa\u00eds. De forma an\u00e1loga, la despoblaci\u00f3n rural est\u00e1 poniendo en peligro la conservaci\u00f3n de una parte importante de nuestro patrimonio material (iglesias, arquitectura popular, caminos, puentes) e inmaterial (dialectos, tradiciones orales, danzas, festejos, t\u00e9cnicas artesanales, tradiciones culinarias), con todo lo que ello supone para el bienestar de la ciudadan\u00eda y nuestra identidad cultural.<\/p>\n\n\n\n<p>En definitiva, en la mayor\u00eda de los estudios y diagn\u00f3sticos realizados sobre el problema de la despoblaci\u00f3n se considera, entre los elementos para mantener o aumentar poblaci\u00f3n de una entidad local, que es necesario que la entidad local, en funci\u00f3n del tama\u00f1o poblacional, sea capaz de ofrecer, en cantidad y calidad, los servicios que demandan los ciudadanos. La falta de servicios o su baja calidad, los problemas de accesibilidad o el aislamiento, son elementos determinantes, junto a otros factores, del progresivo abandono que han experimentado las zonas rurales espa\u00f1olas. Partiendo de esta premisa, las pol\u00edticas de lucha contra la despoblaci\u00f3n (plasmadas en los \u00faltimos tiempos en los distintos planes de lucha contra la despoblaci\u00f3n aprobados por las distintas Administraciones p\u00fablicas) parece que deber\u00edan incluir, sin perjuicio de otras medidas, actuaciones destinadas a garantizar el acceso a las infraestructuras y a los servicios p\u00fablicos esenciales.<\/p>\n\n\n\n<p>Autor\/a: <strong>M\u00f3nica Dom\u00ednguez Mart\u00edn<\/strong><\/p>\n\n\n\n<hr class=\"wp-block-separator has-alpha-channel-opacity\"\/>\n\n\n\n<p>[1] Estudio realizado en el Proyecto I+D \u201cPol\u00edticas y servicios p\u00fablicos contra la despoblaci\u00f3n\u201d (PID2019-105799RB-I00), financiado por el Ministerio de Ciencia, Innovaci\u00f3n y Universidades, y dirigido por F. Velasco Caballero y C. Navarro G\u00f3mez.<\/p>\n","protected":false},"excerpt":{"rendered":"<p>Existe consenso en considerar que un factor determinante de las migraciones interiores est\u00e1 en la disponibilidad y calidad de los servicios p\u00fablicos que sean capaces de ofrecer las entidades locales. Por tanto, las pol\u00edticas de lucha contra la despoblaci\u00f3n deber\u00edan incluir entre sus medidas actuaciones destinadas a garantizar el acceso a los servicios p\u00fablicos esenciales.<\/p>\n","protected":false},"author":2,"featured_media":1500,"comment_status":"open","ping_status":"open","sticky":false,"template":"","format":"standard","meta":{"site-sidebar-layout":"default","site-content-layout":"","ast-site-content-layout":"default","site-content-style":"default","site-sidebar-style":"default","ast-global-header-display":"","ast-banner-title-visibility":"","ast-main-header-display":"","ast-hfb-above-header-display":"","ast-hfb-below-header-display":"","ast-hfb-mobile-header-display":"","site-post-title":"","ast-breadcrumbs-content":"","ast-featured-img":"","footer-sml-layout":"","ast-disable-related-posts":"","theme-transparent-header-meta":"","adv-header-id-meta":"","stick-header-meta":"","header-above-stick-meta":"","header-main-stick-meta":"","header-below-stick-meta":"","astra-migrate-meta-layouts":"set","ast-page-background-enabled":"default","ast-page-background-meta":{"desktop":{"background-color":"var(--ast-global-color-4)","background-image":"","background-repeat":"repeat","background-position":"center center","background-size":"auto","background-attachment":"scroll","background-type":"","background-media":"","overlay-type":"","overlay-color":"","overlay-opacity":"","overlay-gradient":""},"tablet":{"background-color":"","background-image":"","background-repeat":"repeat","background-position":"center center","background-size":"auto","background-attachment":"scroll","background-type":"","background-media":"","overlay-type":"","overlay-color":"","overlay-opacity":"","overlay-gradient":""},"mobile":{"background-color":"","background-image":"","background-repeat":"repeat","background-position":"center center","background-size":"auto","background-attachment":"scroll","background-type":"","background-media":"","overlay-type":"","overlay-color":"","overlay-opacity":"","overlay-gradient":""}},"ast-content-background-meta":{"desktop":{"background-color":"var(--ast-global-color-5)","background-image":"","background-repeat":"repeat","background-position":"center center","background-size":"auto","background-attachment":"scroll","background-type":"","background-media":"","overlay-type":"","overlay-color":"","overlay-opacity":"","overlay-gradient":""},"tablet":{"background-color":"var(--ast-global-color-5)","background-image":"","background-repeat":"repeat","background-position":"center center","background-size":"auto","background-attachment":"scroll","background-type":"","background-media":"","overlay-type":"","overlay-color":"","overlay-opacity":"","overlay-gradient":""},"mobile":{"background-color":"var(--ast-global-color-5)","background-image":"","background-repeat":"repeat","background-position":"center center","background-size":"auto","background-attachment":"scroll","background-type":"","background-media":"","overlay-type":"","overlay-color":"","overlay-opacity":"","overlay-gradient":""}},"area-autor":{"item-0":{"nombre-del-autor":"M\u00f3nica Dom\u00ednguez Mart\u00edn","cargo-autor":"Profesora titular de Derecho Administrativo. Instituto de Derecho Local-Universidad Aut\u00f3noma de Madrid","foto-autor":"1902"}},"footnotes":""},"categories":[1],"tags":[47,48],"autor-post":[72],"class_list":["post-1497","post","type-post","status-publish","format-standard","has-post-thumbnail","hentry","category-servicios-publicos","tag-despoblacion","tag-servicios-publicos","autor-post-monica-dominguez-martin"],"yoast_head":"<!-- This site is optimized with the Yoast SEO plugin v27.0 - https:\/\/yoast.com\/product\/yoast-seo-wordpress\/ -->\n<title>La relevancia de la prestaci\u00f3n de servicios p\u00fablicos (de calidad) en la lucha contra la despoblaci\u00f3n [1] - Fundaci\u00f3n Democracia y Gobierno Local<\/title>\n<meta name=\"robots\" content=\"index, follow, max-snippet:-1, max-image-preview:large, max-video-preview:-1\" \/>\n<link rel=\"canonical\" href=\"https:\/\/www.gobiernolocal.org\/acento-local\/la-relevancia-de-la-prestacion-de-servicios-publicos-de-calidad-en-la-lucha-contra-la-despoblacion1\/\" \/>\n<meta property=\"og:locale\" content=\"es_ES\" \/>\n<meta property=\"og:type\" content=\"article\" \/>\n<meta property=\"og:title\" content=\"La relevancia de la prestaci\u00f3n de servicios p\u00fablicos (de calidad) en la lucha contra la despoblaci\u00f3n [1] - Fundaci\u00f3n Democracia y Gobierno Local\" \/>\n<meta property=\"og:description\" content=\"Existe consenso en considerar que un factor determinante de las migraciones interiores est\u00e1 en la disponibilidad y calidad de los servicios p\u00fablicos que sean capaces de ofrecer las entidades locales. Por tanto, las pol\u00edticas de lucha contra la despoblaci\u00f3n deber\u00edan incluir entre sus medidas actuaciones destinadas a garantizar el acceso a los servicios p\u00fablicos esenciales.\" \/>\n<meta property=\"og:url\" content=\"https:\/\/www.gobiernolocal.org\/acento-local\/la-relevancia-de-la-prestacion-de-servicios-publicos-de-calidad-en-la-lucha-contra-la-despoblacion1\/\" \/>\n<meta property=\"og:site_name\" content=\"Fundaci\u00f3n Democracia y Gobierno Local\" \/>\n<meta property=\"article:published_time\" content=\"2022-10-03T12:00:00+00:00\" \/>\n<meta property=\"article:modified_time\" content=\"2023-10-10T06:13:52+00:00\" \/>\n<meta property=\"og:image\" content=\"https:\/\/www.gobiernolocal.org\/acento-local\/wp-content\/uploads\/2022\/09\/220930_800_01.jpg\" \/>\n\t<meta property=\"og:image:width\" content=\"800\" \/>\n\t<meta property=\"og:image:height\" content=\"600\" \/>\n\t<meta property=\"og:image:type\" content=\"image\/jpeg\" \/>\n<meta name=\"author\" content=\"Fundaci\u00f3n Gobierno Local\" \/>\n<meta name=\"twitter:card\" content=\"summary_large_image\" \/>\n<meta name=\"twitter:label1\" content=\"Escrito por\" \/>\n\t<meta name=\"twitter:data1\" content=\"Fundaci\u00f3n Gobierno Local\" \/>\n\t<meta name=\"twitter:label2\" content=\"Tiempo de lectura\" \/>\n\t<meta name=\"twitter:data2\" content=\"6 minutos\" \/>\n<script type=\"application\/ld+json\" class=\"yoast-schema-graph\">{\"@context\":\"https:\/\/schema.org\",\"@graph\":[{\"@type\":\"Article\",\"@id\":\"https:\/\/www.gobiernolocal.org\/acento-local\/la-relevancia-de-la-prestacion-de-servicios-publicos-de-calidad-en-la-lucha-contra-la-despoblacion1\/#article\",\"isPartOf\":{\"@id\":\"https:\/\/www.gobiernolocal.org\/acento-local\/la-relevancia-de-la-prestacion-de-servicios-publicos-de-calidad-en-la-lucha-contra-la-despoblacion1\/\"},\"author\":{\"name\":\"Fundaci\u00f3n Gobierno Local\",\"@id\":\"https:\/\/www.gobiernolocal.org\/acento-local\/#\/schema\/person\/022a0a6b36f62f7070403c5a3426d58c\"},\"headline\":\"La relevancia de la prestaci\u00f3n de servicios p\u00fablicos (de calidad) en la lucha contra la despoblaci\u00f3n [1]\",\"datePublished\":\"2022-10-03T12:00:00+00:00\",\"dateModified\":\"2023-10-10T06:13:52+00:00\",\"mainEntityOfPage\":{\"@id\":\"https:\/\/www.gobiernolocal.org\/acento-local\/la-relevancia-de-la-prestacion-de-servicios-publicos-de-calidad-en-la-lucha-contra-la-despoblacion1\/\"},\"wordCount\":1271,\"commentCount\":0,\"publisher\":{\"@id\":\"https:\/\/www.gobiernolocal.org\/acento-local\/#organization\"},\"image\":{\"@id\":\"https:\/\/www.gobiernolocal.org\/acento-local\/la-relevancia-de-la-prestacion-de-servicios-publicos-de-calidad-en-la-lucha-contra-la-despoblacion1\/#primaryimage\"},\"thumbnailUrl\":\"https:\/\/www.gobiernolocal.org\/acento-local\/wp-content\/uploads\/2022\/09\/220930_800_01.jpg\",\"keywords\":[\"Despoblaci\u00f3n\",\"Servicios p\u00fablicos\"],\"articleSection\":[\"Servicios p\u00fablicos\"],\"inLanguage\":\"es\",\"potentialAction\":[{\"@type\":\"CommentAction\",\"name\":\"Comment\",\"target\":[\"https:\/\/www.gobiernolocal.org\/acento-local\/la-relevancia-de-la-prestacion-de-servicios-publicos-de-calidad-en-la-lucha-contra-la-despoblacion1\/#respond\"]}]},{\"@type\":\"WebPage\",\"@id\":\"https:\/\/www.gobiernolocal.org\/acento-local\/la-relevancia-de-la-prestacion-de-servicios-publicos-de-calidad-en-la-lucha-contra-la-despoblacion1\/\",\"url\":\"https:\/\/www.gobiernolocal.org\/acento-local\/la-relevancia-de-la-prestacion-de-servicios-publicos-de-calidad-en-la-lucha-contra-la-despoblacion1\/\",\"name\":\"La relevancia de la prestaci\u00f3n de servicios p\u00fablicos (de calidad) en la lucha contra la despoblaci\u00f3n [1] - Fundaci\u00f3n Democracia y Gobierno Local\",\"isPartOf\":{\"@id\":\"https:\/\/www.gobiernolocal.org\/acento-local\/#website\"},\"primaryImageOfPage\":{\"@id\":\"https:\/\/www.gobiernolocal.org\/acento-local\/la-relevancia-de-la-prestacion-de-servicios-publicos-de-calidad-en-la-lucha-contra-la-despoblacion1\/#primaryimage\"},\"image\":{\"@id\":\"https:\/\/www.gobiernolocal.org\/acento-local\/la-relevancia-de-la-prestacion-de-servicios-publicos-de-calidad-en-la-lucha-contra-la-despoblacion1\/#primaryimage\"},\"thumbnailUrl\":\"https:\/\/www.gobiernolocal.org\/acento-local\/wp-content\/uploads\/2022\/09\/220930_800_01.jpg\",\"datePublished\":\"2022-10-03T12:00:00+00:00\",\"dateModified\":\"2023-10-10T06:13:52+00:00\",\"breadcrumb\":{\"@id\":\"https:\/\/www.gobiernolocal.org\/acento-local\/la-relevancia-de-la-prestacion-de-servicios-publicos-de-calidad-en-la-lucha-contra-la-despoblacion1\/#breadcrumb\"},\"inLanguage\":\"es\",\"potentialAction\":[{\"@type\":\"ReadAction\",\"target\":[\"https:\/\/www.gobiernolocal.org\/acento-local\/la-relevancia-de-la-prestacion-de-servicios-publicos-de-calidad-en-la-lucha-contra-la-despoblacion1\/\"]}]},{\"@type\":\"ImageObject\",\"inLanguage\":\"es\",\"@id\":\"https:\/\/www.gobiernolocal.org\/acento-local\/la-relevancia-de-la-prestacion-de-servicios-publicos-de-calidad-en-la-lucha-contra-la-despoblacion1\/#primaryimage\",\"url\":\"https:\/\/www.gobiernolocal.org\/acento-local\/wp-content\/uploads\/2022\/09\/220930_800_01.jpg\",\"contentUrl\":\"https:\/\/www.gobiernolocal.org\/acento-local\/wp-content\/uploads\/2022\/09\/220930_800_01.jpg\",\"width\":800,\"height\":600},{\"@type\":\"BreadcrumbList\",\"@id\":\"https:\/\/www.gobiernolocal.org\/acento-local\/la-relevancia-de-la-prestacion-de-servicios-publicos-de-calidad-en-la-lucha-contra-la-despoblacion1\/#breadcrumb\",\"itemListElement\":[{\"@type\":\"ListItem\",\"position\":1,\"name\":\"Portada\",\"item\":\"https:\/\/www.gobiernolocal.org\/acento-local\/\"},{\"@type\":\"ListItem\",\"position\":2,\"name\":\"La relevancia de la prestaci\u00f3n de servicios p\u00fablicos (de calidad) en la lucha contra la despoblaci\u00f3n [1]\"}]},{\"@type\":\"WebSite\",\"@id\":\"https:\/\/www.gobiernolocal.org\/acento-local\/#website\",\"url\":\"https:\/\/www.gobiernolocal.org\/acento-local\/\",\"name\":\"Fundaci\u00f3n Democracia y Gobierno Local\",\"description\":\"Otro sitio realizado con WordPress\",\"publisher\":{\"@id\":\"https:\/\/www.gobiernolocal.org\/acento-local\/#organization\"},\"potentialAction\":[{\"@type\":\"SearchAction\",\"target\":{\"@type\":\"EntryPoint\",\"urlTemplate\":\"https:\/\/www.gobiernolocal.org\/acento-local\/?s={search_term_string}\"},\"query-input\":{\"@type\":\"PropertyValueSpecification\",\"valueRequired\":true,\"valueName\":\"search_term_string\"}}],\"inLanguage\":\"es\"},{\"@type\":\"Organization\",\"@id\":\"https:\/\/www.gobiernolocal.org\/acento-local\/#organization\",\"name\":\"Fundaci\u00f3n Democracia y Gobierno Local\",\"url\":\"https:\/\/www.gobiernolocal.org\/acento-local\/\",\"logo\":{\"@type\":\"ImageObject\",\"inLanguage\":\"es\",\"@id\":\"https:\/\/www.gobiernolocal.org\/acento-local\/#\/schema\/logo\/image\/\",\"url\":\"https:\/\/www.gobiernolocal.org\/acento-local\/wp-content\/uploads\/2024\/09\/logo-acentoo-local.png\",\"contentUrl\":\"https:\/\/www.gobiernolocal.org\/acento-local\/wp-content\/uploads\/2024\/09\/logo-acentoo-local.png\",\"width\":1005,\"height\":197,\"caption\":\"Fundaci\u00f3n Democracia y Gobierno Local\"},\"image\":{\"@id\":\"https:\/\/www.gobiernolocal.org\/acento-local\/#\/schema\/logo\/image\/\"}},{\"@type\":\"Person\",\"@id\":\"https:\/\/www.gobiernolocal.org\/acento-local\/#\/schema\/person\/022a0a6b36f62f7070403c5a3426d58c\",\"name\":\"Fundaci\u00f3n Gobierno Local\",\"image\":{\"@type\":\"ImageObject\",\"inLanguage\":\"es\",\"@id\":\"https:\/\/www.gobiernolocal.org\/acento-local\/#\/schema\/person\/image\/\",\"url\":\"https:\/\/secure.gravatar.com\/avatar\/0fa5dea6ae65ded9475a6c7160b1cbc7af5bb19e5a8057c4249aa3664c5fbb21?s=96&d=mm&r=g\",\"contentUrl\":\"https:\/\/secure.gravatar.com\/avatar\/0fa5dea6ae65ded9475a6c7160b1cbc7af5bb19e5a8057c4249aa3664c5fbb21?s=96&d=mm&r=g\",\"caption\":\"Fundaci\u00f3n Gobierno Local\"},\"sameAs\":[\"https:\/\/www.gobiernolocal.org\/acento-local\"],\"url\":\"https:\/\/www.gobiernolocal.org\/acento-local\/author\/fundacion-gobierno-local\/\"}]}<\/script>\n<!-- \/ Yoast SEO plugin. -->","yoast_head_json":{"title":"La relevancia de la prestaci\u00f3n de servicios p\u00fablicos (de calidad) en la lucha contra la despoblaci\u00f3n [1] - Fundaci\u00f3n Democracia y Gobierno Local","robots":{"index":"index","follow":"follow","max-snippet":"max-snippet:-1","max-image-preview":"max-image-preview:large","max-video-preview":"max-video-preview:-1"},"canonical":"https:\/\/www.gobiernolocal.org\/acento-local\/la-relevancia-de-la-prestacion-de-servicios-publicos-de-calidad-en-la-lucha-contra-la-despoblacion1\/","og_locale":"es_ES","og_type":"article","og_title":"La relevancia de la prestaci\u00f3n de servicios p\u00fablicos (de calidad) en la lucha contra la despoblaci\u00f3n [1] - Fundaci\u00f3n Democracia y Gobierno Local","og_description":"Existe consenso en considerar que un factor determinante de las migraciones interiores est\u00e1 en la disponibilidad y calidad de los servicios p\u00fablicos que sean capaces de ofrecer las entidades locales. Por tanto, las pol\u00edticas de lucha contra la despoblaci\u00f3n deber\u00edan incluir entre sus medidas actuaciones destinadas a garantizar el acceso a los servicios p\u00fablicos esenciales.","og_url":"https:\/\/www.gobiernolocal.org\/acento-local\/la-relevancia-de-la-prestacion-de-servicios-publicos-de-calidad-en-la-lucha-contra-la-despoblacion1\/","og_site_name":"Fundaci\u00f3n Democracia y Gobierno Local","article_published_time":"2022-10-03T12:00:00+00:00","article_modified_time":"2023-10-10T06:13:52+00:00","og_image":[{"width":800,"height":600,"url":"https:\/\/www.gobiernolocal.org\/acento-local\/wp-content\/uploads\/2022\/09\/220930_800_01.jpg","type":"image\/jpeg"}],"author":"Fundaci\u00f3n Gobierno Local","twitter_card":"summary_large_image","twitter_misc":{"Escrito por":"Fundaci\u00f3n Gobierno Local","Tiempo de lectura":"6 minutos"},"schema":{"@context":"https:\/\/schema.org","@graph":[{"@type":"Article","@id":"https:\/\/www.gobiernolocal.org\/acento-local\/la-relevancia-de-la-prestacion-de-servicios-publicos-de-calidad-en-la-lucha-contra-la-despoblacion1\/#article","isPartOf":{"@id":"https:\/\/www.gobiernolocal.org\/acento-local\/la-relevancia-de-la-prestacion-de-servicios-publicos-de-calidad-en-la-lucha-contra-la-despoblacion1\/"},"author":{"name":"Fundaci\u00f3n Gobierno Local","@id":"https:\/\/www.gobiernolocal.org\/acento-local\/#\/schema\/person\/022a0a6b36f62f7070403c5a3426d58c"},"headline":"La relevancia de la prestaci\u00f3n de servicios p\u00fablicos (de calidad) en la lucha contra la despoblaci\u00f3n [1]","datePublished":"2022-10-03T12:00:00+00:00","dateModified":"2023-10-10T06:13:52+00:00","mainEntityOfPage":{"@id":"https:\/\/www.gobiernolocal.org\/acento-local\/la-relevancia-de-la-prestacion-de-servicios-publicos-de-calidad-en-la-lucha-contra-la-despoblacion1\/"},"wordCount":1271,"commentCount":0,"publisher":{"@id":"https:\/\/www.gobiernolocal.org\/acento-local\/#organization"},"image":{"@id":"https:\/\/www.gobiernolocal.org\/acento-local\/la-relevancia-de-la-prestacion-de-servicios-publicos-de-calidad-en-la-lucha-contra-la-despoblacion1\/#primaryimage"},"thumbnailUrl":"https:\/\/www.gobiernolocal.org\/acento-local\/wp-content\/uploads\/2022\/09\/220930_800_01.jpg","keywords":["Despoblaci\u00f3n","Servicios p\u00fablicos"],"articleSection":["Servicios p\u00fablicos"],"inLanguage":"es","potentialAction":[{"@type":"CommentAction","name":"Comment","target":["https:\/\/www.gobiernolocal.org\/acento-local\/la-relevancia-de-la-prestacion-de-servicios-publicos-de-calidad-en-la-lucha-contra-la-despoblacion1\/#respond"]}]},{"@type":"WebPage","@id":"https:\/\/www.gobiernolocal.org\/acento-local\/la-relevancia-de-la-prestacion-de-servicios-publicos-de-calidad-en-la-lucha-contra-la-despoblacion1\/","url":"https:\/\/www.gobiernolocal.org\/acento-local\/la-relevancia-de-la-prestacion-de-servicios-publicos-de-calidad-en-la-lucha-contra-la-despoblacion1\/","name":"La relevancia de la prestaci\u00f3n de servicios p\u00fablicos (de calidad) en la lucha contra la despoblaci\u00f3n [1] - Fundaci\u00f3n Democracia y Gobierno Local","isPartOf":{"@id":"https:\/\/www.gobiernolocal.org\/acento-local\/#website"},"primaryImageOfPage":{"@id":"https:\/\/www.gobiernolocal.org\/acento-local\/la-relevancia-de-la-prestacion-de-servicios-publicos-de-calidad-en-la-lucha-contra-la-despoblacion1\/#primaryimage"},"image":{"@id":"https:\/\/www.gobiernolocal.org\/acento-local\/la-relevancia-de-la-prestacion-de-servicios-publicos-de-calidad-en-la-lucha-contra-la-despoblacion1\/#primaryimage"},"thumbnailUrl":"https:\/\/www.gobiernolocal.org\/acento-local\/wp-content\/uploads\/2022\/09\/220930_800_01.jpg","datePublished":"2022-10-03T12:00:00+00:00","dateModified":"2023-10-10T06:13:52+00:00","breadcrumb":{"@id":"https:\/\/www.gobiernolocal.org\/acento-local\/la-relevancia-de-la-prestacion-de-servicios-publicos-de-calidad-en-la-lucha-contra-la-despoblacion1\/#breadcrumb"},"inLanguage":"es","potentialAction":[{"@type":"ReadAction","target":["https:\/\/www.gobiernolocal.org\/acento-local\/la-relevancia-de-la-prestacion-de-servicios-publicos-de-calidad-en-la-lucha-contra-la-despoblacion1\/"]}]},{"@type":"ImageObject","inLanguage":"es","@id":"https:\/\/www.gobiernolocal.org\/acento-local\/la-relevancia-de-la-prestacion-de-servicios-publicos-de-calidad-en-la-lucha-contra-la-despoblacion1\/#primaryimage","url":"https:\/\/www.gobiernolocal.org\/acento-local\/wp-content\/uploads\/2022\/09\/220930_800_01.jpg","contentUrl":"https:\/\/www.gobiernolocal.org\/acento-local\/wp-content\/uploads\/2022\/09\/220930_800_01.jpg","width":800,"height":600},{"@type":"BreadcrumbList","@id":"https:\/\/www.gobiernolocal.org\/acento-local\/la-relevancia-de-la-prestacion-de-servicios-publicos-de-calidad-en-la-lucha-contra-la-despoblacion1\/#breadcrumb","itemListElement":[{"@type":"ListItem","position":1,"name":"Portada","item":"https:\/\/www.gobiernolocal.org\/acento-local\/"},{"@type":"ListItem","position":2,"name":"La relevancia de la prestaci\u00f3n de servicios p\u00fablicos (de calidad) en la lucha contra la despoblaci\u00f3n [1]"}]},{"@type":"WebSite","@id":"https:\/\/www.gobiernolocal.org\/acento-local\/#website","url":"https:\/\/www.gobiernolocal.org\/acento-local\/","name":"Fundaci\u00f3n Democracia y Gobierno Local","description":"Otro sitio realizado con WordPress","publisher":{"@id":"https:\/\/www.gobiernolocal.org\/acento-local\/#organization"},"potentialAction":[{"@type":"SearchAction","target":{"@type":"EntryPoint","urlTemplate":"https:\/\/www.gobiernolocal.org\/acento-local\/?s={search_term_string}"},"query-input":{"@type":"PropertyValueSpecification","valueRequired":true,"valueName":"search_term_string"}}],"inLanguage":"es"},{"@type":"Organization","@id":"https:\/\/www.gobiernolocal.org\/acento-local\/#organization","name":"Fundaci\u00f3n Democracia y Gobierno Local","url":"https:\/\/www.gobiernolocal.org\/acento-local\/","logo":{"@type":"ImageObject","inLanguage":"es","@id":"https:\/\/www.gobiernolocal.org\/acento-local\/#\/schema\/logo\/image\/","url":"https:\/\/www.gobiernolocal.org\/acento-local\/wp-content\/uploads\/2024\/09\/logo-acentoo-local.png","contentUrl":"https:\/\/www.gobiernolocal.org\/acento-local\/wp-content\/uploads\/2024\/09\/logo-acentoo-local.png","width":1005,"height":197,"caption":"Fundaci\u00f3n Democracia y Gobierno Local"},"image":{"@id":"https:\/\/www.gobiernolocal.org\/acento-local\/#\/schema\/logo\/image\/"}},{"@type":"Person","@id":"https:\/\/www.gobiernolocal.org\/acento-local\/#\/schema\/person\/022a0a6b36f62f7070403c5a3426d58c","name":"Fundaci\u00f3n Gobierno Local","image":{"@type":"ImageObject","inLanguage":"es","@id":"https:\/\/www.gobiernolocal.org\/acento-local\/#\/schema\/person\/image\/","url":"https:\/\/secure.gravatar.com\/avatar\/0fa5dea6ae65ded9475a6c7160b1cbc7af5bb19e5a8057c4249aa3664c5fbb21?s=96&d=mm&r=g","contentUrl":"https:\/\/secure.gravatar.com\/avatar\/0fa5dea6ae65ded9475a6c7160b1cbc7af5bb19e5a8057c4249aa3664c5fbb21?s=96&d=mm&r=g","caption":"Fundaci\u00f3n Gobierno Local"},"sameAs":["https:\/\/www.gobiernolocal.org\/acento-local"],"url":"https:\/\/www.gobiernolocal.org\/acento-local\/author\/fundacion-gobierno-local\/"}]}},"_links":{"self":[{"href":"https:\/\/www.gobiernolocal.org\/acento-local\/wp-json\/wp\/v2\/posts\/1497","targetHints":{"allow":["GET"]}}],"collection":[{"href":"https:\/\/www.gobiernolocal.org\/acento-local\/wp-json\/wp\/v2\/posts"}],"about":[{"href":"https:\/\/www.gobiernolocal.org\/acento-local\/wp-json\/wp\/v2\/types\/post"}],"author":[{"embeddable":true,"href":"https:\/\/www.gobiernolocal.org\/acento-local\/wp-json\/wp\/v2\/users\/2"}],"replies":[{"embeddable":true,"href":"https:\/\/www.gobiernolocal.org\/acento-local\/wp-json\/wp\/v2\/comments?post=1497"}],"version-history":[{"count":0,"href":"https:\/\/www.gobiernolocal.org\/acento-local\/wp-json\/wp\/v2\/posts\/1497\/revisions"}],"wp:featuredmedia":[{"embeddable":true,"href":"https:\/\/www.gobiernolocal.org\/acento-local\/wp-json\/wp\/v2\/media\/1500"}],"wp:attachment":[{"href":"https:\/\/www.gobiernolocal.org\/acento-local\/wp-json\/wp\/v2\/media?parent=1497"}],"wp:term":[{"taxonomy":"category","embeddable":true,"href":"https:\/\/www.gobiernolocal.org\/acento-local\/wp-json\/wp\/v2\/categories?post=1497"},{"taxonomy":"post_tag","embeddable":true,"href":"https:\/\/www.gobiernolocal.org\/acento-local\/wp-json\/wp\/v2\/tags?post=1497"},{"taxonomy":"autor-post","embeddable":true,"href":"https:\/\/www.gobiernolocal.org\/acento-local\/wp-json\/wp\/v2\/autor-post?post=1497"}],"curies":[{"name":"wp","href":"https:\/\/api.w.org\/{rel}","templated":true}]}}